{"id":9745,"date":"2019-12-02T08:20:44","date_gmt":"2019-12-02T08:20:44","guid":{"rendered":"http:\/\/wmzpn.pl\/?p=9745"},"modified":"2019-12-02T08:20:44","modified_gmt":"2019-12-02T08:20:44","slug":"ostatni-dzien-zapisow-na-konferencje-trenerska-wmzpn-biskupiec-7-8-xii-2019","status":"publish","type":"post","link":"https:\/\/wmzpn.pl\/?p=9745","title":{"rendered":"Ostatni dzie\u0144 zapis\u00f3w na Konferencj\u0119 Trenersk\u0105 WMZPN \/ Biskupiec 7-8 XII 2019"},"content":{"rendered":"<p>Tylko do ko\u0144ca dnia <strong>(2 grudnia 2019 roku do godz. 23:59)<\/strong>\u00a0istnieje mo\u017cliwo\u015b\u0107\u00a0rejestracji na Konferencj\u0119 Trenersk\u0105 WMZPN, kt\u00f3ra odb\u0119dzie si\u0119 w dniach <strong>7-8 grudnia<\/strong>. Osoby kt\u00f3re nie zarejestruj\u0105 si\u0119 do w\/w. daty nie b\u0119d\u0105 mog\u0142y wzi\u0105\u0107 udzia\u0142u w wydarzeniu.<!--more--><\/p>\n<p><span style=\"color: #279e26;\"><strong>Udzia\u0142 w konferencji jest odp\u0142atny. Pakiety uczestnictwa:<\/strong><\/span><\/p>\n<p>JEDEN dzie\u0144 Konferencji \u2013 <strong>99,00 z\u0142<\/strong><br \/>\nDWA dni Konferencji \u2013 <strong>149,00 z\u0142<\/strong><\/p>\n<p><strong>Ka\u017cdy z pakiet\u00f3w zawiera:<br \/>\n<\/strong>\u2013 Udzia\u0142 w Konferencji Trenerskiej WMZPN<br \/>\n\u2013 Catering kawowy oraz obiad<br \/>\n\u2013 Materia\u0142y szkoleniowe<\/p>\n<p><span style=\"color: #279e26;\"><strong>REJESTRACJA<\/strong><\/span><\/p>\n<p>Rejestracja na Konferencj\u0119 odbywa si\u0119 do ko\u0144ca dnia <strong>2 grudnia 2019 roku (do godz. 23:59)<\/strong>. Osoby kt\u00f3re nie zarejestruj\u0105 si\u0119 do w\/w. daty nie b\u0119d\u0105 mog\u0142y wzi\u0105\u0107 udzia\u0142u w wydarzeniu.<\/p>\n<p><strong>P\u0142atno\u015b\u0107 za udzia\u0142 w konferencji nale\u017cy ui\u015bci\u0107 na konto:<\/strong><br \/>\nWarmi\u0144sko-Mazurski Zwi\u0105zek Pi\u0142ki No\u017cnej<br \/>\nal. Pi\u0142sudskiego 69A, 10-449 Olsztyn<br \/>\nNumer konta: 78 2490 0005 0000 4530 3269 6505<br \/>\nTytu\u0142 przelewu: \u201eKonferencja trenerska\u201d Imi\u0119 i Nazwisko<\/p>\n<p><strong>Uwaga!<\/strong> Aby wzi\u0105\u0107 udzia\u0142 w Konferencjach, nale\u017cy przes\u0142a\u0107 zg\u0142oszenie w formie elektronicznej poprzez platform\u0119 PZPN24, kt\u00f3ra znajduje si\u0119 na stronie <a href=\"http:\/\/pzpn24.pzpn.pl\/\">pzpn24.pzpn.pl<\/a><\/p>\n<p>Nast\u0119pnie po zalogowaniu si\u0119 na swoje konto wybieramy zak\u0142adk\u0119: <strong>Wydarzenia<\/strong>, nast\u0119pnie wybieramy <strong>Kursy, licencje &amp; konferencje<\/strong>. W okienku <strong>ORGANIZACJA<\/strong> \u2013 wybieramy <strong>Warmi\u0144sko-Mazurski ZPN<\/strong>, w okienku <strong>RODZAJ<\/strong> wybieramy <strong>Konferencje trenerskie<\/strong>. Nast\u0119pnie w\u0142\u0105czamy opcj\u0119 \u201eaplikuj\u201d.<\/p>\n<p>Po akceptacji wniosku przez WMZPN, zmieni si\u0119 status uczestnika <strong>\u201eDO OP\u0141ATY\u201d. <\/strong>Po dokonaniu wp\u0142aty nale\u017cy na swoje konto trenerskie w systemie pzpn24.pzpn.pl wstawi\u0107 potwierdzenie przelewu.<\/p>\n<p>Po zalogowaniu nale\u017cy wej\u015b\u0107 w zak\u0142adk\u0119<strong> WYDARZENIE, <\/strong>nast\u0119pnie<strong> MOJE WNIOSKI, <\/strong>szukamy sw\u00f3j wniosek na dan\u0105<strong> KONFERENCJ\u0118 <\/strong>i wciskamy<strong> OP\u0141A\u0106. <\/strong>Wstawiamy skan potwierdzenia wp\u0142aty.<\/p>\n<p><strong>Uwaga!<\/strong> W przypadku udzia\u0142u w dw\u00f3ch dniach konferencji potwierdzenie nale\u017cy wstawi\u0107 w ka\u017cdym dniu konferencji.<\/p>\n<p>Oba dni s\u0105 traktowane, jako niezale\u017cne od siebie konferencje. Nale\u017cy osobno aplikowa\u0107 si\u0119 na sobot\u0119 i osobno na niedziel\u0119. Zg\u0142oszenie b\u0119dzie zaakceptowane po zaksi\u0119gowaniu wp\u0142aty na koncie.<\/p>\n<p><span style=\"color: #279e26;\"><strong>ANULOWANIE WNIOSKU<\/strong><\/span><\/p>\n<p>Trener\u00f3w, kt\u00f3rzy zapisali si\u0119 na konferencj\u0119, a z r\u00f3\u017cnych przyczyn nie b\u0119d\u0105 mogli wzi\u0105\u0107 udzia\u0142u, prosimy o anulowanie swojego wniosku.<\/p>\n<p>Uczestnictwo mo\u017cna anulowa\u0107 na platformie PZPN24 -&gt; Wydarzenia -&gt; Moje wnioski -&gt; Anuluj.<\/p>\n<p>Trenerzy, kt\u00f3rzy nie b\u0119d\u0105 obecni oraz nie anuluj\u0105 swojego wniosku do dnia 5 grudnia 2019 roku nie b\u0119d\u0105 mogli uczestniczy\u0107 w dw\u00f3ch kolejnych edycjach konferencji organizowanych przez WMZPN.<\/p>\n<p><span style=\"color: #279e26;\"><strong>CERTYFIKATY<\/strong><\/span><\/p>\n<p>Podczas ka\u017cdego dnia Konferencji Trenerskiej WMZPN zostanie przeprowadzona dwukrotna weryfikacja uczestnictwa ka\u017cdego trenera w wydarzeniu. Osoby, kt\u00f3re nie zostan\u0105 zweryfikowane nie otrzymaj\u0105 certyfikatu potwierdzaj\u0105cego uczestnictwo.<\/p>\n<p>Po odbytej konferencji na kontach trenerskich pojawi\u0105 si\u0119 certyfikaty. Certyfikat przyznany za ka\u017cdy dzie\u0144 konferencji jest potwierdzeniem udzia\u0142u w dokszta\u0142caniu trenerskim zgodnie z Konwencj\u0105 Trenersk\u0105 UEFA w wymiarze:<\/p>\n<ul>\n<li>PZPN B &#8211; 2 godzin\/punkt\u00f3w (licencja wygaszana)<\/li>\n<li>PZPN A &#8211; 5 godzin\/punkt\u00f3w (licencja wygaszana)<\/li>\n<li>Grassroots D &#8211; 5 godzin\/punkt\u00f3w<\/li>\n<li>Grassroots C &#8211; 2 godzin\/punkt\u00f3w<\/li>\n<li>UEFA PRO &#8211; 5 godzin\/punkt\u00f3w<\/li>\n<li>UEFA Elite Youth A &#8211; 5 godziny\/punkty<\/li>\n<li>UEFA A &#8211; 5 godziny\/punkty<\/li>\n<li>UEFA B &#8211; 5 godzin\/punkt\u00f3w<\/li>\n<li>UEFA Goalkeeper A, Goalkeeper B, UEFA Futsal B, Futsal C, Edukator &#8211; 0 godzin\/punkt\u00f3w<\/li>\n<\/ul>\n<p><span style=\"color: #279e26;\"><strong>PROGRAM KONFERENCJI<\/strong><\/span><\/p>\n<p><img loading=\"lazy\" decoding=\"async\" class=\"alignnone size-full wp-image-9583\" src=\"http:\/\/wmzpn.pl\/wp-content\/uploads\/2019\/11\/grafika_konf-kopiuj.png\" alt=\"\" width=\"1200\" height=\"1417\" srcset=\"https:\/\/wmzpn.pl\/wp-content\/uploads\/2019\/11\/grafika_konf-kopiuj.png 1200w, https:\/\/wmzpn.pl\/wp-content\/uploads\/2019\/11\/grafika_konf-kopiuj-254x300.png 254w, https:\/\/wmzpn.pl\/wp-content\/uploads\/2019\/11\/grafika_konf-kopiuj-768x907.png 768w, https:\/\/wmzpn.pl\/wp-content\/uploads\/2019\/11\/grafika_konf-kopiuj-867x1024.png 867w, https:\/\/wmzpn.pl\/wp-content\/uploads\/2019\/11\/grafika_konf-kopiuj-696x822.png 696w, https:\/\/wmzpn.pl\/wp-content\/uploads\/2019\/11\/grafika_konf-kopiuj-1068x1261.png 1068w, https:\/\/wmzpn.pl\/wp-content\/uploads\/2019\/11\/grafika_konf-kopiuj-356x420.png 356w\" sizes=\"auto, (max-width: 1200px) 100vw, 1200px\" \/><\/p>\n<p>Program do pobrania -&gt; <a href=\"http:\/\/wmzpn.pl\/wp-content\/uploads\/2019\/11\/Program-Konferencji-Trenerskiej-WMZPN-Biskupiec-2019.docx\" target=\"_blank\" rel=\"noopener\">TUTAJ<\/a><\/p>\n<p><span style=\"color: #279e26;\"><strong>MIEJSCE <\/strong><\/span><\/p>\n<p>Konferencja odb\u0119dzie si\u0119 w nowej Hali Sportowo-Widowiskowej Zespo\u0142u Szk\u00f3\u0142 w Biskupcu, przy ul. Boles\u0142awa Chrobrego 13. Darmowy parking b\u0119dzie dost\u0119pny przy hali.<\/p>\n<p><span style=\"color: #279e26;\"><strong>BAZA NOCLEGOWA<\/strong><\/span><\/p>\n<p>Dla trener\u00f3w bior\u0105cych udzia\u0142 w dw\u00f3ch dniach konferencji poni\u017cej zamieszczamy linki do bazy noclegowej w Biskupcu i okolicach.<\/p>\n<p><a href=\"https:\/\/goo.gl\/maps\/gWJYFR4e71oCSkXWA\">http:\/\/cktisbiskupiec.pl\/turystyka\/noclegi\/<\/a><\/p>\n<p><a href=\"https:\/\/goo.gl\/maps\/gWJYFR4e71oCSkXWA\">https:\/\/goo.gl\/maps\/gWJYFR4e71oCSkXWA<\/a><\/p>\n<p><span style=\"color: #279e26;\"><strong>KONTAKT<\/strong><\/span><\/p>\n<p>W przypadku pyta\u0144 prosimy o kontakt z Koordynatorem Kszta\u0142cenia i Licencjonowania Trener\u00f3w woj. Warmi\u0144sko-Mazurskiego:<\/p>\n<p>Marcin Przybyli\u0144ski<br \/>\n<strong>tel.:<\/strong> 697-727-033<br \/>\n<strong>e-mail:<\/strong> <a href=\"mailto:marcin.przybylinski@wmzpn.pl\">marcin.przybylinski@wmzpn.pl<\/a><\/p>\n","protected":false},"excerpt":{"rendered":"<p>Tylko do ko\u0144ca dnia (2 grudnia 2019 roku do godz. 23:59)\u00a0istnieje mo\u017cliwo\u015b\u0107\u00a0rejestracji na Konferencj\u0119 Trenersk\u0105 WMZPN, kt\u00f3ra odb\u0119dzie si\u0119 w dniach 7-8 grudnia. Osoby kt\u00f3re nie zarejestruj\u0105 si\u0119 do w\/w. daty nie b\u0119d\u0105 mog\u0142y wzi\u0105\u0107 udzia\u0142u w wydarzeniu.<\/p>\n","protected":false},"author":3,"featured_media":9748,"comment_status":"open","ping_status":"open","sticky":false,"template":"","format":"standard","meta":{"footnotes":""},"categories":[28],"tags":[],"class_list":["post-9745","post","type-post","status-publish","format-standard","has-post-thumbnail","hentry","category-kursy-szkolenia"],"_links":{"self":[{"href":"https:\/\/wmzpn.pl\/index.php?rest_route=\/wp\/v2\/posts\/9745","targetHints":{"allow":["GET"]}}],"collection":[{"href":"https:\/\/wmzpn.pl\/index.php?rest_route=\/wp\/v2\/posts"}],"about":[{"href":"https:\/\/wmzpn.pl\/index.php?rest_route=\/wp\/v2\/types\/post"}],"author":[{"embeddable":true,"href":"https:\/\/wmzpn.pl\/index.php?rest_route=\/wp\/v2\/users\/3"}],"replies":[{"embeddable":true,"href":"https:\/\/wmzpn.pl\/index.php?rest_route=%2Fwp%2Fv2%2Fcomments&post=9745"}],"version-history":[{"count":3,"href":"https:\/\/wmzpn.pl\/index.php?rest_route=\/wp\/v2\/posts\/9745\/revisions"}],"predecessor-version":[{"id":9749,"href":"https:\/\/wmzpn.pl\/index.php?rest_route=\/wp\/v2\/posts\/9745\/revisions\/9749"}],"wp:featuredmedia":[{"embeddable":true,"href":"https:\/\/wmzpn.pl\/index.php?rest_route=\/wp\/v2\/media\/9748"}],"wp:attachment":[{"href":"https:\/\/wmzpn.pl\/index.php?rest_route=%2Fwp%2Fv2%2Fmedia&parent=9745"}],"wp:term":[{"taxonomy":"category","embeddable":true,"href":"https:\/\/wmzpn.pl\/index.php?rest_route=%2Fwp%2Fv2%2Fcategories&post=9745"},{"taxonomy":"post_tag","embeddable":true,"href":"https:\/\/wmzpn.pl\/index.php?rest_route=%2Fwp%2Fv2%2Ftags&post=9745"}],"curies":[{"name":"wp","href":"https:\/\/api.w.org\/{rel}","templated":true}]}}