{"id":972,"date":"2018-05-25T07:18:05","date_gmt":"2018-05-25T07:18:05","guid":{"rendered":"http:\/\/wmzpn1.home.pl\/autoinstalator\/wordpress1\/?p=972"},"modified":"2018-07-11T07:19:43","modified_gmt":"2018-07-11T07:19:43","slug":"ogolnopolska-konferencja-trenerska-wmzpn","status":"publish","type":"post","link":"https:\/\/wmzpn.pl\/?p=972","title":{"rendered":"Og\u00f3lnopolska Konferencja Trenerska WMZPN"},"content":{"rendered":"<p>Komisja Techniczna WMZPN informuje, i\u017c w dniach 23-24 czerwca 2018 roku (sobota\/niedziela) w Lidzbarku Warmi\u0144skim odb\u0119dzie si\u0119 Og\u00f3lnopolska Konferencja Trenerska.<!--more--><\/p>\n<p>Prelegenci, kt\u00f3rzy poprowadz\u0105 panele teoretyczne i praktyczne:<\/p>\n<p><em>Gonzalo Feio<\/em> \u2013 By\u0142y II trener Wis\u0142y Krak\u00f3w i Legii Warszawa<br \/>\n<em>Marcin Salomon<\/em> \u2013 II Trener Reprezentacji Polski U-16<br \/>\n<em>Wojciech Tomaszewski<\/em> \u2013 II Trener Reprezentacji Polski U-18<br \/>\n<em>Pawe\u0142 Oliwa<\/em> \u2013 Trener T\u0119cza Mi\u0142om\u0142yn<\/p>\n<p><strong>Program konferencji &#8211;&gt;<\/strong> <a href=\"http:\/\/wmzpn.pl\/wp-content\/uploads\/2018\/05\/program_konferencji_LW-1.pdf\" target=\"_blank\" rel=\"noopener\">TUTAJ<\/a><\/p>\n<hr \/>\n<p>Uwaga! Aby wzi\u0105\u0107 udzia\u0142 w Konferencjach, nale\u017cy przes\u0142a\u0107 zg\u0142oszenie w formie elektronicznej poprzez platform\u0119 PZPN24, kt\u00f3ra znajduje si\u0119 na stronie pzpn24.pzpn.pl.<\/p>\n<p>Nast\u0119pnie po zalogowaniu si\u0119 na swoje konto wybieramy zak\u0142adk\u0119: wydarzenia\/kursy, licencje i komisje. W okienku filtry &#8211; wybieramy Warmi\u0144sko-Mazurski ZPN oraz konferencje trenerskie. Nast\u0119pnie w\u0142\u0105czamy opcj\u0119 aplikuj.<\/p>\n<p>Rejestracja na Konferencj\u0119 odbywa si\u0119 do dnia 20 czerwca 2018 roku.<br \/>\nOsoby kt\u00f3re nie zarejestruj\u0105 si\u0119 do w\/w. daty nie b\u0119d\u0105 mog\u0142y wzi\u0105\u0107 udzia\u0142u w wydarzeniu.<\/p>\n<hr \/>\n<p>Konferencje s\u0105 niezale\u017cne od siebie. Mo\u017cna osobno aplikowa\u0107 si\u0119 na wybrany przez siebie dzie\u0144 Konferencji<\/p>\n<p>Udzia\u0142 w konferencji jest odp\u0142atny.<\/p>\n<p>Koszt konferencji obejmuje obiad i materia\u0142y szkoleniowe.<\/p>\n<p>JEDEN dzie\u0144 Konferencji \u2013 <strong>99,00 z\u0142<\/strong><br \/>\nDWA dni Konferencji \u2013 <strong>149,00 z\u0142<\/strong><\/p>\n<p>P\u0142atno\u015b\u0107 na konto:<br \/>\nWarmi\u0144sko-Mazurski Zwi\u0105zek Pi\u0142ki No\u017cnej<br \/>\nal. Pi\u0142sudskiego 69A, 10-449 Olsztyn<br \/>\nNumer konta: 78 2490 0005 0000 4530 3269 6505<\/p>\n<p>Baza noclegowa &#8211;&gt; <a href=\"http:\/\/wmzpn.pl\/wp-content\/uploads\/2018\/05\/baza_nocleg\u00f3w.pdf\" target=\"_blank\" rel=\"noopener\">TUTAJ<\/a><\/p>\n<p><strong>Przyj\u0119cie zg\u0142oszenia b\u0119dzie  zaakceptowane po zaksi\u0119gowaniu wp\u0142aty na koncie.<\/strong><\/p>\n<p>Po odbytych Konferencjach na kontach trenerskich pojawi\u0105 si\u0119 certyfikaty.<br \/>\n<strong>Certyfikat jest potwierdzeniem udzia\u0142u w dokszta\u0142caniu trenerskim (w wymiarze 6 godz. \u2013 1 dzie\u0144) zgodnie z Konwencj\u0105 Trenersk\u0105 UEFA.<\/strong><\/p>\n<p>W przypadku pyta\u0144 prosimy o kontakt z Kierownikiem ds. szkolenia WMZPN, Marcinem Przybyli\u0144skim.<br \/>\n<strong>tel.:<\/strong> 697-727-033<br \/>\n<strong>e-mail:<\/strong> marcin.przybylinski@wmzpn.pl<\/p>\n<p><a href=\"http:\/\/wmzpn.pl\/wp-content\/uploads\/2018\/05\/min_plakataKONFA.jpg\"><img loading=\"lazy\" decoding=\"async\" class=\"alignnone size-full wp-image-10706\" src=\"http:\/\/wmzpn.pl\/wp-content\/uploads\/2018\/05\/min_plakataKONFA.jpg\" alt=\"\" width=\"1200\" height=\"1690\" \/><\/a><\/p>\n","protected":false},"excerpt":{"rendered":"<p>Komisja Techniczna WMZPN informuje, i\u017c w dniach 23-24 czerwca 2018 roku (sobota\/niedziela) w Lidzbarku Warmi\u0144skim odb\u0119dzie si\u0119 Og\u00f3lnopolska Konferencja Trenerska.<\/p>\n","protected":false},"author":3,"featured_media":975,"comment_status":"open","ping_status":"open","sticky":false,"template":"","format":"standard","meta":{"footnotes":""},"categories":[23],"tags":[],"class_list":["post-972","post","type-post","status-publish","format-standard","has-post-thumbnail","hentry","category-trenerzy"],"_links":{"self":[{"href":"https:\/\/wmzpn.pl\/index.php?rest_route=\/wp\/v2\/posts\/972","targetHints":{"allow":["GET"]}}],"collection":[{"href":"https:\/\/wmzpn.pl\/index.php?rest_route=\/wp\/v2\/posts"}],"about":[{"href":"https:\/\/wmzpn.pl\/index.php?rest_route=\/wp\/v2\/types\/post"}],"author":[{"embeddable":true,"href":"https:\/\/wmzpn.pl\/index.php?rest_route=\/wp\/v2\/users\/3"}],"replies":[{"embeddable":true,"href":"https:\/\/wmzpn.pl\/index.php?rest_route=%2Fwp%2Fv2%2Fcomments&post=972"}],"version-history":[{"count":1,"href":"https:\/\/wmzpn.pl\/index.php?rest_route=\/wp\/v2\/posts\/972\/revisions"}],"predecessor-version":[{"id":976,"href":"https:\/\/wmzpn.pl\/index.php?rest_route=\/wp\/v2\/posts\/972\/revisions\/976"}],"wp:featuredmedia":[{"embeddable":true,"href":"https:\/\/wmzpn.pl\/index.php?rest_route=\/wp\/v2\/media\/975"}],"wp:attachment":[{"href":"https:\/\/wmzpn.pl\/index.php?rest_route=%2Fwp%2Fv2%2Fmedia&parent=972"}],"wp:term":[{"taxonomy":"category","embeddable":true,"href":"https:\/\/wmzpn.pl\/index.php?rest_route=%2Fwp%2Fv2%2Fcategories&post=972"},{"taxonomy":"post_tag","embeddable":true,"href":"https:\/\/wmzpn.pl\/index.php?rest_route=%2Fwp%2Fv2%2Ftags&post=972"}],"curies":[{"name":"wp","href":"https:\/\/api.w.org\/{rel}","templated":true}]}}