{"id":9607,"date":"2019-11-23T07:50:24","date_gmt":"2019-11-23T07:50:24","guid":{"rendered":"http:\/\/wmzpn.pl\/?p=9607"},"modified":"2019-11-24T05:12:07","modified_gmt":"2019-11-24T05:12:07","slug":"warmia-olsztyn-na-zakrecie-relacja-z-premiery-filmu-i-dyskusji-o-problemach-klubu","status":"publish","type":"post","link":"https:\/\/wmzpn.pl\/?p=9607","title":{"rendered":"Warmia Olsztyn na zakr\u0119cie. Relacja z premiery filmu i dyskusji o problemach klubu"},"content":{"rendered":"<p>KKS Warmia Olsztyn mimo wielu problem\u00f3w od lat stara si\u0119 przetrwa\u0107 i jako\u015b funkcjonowa\u0107. Tym razem klub znalaz\u0142 si\u0119 na ostrym &#8220;zakr\u0119cie&#8221;, a najbli\u017csza zima zdecyduje o tym, czy Warmia b\u0119dzie dalej istnie\u0107.<\/p>\n<p>Problemy Warmii od lat s\u0105 dobrze znane w \u015brodowisku pi\u0142karskim Olsztyna, naszego wojew\u00f3dztwa i kraju. W zwi\u0105zku z tym, \u017ce tym razem sytuacja jest &#8220;podbramkowa&#8221; postanowili\u015bmy wraz z Warmi\u0105 pokaza\u0107 problemy z kt\u00f3rymi boryka si\u0119 klub opinii publicznej, aby w wyniku szerszej debaty spr\u00f3bowa\u0107 znale\u017a\u0107 rozwi\u0105zanie problem\u00f3w Warmii i umo\u017cliwi\u0107 jej dalsze funkcjonowanie. W tym celu stworzyli\u015bmy film pokazuj\u0105cy obecn\u0105 sytuacj\u0119 klubu.<\/p>\n<p>Premiera filmu mia\u0142a miejsce w pi\u0105tek 22 listopada o godz. 12:00 na hali sportowej przy al. Sybirak\u00f3w w Olsztynie i by\u0142a po\u0142\u0105czona z otwartym spotkaniem olszty\u0144skiego \u015brodowiska pi\u0142karskiego oraz rozmow\u0105 na temat problem\u00f3w klubu KKS Warmia Olsztyn. Na spotkanie zostali zaproszeni sympatycy KKS Warmia Olsztyn, przedstawiciele medi\u00f3w, przedstawiciele Miasta Olsztyn, olszty\u0144skiego OSiR-u, samorz\u0105dowcy, parlamentarzy\u015bci i wszyscy, kt\u00f3rym los tego klubu le\u017cy na sercu.<\/p>\n<p>Dyskusj\u0119 rozpocz\u0105\u0142 Wojciech Linow, wieloletni Prezes KKS Warmia Olsztyn, kt\u00f3ry przedstawi\u0142 rys historyczny u\u015bwiadamiaj\u0105cy, \u017ce problemy klubu zacz\u0119\u0142y si\u0119 po okresie transformacji i trwaj\u0105 do dzisiaj. Nast\u0119pnie Andrzej Klej opowiedzia\u0142 ile pracy Warmia wk\u0142ada w utrzymanie obiekt\u00f3w przy al. Sybirak\u00f3w i \u017ce przy obecnym stanie infrastrukturalnym jest to ci\u0119\u017cka praca. Film i wyst\u0105pienia obu pan\u00f3w stanowi\u0142y doskona\u0142\u0105 podstaw\u0119 do dyskusji o przysz\u0142o\u015bci, czyli znalezieniu rozwi\u0105zania problemu i umo\u017cliwienia Warmii dalszego funkcjonowania &#8211; o co apelowa\u0142 Marek \u0141ukiewski, Prezes WMZPN.<\/p>\n<p>W tym momencie g\u0142os zabrali przedstawiciele olszty\u0144skiego OSiR-u, niestety zacz\u0119li od ataku na WMZPN i na Warmi\u0119. Dyskusja zamieni\u0142a si\u0119 w k\u0142\u00f3tni\u0119. W\u0142adze OSiR-u zagrozi\u0142y, \u017ce w poniedzia\u0142ek mog\u0105 wypowiedzie\u0107 klubowi umow\u0119 dzier\u017cawy, a Zwi\u0105zkowi podnie\u015b\u0107 blisko 5-krotnie wysoko\u015b\u0107 czynszu za najem pomieszcze\u0144, w kt\u00f3rym mie\u015bci si\u0119 biuro WMZPN.<\/p>\n<p>Nast\u0119pnie w do\u015b\u0107 nerwowej atmosferze g\u0142os zabierali (lub przekrzykiwali si\u0119) przedstawiciele Warmii, jej sympatycy, przedstawiciele WMZPN oraz OSiR-u. W zimnej hali zrobi\u0142o si\u0119 naprawd\u0119 gor\u0105co&#8230;<\/p>\n<p>Na szcz\u0119\u015bcie na koniec OSiR zaprosi\u0142 przedstawicieli Zarz\u0105du KKS Warmia Olsztyn do rozm\u00f3w. Spotkanie odb\u0119dzie si\u0119 w siedzibie OSiR&#8217;u w poniedzia\u0142ek 25 listopada. Mamy nadziej\u0119, \u017ce emocje opadn\u0105 i uda si\u0119 znale\u017a\u0107 rozwi\u0105zanie problemu.<\/p>\n<p>fot. sport.egit.pl<\/p>\n<p>Link do filmu na FaceBook&#8217;u <a href=\"https:\/\/www.facebook.com\/wmzpn\/videos\/2588550804567492\/\" target=\"_blank\" rel=\"noopener\">-&gt; przejd\u017a<\/a><\/p>\n<p>Link do filmu na YouTube <a href=\"https:\/\/www.youtube.com\/watch?v=vamVLUcbJD4\" target=\"_blank\" rel=\"noopener\">-&gt; przejd\u017a<\/a><\/p>\n<p>Materia\u0142 TVP 3 Olsztyn <a href=\"https:\/\/olsztyn.tvp.pl\/45466959\/czyny-nie-slowa-jaka-przyszlosc-czeka-kompleks-sportowy-olsztynskiej-warmii\" target=\"_blank\" rel=\"noopener\">-&gt; przejd\u017a<\/a><\/p>\n<p>Relacja i zdj\u0119cia z premiery filmu portalu olsztyn.com.pl <a href=\"https:\/\/www.olsztyn.com.pl\/artykul,warmia-olsztyn-na-zakrecie-czy-klub-czeka-upadlosc-wideo,28297.html\" target=\"_blank\" rel=\"noopener\">-&gt; przejd\u017a<\/a><\/p>\n<p>Relacja i wypowiedzi z premiery filmu Radia Olsztyn <a href=\"https:\/\/ro.com.pl\/pilkarska-warmia-na-krawedzi-czy-uda-sie-uratowac-olsztynski-klub\/01480903\" target=\"_blank\" rel=\"noopener\">-&gt; przejd\u017a<\/a><\/p>\n<p>Relacja i zdj\u0119cia z premiery filmu portalu sport.egit.pl <a href=\"http:\/\/sport.egit.pl\/artykul\/11416\/Smutna-rzeczywistosc-na-obiekcie-przy-al-Sybirakow-36a-ZOBACZ-WIDEO\" target=\"_blank\" rel=\"noopener\">-&gt; przejd\u017a<\/a><\/p>\n<p>Poni\u017cej relacja na Twitterze:<\/p>\n<blockquote class=\"twitter-tweet\">\n<p dir=\"ltr\" lang=\"pl\">Trwa premiera filmu <a href=\"https:\/\/twitter.com\/wmzpn?ref_src=twsrc%5Etfw\">@wmzpn<\/a> i <a href=\"https:\/\/twitter.com\/WarmiaOlsztyn?ref_src=twsrc%5Etfw\">@WarmiaOlsztyn<\/a> &#8220;Warmia Olsztyn. Pi\u0142karski kompleks&#8221; <a href=\"https:\/\/t.co\/XSeaz6gks5\">pic.twitter.com\/XSeaz6gks5<\/a><\/p>\n<p>\u2014 Piotrek \u015awiniarski (@SwiniarskiP) <a href=\"https:\/\/twitter.com\/SwiniarskiP\/status\/1197834153468796929?ref_src=twsrc%5Etfw\">November 22, 2019<\/a><\/p><\/blockquote>\n<p><script async src=\"https:\/\/platform.twitter.com\/widgets.js\" charset=\"utf-8\"><\/script><\/p>\n<blockquote class=\"twitter-tweet\">\n<p dir=\"ltr\" lang=\"pl\">Dyrektor Litwinski z OSiR zacz\u0105\u0142 od ataku na <a href=\"https:\/\/twitter.com\/wmzpn?ref_src=twsrc%5Etfw\">@wmzpn<\/a> . Niemo\u017cliwi s\u0105. <a href=\"https:\/\/t.co\/Eoi2Yf40F9\">pic.twitter.com\/Eoi2Yf40F9<\/a><\/p>\n<p>\u2014 Bartek Kucharski (@BartekHusky) <a href=\"https:\/\/twitter.com\/BartekHusky\/status\/1197848018281730048?ref_src=twsrc%5Etfw\">November 22, 2019<\/a><\/p><\/blockquote>\n<p><script async src=\"https:\/\/platform.twitter.com\/widgets.js\" charset=\"utf-8\"><\/script><\/p>\n<blockquote class=\"twitter-tweet\">\n<p lang=\"pl\" dir=\"ltr\">Dyskusja dyskusj\u0105, ale dyrektor OSiR publicznie gro\u017c\u0105cy prezesowi regionalnego ZPN podniesieniem ceny najmu pomieszcze\u0144 po projekcji filmu o <a href=\"https:\/\/twitter.com\/WarmiaOlsztyn?ref_src=twsrc%5Etfw\">@WarmiaOlsztyn<\/a> to troch\u0119 wstyd. Czekam na poniedzia\u0142ek.<br \/>Materia\u0142 <a href=\"https:\/\/twitter.com\/MichalHapunik?ref_src=twsrc%5Etfw\">@MichalHapunik<\/a> dla <a href=\"https:\/\/twitter.com\/TVP3Olsztyn?ref_src=twsrc%5Etfw\">@TVP3Olsztyn<\/a><br \/>o tu&#x2b07;&#xfe0f;<a href=\"https:\/\/t.co\/4UrQb3eFhI\">https:\/\/t.co\/4UrQb3eFhI<\/a> <a href=\"https:\/\/t.co\/QfMXu5YyRr\">pic.twitter.com\/QfMXu5YyRr<\/a><\/p>\n<p>&mdash; Bartek Kucharski (@BartekHusky) <a href=\"https:\/\/twitter.com\/BartekHusky\/status\/1198296342403190785?ref_src=twsrc%5Etfw\">November 23, 2019<\/a><\/p><\/blockquote>\n<p> <script async src=\"https:\/\/platform.twitter.com\/widgets.js\" charset=\"utf-8\"><\/script><\/p>\n<blockquote class=\"twitter-tweet\">\n<p dir=\"ltr\" lang=\"pl\">O\u015brodek Szkoleniowy. Szkolenie z zakresu przetrwania Ca\u0142a prawda o infrastrukturze sportowej w Olsztynie. Zacza\u0142em kopa\u0107 pi\u0142k\u0119 28 lat temu. Stomil, Warmia, Urania, Sala Start, Warszawska&#8230; Czas si\u0119 zatrzyma\u0142. <a href=\"https:\/\/t.co\/ntqHhT6F6I\">https:\/\/t.co\/ntqHhT6F6I<\/a><\/p>\n<p>\u2014 Krzysztof Filipek (@krzysztoffilip5) <a href=\"https:\/\/twitter.com\/krzysztoffilip5\/status\/1197915948218499077?ref_src=twsrc%5Etfw\">November 22, 2019<\/a><\/p><\/blockquote>\n<p><script async src=\"https:\/\/platform.twitter.com\/widgets.js\" charset=\"utf-8\"><\/script><\/p>\n<blockquote class=\"twitter-tweet\">\n<p dir=\"ltr\" lang=\"pl\">Trwa dyskusja na temat ratowania klubu i obiektu <a href=\"https:\/\/twitter.com\/WarmiaOlsztyn?ref_src=twsrc%5Etfw\">@WarmiaOlsztyn<\/a> <a href=\"https:\/\/t.co\/vX5PNKI0bl\">pic.twitter.com\/vX5PNKI0bl<\/a><\/p>\n<p>\u2014 Piotrek \u015awiniarski (@SwiniarskiP) <a href=\"https:\/\/twitter.com\/SwiniarskiP\/status\/1197848326378606593?ref_src=twsrc%5Etfw\">November 22, 2019<\/a><\/p><\/blockquote>\n<p><script async src=\"https:\/\/platform.twitter.com\/widgets.js\" charset=\"utf-8\"><\/script><\/p>\n<blockquote class=\"twitter-tweet\">\n<p dir=\"ltr\" lang=\"pl\">Od tamtej pory nic si\u0119 nie zmieni\u0142o&#8230;.tzn blaszaka na niedzielne targi postawili <a href=\"https:\/\/t.co\/tBmGa1sK2c\">pic.twitter.com\/tBmGa1sK2c<\/a><\/p>\n<p>\u2014 Lukasz Gikiewicz (@gikiewiczlukasz) <a href=\"https:\/\/twitter.com\/gikiewiczlukasz\/status\/1197947306227748864?ref_src=twsrc%5Etfw\">November 22, 2019<\/a><\/p><\/blockquote>\n<p><script async src=\"https:\/\/platform.twitter.com\/widgets.js\" charset=\"utf-8\"><\/script><\/p>\n<blockquote class=\"twitter-tweet\">\n<p dir=\"ltr\" lang=\"pl\">Problemem jest znany i ci\u0105gle walkowany. Boiska i warunki do uprawiania pilki no\u017cnej dla wszystkich &#x203c;&#xfe0f; Nad tym trzeba usi\u0105\u015b\u0107, porozmawia\u0107 i zacz\u0105\u0107 dzia\u0142a\u0107. <a href=\"https:\/\/twitter.com\/sportegitpl?ref_src=twsrc%5Etfw\">@sportegitpl<\/a> <a href=\"https:\/\/twitter.com\/TVP3Olsztyn?ref_src=twsrc%5Etfw\">@TVP3Olsztyn<\/a> <a href=\"https:\/\/twitter.com\/WarmiaOlsztyn?ref_src=twsrc%5Etfw\">@WarmiaOlsztyn<\/a> <a href=\"https:\/\/twitter.com\/stomilolsztynpl?ref_src=twsrc%5Etfw\">@stomilolsztynpl<\/a> <a href=\"https:\/\/twitter.com\/RadioOlsztyn?ref_src=twsrc%5Etfw\">@RadioOlsztyn<\/a> <a href=\"https:\/\/twitter.com\/Miasto_Olsztyn?ref_src=twsrc%5Etfw\">@Miasto_Olsztyn<\/a> <a href=\"https:\/\/t.co\/mGNXbHurW5\">https:\/\/t.co\/mGNXbHurW5<\/a><\/p>\n<p>\u2014 Krzysztof Filipek (@krzysztoffilip5) <a href=\"https:\/\/twitter.com\/krzysztoffilip5\/status\/1197910374651244544?ref_src=twsrc%5Etfw\">November 22, 2019<\/a><\/p><\/blockquote>\n<p><script async src=\"https:\/\/platform.twitter.com\/widgets.js\" charset=\"utf-8\"><\/script><\/p>\n<blockquote class=\"twitter-tweet\">\n<p dir=\"ltr\" lang=\"pl\">Czas na seans<br \/>\nMiejsce w kt\u00f3rym stawia\u0142e\u015b pierwsze pi\u0142karskie kroki &#x26bd;&#xfe0f;.<br \/>\n<a href=\"https:\/\/twitter.com\/hashtag\/SilniRazem?src=hash&amp;ref_src=twsrc%5Etfw\">#SilniRazem<\/a> <a href=\"https:\/\/twitter.com\/WarmiaOlsztyn?ref_src=twsrc%5Etfw\">@WarmiaOlsztyn<\/a> <a href=\"https:\/\/t.co\/rjZB2Nzkrc\">pic.twitter.com\/rjZB2Nzkrc<\/a><\/p>\n<p>\u2014 (@roki1337_) <a href=\"https:\/\/twitter.com\/roki1337_\/status\/1197944603896356865?ref_src=twsrc%5Etfw\">November 22, 2019<\/a><\/p><\/blockquote>\n<p><script async src=\"https:\/\/platform.twitter.com\/widgets.js\" charset=\"utf-8\"><\/script><\/p>\n","protected":false},"excerpt":{"rendered":"<p>KKS Warmia Olsztyn mimo wielu problem\u00f3w od lat stara si\u0119 przetrwa\u0107 i jako\u015b funkcjonowa\u0107. Tym razem klub znalaz\u0142 si\u0119 na ostrym &#8220;zakr\u0119cie&#8221;, a najbli\u017csza zima zdecyduje o tym, czy Warmia b\u0119dzie dalej istnie\u0107. Problemy Warmii od lat s\u0105 dobrze znane w \u015brodowisku pi\u0142karskim Olsztyna, naszego wojew\u00f3dztwa i kraju. W zwi\u0105zku z tym, \u017ce tym razem [&hellip;]<\/p>\n","protected":false},"author":7,"featured_media":9617,"comment_status":"open","ping_status":"open","sticky":false,"template":"","format":"standard","meta":{"footnotes":""},"categories":[49,26],"tags":[],"class_list":["post-9607","post","type-post","status-publish","format-standard","has-post-thumbnail","hentry","category-iv-liga","category-zwiazek-news"],"_links":{"self":[{"href":"https:\/\/wmzpn.pl\/index.php?rest_route=\/wp\/v2\/posts\/9607","targetHints":{"allow":["GET"]}}],"collection":[{"href":"https:\/\/wmzpn.pl\/index.php?rest_route=\/wp\/v2\/posts"}],"about":[{"href":"https:\/\/wmzpn.pl\/index.php?rest_route=\/wp\/v2\/types\/post"}],"author":[{"embeddable":true,"href":"https:\/\/wmzpn.pl\/index.php?rest_route=\/wp\/v2\/users\/7"}],"replies":[{"embeddable":true,"href":"https:\/\/wmzpn.pl\/index.php?rest_route=%2Fwp%2Fv2%2Fcomments&post=9607"}],"version-history":[{"count":14,"href":"https:\/\/wmzpn.pl\/index.php?rest_route=\/wp\/v2\/posts\/9607\/revisions"}],"predecessor-version":[{"id":9623,"href":"https:\/\/wmzpn.pl\/index.php?rest_route=\/wp\/v2\/posts\/9607\/revisions\/9623"}],"wp:featuredmedia":[{"embeddable":true,"href":"https:\/\/wmzpn.pl\/index.php?rest_route=\/wp\/v2\/media\/9617"}],"wp:attachment":[{"href":"https:\/\/wmzpn.pl\/index.php?rest_route=%2Fwp%2Fv2%2Fmedia&parent=9607"}],"wp:term":[{"taxonomy":"category","embeddable":true,"href":"https:\/\/wmzpn.pl\/index.php?rest_route=%2Fwp%2Fv2%2Fcategories&post=9607"},{"taxonomy":"post_tag","embeddable":true,"href":"https:\/\/wmzpn.pl\/index.php?rest_route=%2Fwp%2Fv2%2Ftags&post=9607"}],"curies":[{"name":"wp","href":"https:\/\/api.w.org\/{rel}","templated":true}]}}