{"id":9162,"date":"2019-10-29T14:12:58","date_gmt":"2019-10-29T14:12:58","guid":{"rendered":"http:\/\/wmzpn.pl\/?p=9162"},"modified":"2019-10-29T14:12:58","modified_gmt":"2019-10-29T14:12:58","slug":"nasi-ligowcy-weekendowe-podsumowanie-wystepow-zawodnikow-z-warmii-i-mazur-39","status":"publish","type":"post","link":"https:\/\/wmzpn.pl\/?p=9162","title":{"rendered":"&#8220;Nasi Ligowcy&#8221;. Weekendowe podsumowanie wyst\u0119p\u00f3w zawodnik\u00f3w z Warmii i Mazur"},"content":{"rendered":"<p><strong>Poni\u017cej przedstawiamy podsumowanie wyst\u0119p\u00f3w zawodnik\u00f3w pochodz\u0105cych z naszego wojew\u00f3dztwa graj\u0105cych za granic\u0105 oraz na szczeblach centralnych polskich lig.\u00a0<\/strong><!--more--><\/p>\n<p><strong>&#8220;NASI&#8221; ZA GRANIC\u0104<\/strong><\/p>\n<p><strong>Anglia, SkyBet Championship &#8211; Millwall FC<br \/>\n<\/strong><span style=\"color: #000080;\">Bartosz Bia\u0142kowski<\/span> (ur. 1987 &#8211; Braniewo, pierwszy klub Olimpia Elbl\u0105g) &#8211; 90 minut w meczu ze Stoke City (2:0)<\/p>\n<p><strong>Australia, A-League &#8211; Western United FC<br \/>\n<\/strong><span style=\"color: #000080;\">Filip Kurto<\/span> (ur. 1991 &#8211; Olsztyn, pierwszy klub Naki Olsztyn) &#8211;\u00a090 minut w meczu z Melbourne City (1:2)<\/p>\n<p><strong>Chiny, Chinese Super League &#8211; Chongqing Dangdai Lifan<br \/>\n<\/strong><span style=\"color: #000080;\">Adrian Mierzejewski<\/span> (ur. 1986 &#8211; Olsztyn, pierwszy klub Tempo 25 Olsztyn) &#8211; zszed\u0142 z boiska w 87. minucie meczu z Shanghai Shenhua (1:0)<\/p>\n<p><strong>Chrowacja, Prva hrvatska nogometna liga &#8211; NK Slaven Koprivnica<br \/>\n<\/strong><span style=\"color: #000080;\">Krystian Nowak<\/span> (ur. 1994 &#8211; E\u0142k, pierwszy klub Mazur E\u0142k) &#8211; ca\u0142y mecz na \u0142awce rezerwowych z Hajdukiem Split (0:2)<\/p>\n<p><strong>Irlandia P\u00f3\u0142nocna, IFA Championship &#8211; Harland &amp; Wolff Welders FC<br \/>\n<\/strong><span style=\"color: #000080;\">\u0141ukasz Gwiazda<\/span> (ur. 1994 &#8211; \u0141om\u017ca, pierwszy klub Sok\u00f3\u0142 Ostr\u00f3da) &#8211; 90 minut i gol w meczu z Dergview (3:0)<\/p>\n<p><strong>Niemcy, 1. Bundesliga &#8211; 1. FC Union Berlin<br \/>\n<\/strong><span style=\"color: #000080;\">Rafa\u0142 Gikiewicz<\/span> (ur. 1987 &#8211; Olsztyn, pierwszy klub Warmia Olsztyn) &#8211; 90 minut w meczu z Bayernem Monachium (1:2)<\/p>\n<p><strong>Rumunia, Liga I &#8211; FCSB Bukareszt<\/strong><br \/>\n<span style=\"color: #000080;\">\u0141ukasz Gikiewicz<\/span> (ur. 1987 &#8211; Olsztyn, pierwszy klub Warmia Olsztyn) &#8211; poza kadr\u0105 w meczu z Hermannstadt (4:0)<\/p>\n<p><strong>W\u0142ochy, Serie A<\/strong> &#8211; <strong>Hellas Verona FC<br \/>\n<\/strong><span style=\"color: #000080;\">Pawe\u0142 Dawidowicz<\/span> (ur. 1995 &#8211; Ostr\u00f3da, pierwszy klub Sok\u00f3\u0142 Ostr\u00f3da) &#8211; wszed\u0142 na boisko w 55. minucie meczu z US Sassuolo Calcio (0:1)<\/p>\n<hr \/>\n<p><strong>&#8220;NASI&#8221; W EKSTRAKLASIE<\/strong><\/p>\n<p><strong>Arka Gdynia<br \/>\n<\/strong><span style=\"color: #000080;\">Marcin Budzi\u0144ski<\/span> (ur. 1990 &#8211; Gi\u017cycko, pierwszy klub Mamry Gi\u017cycko) &#8211; poza kadr\u0105 w meczu ze \u015al\u0105skiem Wroc\u0142aw (1:2)<\/p>\n<p><strong>Jagiellonia Bia\u0142ystok<br \/>\n<\/strong><span style=\"color: #000080;\">Miko\u0142aj Wasilewski<\/span> (ur. 2001 &#8211; Biskupiec, pierwszy klub MKS Korsze) &#8211; wszed\u0142 na boisko w 88. minucie meczu z Wis\u0142\u0105 P\u0142ock (1:3)<\/p>\n<p><strong>Lechia Gda\u0144sk<br \/>\n<\/strong><span style=\"color: #000080;\">Daniel \u0141ukasik<\/span> (ur. 1991 &#8211; Gi\u017cycko, pierwszy klub Olimpia Mi\u0142ki) &#8211; ca\u0142y mecz na \u0142awce rezerwowych z G\u00f3rnikiem Zabrze (1:1)<br \/>\n<span style=\"color: #333399;\"><span style=\"color: #000080;\">Filip Dymerski<\/span>\u00a0<\/span>(ur. 2002 &#8211; Olsztyn, pierwszy klub Naki Olsztyn) &#8211; poza kadr\u0105 w meczu z\u00a0G\u00f3rnikiem Zabrze (1:1)<br \/>\n<span style=\"color: #333399;\"><span style=\"color: #000080;\">Mateusz Cegie\u0142ka<\/span><\/span> (ur. 2001 &#8211; Ostr\u00f3da, pierwszy klub Start Dzia\u0142dowo) &#8211; poza kadr\u0105 w meczu\u00a0z G\u00f3rnikiem Zabrze (1:1)<\/p>\n<p><strong>Legia Warszawa<\/strong><br \/>\n<span style=\"color: #000080;\">Wojciech Muzyk<\/span> (ur. 1998 &#8211; Suwa\u0142ki, pierwszy klub Czarni Olecko) &#8211; poza kadr\u0105 w meczu z Wis\u0142\u0105 Krak\u00f3w (7:0)<\/p>\n<p><strong>\u0141KS \u0141\u00f3d\u017a<br \/>\n<\/strong><span style=\"color: #000080;\">Maciej Wolski<\/span> (ur. 1997 &#8211; Nowe Miasto Lubawskie, pierwszy klub Drw\u0119ca Nowe Miasto Lubawskie) &#8211; poza kadr\u0105 w meczu z Rakowem Cz\u0119stochowa (2:0)<\/p>\n<p><strong>Rak\u00f3w Cz\u0119stochowa<br \/>\n<\/strong><span style=\"color: #000080;\">Patryk Kun<\/span> (ur. 1995 &#8211; W\u0119gorzewo, pierwszy klub Kosza\u0142ek Opa\u0142ek W\u0119gorzewo) &#8211; poza kadr\u0105 w meczu z \u0141KS \u0141\u00f3d\u017a (0:2)<br \/>\n<span style=\"color: #000080;\">Dawid Szymonowicz\u00a0<\/span>(ur. 1995 &#8211; Lidzbark Warmi\u0144ski, pierwszy klub DKS Dobre Miasto) &#8211; ca\u0142y mecz na \u0142awce rezerwowych\u00a0z \u0141KS \u0141\u00f3d\u017a (0:2)<\/p>\n<p><strong>\u015al\u0105sk Wroc\u0142aw<br \/>\n<\/strong><span style=\"color: #000080;\">\u0141ukasz Bro\u017a<\/span> (ur. 1985 &#8211; Gi\u017cycko, pierwszy klub ABC Bagbud Gi\u017cycko) &#8211; 90 minut w meczu z Ark\u0105 Gdynia (2:1)<\/p>\n<p><strong>Wis\u0142a P\u0142ock<\/strong><strong><br \/>\n<\/strong><span style=\"color: #000080;\">Oskar Zawada<\/span> (ur. 1996 &#8211; Olsztyn, pierwszy klub DKS Dobre Miasto) &#8211; ca\u0142y mecz na \u0142awce rezerwowych z Jagielloni\u0105 Bia\u0142ystok (3:1)<\/p>\n<hr \/>\n<p><strong>&#8220;NASI&#8221; w I lidze<\/strong><\/p>\n<p><strong>Mied\u017a Legnica<\/strong><br \/>\n<span style=\"color: #000080;\">Maciej Koziara\u00a0<\/span>(ur. 1996 &#8211; E\u0142k, pierwszy klub Arka Gdynia) &#8211; poza kadr\u0105 w meczu z GKS Be\u0142chat\u00f3w (1:1)<\/p>\n<p><strong>Olimpia Grudzi\u0105dz<\/strong><br \/>\n<span style=\"color: #000080;\">Pawe\u0142 Ewertowski\u00a0<\/span>(ur. 1999 &#8211; I\u0142awa, pierwszy klub Motor Lubawa) &#8211; poza kadr\u0105 w meczu z GKS Be\u0142caht\u00f3w (0:2)<\/p>\n<p><strong>Odra Opole<br \/>\n<\/strong><span style=\"color: #000080;\">Piotr \u017bem\u0142o<\/span> (ur. 1995 &#8211; Gi\u017cycko, pierwszy klub Mamry Gi\u017cycko) &#8211; ca\u0142y mecz na \u0142awce rezerwowych ze Stal\u0105 Mielec (1:0)<br \/>\n<span style=\"color: #000080;\">Hubert Sobol<\/span> (ur. 2000 &#8211; Olsztyn, pierwszy klub DKS Dobre Miasto) &#8211; poza kadr\u0105 w meczu ze Stal\u0105 Mielec (1:0)<\/p>\n<p><strong>Podbeskidzie Bielsko-Bia\u0142a<br \/>\n<\/strong><span style=\"color: #000080;\">Filip Laskowski<\/span> (ur. 2001 &#8211; Pas\u0142\u0119k, pierwszy klub Olimpia Elbl\u0105g) &#8211; ca\u0142y mecz na \u0142awce rezerwowych z GKS Jastrz\u0119bie (0:2)<\/p>\n<p><span style=\"color: #000080;\"><span style=\"color: #000000;\"><strong>Puszcza Niepo\u0142omice<\/strong><\/span><br \/>\nBartosz Widejko<\/span>\u00a0(ur. 1992 &#8211; Reszel, pierwszy klub Orlik Reszel) &#8211; 90 minut w meczu ze Stomilem Olsztyn (0:0)<br \/>\n<span style=\"color: #000080;\">Jakub Serafin<\/span> (ur. 1996 &#8211; Olsztyn, pierwszy klub GKS Stawiguda) &#8211; zszed\u0142 z boiska w 87. minucie meczu ze Stomilem Olsztyn (0:0)<\/p>\n<p><strong>Sandecja Nowy S\u0105cz<br \/>\n<\/strong><span style=\"color: #000080;\">Dominik Kun<\/span> (ur. 1993 &#8211; Gi\u017cycko, pierwszy klub Kosza\u0142ek Opa\u0142ek W\u0119gorzewo) &#8211; 90 minut w meczu z Wigrami Suwa\u0142ki (1:0)<\/p>\n<p><strong>Stomil Olsztyn<\/strong><br \/>\n<span style=\"color: #000080;\">Micha\u0142 Leszczy\u0144ski<\/span> (ur. 1994 &#8211; Olsztyn, pierwszy klub Naki Olsztyn) &#8211; ca\u0142y mecz na \u0142awce rezerwowych z\u00a0Puszcz\u0105 Niepo\u0142omice (0:0)<br \/>\n<span style=\"color: #000080;\">Piotr Skiba<\/span> (ur. 1982 &#8211; Olsztyn, pierwszy klub Stomil Olsztyn) &#8211; 90 minut w meczu z\u00a0Puszcz\u0105 Niepo\u0142omice (0:0)<br \/>\n<span style=\"color: #000080;\">Janusz Bucholc<\/span> (ur. 1985 &#8211; Olsztyn, pierwszy klub Stomil Olsztyn) &#8211;\u00a090 minut w meczu z\u00a0Puszcz\u0105 Niepo\u0142omice (0:0)<br \/>\n<span style=\"color: #000080;\">Wojciech Dziemidowicz<\/span> (ur. 1995 &#8211; Dobre Miasto, pierwszy klub DKS Dobre Miasto) &#8211; poza kadr\u0105 w meczu z\u00a0Puszcz\u0105 Niepo\u0142omice (0:0)<br \/>\n<span style=\"color: #000080;\">Jakub Mosakowski<\/span> (ur. 2000 &#8211; Olsztyn, pierwszy klub Stomil Olsztyn) &#8211; ca\u0142y mecz na \u0142awce rezerwowych\u00a0z\u00a0Puszcz\u0105 Niepo\u0142omice (0:0)<br \/>\n<span style=\"color: #000080;\">Rafa\u0142 Remisz <span style=\"color: #000000;\">(ur. 1992 &#8211; Olsztyn, pierwszy klub Naki Olsztyn) &#8211; poza kadr\u0105 w meczu\u00a0z\u00a0Puszcz\u0105 Niepo\u0142omice (0:0)<br \/>\n<\/span><\/span><span style=\"color: #000080;\">Jakub Tec\u0142aw<\/span> (ur. 1999 &#8211; I\u0142awa, pierwszy klub GKS Wikielec) &#8211; ca\u0142y mecz na \u0142awce rezerwowych z\u00a0Puszcz\u0105 Niepo\u0142omice (0:0)<br \/>\n<span style=\"color: #000080;\">Wiktor Biedrzycki<\/span> (ur. 1997 &#8211; Olsztyn, pierwszy klub Naki Olsztyn) &#8211;\u00a090 minut w meczu z\u00a0Puszcz\u0105 Niepo\u0142omice (0:0)<br \/>\n<span style=\"color: #000080;\">Pawe\u0142 G\u0142owacki<\/span> (ur. 1983 &#8211; Olsztyn, pierwszy klub Stomil Olsztyn) &#8211;\u00a0poza kadr\u0105 w meczu z\u00a0Puszcz\u0105 Niepo\u0142omice (0:0)<br \/>\n<span style=\"color: #000080;\">Maciej Serbintowicz<\/span> (ur. 2001 &#8211; Olsztyn, pierwszy klub Stomil Olsztyn) &#8211; poza kadr\u0105 w meczu z\u00a0Puszcz\u0105 Niepo\u0142omice (0:0)<br \/>\n<span style=\"color: #000080;\">Grzegorz Lech<\/span> (ur. 1983 &#8211; K\u0119trzyn, pierwszy klub Granica K\u0119trzyn) &#8211; zszed\u0142 z boiska w 69. minucie meczu z\u00a0Puszcz\u0105 Niepo\u0142omice (0:0)<br \/>\n<span style=\"color: #000080;\">Artur Siemaszko<\/span> (ur. 1997 &#8211; Olsztyn, pierwszy klub OKS 1945 Olsztyn) &#8211; zszed\u0142 z boiska w 65. minucie meczu z\u00a0Puszcz\u0105 Niepo\u0142omice (0:0)<br \/>\n<span style=\"color: #000080;\">Hubert Szramka<\/span>\u00a0(ur. 2001 &#8211; I\u0142awa, pierwszy klub GKS Wikielec) &#8211; poza kadr\u0105 w meczu z\u00a0Puszcz\u0105 Niepo\u0142omice (0:0)<span style=\"color: #000080;\"><span style=\"color: #000000;\"><br \/>\n<\/span><\/span><\/p>\n<p><strong>Wigry Suwa\u0142ki<br \/>\n<\/strong><span style=\"color: #000080;\">Dominik K\u0105kolewski<\/span> (ur. 1996 &#8211; Szczytno, pierwszy klub Reda Szczytno) &#8211; 90 minut w meczu z Sandecj\u0105 Nowy S\u0105cz (0:1)<br \/>\n<span style=\"color: #000080;\">Szymon \u0141api\u0144ski<\/span> (ur. 2000 &#8211; Gi\u017cycko, pierwszy klub Mamry Gi\u017cycko) &#8211; wszed\u0142 na boisko w 71. minucie meczu\u00a0z Sandecj\u0105 Nowy S\u0105cz (0:1)<\/p>\n<p><strong>Zag\u0142\u0119bie Sosnowiec<\/strong><br \/>\n<span style=\"color: #000080;\">Tomasz Nawotka<\/span> (ur. 1997 &#8211; Olsztyn, pierwszy klub Concordia Elbl\u0105g) &#8211; 90 minut w meczu z Chojniczank\u0105 Chojnice (3:3)<\/p>\n<hr \/>\n<p><strong>&#8220;NASI&#8221; w II lidze<\/strong><\/p>\n<p><strong>Gryf Wejherowo<br \/>\n<\/strong><span style=\"color: #000080;\">Igor Biedrzycki <\/span>(ur. 1993 &#8211; Olsztyn, pierwszy klub Naki Olsztyn) &#8211; zszed\u0142 z boiska w 80. minucie meczu z Lechem II Pozna\u0144 (1:2)<br \/>\n<span style=\"color: #000080;\">Marcin Burkhardt <\/span>(ur. 1983 &#8211; Elbl\u0105g, pierwszy klub Olimpia Pozna\u0144) &#8211; wszed\u0142 na boisko w 53. minucie meczu z Lechem II Pozna\u0144 (1:2)<\/p>\n<p><strong>Lech II Pozna\u0144<br \/>\n<\/strong><span style=\"color: #000080;\">\u0141ukasz Szramowski<\/span>\u00a0(ur. 2002 &#8211; Nowe Miasto Lubawskie, pierwszy klub Ewingi Zalewo) &#8211; poza kadr\u0105 w meczu z Gryfem Wejherowo (2:1)<\/p>\n<p><strong>Legionovia Legionowo<\/strong><br \/>\n<span style=\"color: #000080;\">Jonatan Straus<\/span> (ur. 1994 &#8211; Nowe Miasto Lubawskie, pierwszy klub Drw\u0119ca Nowe Miasto Lubawskie) &#8211; 90 minut w meczu z B\u0142\u0119kitnymi Stargard (1:2)<\/p>\n<p><strong>Olimpia Elbl\u0105g\u00a0<\/strong><br \/>\n<span style=\"color: #000080;\">Micha\u0142 Balewski<\/span> (ur. 1999 &#8211; Pas\u0142\u0119k, pierwszy klub Victoria Rychliki) &#8211; 90 minut w meczu ze Stal\u0105 Rzesz\u00f3w (1:0)<br \/>\n<span style=\"color: #000080;\">Micha\u0142 Kie\u0142tyka<\/span> (ur. 1994 &#8211; Elbl\u0105g, pierwszy klub Mlexer Elbl\u0105g) &#8211;\u00a0poza kadr\u0105 w meczu zeze Stal\u0105 Rzesz\u00f3w (1:0)<br \/>\n<span style=\"color: #000080;\">\u0141ukasz Sarnowski<span style=\"color: #000000;\"> (ur. 2003 &#8211; Elbl\u0105g, pierwszy klub Olimpia Elbl\u0105g) &#8211; poza kadr\u0105 w meczu ze Stal\u0105 Rzesz\u00f3w (1:0)<br \/>\n<\/span>Maciej Rozumowski<\/span> (ur. 1999 &#8211; Elbl\u0105g, pierwszy klub Concordia Wierciny) &#8211;\u00a0poza kadr\u0105 w meczu ze Stal\u0105 Rzesz\u00f3w (1:0)<br \/>\n<span style=\"color: #000080;\">Mariusz Bucio<\/span> (ur. 2001 &#8211; Pas\u0142\u0119k, pierwszy klub B\u0142\u0119kitni Orneta) &#8211;\u00a0poza kadr\u0105 w meczu ze Stal\u0105 Rzesz\u00f3w (1:0)<br \/>\n<span style=\"color: #000080;\">Eryk Filipczyk<\/span> (ur. 2000 &#8211; Elbl\u0105g, pierwszy klub Olimpia 2004 Elbl\u0105g) &#8211; ca\u0142y mecz na \u0142awce rezerwowych ze Stal\u0105 Rzesz\u00f3w (1:0)<br \/>\n<span style=\"color: #000080;\">Oskar Kordykiewicz<\/span> (ur. 2000 &#8211; Elbl\u0105g, pierwszy klub Balby Carr Academy Sport [ENG]) &#8211;\u00a0<span style=\"color: #000080;\"><span style=\"color: #000000;\">poza kadr\u0105 w meczu ze Stal\u0105 Rzesz\u00f3w (1:0)<\/span><\/span><br \/>\n<span style=\"color: #000080;\">Klaudiusz Krasa<\/span> (ur. 2001 &#8211; Mor\u0105g, pierwszy klub Huragan Mor\u0105g) &#8211; 90 minut w meczu\u00a0ze Stal\u0105 Rzesz\u00f3w (1:0)<br \/>\n<span style=\"color: #000080;\">Tomasz Sedlewski<\/span> (ur. 1990 &#8211; Nowe Miasto Lubawskie, pierwszy klub Ossa Biskupiec Pomorski) &#8211; 90 minut w meczu ze Stal\u0105 Rzesz\u00f3w (1:0)<br \/>\n<span style=\"color: #000080;\">Sebastian Milanowski\u00a0<span style=\"color: #000000;\">(ur. 2001 &#8211; Elbl\u0105g, pierwszy klub Olimpia Elbl\u0105g) &#8211;\u00a0poza kadr\u0105 w meczu ze Stal\u0105 Rzesz\u00f3w (1:0)<br \/>\n<\/span><\/span><span style=\"color: #000080;\">Micha\u0142 Miller<\/span>\u00a0(ur. 1991 &#8211; K\u0119trzyn, pierwszy klub Lwy Korsze) &#8211; poza kadr\u0105 w meczu ze Stal\u0105 Rzesz\u00f3w (1:0)<\/p>\n<p><strong>Pogo\u0144 Siedlce<\/strong><br \/>\n<span style=\"color: #000080;\">Patryk Kostyk<\/span>\u00a0(ur. 2000 &#8211; Mr\u0105gowo, pierwszy klub Hetman Baranowo) &#8211; poza kadr\u0105 w meczu z GKS Katowice (1:2)<\/p>\n<p><strong>Resovia Rzesz\u00f3w<br \/>\n<\/strong><span style=\"color: #000080;\">Filip Majchrowicz<\/span> (ur. 2000 &#8211; Olsztyn, pierwszy klub OKS 1945 Olsztyn) &#8211; poza kadr\u0105 w meczu z Elan\u0105 Toru\u0144 (2:1)<br \/>\n<span style=\"color: #000080;\">Daniel \u015awiderski<\/span> (ur. 1994 &#8211; Pisz, pierwszy klub Znicz Bia\u0142a Piska) &#8211; wszed\u0142 na boisko w 76. minucie meczu z Elan\u0105 Toru\u0144 (2:1)<\/p>\n<p><strong>Stal Stalowa Wola<br \/>\n<\/strong><span style=\"color: #000080;\">Adam Waszkiewicz<\/span> (ur. 1993 &#8211; \u0141\u00f3d\u017a, pierwszy klub Huragan Pisz) &#8211; 90 minut w meczu z Widzewem \u0141\u00f3d\u017a (0:1)<\/p>\n<p><strong>Znicz Pruszk\u00f3w<\/strong><br \/>\n<span style=\"color: #000080;\">Marcin Rackiewicz<\/span> (ur. 1987 &#8211; Ostr\u00f3da, pierwszy klub T\u0119cza Mi\u0142om\u0142yn) &#8211; wszed\u0142 na boisko w 80. minucie meczu z G\u00f3rnikiem Polkowice (2:4)<\/p>\n<hr \/>\n<p><span style=\"color: #000000;\"><br \/>\nJe\u015bli w tym zestawieniu nie widzicie kt\u00f3rego\u015b z zawodnik\u00f3w pochodz\u0105cych z naszego regionu, graj\u0105cego za granic\u0105 lub na szczeblu centralnym w Polsce, piszcie na adres mailowy\u00a0<a href=\"mailto:mariusz.bojarowski@wmzpn.pl\">mariusz.bojarowski@wmzpn.pl<\/a><\/span><\/p>\n<hr \/>\n<p><em><br \/>\nNa zdj\u0119ciu Miko\u0142aj Wasilewski<br \/>\nfot. jagiellonia.pl<\/em><\/p>\n","protected":false},"excerpt":{"rendered":"<p>Poni\u017cej przedstawiamy podsumowanie wyst\u0119p\u00f3w zawodnik\u00f3w pochodz\u0105cych z naszego wojew\u00f3dztwa graj\u0105cych za granic\u0105 oraz na szczeblach centralnych polskich lig.\u00a0<\/p>\n","protected":false},"author":3,"featured_media":9168,"comment_status":"open","ping_status":"open","sticky":false,"template":"","format":"standard","meta":{"footnotes":""},"categories":[91],"tags":[],"class_list":["post-9162","post","type-post","status-publish","format-standard","has-post-thumbnail","hentry","category-nasi-ligowcy"],"_links":{"self":[{"href":"https:\/\/wmzpn.pl\/index.php?rest_route=\/wp\/v2\/posts\/9162","targetHints":{"allow":["GET"]}}],"collection":[{"href":"https:\/\/wmzpn.pl\/index.php?rest_route=\/wp\/v2\/posts"}],"about":[{"href":"https:\/\/wmzpn.pl\/index.php?rest_route=\/wp\/v2\/types\/post"}],"author":[{"embeddable":true,"href":"https:\/\/wmzpn.pl\/index.php?rest_route=\/wp\/v2\/users\/3"}],"replies":[{"embeddable":true,"href":"https:\/\/wmzpn.pl\/index.php?rest_route=%2Fwp%2Fv2%2Fcomments&post=9162"}],"version-history":[{"count":6,"href":"https:\/\/wmzpn.pl\/index.php?rest_route=\/wp\/v2\/posts\/9162\/revisions"}],"predecessor-version":[{"id":9169,"href":"https:\/\/wmzpn.pl\/index.php?rest_route=\/wp\/v2\/posts\/9162\/revisions\/9169"}],"wp:featuredmedia":[{"embeddable":true,"href":"https:\/\/wmzpn.pl\/index.php?rest_route=\/wp\/v2\/media\/9168"}],"wp:attachment":[{"href":"https:\/\/wmzpn.pl\/index.php?rest_route=%2Fwp%2Fv2%2Fmedia&parent=9162"}],"wp:term":[{"taxonomy":"category","embeddable":true,"href":"https:\/\/wmzpn.pl\/index.php?rest_route=%2Fwp%2Fv2%2Fcategories&post=9162"},{"taxonomy":"post_tag","embeddable":true,"href":"https:\/\/wmzpn.pl\/index.php?rest_route=%2Fwp%2Fv2%2Ftags&post=9162"}],"curies":[{"name":"wp","href":"https:\/\/api.w.org\/{rel}","templated":true}]}}