{"id":9099,"date":"2019-10-25T08:40:48","date_gmt":"2019-10-25T08:40:48","guid":{"rendered":"http:\/\/wmzpn.pl\/?p=9099"},"modified":"2019-10-25T08:59:12","modified_gmt":"2019-10-25T08:59:12","slug":"widzimysienameczu-w-nowej-odslonie-rozpoczynamy-wspolprace-z-groundhopping-warmia-i-mazury","status":"publish","type":"post","link":"https:\/\/wmzpn.pl\/?p=9099","title":{"rendered":"#WidzimySi\u0119NaMeczu w nowej ods\u0142onie! Rozpoczynamy wsp\u00f3\u0142prac\u0119 z Groundhopping Warmia i Mazury!"},"content":{"rendered":"<p>Przez 2 lata trwania cyklu #WidzimySi\u0119NaMeczu nakr\u0119cili\u015bmy 18 odcink\u00f3w. Odwiedzili\u015bmy w sumie 16 miejscowo\u015bci. Byli\u015bmy na 18 meczach &#8211; od B klasy po III lig\u0119, a tak\u017ce na meczach Pucharu Polski i Futsalu.<\/p>\n<p>Wszystkie dotychczasowe odcinki mo\u017cna zobaczy\u0107 <a href=\"https:\/\/www.youtube.com\/watch?v=wzz0ncisnyY&amp;list=PLHe9iT9_T0oYkJWe8EmUL7ZbzH7HLNwbR\" target=\"_blank\" rel=\"noopener\">-&gt; tutaj<\/a><\/p>\n<p>W tym sezonie zmieniamy formu\u0142\u0119 i ruszamy z cyklem #WidzimySi\u0119NaMeczu w nowej ods\u0142onie! W tym celu rozpoczynamy wsp\u00f3\u0142prac\u0119 z Rados\u0142awem Skudlarzem, kt\u00f3ry hobbystycznie obje\u017cd\u017ca mecze w naszym wojew\u00f3dztwie i publikuje z nich zdj\u0119cia i relacje na Facebook&#8217;owym profilu Groundhopping Warmia i Mazury (<a href=\"https:\/\/www.facebook.com\/Groundhopping-Warmia-i-Mazury-736631186696422\" target=\"_blank\" rel=\"noopener\">link do profilu<\/a>). Radek do dzi\u015b odwiedzi\u0142 ju\u017c 36 stadion\u00f3w\/boisk w naszym wojew\u00f3dztwie. Teraz \u0142\u0105czymy si\u0142y i wsp\u00f3lnie b\u0119dziemy tworzy\u0107 cykl #WidzimySi\u0119NaMeczu w nowej formule.<\/p>\n<p>W dalszym ci\u0105gu b\u0119dziemy je\u017adzi\u0107 na mecze pi\u0142karskie w naszym wojew\u00f3dztwie, szczeg\u00f3lnie te w ni\u017cszych klasach rozgrywkowych. Z ka\u017cdego meczu zamiast filmu powstanie artyku\u0142 oraz fotorelacja. B\u0119dziemy odwiedza\u0107 te miejscowo\u015bci, w kt\u00f3rych sobotni czy niedzielny mecz pi\u0142karski to prawdziwe lokalne \u015bwi\u0119to, na kt\u00f3re przychodzi du\u017co miejscowych kibic\u00f3w. Poka\u017cemy te kluby, kt\u00f3re wyr\u00f3\u017cniaj\u0105 si\u0119 swoimi dzia\u0142aniami i stworzy\u0142y w swojej miejscowo\u015bci mod\u0119 na futbol.<\/p>\n<p>Pierwsza wsp\u00f3lna wizyta ju\u017c jutro, w sobot\u0119! Jedziemy do Kazanic na derbowy mecz A Klasy: Jordan Kazanice &#8211; Ossa Biskupiec. Pocz\u0105tek meczu o godz. 15:00. Serdecznie zapraszamy! Widzimy Si\u0119 Na Meczu!<\/p>\n<p>Chcecie, \u017ceby\u015bmy przyjechali r\u00f3wnie\u017c do Was? Napiszcie do nas maila na widzimysienameczu@wmzpn.pl. W tre\u015bci maila napiszcie dlaczego mecz w Waszej miejscowo\u015bci to pi\u0142karskie \u015bwi\u0119to. Napiszcie jak du\u017co ludzi przychodzi na mecze i jakie ciekawe dzia\u0142ania podejmuje Wasz klub, \u017ceby zach\u0119ci\u0107 mieszka\u0144c\u00f3w do przyj\u015bcia na mecz. Je\u015bli macie zdj\u0119cia z mecz\u00f3w, za\u0142\u0105czcie kilka do maila. Czekamy na Wasze zg\u0142oszenia!<\/p>\n<p><img loading=\"lazy\" decoding=\"async\" class=\"alignnone size-full wp-image-9105\" src=\"http:\/\/wmzpn.pl\/wp-content\/uploads\/2019\/10\/facebook_plakat_jordan.jpg\" alt=\"\" width=\"1200\" height=\"1683\" srcset=\"https:\/\/wmzpn.pl\/wp-content\/uploads\/2019\/10\/facebook_plakat_jordan.jpg 1200w, https:\/\/wmzpn.pl\/wp-content\/uploads\/2019\/10\/facebook_plakat_jordan-214x300.jpg 214w, https:\/\/wmzpn.pl\/wp-content\/uploads\/2019\/10\/facebook_plakat_jordan-768x1077.jpg 768w, https:\/\/wmzpn.pl\/wp-content\/uploads\/2019\/10\/facebook_plakat_jordan-730x1024.jpg 730w, https:\/\/wmzpn.pl\/wp-content\/uploads\/2019\/10\/facebook_plakat_jordan-696x976.jpg 696w, https:\/\/wmzpn.pl\/wp-content\/uploads\/2019\/10\/facebook_plakat_jordan-1068x1498.jpg 1068w, https:\/\/wmzpn.pl\/wp-content\/uploads\/2019\/10\/facebook_plakat_jordan-299x420.jpg 299w\" sizes=\"auto, (max-width: 1200px) 100vw, 1200px\" \/><\/p>\n","protected":false},"excerpt":{"rendered":"<p>Przez 2 lata trwania cyklu #WidzimySi\u0119NaMeczu nakr\u0119cili\u015bmy 18 odcink\u00f3w. Odwiedzili\u015bmy w sumie 16 miejscowo\u015bci. Byli\u015bmy na 18 meczach &#8211; od B klasy po III lig\u0119, a tak\u017ce na meczach Pucharu Polski i Futsalu. Wszystkie dotychczasowe odcinki mo\u017cna zobaczy\u0107 -&gt; tutaj W tym sezonie zmieniamy formu\u0142\u0119 i ruszamy z cyklem #WidzimySi\u0119NaMeczu w nowej ods\u0142onie! W tym [&hellip;]<\/p>\n","protected":false},"author":7,"featured_media":9104,"comment_status":"open","ping_status":"open","sticky":false,"template":"","format":"standard","meta":{"footnotes":""},"categories":[92],"tags":[],"class_list":["post-9099","post","type-post","status-publish","format-standard","has-post-thumbnail","hentry","category-widzimysienameczu"],"_links":{"self":[{"href":"https:\/\/wmzpn.pl\/index.php?rest_route=\/wp\/v2\/posts\/9099","targetHints":{"allow":["GET"]}}],"collection":[{"href":"https:\/\/wmzpn.pl\/index.php?rest_route=\/wp\/v2\/posts"}],"about":[{"href":"https:\/\/wmzpn.pl\/index.php?rest_route=\/wp\/v2\/types\/post"}],"author":[{"embeddable":true,"href":"https:\/\/wmzpn.pl\/index.php?rest_route=\/wp\/v2\/users\/7"}],"replies":[{"embeddable":true,"href":"https:\/\/wmzpn.pl\/index.php?rest_route=%2Fwp%2Fv2%2Fcomments&post=9099"}],"version-history":[{"count":7,"href":"https:\/\/wmzpn.pl\/index.php?rest_route=\/wp\/v2\/posts\/9099\/revisions"}],"predecessor-version":[{"id":9111,"href":"https:\/\/wmzpn.pl\/index.php?rest_route=\/wp\/v2\/posts\/9099\/revisions\/9111"}],"wp:featuredmedia":[{"embeddable":true,"href":"https:\/\/wmzpn.pl\/index.php?rest_route=\/wp\/v2\/media\/9104"}],"wp:attachment":[{"href":"https:\/\/wmzpn.pl\/index.php?rest_route=%2Fwp%2Fv2%2Fmedia&parent=9099"}],"wp:term":[{"taxonomy":"category","embeddable":true,"href":"https:\/\/wmzpn.pl\/index.php?rest_route=%2Fwp%2Fv2%2Fcategories&post=9099"},{"taxonomy":"post_tag","embeddable":true,"href":"https:\/\/wmzpn.pl\/index.php?rest_route=%2Fwp%2Fv2%2Ftags&post=9099"}],"curies":[{"name":"wp","href":"https:\/\/api.w.org\/{rel}","templated":true}]}}