{"id":8683,"date":"2019-10-04T06:47:36","date_gmt":"2019-10-04T06:47:36","guid":{"rendered":"http:\/\/wmzpn.pl\/?p=8683"},"modified":"2019-10-04T06:47:36","modified_gmt":"2019-10-04T06:47:36","slug":"pilkarska-gala-wmzpn-razem-wybierzmy-najlepszych-w-2019-roku","status":"publish","type":"post","link":"https:\/\/wmzpn.pl\/?p=8683","title":{"rendered":"Pi\u0142karska Gala WMZPN \u2013 Razem wybierzmy najlepszych w 2019 roku!"},"content":{"rendered":"<p>W pi\u0105tek 13 grudnia 2019 roku, w Hotelu Mr\u0105gowo Resort &amp; SPA odb\u0119dzie si\u0119 Pi\u0142karska Gala WMZPN, po\u0142\u0105czona ze spotkaniem Wigilijnym przedstawicieli \u015brodowiska pi\u0142karskiego naszego wojew\u00f3dztwa.<!--more--><span id=\"more-4170\"><\/span><\/p>\n<p>Podobnie jak rok temu ide\u0105 Pi\u0142karskiej Gali WMZPN b\u0119dzie wybranie tych, kt\u00f3rzy zas\u0142u\u017cyli na wyr\u00f3\u017cnienie. Zobacz jak organizowane pierwszy raz w historii WMZPN wydarzenie wygl\u0105da\u0142o w 2018 roku oraz kto zwyci\u0119\u017cy\u0142 w swoich kategoriach -&gt; <a href=\"http:\/\/wmzpn.pl\/?p=4438\" target=\"_blank\" rel=\"noopener\">TUTAJ<\/a><\/p>\n<p>Jakie kategorie nagr\u00f3d b\u0119d\u0105 w tym roku? Jak oceni\u0107 kto zas\u0142u\u017cy\u0142 na wyr\u00f3\u017cnienie? Jak przeprowadzi\u0107 g\u0142osowanie? To wszystko wyja\u015bni si\u0119 ju\u017c 21 pa\u017adziernika podczas posiedzenia Zarz\u0105du WMZPN. Obecnie jeste\u015bmy na etapie planowania i chcieliby\u015bmy pozna\u0107 Pa\u0144stwa zdanie. Mamy nadziej\u0119, \u017ce pomo\u017cecie nam Pa\u0144stwo wybra\u0107 kategorie nagr\u00f3d, jak r\u00f3wnie\u017c najlepsz\u0105 formu\u0142\u0119 nominowania i g\u0142osowania. Na Pa\u0144stwa pomys\u0142y czekamy do wtorku 15 pa\u017adziernika. Uwagi prosimy przesy\u0142a\u0107 na adres e-mail: marek.lukiewski@wmzpn.pl<\/p>\n","protected":false},"excerpt":{"rendered":"<p>W pi\u0105tek 13 grudnia 2019 roku, w Hotelu Mr\u0105gowo Resort &amp; SPA odb\u0119dzie si\u0119 Pi\u0142karska Gala WMZPN, po\u0142\u0105czona ze spotkaniem Wigilijnym przedstawicieli \u015brodowiska pi\u0142karskiego naszego wojew\u00f3dztwa.<\/p>\n","protected":false},"author":2,"featured_media":8685,"comment_status":"open","ping_status":"open","sticky":false,"template":"","format":"standard","meta":{"footnotes":""},"categories":[26],"tags":[],"class_list":["post-8683","post","type-post","status-publish","format-standard","has-post-thumbnail","hentry","category-zwiazek-news"],"_links":{"self":[{"href":"https:\/\/wmzpn.pl\/index.php?rest_route=\/wp\/v2\/posts\/8683","targetHints":{"allow":["GET"]}}],"collection":[{"href":"https:\/\/wmzpn.pl\/index.php?rest_route=\/wp\/v2\/posts"}],"about":[{"href":"https:\/\/wmzpn.pl\/index.php?rest_route=\/wp\/v2\/types\/post"}],"author":[{"embeddable":true,"href":"https:\/\/wmzpn.pl\/index.php?rest_route=\/wp\/v2\/users\/2"}],"replies":[{"embeddable":true,"href":"https:\/\/wmzpn.pl\/index.php?rest_route=%2Fwp%2Fv2%2Fcomments&post=8683"}],"version-history":[{"count":3,"href":"https:\/\/wmzpn.pl\/index.php?rest_route=\/wp\/v2\/posts\/8683\/revisions"}],"predecessor-version":[{"id":8686,"href":"https:\/\/wmzpn.pl\/index.php?rest_route=\/wp\/v2\/posts\/8683\/revisions\/8686"}],"wp:featuredmedia":[{"embeddable":true,"href":"https:\/\/wmzpn.pl\/index.php?rest_route=\/wp\/v2\/media\/8685"}],"wp:attachment":[{"href":"https:\/\/wmzpn.pl\/index.php?rest_route=%2Fwp%2Fv2%2Fmedia&parent=8683"}],"wp:term":[{"taxonomy":"category","embeddable":true,"href":"https:\/\/wmzpn.pl\/index.php?rest_route=%2Fwp%2Fv2%2Fcategories&post=8683"},{"taxonomy":"post_tag","embeddable":true,"href":"https:\/\/wmzpn.pl\/index.php?rest_route=%2Fwp%2Fv2%2Ftags&post=8683"}],"curies":[{"name":"wp","href":"https:\/\/api.w.org\/{rel}","templated":true}]}}