{"id":8666,"date":"2019-10-03T06:40:18","date_gmt":"2019-10-03T06:40:18","guid":{"rendered":"http:\/\/wmzpn.pl\/?p=8666"},"modified":"2019-10-03T10:47:18","modified_gmt":"2019-10-03T10:47:18","slug":"konsultacje-nowo-powstajacej-kadry-wmzpn-chlopcow-rocznika-2008","status":"publish","type":"post","link":"https:\/\/wmzpn.pl\/?p=8666","title":{"rendered":"Konsultacje nowo powstaj\u0105cej Kadry WMZPN Ch\u0142opc\u00f3w rocznika 2008"},"content":{"rendered":"<p>Powstaje nowa Kadra WMZPN ch\u0142opc\u00f3w rocznika 2008, kt\u00f3r\u0105 poprowadzi trener Kamil Koz\u0142owski.<!--more--><\/p>\n<p>W zwi\u0105zku z tym prosimy wszystkich trener\u00f3w\u00a0odpowiedzialnych w swoich klubach za ten rocznik o zg\u0142aszanie swoich najlepszych zawodnik\u00f3w na udzia\u0142 w konsultacjach szkoleniowych.<\/p>\n<p><strong>Konsultacje odb\u0119d\u0105 si\u0119 w nast\u0119puj\u0105cych miejscach i terminach:<\/strong><\/p>\n<ol>\n<li>Konsultacja w Elbl\u0105gu, 10.10.2019 r., boisko sztuczne przy ul. Skrzydlatej 1, zbi\u00f3rka o godzinie 11:00<\/li>\n<li>Konsultacja w I\u0142awie, 17.10.2019 r., boisko sztuczne przy ul. Sienkiewicza 1, zbi\u00f3rka o godzinie 9:00<\/li>\n<li>Konsultacja w Olsztynie, 22.10.2019 r., boisko sztuczne przy ul. \u017bytniej 71, zbi\u00f3rka o godzinie 11:00<\/li>\n<li>Konsultacja w E\u0142ku, 24.10.2019 r., boisko sztuczne przy ul. Pi\u0142sudskiego 27, zbi\u00f3rka o godzinie 10:30<\/li>\n<\/ol>\n<p><strong>Prosimy o obowi\u0105zkowe potwierdzenie udzia\u0142u zawodnika do trener\u00f3w (SMS lub mailowo):<\/strong><\/p>\n<p><strong>Kamil Koz\u0142owski, tel. 513\u00a0869\u00a0305, e-mail: <a href=\"mailto:kamil.kozlowski@wmzpn.pl\">kamil.kozlowski@wmzpn.pl<\/a><br \/>\n<\/strong><strong>Rados\u0142aw Rogowski, tel. <\/strong><strong>669\u00a0383 928<\/strong><strong>, e-mail: <a href=\"mailto:radoslaw.rogowski@wmzpn.pl\">radoslaw.rogowski@wmzpn.pl<\/a><br \/>\nPiotr Kami\u0144ski, tel. 795 760 739<\/strong><\/p>\n","protected":false},"excerpt":{"rendered":"<p>Powstaje nowa Kadra WMZPN ch\u0142opc\u00f3w rocznika 2008, kt\u00f3r\u0105 poprowadzi trener Kamil Koz\u0142owski.<\/p>\n","protected":false},"author":3,"featured_media":8672,"comment_status":"open","ping_status":"open","sticky":false,"template":"","format":"standard","meta":{"footnotes":""},"categories":[72],"tags":[],"class_list":["post-8666","post","type-post","status-publish","format-standard","has-post-thumbnail","hentry","category-chlopcy-2008-u-12"],"_links":{"self":[{"href":"https:\/\/wmzpn.pl\/index.php?rest_route=\/wp\/v2\/posts\/8666","targetHints":{"allow":["GET"]}}],"collection":[{"href":"https:\/\/wmzpn.pl\/index.php?rest_route=\/wp\/v2\/posts"}],"about":[{"href":"https:\/\/wmzpn.pl\/index.php?rest_route=\/wp\/v2\/types\/post"}],"author":[{"embeddable":true,"href":"https:\/\/wmzpn.pl\/index.php?rest_route=\/wp\/v2\/users\/3"}],"replies":[{"embeddable":true,"href":"https:\/\/wmzpn.pl\/index.php?rest_route=%2Fwp%2Fv2%2Fcomments&post=8666"}],"version-history":[{"count":8,"href":"https:\/\/wmzpn.pl\/index.php?rest_route=\/wp\/v2\/posts\/8666\/revisions"}],"predecessor-version":[{"id":8679,"href":"https:\/\/wmzpn.pl\/index.php?rest_route=\/wp\/v2\/posts\/8666\/revisions\/8679"}],"wp:featuredmedia":[{"embeddable":true,"href":"https:\/\/wmzpn.pl\/index.php?rest_route=\/wp\/v2\/media\/8672"}],"wp:attachment":[{"href":"https:\/\/wmzpn.pl\/index.php?rest_route=%2Fwp%2Fv2%2Fmedia&parent=8666"}],"wp:term":[{"taxonomy":"category","embeddable":true,"href":"https:\/\/wmzpn.pl\/index.php?rest_route=%2Fwp%2Fv2%2Fcategories&post=8666"},{"taxonomy":"post_tag","embeddable":true,"href":"https:\/\/wmzpn.pl\/index.php?rest_route=%2Fwp%2Fv2%2Ftags&post=8666"}],"curies":[{"name":"wp","href":"https:\/\/api.w.org\/{rel}","templated":true}]}}