{"id":835,"date":"2018-04-23T13:00:02","date_gmt":"2018-04-23T13:00:02","guid":{"rendered":"http:\/\/wmzpn1.home.pl\/autoinstalator\/wordpress1\/?p=835"},"modified":"2019-02-10T16:33:34","modified_gmt":"2019-02-10T16:33:34","slug":"nabor-uzupelniajacy-do-wojewodzkiego-osrodka-szkolenia-pilkarskiego-wmzpn-w-elblagu","status":"publish","type":"post","link":"https:\/\/wmzpn.pl\/?p=835","title":{"rendered":"Nab\u00f3r uzupe\u0142niaj\u0105cy do Wojew\u00f3dzkiego O\u015brodka Szkolenia Pi\u0142karskiego WMZPN w Elbl\u0105gu"},"content":{"rendered":"<p>Od wrze\u015bnia 2018 roku dzi\u0119ki wsp\u00f3\u0142pracy Urz\u0119du Miasta w Elbl\u0105gu, Warmi\u0144sko-Mazurskiego Zwi\u0105zku Pi\u0142ki No\u017cnej i ZKS Olimpia Elbl\u0105g rozpoczyna swoj\u0105 dzia\u0142alno\u015b\u0107 <!--more-->Wojew\u00f3dzki O\u015brodek Szkolenia M\u0142odzie\u017cy w Pi\u0142ce No\u017cnej, kt\u00f3rego siedzib\u0105 b\u0119dzie Elbl\u0105g. Jeste\u015bmy ju\u017c po rekrutacji podstawowej, kt\u00f3ra pokaza\u0142a, \u017ce powstan\u0105 prawie wszystkie oddzia\u0142y. Na ten moment najwi\u0119ksze trudno\u015bci s\u0105 przy naborze do klasy III oraz II Szko\u0142y Podstawowej. Pozosta\u0142e oddzia\u0142y ciesz\u0105 si\u0119 du\u017cym zainteresowaniem. Liczymy jednak, \u017ce uda si\u0119 utworzy\u0107 klasy na wszystkich poziomach. Najwi\u0119kszym zainteresowaniem w chwili obecnej ciesz\u0105 si\u0119 klasy starsze czyli VII i VIII Szko\u0142y Podstawowej oraz Liceum.<\/p>\n<p>W dniach 5-6 kwietnia odby\u0142y si\u0119 zebrania W\u0142adz Miasta oraz przedstawicieli WMZPN z rodzicami, na kt\u00f3rych przedstawiono koncepcj\u0119 edukacyjn\u0105 szko\u0142y. Prezydent Elbl\u0105ga, Witold Wr\u00f3blewski zapewni\u0142 o swoim pe\u0142nym zaanga\u017cowaniu w ten projekt i zagwarantowa\u0142 wiele ciekawych rozwi\u0105za\u0144 w funkcjonowaniu plac\u00f3wki:<br \/>\n\u2022 grono pedagogiczne gwarantuj\u0105ce wysoki poziom nauczania,<br \/>\n\u2022 mo\u017cliwo\u015b\u0107 wyboru nauki j\u0119zyk\u00f3w obcych (angielski, hiszpa\u0144ski, w\u0142oski, niemiecki),<br \/>\n\u2022 pomoc w nauce dla wyr\u00f3wnania szans oraz dba\u0142o\u015b\u0107 o rozw\u00f3j uzdolnionych uczni\u00f3w,<br \/>\n\u2022 nowatorskie metody nauczania (szko\u0142a miejscem uczenia si\u0119 ucznia, minimalizacja prac domowych),<br \/>\n\u2022 internat ca\u0142otygodniowy,<br \/>\n\u2022 \u015bwietlica z wyd\u0142u\u017conym czasem pracy(6.00-18.00) \u2013 bie\u017c\u0105ca pomoc dydaktyczna,<br \/>\n\u2022 sto\u0142\u00f3wka o wzbogaconym wy\u017cywieniu (dofinansowywana przez Urz\u0105d Miasta),<br \/>\n\u2022 dost\u0119pno\u015b\u0107 wszystkich potrzebnych obiekt\u00f3w sportowych w mie\u015bcie,<br \/>\n\u2022 opieka i transport w czasie przemieszczania si\u0119 mi\u0119dzy obiektami,<br \/>\n\u2022 dostosowanie organizacji edukacji do zwi\u0119kszonej ilo\u015bci wyjazd\u00f3w i zaj\u0119\u0107 sportowych.<\/p>\n<p>Dodatkowo WMZPN dzi\u0119ki dotacji z Urz\u0119du Marsza\u0142kowskiego wraz z ZKS Olimpia Elbl\u0105g pragn\u0105 wzbogaci\u0107 sztab szkoleniowy o trener\u00f3w wspomagaj\u0105cych oraz specjalistycznych, psychologa sportowego, a tak\u017ce ujednolici\u0107 ubi\u00f3r przez zakup sprz\u0119tu sportowego.<\/p>\n<p>W zwi\u0105zku z uszczeg\u00f3\u0142owieniem dzia\u0142alno\u015bci oferty szko\u0142y pragniemy og\u0142osi\u0107 NAB\u00d3R UZUPE\u0141NIAJ\u0104CY do Wojew\u00f3dzkiego O\u015brodka Szkolenia M\u0142odzie\u017cy w Pi\u0142ce No\u017cnej w Elbl\u0105gu, kt\u00f3ry b\u0119dzie trwa\u0142 w dniach od 23 kwietnia do 11 maja 2018 roku i zako\u0144czy si\u0119 TESTAMI SPRAWNO\u015aCIOWYMI zaplanowanymi na dzie\u0144 14 maja 2018 roku.<\/p>\n<p>Wst\u0119pna rejestracja polega na wype\u0142nieniu kwestionariusza na stronie WMZPN<br \/>\n<a href=\"http:\/\/wmzpn.pl\/?page_id=10176\" target=\"_blank\" rel=\"noopener\">(przejd\u017a do kwestionariusza)<\/a>.<\/p>\n<p>Po zarejestrowaniu si\u0119, na podanego maila otrzymaj\u0105 Pa\u0144stwo szczeg\u00f3\u0142owe informacje i dokumenty potrzebne do z\u0142o\u017cenia wniosku.<\/p>\n<p>W razie pyta\u0144 prosimy o kontakt z Koordynatorem O\u015brodka:<br \/>\nKarol Przyby\u0142a, tel. 500-167-363, e-mail: karol.przybyla@wmzpn.pl<\/p>\n<p><center><\/center>&#8212;&#8211;<\/p>\n<p><img loading=\"lazy\" decoding=\"async\" class=\"wp-image-4927 aligncenter\" src=\"http:\/\/wmzpn.pl\/wp-content\/uploads\/2018\/02\/warmia_mazury-logo-rgb.jpg\" alt=\"\" width=\"248\" height=\"248\" srcset=\"https:\/\/wmzpn.pl\/wp-content\/uploads\/2018\/02\/warmia_mazury-logo-rgb.jpg 1697w, https:\/\/wmzpn.pl\/wp-content\/uploads\/2018\/02\/warmia_mazury-logo-rgb-150x150.jpg 150w, https:\/\/wmzpn.pl\/wp-content\/uploads\/2018\/02\/warmia_mazury-logo-rgb-300x300.jpg 300w, https:\/\/wmzpn.pl\/wp-content\/uploads\/2018\/02\/warmia_mazury-logo-rgb-768x768.jpg 768w, https:\/\/wmzpn.pl\/wp-content\/uploads\/2018\/02\/warmia_mazury-logo-rgb-1024x1024.jpg 1024w, https:\/\/wmzpn.pl\/wp-content\/uploads\/2018\/02\/warmia_mazury-logo-rgb-696x696.jpg 696w, https:\/\/wmzpn.pl\/wp-content\/uploads\/2018\/02\/warmia_mazury-logo-rgb-1068x1069.jpg 1068w, https:\/\/wmzpn.pl\/wp-content\/uploads\/2018\/02\/warmia_mazury-logo-rgb-420x420.jpg 420w\" sizes=\"auto, (max-width: 248px) 100vw, 248px\" \/><\/p>\n<p style=\"text-align: center;\">O\u015brodek jest wsp\u00f3\u0142finansowany ze \u015brodk\u00f3w samorz\u0105du wojew\u00f3dztwa warmi\u0144sko-mazurskiego w ramach realizacji przez WMZPN zadania publicznego pn. &#8220;Wojew\u00f3dzki O\u015brodek Szkolenia Sportowego M\u0142odzie\u017cy w Pi\u0142ce No\u017cnej&#8221;.<\/p>\n<p>&nbsp;<\/p>\n","protected":false},"excerpt":{"rendered":"<p>Od wrze\u015bnia 2018 roku dzi\u0119ki wsp\u00f3\u0142pracy Urz\u0119du Miasta w Elbl\u0105gu, Warmi\u0144sko-Mazurskiego Zwi\u0105zku Pi\u0142ki No\u017cnej i ZKS Olimpia Elbl\u0105g rozpoczyna swoj\u0105 dzia\u0142alno\u015b\u0107<\/p>\n","protected":false},"author":3,"featured_media":603,"comment_status":"open","ping_status":"open","sticky":false,"template":"","format":"standard","meta":{"footnotes":""},"categories":[26],"tags":[],"class_list":["post-835","post","type-post","status-publish","format-standard","has-post-thumbnail","hentry","category-zwiazek-news"],"_links":{"self":[{"href":"https:\/\/wmzpn.pl\/index.php?rest_route=\/wp\/v2\/posts\/835","targetHints":{"allow":["GET"]}}],"collection":[{"href":"https:\/\/wmzpn.pl\/index.php?rest_route=\/wp\/v2\/posts"}],"about":[{"href":"https:\/\/wmzpn.pl\/index.php?rest_route=\/wp\/v2\/types\/post"}],"author":[{"embeddable":true,"href":"https:\/\/wmzpn.pl\/index.php?rest_route=\/wp\/v2\/users\/3"}],"replies":[{"embeddable":true,"href":"https:\/\/wmzpn.pl\/index.php?rest_route=%2Fwp%2Fv2%2Fcomments&post=835"}],"version-history":[{"count":3,"href":"https:\/\/wmzpn.pl\/index.php?rest_route=\/wp\/v2\/posts\/835\/revisions"}],"predecessor-version":[{"id":4931,"href":"https:\/\/wmzpn.pl\/index.php?rest_route=\/wp\/v2\/posts\/835\/revisions\/4931"}],"wp:featuredmedia":[{"embeddable":true,"href":"https:\/\/wmzpn.pl\/index.php?rest_route=\/wp\/v2\/media\/603"}],"wp:attachment":[{"href":"https:\/\/wmzpn.pl\/index.php?rest_route=%2Fwp%2Fv2%2Fmedia&parent=835"}],"wp:term":[{"taxonomy":"category","embeddable":true,"href":"https:\/\/wmzpn.pl\/index.php?rest_route=%2Fwp%2Fv2%2Fcategories&post=835"},{"taxonomy":"post_tag","embeddable":true,"href":"https:\/\/wmzpn.pl\/index.php?rest_route=%2Fwp%2Fv2%2Ftags&post=835"}],"curies":[{"name":"wp","href":"https:\/\/api.w.org\/{rel}","templated":true}]}}