{"id":7987,"date":"2019-09-15T06:25:30","date_gmt":"2019-09-15T06:25:30","guid":{"rendered":"http:\/\/wmzpn.pl\/?p=7987"},"modified":"2019-09-15T07:44:42","modified_gmt":"2019-09-15T07:44:42","slug":"analiza-transferow-z-naszego-wojewodztwa-do-klubow-z-innych-wojewodztw-rocznik-2002","status":"publish","type":"post","link":"https:\/\/wmzpn.pl\/?p=7987","title":{"rendered":"Analiza transfer\u00f3w do klub\u00f3w z innych wojew\u00f3dztw (rocznik 2002)"},"content":{"rendered":"<p>Jeste\u015bmy wojew\u00f3dztwem, w kt\u00f3rym nie ma klub\u00f3w Ekstraklasy, a w I i II lidze mamy tylko dw\u00f3ch przedstawicieli: Stomil Olsztyn i Olimpi\u0119 Elbl\u0105g. Nasze kluby staraj\u0105 si\u0119 coraz lepiej szkoli\u0107 m\u0142odzie\u017c i wprowadza\u0107 j\u0105 do pi\u0142ki seniorskiej. Naturalne jest jednak, \u017ce w karierze m\u0142odych zawodnik\u00f3w przychodzi taki moment, \u017ce decyduj\u0105 si\u0119 na opuszczenie naszego wojew\u00f3dztwa i pr\u00f3buj\u0105 rozwija\u0107 si\u0119 w klubach z wi\u0119kszych o\u015brodk\u00f3w.<\/p>\n<p>Chc\u0105c bli\u017cej pozna\u0107 losy zawodnik\u00f3w, kt\u00f3rzy opu\u015bcili nasze wojew\u00f3dztwo dokonali\u015bmy analizy transfer\u00f3w z naszego wojew\u00f3dztwa do klub\u00f3w z innych wojew\u00f3dztw na przestrzeni ostatnich 9 sezon\u00f3w, tj. od sezonu 2010\/11 do sezonu 2018\/19. Transfery w danym sezonie to transfery dokonane od 1 lipca do 30 czerwca roku nast\u0119pnego. W szczeg\u00f3lno\u015bci skupili\u015bmy si\u0119 na zawodnikach m\u0142odych.<\/p>\n<p>Wyniki naszej analizy prezentujemy w rozbiciu na poszczeg\u00f3lne roczniki. W poprzednich artyku\u0142ach zamie\u015bcili\u015bmy wst\u0119p i og\u00f3ln\u0105 statystyk\u0119 dla wszystkich rocznik\u00f3w oraz szczeg\u00f3\u0142ow\u0105 analiz\u0119 rocznik\u00f3w 1998-2001:<br \/>\n&#8211; wst\u0119p i og\u00f3lna statystyka dla wszystkich rocznik\u00f3w oraz szczeg\u00f3\u0142owa analiza 1998 rocznika <a href=\"http:\/\/wmzpn.pl\/?p=7279\" target=\"_blank\" rel=\"noopener\">-&gt; zobacz<\/a><br \/>\n&#8211; szczeg\u00f3\u0142ow\u0105 analiz\u0119 1999 rocznika <a href=\"http:\/\/wmzpn.pl\/?p=7541\" target=\"_blank\" rel=\"noopener\">-&gt; zobacz<\/a><br \/>\n&#8211; szczeg\u00f3\u0142ow\u0105 analiz\u0119 2000 rocznika <a href=\"http:\/\/wmzpn.pl\/?p=7612\" target=\"_blank\" rel=\"noopener\">-&gt; zobacz<\/a><br \/>\n&#8211; szczeg\u00f3\u0142ow\u0105 analiz\u0119 2001 rocznika <a href=\"http:\/\/wmzpn.pl\/?p=7749\" target=\"_blank\" rel=\"noopener\">-&gt; zobacz<\/a><\/p>\n<p>Poni\u017cej prezentujemy histori\u0119 wi\u0119kszo\u015bci zawodnik\u00f3w z rocznika 2002, kt\u00f3rzy zaczynali przygod\u0119 z pi\u0142k\u0105 w klubach z naszego wojew\u00f3dztwa, a nast\u0119pnie byli transferowani poza wojew\u00f3dztwo. W najbli\u017cszych dniach w tej samej formie b\u0119dziemy publikowali histori\u0119 zawodnik\u00f3w z m\u0142odszych rocznik\u00f3w.<\/p>\n<p>Je\u017celi, kt\u00f3rego\u015b z zawodnik\u00f3w omin\u0119li\u015bmy lub do opisu historii wkrad\u0142 si\u0119 inny b\u0142\u0105d, prosimy o kontakt mailowy na adres: mariusz.bojarowski@wmzpn.pl.<\/p>\n<p>Zawodnicy z rocznika 2002, to zawodnicy, kt\u00f3rzy w ubieg\u0142ym sezonie (2018\/19) mogli wyst\u0119powa\u0107 w rozgrywkach juniora m\u0142odszego, juniora lub w rozgrywkach seniorskich. W sumie, przez ostatnie lata, z tego rocznika poza nasze wojew\u00f3dztwo zosta\u0142o transferowanych 46 zawodnik\u00f3w, w wi\u0119kszo\u015bci to wychowankowie naszych klub\u00f3w.<\/p>\n<p>Poni\u017cej przedstawiamy histori\u0119 38 z nich \u2013 wychowank\u00f3w naszych klub\u00f3w. W ubieg\u0142ym sezonie jeden z nich zagra\u0142 w Ekstraklasie, dw\u00f3ch gra\u0142o w  w III lidze, jeden w Centralnej Lidze Junior\u00f3w U-18, czterech w IV lidze i jedenastu w Centralnej Lidze Junior\u00f3w U-17. W klasie okr\u0119gowej dw\u00f3ch. W Lidze Wojew\u00f3dzkiej Junior\u00f3w pi\u0119ciu, w Lidze Wojew\u00f3dzkiej Junior\u00f3w M\u0142odszych pi\u0119ciu. W A klasie jeden. Przynajmniej trzech zawodnik\u00f3w zako\u0144czy\u0142o ju\u017c granie i nie wyst\u0105pi\u0142o w \u017cadnym meczu sezonu 2018\/19. Do tego mamy 3 kobiety z 2002 rocznika. W minionym sezonie jedna z nich gra\u0142a w Ekstralidze kobiet, jedna w II lidze kobiet, a jedna zako\u0144czy\u0142a granie i nie wyst\u0105pi\u0142a w \u017cadnym meczu sezonu 2018\/19.<\/p>\n<hr \/>\n<p><strong>ZAWODNICY, KT\u00d3RZY W SEZONIE 2018\/19 ZAGRALI W EKSTRAKLASIE<\/strong><\/p>\n<p>Dymerski Filip(ur. 2002, pierwszy klub UKS Naki Olsztyn)<br \/>\nW lipcu 2017 r. zamieni\u0142 Olsztyn na Gda\u0144sk, trafiaj\u0105c do Lechii. W sezonie 2018\/2019 zagra\u0142 w jednym meczu Lotto Ekstraklasy, osiemnastu w IV lidze, dziesi\u0119ciu w CLJ U-17 oraz trzech regionalnego Pucharu Polski.<\/p>\n<hr \/>\n<p><strong>ZAWODNICY, KT\u00d3RZY W SEZONIE 2018\/19 ZAGRALI W III LIDZE<\/strong><\/p>\n<p>Sztacha\u0144ski Mi\u0142osz\u00a0(ur. 2002, pierwszy klub MKS Orzysz)<br \/>\nLatem 2016 r. wypo\u017cyczony zosta\u0142 do G\u00f3rnika \u0141\u0119czna na sezon. Po jego zako\u0144czeniu przeni\u00f3s\u0142 si\u0119 do UKS Rona 03 E\u0142k, w kt\u00f3rym sp\u0119dzi\u0142 dwie rundy, po czym odszed\u0142 do KS-u \u015aniardwy Orzysz. W lutym 2019 r. przeni\u00f3s\u0142 si\u0119 do MLKS-u Znicz Bia\u0142a Piska. W minionym sezonie dla \u015aniardw rozegra\u0142 17 spotka\u0144 w Klasie Okr\u0119gowej oraz 4 w Wojew\u00f3dzkim Pucharze Polski, za\u015b dla Znicza 5 w III lidze, 2 w I lidze wojew\u00f3dzkiej Juniora oraz 2 w Wojew\u00f3dzkim Pucharze Polski.<\/p>\n<p>Wasiak Dominik\u00a0(ur. 2002, pierwszy klub KKP Stomil Olsztyn)<br \/>\nZ KKP przeni\u00f3s\u0142 si\u0119 do Stomilu Olsztyn latem 2015 r. Dwa lata p\u00f3\u017aniej zosta\u0142 zawodnikiem Jagiellonii Bia\u0142ystok, jednak po roku wr\u00f3ci\u0142 do Stomilu. Wiosn\u0105 tego roku zosta\u0142 wytransferowany do OKS-u Sok\u00f3\u0142 Ostr\u00f3da. W sezonie 2018\/2019 zagra\u0142 dla Stomilu \u0142\u0105cznie w 16 meczach (3 w WPP w rezerwach Stomilu, 1 w Pucharze Polski, 9 w Ekstraklasie Juniora M\u0142odszego, 3 w I lidze wojew\u00f3dzkiej Juniora), natomiast dla Soko\u0142a wyst\u0105pi\u0142 w 14 meczach III ligi i 1 B Klasy w rezerwach ostr\u00f3dzkiego klubu.<\/p>\n<hr \/>\n<p><strong>ZAWODNICY, KT\u00d3RZY W SEZONIE 2018\/19 ZAGRALI W CENTRALNEJ LIDZE JUNIOR\u00d3W U-18<\/strong><\/p>\n<p>Szramowski \u0141ukasz (ur. 2002, pierwszy klub KS Huragan Mor\u0105g)<br \/>\nZawodnik we wrze\u015bniu 2015 zosta\u0142 zawodnikiem Lecha Pozna\u0144. W zako\u0144czonym sezonie wyst\u0105pi\u0142 w 5 spotkaniach rozgrywek CLJ U-17, a tak\u017ce w 13 CLJ U-18.<\/p>\n<hr \/>\n<p><strong>ZAWODNICY, KT\u00d3RZY W SEZONIE 2018\/19 ZAGRALI W IV LIDZE<\/strong><\/p>\n<p>Kapu\u015bci\u0144ski Jakub (ur. 2002, pierwszy klub UKS Naki Olsztyn)<br \/>\nPo kilku latach gry w zespo\u0142ach m\u0142odzie\u017cowych olszty\u0144skiego Naki, latem 2017 roku trafi\u0142 na roczne wypo\u017cyczenie do Lechii Gda\u0144sk. Po zako\u0144czonym okresie wypo\u017cyczenia, zosta\u0142 na sta\u0142e zawodnikiem pomorskiego klubu. W sezonie 2018\/2019 zagra\u0142 w 13 meczach IV ligi rezerw Lechii, 11 meczach Ligi Makroregionalnej U-19, 14 spotkaniach w ramach rozgrywek CLJ U-17, 1 spotkaniu regionalnego Pucharu Polski i 2 meczach w I lidze wojew\u00f3dzkiej Juniora.<\/p>\n<p>Sachajczuk Gabriel (ur. 2002, pierwszy klub PKS Reda Szczytno)<br \/>\nW lutym 2018 r. wypo\u017cyczono go do MOSP Bia\u0142ystok. Sp\u0119dzi\u0142 tam p\u00f3\u0142tora roku. W zako\u0144czonym sezonie rozegra\u0142 14 mecz\u00f3w w CLJ U-17, 13 w I lidze wojew\u00f3dzkiej Juniora M\u0142odszego oraz 1 w IV lidze.<\/p>\n<p>Sendlewski Kacper (ur. 2002, pierwszy klub MLKS Szynaka Motor Lubawa)<br \/>\nNa rund\u0119 wiosenn\u0105 minionego sezonu wypo\u017cyczony zosta\u0142 do MKS-u Polonia Warszawa, gdzie wyst\u0105pi\u0142 w 14 meczach CLJ U-17 i 1 w Ekstralidze Juniora. Ponadto w barwach Motoru w rundzie jesiennej sezonu 2018\/2019 zagra\u0142 w 8 spotkaniach forBET IV ligi, 2 Wojew\u00f3dzkiego Pucharu Polski i 10 I ligi wojew\u00f3dzkiej Juniora M\u0142odszego.<\/p>\n<p>Zakrzewski Wiktor (ur. 2002, pierwszy klub Jeziorak I\u0142awa)<br \/>\nZ I\u0142awy we wrze\u015bniu 2015 r. przeni\u00f3s\u0142 si\u0119 do GKS-u Wikielec, z kt\u00f3rego po dw\u00f3ch latach wr\u00f3ci\u0142 do Jezioraka. W marcu tego roku na rund\u0119 wiosenn\u0105 sezonu 2018\/2019 wypo\u017cyczono go do MKS-u Znicz Pruszk\u00f3w. W ubieg\u0142ym sezonie w zespole Jezioraka zagra\u0142 w trzech meczach forBET IV ligi i trzynastu Ekstraklasy Juniora M\u0142odszego, a w Zniczu rozegra\u0142 pi\u0119\u0107 spotka\u0144 w Ekstralidze Juniora M\u0142odszego, jeden w Ekstralidze Juniora (Znicz II) oraz w I lidze wojew\u00f3dzkiej Juniora M\u0142odszego (Znicz II).<\/p>\n<hr \/>\n<p><strong>ZAWODNICY, KT\u00d3RZY W SEZONIE 2018\/19 ZAGRALI W CENTRALNEJ LIDZE JUNIOR\u00d3W U-17<\/strong><\/p>\n<p>Cegielski Nikodem (ur. 2002, pierwszy klub MKS Szczytno)<br \/>\nW 2013 r. odszed\u0142 do PKS Reda Szczytno. Nast\u0119pnie w sierpniu zesz\u0142ego roku zosta\u0142 wypo\u017cyczony do ko\u0144ca sezonu do MOSP Bia\u0142ystok. W sezonie 2018\/2019 zawodnik rozegra\u0142 13 spotka\u0144 w CLJ U-17 oraz 5 w I lidze wojew\u00f3dzkiej Juniora M\u0142odszego.<\/p>\n<p>Chmurzy\u0144ski Dawid (ur. 2002, pierwszy klub KS Huragan Mor\u0105g)<br \/>\nJego transfer poza granic\u0119 wojew\u00f3dztwa mia\u0142 miejsce we wrze\u015bniu 2017 r., a klubem pozyskuj\u0105cym by\u0142a Arka Gdynia. W zako\u0144czonym sezonie zagra\u0142 w 27 meczach Centralnej Ligi Junior\u00f3w U-17.<\/p>\n<p>Dzida Kacper (ur. 2002, pierwszy klub KKP Stomil Olsztyn)<br \/>\nLatem 2015 roku przeni\u00f3s\u0142 si\u0119 do Stomilu Olsztyn, a trzy lata p\u00f3\u017aniej trafi\u0142 do klubu Escola Varsovia. W minionym sezonie w CLJ U-17 wyst\u0105pi\u0142 w 22 meczach warszawskiego zespo\u0142u.<\/p>\n<p>Murawski Piotr(ur. 2002, pierwszy klub UKS 03 Rona E\u0142k)<br \/>\nNa sezon 2018\/2019 trafi\u0142 do Jagiellonii Bia\u0142ystok na zasadzie rocznego wypo\u017cyczenia. Wyst\u0105pi\u0142 w 16 meczach bia\u0142ostockiego zespo\u0142u graj\u0105cego w rozgrywkach CLJ U-17, a tak\u017ce w 5 meczach I ligi wojew\u00f3dzkiej Juniora M\u0142odszego.<\/p>\n<p>Pohlid Mateusz\u00a0(ur. 2002, pierwszy klub KS Unia Susz)<br \/>\nOdszed\u0142 do Pogoni Prabuty (woj. pomorskie) we wrze\u015bniu 2015 roku. Wiosn\u0105 2017 r. zosta\u0142 wypo\u017cyczony na jedn\u0105 rund\u0119 do Unii. W sierpniu zesz\u0142ego roku trafi\u0142 do ZKS Olimpia Elbl\u0105g. W ubieg\u0142ym sezonie wyst\u0105pi\u0142 w 16 meczach CLJ U-17 (w tym 2 bara\u017cowe) oraz 10 w Ekstraklasie Juniora M\u0142odszego.<\/p>\n<p>Siwko Mateusz\u00a0(ur. 2002, pierwszy klub KS Olimpia Elbl\u0105g)<br \/>\nWypo\u017cyczono go do Escoli Varsovia na sezony 2014\/2015 oraz 2015\/2016. Od tamtej pory ca\u0142y czas pozostaje zawodnikiem Olimpii. W ubieg\u0142ym sezonie zagra\u0142 w 16 meczach CLJ U-17 (w tym w 2 bara\u017cowych) i w 15 meczach Ekstraklasy Juniora M\u0142odszego (2 z nich w drugiej dru\u017cynie Olimpii).<\/p>\n<p>Szyma\u0144ski Filip (ur. 2002, pierwszy klub Don Bosco Ostr\u00f3da)<br \/>\nZosta\u0142 wypo\u017cyczony w sierpniu 2018 r. do Lechii Gda\u0144sk na okres jednego sezonu. W sezonie 2018\/2019 zagra\u0142 w 20 meczach CLJ U-17 i dw\u00f3ch w Lidze Makroregionalnej U-19.<\/p>\n<p>Ta\u0144ski Karol (ur. 2002, pierwszy klub PKS Reda Szczytno)<br \/>\nZosta\u0142 wypo\u017cyczony w sierpniu ubieg\u0142ego roku\u00a0przez MOSP Bia\u0142ystok. Rozegra\u0142 tam 14 mecz\u00f3w w CLJ U-17 i 14 w I lidze wojew\u00f3dzkiej Juniora M\u0142odszego.<\/p>\n<p>Waszkiewicz Oskar (ur. 2002, pierwszy klub UKS Rona 03 E\u0142k)<br \/>\nW sierpniu 2018 r. zosta\u0142 wypo\u017cyczony do Wigier Suwa\u0142ki na sezon, jednak\u017ce skr\u00f3cono jego wypo\u017cyczenie do lutego br. Nast\u0119pnie w lutym trafi\u0142 na sta\u0142e do Polonii Warszawa. Bilans jego wyst\u0119p\u00f3w jest nast\u0119puj\u0105cy: 13 spotka\u0144 w CLJ U-17, 1 mecz w Ekstralidze Juniora (Polonia Warszawa) oraz 6 mecz\u00f3w w juniorskiej dru\u017cynie Wigier.<\/p>\n<p>Zdrada Grzegorz (ur. 2002, pierwszy klub UKS Naki Olsztyn)<br \/>\nPo d\u0142ugim pobycie w Naki w zesz\u0142ym roku w sierpniu zmieni\u0142 przynale\u017cno\u015b\u0107 klubow\u0105, zostaj\u0105c zawodnikiem AKS SMS \u0141\u00f3d\u017a. Zagra\u0142 w 16 meczach CLJ U-17, 3 w I lidze wojew\u00f3dzkiej Juniora i 1 w A Klasie.<\/p>\n<p>\u017barejko Kacper (ur. 2002, pierwszy klub GKS Pisa Barczewo)<br \/>\nW wieku 10 lat zosta\u0142 zawodnikiem UKS BUKS Barczewo, sk\u0105d latem 2015 roku przeni\u00f3s\u0142 si\u0119 do KKS Warmia Olsztyn. Po dw\u00f3ch sezonach sp\u0119dzonych w Warmii zosta\u0142 zawodnikiem UKS Naki Olsztyn. Stamt\u0105d za\u015b na zasadzie wypo\u017cyczenia trafi\u0142 do Jagiellonii Bia\u0142ystok. W minionym sezonie dla dru\u017cyny z wojew\u00f3dztwa podlaskiego zagra\u0142 w 26 meczach CLJ U-17, a tak\u017ce w 1 spotkaniu I ligi wojew\u00f3dzkiej Juniora M\u0142odszego.<\/p>\n<hr \/>\n<p><strong>ZAWODNICY, KT\u00d3RZY W SEZONIE 2018\/19 ZAGRALI W KLASIE OKR\u0118GOWEJ<\/strong><\/p>\n<p>Kanclerz Jakub Piotr (ur. 2002, pierwszy klub MKS Polonia Lidzbark Warmi\u0144ski)<br \/>\nWe wrze\u015bniu 2015 r. uda\u0142 si\u0119 na p\u00f3\u0142roczne wypo\u017cyczenie do UKS Naki Olsztyn. W ostatnim sezonie by\u0142 zawodnikiem BTS Rekord Bielsko-Bia\u0142a, dla kt\u00f3rego zagra\u0142 w 25 meczach I ligi wojew\u00f3dzkiej Juniora M\u0142odszego, 7 I ligi wojew\u00f3dzkiej Juniora i po 3 mecze w II lidze wojew\u00f3dzkiej Juniora M\u0142odszego oraz Klasie Okr\u0119gowej senior\u00f3w.<\/p>\n<p>Lenart Krystian (ur. 2002, pierwszy klub SISIPZ Rychliki)<br \/>\nWiosn\u0105 2015 roku zosta\u0142 zawodnikiem DKS-u Powi\u015ble Dzierzgo\u0144. Obecnie nadal wyst\u0119puje w barwach tego klubu. W sezonie 2018\/2019 zagra\u0142 w jednym spotkaniu Klasy Okr\u0119gowej, w kt\u00f3rej wyst\u0119puj\u0105 rezerwy Powi\u015bla, w jednym meczu Pucharu Polski podokr\u0119gu malborskiego i dwunastu I ligi wojew\u00f3dzkiej Juniora.<\/p>\n<hr \/>\n<p><strong>ZAWODNICY, KT\u00d3RZY W SEZONIE 2018\/19 ZAGRALI W LIDZE WOJEW\u00d3DZKIEJ JUNIOR\u00d3W<\/strong><\/p>\n<p>Bu\u0107ko Mateusz\u00a0(ur. 2002, pierwszy klub KKS Granica K\u0119trzyn)<\/span><br \/>\nWe wrze\u015bniu ubieg\u0142ego roku zosta\u0142 wypo\u017cyczony do MOSP Bia\u0142ystok na rund\u0119 jesienn\u0105 sezonu 2018\/201. Po miesi\u0105cu wr\u00f3ci\u0142 do Granicy. Jesieni\u0105 2018 roku zagra\u0142 w Granicy w jednym meczu I Ligi Wojew\u00f3dzkiej Junior\u00f3w, a wiosn\u0105 2019 roku w 7 meczach I Ligi Wojew\u00f3dzkiej Junior\u00f3w M\u0142odszych.<\/p>\n<p>Gajewski Kacper\u00a0(ur. 2002, pierwszy klub UKS Rona 03 E\u0142k)<br \/>\nWe wrze\u015bniu 2016 r. zosta\u0142 wypo\u017cyczony na p\u00f3\u0142 sezonu do Jagiellonii Bia\u0142ystok. W sierpniu 2018 r. po raz kolejny wyl\u0105dowa\u0142 na wypo\u017cyczeniu, tym razem w MKS-ie Mazur E\u0142k na okres jednego sezonu. Zagra\u0142 w 17 meczach w I lidze wojew\u00f3dzkiej Juniora.<\/p>\n<p>Perkowski Jakub\u00a0(ur. 2002, pierwszy klub UKS Hetman Baranowo)<br \/>\nW sierpniu 2015 r. przeni\u00f3s\u0142 si\u0119 do SEMP Ursyn\u00f3w, natomiast nieco ponad 2 lata p\u00f3\u017aniej zosta\u0142 zawodnikiem UKS-u Rona 03 E\u0142k. W sezonie 2018\/2019 by\u0142 wypo\u017cyczany do dw\u00f3ch klub\u00f3w &#8211; na rund\u0119 jesienn\u0105 do MKS-u Mazur E\u0142k, a na rund\u0119 wiosenn\u0105 do MKS-u K\u0142obuk Miko\u0142ajki. W pierwszym z zespo\u0142\u00f3w zagra\u0142 w 8 meczach I ligi wojew\u00f3dzkiej Juniora, za\u015b w drugim z nich w 10 meczach A Klasy oraz 2 bara\u017cowych o Klas\u0119 Okr\u0119gow\u0105.<\/p>\n<p>Ruszczyk Kacper (ur. 2002, pierwszy klub MLKS Znicz Bia\u0142a Piska)<br \/>\nRund\u0119 jesienn\u0105 sezonu 2018\/2019 sp\u0119dzi\u0142 na wypo\u017cyczeniu w \u0141KS 1926 \u0141om\u017ca. W sezonie 2018\/2019 w zespole z \u0141om\u017cy wyst\u0105pi\u0142 w siedmiu meczach I ligi wojew\u00f3dzkiej Juniora M\u0142odszego, za\u015b w Zniczu w siedmiu meczach I ligi wojew\u00f3dzkiej Juniora oraz w 5 II ligi wojew\u00f3dzkiej Juniora M\u0142odszego.<\/p>\n<p>Sadowski Mi\u0142osz (ur. 2002, pierwszy klub UKS Legia-Bart Bartoszyce)<br \/>\nLegi\u0119-Bart opu\u015bci\u0142 na rzecz MKS-u Polonii Lidzbark Warmi\u0144ski w sierpniu 2016 r. Rok p\u00f3\u017aniej przeszed\u0142 do AKS SMS \u0141\u00f3d\u017a. 17-latek zako\u0144czy\u0142 sezon 17 wyst\u0119pami w I lidze wojew\u00f3dzkiej Juniora oraz 1 spotkaniem w ramach A Klasowych rozgrywek.<\/p>\n<hr \/>\n<p><strong>ZAWODNICY, KT\u00d3RZY W SEZONIE 2018\/19 ZAGRALI W LIDZE WOJEW\u00d3DZKIEJ JUNIOR\u00d3W M\u0141ODSZYCH<\/strong><\/p>\n<p>G\u00f3rniak Jakub\u00a0(ur. 2002, pierwszy klub CWKS V\u0119goria W\u0119gorzewo)<br \/>\nJesieni\u0105 2014 r. przeszed\u0142 do AP W\u0119gorzewo, sk\u0105d odszed\u0142 niemal\u017ce rok p\u00f3\u017aniej do KKS-u Warmia Olsztyn. Wr\u00f3ci\u0142 do W\u0119gorzewa w lipcu 2018 r., by miesi\u0105c p\u00f3\u017aniej zosta\u0107 wypo\u017cyczonym do Stomilu Olsztyn. Po p\u00f3\u0142rocznym pobycie w Olsztynie, zosta\u0142 zawodnikiem TKP Elana Toru\u0144, b\u0119d\u0105c tam wypo\u017cyczonym i rozgrywaj\u0105c rund\u0119 wiosenn\u0105 sezonu 2018\/2019. W minionym sezonie zagra\u0142 7 mecz\u00f3w w Ekstraklasie Juniora M\u0142odszego w barwach Stomilu oraz 8 w I lidze wojew\u00f3dzkiej Juniora M\u0142odszego w koszulce Elany.<\/p>\n<p>Jastrz\u0119bowski Cezary (ur. 2002, pierwszy klub MKS Start Nidzica)<br \/>\nW marcu tego roku zosta\u0142 wypo\u017cyczony na rund\u0119 wiosenn\u0105 sezonu 2018\/2019 do MKS-u M\u0142awianka M\u0142awa. W zako\u0144czonym sezonie zagra\u0142 w 10 meczach I ligi wojew\u00f3dzkiej Juniora M\u0142odszego w Starcie, natomiast w M\u0142awiance w 9 I ligi wojew\u00f3dzkiej Juniora M\u0142odszego.<\/p>\n<p>Kurcewicz Rafa\u0142 (ur. 2002, pierwszy klub GKS Mamry Gi\u017cycko)<br \/>\nOd 2014 r. zwi\u0105zany z gi\u017cyckim klubem. Jedynie w sezonie 2018\/2019 by\u0142 wypo\u017cyczony do Wigier Suwa\u0142ki, w kt\u00f3rych zagra\u0142 w 9 meczach I ligi wojew\u00f3dzkiej Juniora M\u0142odszego.<\/p>\n<p>Roszkowski Dawid (ur. 2002, pierwszy klub MKS Jeziorany)<br \/>\nZmieni\u0142 przynale\u017cno\u015b\u0107 klubow\u0105 przed startem sezonu 2018\/2019 trafiaj\u0105c do KKS Gedanii Gda\u0144sk. Wyst\u0105pi\u0142 w 3 meczach I ligi wojew\u00f3dzkiej Juniora M\u0142odszego oraz w 11 Juniora M\u0142odszego w okr\u0119gu Gda\u0144skim.<\/p>\n<p>Straus Brajan (ur. 2002, pierwszy klub KS Drw\u0119ca Nowe Miasto Lubawskie)<br \/>\nPo kilku latach gry dla m\u0142odzie\u017cowych ekip Drw\u0119cy, przeni\u00f3s\u0142 si\u0119 do KKS-u Warmia Olsztyn. Latem zesz\u0142ego roku wypo\u017cyczony zosta\u0142 do Wis\u0142y P\u0142ock. Rozegra\u0142 tam w sumie 14 mecz\u00f3w w Ekstralidze Juniora M\u0142odszego.<\/p>\n<hr \/>\n<p><strong>ZAWODNICY, KT\u00d3RZY W SEZONIE 2018\/19 ZAGRALI W A KLASIE<\/strong><\/p>\n<p>Zaremba Dominik\u00a0(ur. 2002, pierwszy klub GKS Polonia I\u0142owo)<br \/>\nBy\u0142 wypo\u017cyczony do MKS-u M\u0142awianka M\u0142awa w marcu 2017 r. na rund\u0119 wiosenn\u0105, po kt\u00f3rej wr\u00f3ci\u0142 do Polonii. W minionym sezonie wyst\u0105pi\u0142 w 22 meczach A Klasy oraz w 1 Wojew\u00f3dzkiego Pucharu Polski.<\/p>\n<hr \/>\n<p><strong>ZAWODNICZKI, KT\u00d3RE GRA\u0141Y W SEZONIE 2018\/19<\/strong><\/p>\n<p>Shahbazyan Anaida (ur. 2002, pierwszy klub UPKS Poncio 2010 Lidzbark)<br \/>\nKlub z Lidzbarka opu\u015bci\u0142a w maju 2015 r. zostaj\u0105c now\u0105 zawodniczk\u0105 OKS-u Stomil Olsztyn. Stamt\u0105d w lipcu 2018 roku przenios\u0142a si\u0119 do MKS-u Olimpia Szczecin, gdzie Ekstralidze Kobiet rozegra\u0142a 26 spotka\u0144, a dodatkowo 1 w Pucharze Polski Kobiet i 1 w Drugiej Lidze Kobiet.<\/p>\n<p>Komosi\u0144ska Urszula\u00a0(ur. 2002, pierwszy klub OKS Stomil Olsztyn)<br \/>\nW lutym zesz\u0142ego roku zosta\u0142a zawodniczk\u0105 Sztormu Gda\u0144sk, lecz po p\u00f3\u0142rocznym pobycie wr\u00f3ci\u0142a do olszty\u0144skiego zespo\u0142u. W poprzednim sezonie zagra\u0142a w 18 meczach Drugiej Ligi Kobiet oraz w 2 Trzeciej Ligi Kobiet w drugim zespole.<\/p>\n<hr \/>\n<p><strong>ZAWODNICZKI, KT\u00d3RE JU\u017b NIE GRAJ\u0104<\/strong><\/p>\n<p>Gurzy\u0144ska Magdalena\u00a0(ur. 2002, pierwszy klub LZS Radomniak Radomno)<br \/>\nOdesz\u0142a do KS Unifreeze G\u00f3rzno (woj. kujawsko-pomorskie) w pa\u017adzierniku 2015 r. Ostatni oficjalny mecz rozegra\u0142a w czerwcu 2017 r. w Trzeciej Lidze Kobiet.<\/p>\n<hr \/>\n<p><strong>ZAWODNICY, KT\u00d3RZY JU\u017b NIE GRAJ\u0104<\/strong><\/p>\n<p>Gigielewicz Piotr (ur. 2002, pierwszy klub LKS \u0141yna S\u0119popol)<br \/>\nOdszed\u0142 do GKS-u \u015awit Warszawa wiosn\u0105 2018 r., jednak ostatni oficjalny mecz zagra\u0142 we wrze\u015bniu 2015 r.<\/p>\n<p>\u015aniadach Bartosz Krzysztof\u00a0(ur. 2002, pierwszy klub UKS Hetman Baranowo)<br \/>\nW sierpniu 2015 r. przeszed\u0142 do SEMP Ursyn\u00f3w, a we wrze\u015bniu 2017 r. zosta\u0142 zawodnikiem UKS Rona 03 E\u0142k. Ostatnie oficjalne spotkanie zagra\u0142 w II lidze wojew\u00f3dzkiej Juniora M\u0142odszego w czerwcu 2018 r.<\/p>\n<p>Celi\u0144ski Micha\u0142\u00a0(ur. 2002, pierwszy klub BKS T\u0119cza Biskupiec)<\/span><br \/>\nPrzeszed\u0142 do SKS-u Pomorzanka Sejny (woj. podlaskie) we wrze\u015bniu 2015 roku. Od tego momentu nie by\u0142 nigdzie uprawniony.<\/p>\n<p>Na zdj\u0119ciu Filip Dymerski \/ fot. lechia.pl<\/p>\n","protected":false},"excerpt":{"rendered":"<p>Jeste\u015bmy wojew\u00f3dztwem, w kt\u00f3rym nie ma klub\u00f3w Ekstraklasy, a w I i II lidze mamy tylko dw\u00f3ch przedstawicieli: Stomil Olsztyn i Olimpi\u0119 Elbl\u0105g. Nasze kluby staraj\u0105 si\u0119 coraz lepiej szkoli\u0107 m\u0142odzie\u017c i wprowadza\u0107 j\u0105 do pi\u0142ki seniorskiej. Naturalne jest jednak, \u017ce w karierze m\u0142odych zawodnik\u00f3w przychodzi taki moment, \u017ce decyduj\u0105 si\u0119 na opuszczenie naszego wojew\u00f3dztwa [&hellip;]<\/p>\n","protected":false},"author":7,"featured_media":7995,"comment_status":"open","ping_status":"open","sticky":false,"template":"","format":"standard","meta":{"footnotes":""},"categories":[13],"tags":[],"class_list":["post-7987","post","type-post","status-publish","format-standard","has-post-thumbnail","hentry","category-rozgrywki"],"_links":{"self":[{"href":"https:\/\/wmzpn.pl\/index.php?rest_route=\/wp\/v2\/posts\/7987","targetHints":{"allow":["GET"]}}],"collection":[{"href":"https:\/\/wmzpn.pl\/index.php?rest_route=\/wp\/v2\/posts"}],"about":[{"href":"https:\/\/wmzpn.pl\/index.php?rest_route=\/wp\/v2\/types\/post"}],"author":[{"embeddable":true,"href":"https:\/\/wmzpn.pl\/index.php?rest_route=\/wp\/v2\/users\/7"}],"replies":[{"embeddable":true,"href":"https:\/\/wmzpn.pl\/index.php?rest_route=%2Fwp%2Fv2%2Fcomments&post=7987"}],"version-history":[{"count":3,"href":"https:\/\/wmzpn.pl\/index.php?rest_route=\/wp\/v2\/posts\/7987\/revisions"}],"predecessor-version":[{"id":8006,"href":"https:\/\/wmzpn.pl\/index.php?rest_route=\/wp\/v2\/posts\/7987\/revisions\/8006"}],"wp:featuredmedia":[{"embeddable":true,"href":"https:\/\/wmzpn.pl\/index.php?rest_route=\/wp\/v2\/media\/7995"}],"wp:attachment":[{"href":"https:\/\/wmzpn.pl\/index.php?rest_route=%2Fwp%2Fv2%2Fmedia&parent=7987"}],"wp:term":[{"taxonomy":"category","embeddable":true,"href":"https:\/\/wmzpn.pl\/index.php?rest_route=%2Fwp%2Fv2%2Fcategories&post=7987"},{"taxonomy":"post_tag","embeddable":true,"href":"https:\/\/wmzpn.pl\/index.php?rest_route=%2Fwp%2Fv2%2Ftags&post=7987"}],"curies":[{"name":"wp","href":"https:\/\/api.w.org\/{rel}","templated":true}]}}