{"id":7749,"date":"2019-09-07T06:53:22","date_gmt":"2019-09-07T06:53:22","guid":{"rendered":"http:\/\/wmzpn.pl\/?p=7749"},"modified":"2019-09-15T06:26:32","modified_gmt":"2019-09-15T06:26:32","slug":"analiza-transferow-z-naszego-wojewodztwa-do-klubow-z-innych-wojewodztw-rocznik-2001","status":"publish","type":"post","link":"https:\/\/wmzpn.pl\/?p=7749","title":{"rendered":"Analiza transfer\u00f3w do klub\u00f3w z innych wojew\u00f3dztw (rocznik 2001)"},"content":{"rendered":"<p>Jeste\u015bmy wojew\u00f3dztwem, w kt\u00f3rym nie ma klub\u00f3w Ekstraklasy, a w I i II lidze mamy tylko dw\u00f3ch przedstawicieli: Stomil Olsztyn i Olimpi\u0119 Elbl\u0105g. Nasze kluby staraj\u0105 si\u0119 coraz lepiej szkoli\u0107 m\u0142odzie\u017c i wprowadza\u0107 j\u0105 do pi\u0142ki seniorskiej. Naturalne jest jednak, \u017ce w karierze m\u0142odych zawodnik\u00f3w przychodzi taki moment, \u017ce decyduj\u0105 si\u0119 na opuszczenie naszego wojew\u00f3dztwa i pr\u00f3buj\u0105 rozwija\u0107 si\u0119 w klubach z wi\u0119kszych o\u015brodk\u00f3w.<\/p>\n<p>Chc\u0105c bli\u017cej pozna\u0107 losy zawodnik\u00f3w, kt\u00f3rzy opu\u015bcili nasze wojew\u00f3dztwo dokonali\u015bmy analizy transfer\u00f3w z naszego wojew\u00f3dztwa do klub\u00f3w z innych wojew\u00f3dztw na przestrzeni ostatnich 9 sezon\u00f3w, tj. od sezonu 2010\/11 do sezonu 2018\/19. Transfery w danym sezonie to transfery dokonane od 1 lipca do 30 czerwca roku nast\u0119pnego. W szczeg\u00f3lno\u015bci skupili\u015bmy si\u0119 na zawodnikach m\u0142odych.<\/p>\n<p>Wyniki naszej analizy prezentujemy w rozbiciu na poszczeg\u00f3lne roczniki. W poprzednich artyku\u0142ach zamie\u015bcili\u015bmy wst\u0119p i og\u00f3ln\u0105 statystyk\u0119 dla wszystkich rocznik\u00f3w oraz szczeg\u00f3\u0142ow\u0105 analiz\u0119 rocznik\u00f3w 1998-2000:<br \/>\n&#8211; wst\u0119p i og\u00f3lna statystyka dla wszystkich rocznik\u00f3w oraz szczeg\u00f3\u0142owa analiza 1998 rocznika <a href=\"http:\/\/wmzpn.pl\/?p=7279\" target=\"_blank\" rel=\"noopener\">-&gt; zobacz<\/a><br \/>\n&#8211; szczeg\u00f3\u0142ow\u0105 analiz\u0119 1999 rocznika <a href=\"http:\/\/wmzpn.pl\/?p=7541\" target=\"_blank\" rel=\"noopener\">-&gt; zobacz<\/a><br \/>\n&#8211; szczeg\u00f3\u0142ow\u0105 analiz\u0119 2000 rocznika <a href=\"http:\/\/wmzpn.pl\/?p=7612\" target=\"_blank\" rel=\"noopener\">-&gt; zobacz<\/a><\/p>\n<p>Poni\u017cej prezentujemy histori\u0119 wi\u0119kszo\u015bci zawodnik\u00f3w z rocznika 2001, kt\u00f3rzy zaczynali przygod\u0119 z pi\u0142k\u0105 w klubach z naszego wojew\u00f3dztwa, a nast\u0119pnie byli transferowani poza wojew\u00f3dztwo. W najbli\u017cszych dniach w tej samej formie b\u0119dziemy publikowali histori\u0119 zawodnik\u00f3w z m\u0142odszych rocznik\u00f3w.<\/p>\n<p>Je\u017celi, kt\u00f3rego\u015b z zawodnik\u00f3w omin\u0119li\u015bmy lub do opisu historii wkrad\u0142 si\u0119 inny b\u0142\u0105d, prosimy o kontakt mailowy na adres: mariusz.bojarowski@wmzpn.pl.<\/p>\n<p>Zawodnicy z rocznika 2001, to zawodnicy, kt\u00f3rzy w ubieg\u0142ym sezonie (2018\/19) mogli wyst\u0119powa\u0107 albo w rozgrywkach juniora starszego albo w rozgrywkach seniorskich. W sumie, przez ostatnie lata, z tego rocznika poza nasze wojew\u00f3dztwo zosta\u0142o transferowanych 57 zawodnik\u00f3w, w wi\u0119kszo\u015bci to wychowankowie naszych klub\u00f3w.<\/p>\n<p>Poni\u017cej przedstawiamy histori\u0119 51 z nich \u2013 wychowank\u00f3w naszych klub\u00f3w. W ubieg\u0142ym sezonie trzech gra\u0142o w III lidze, dw\u00f3ch w Centralnej Lidze Junior\u00f3w U-18, dwunastu w IV lidze i trzech w Makroregionalnej Lidze Junior\u00f3w U-19. W klasie okr\u0119gowej pi\u0119ciu. W Lidze Wojew\u00f3dzkiej Junior\u00f3w czternastu. W A klasie jeden, a w B klasie jeden. Przynajmniej pi\u0119ciu zawodnik\u00f3w zako\u0144czy\u0142o ju\u017c granie i nie wyst\u0105pi\u0142o w \u017cadnym meczu sezonu 2018\/19. Do tego mamy 5 kobiet z 2001 rocznika. W minionym sezonie jedna z nich gra\u0142a w Ekstralidze kobiet, jedna w I lidze kobiet i jedna w III lidze kobiet. Dwie zako\u0144czy\u0142y granie i nie wyst\u0105pi\u0142y w \u017cadnym meczu sezonu 2018\/19.<\/p>\n<hr \/>\n<p><strong>ZAWODNICY, KT\u00d3RZY W SEZONIE 2018\/19 ZAGRALI W III LIDZE<\/strong><\/p>\n<p>Banach Hubert (ur. 2001, pierwszy klub UKS Hetman Baranowo)<br \/>\nPochodz\u0105cy z powiatu mr\u0105gowskiego zawodnik przeni\u00f3s\u0142 si\u0119 w sierpniu 2014 r. do SEMP Ursyn\u00f3w. Wiosn\u0105 2016 r. by\u0142 ju\u017c zawodnikiem bia\u0142ostockiej Jagiellonii. W sezonie 2018\/2019 postanowi\u0142 zmieni\u0107 klub, trafiaj\u0105c do KS \u015al\u0119za Wroc\u0142aw, gdzie zanotowa\u0142 trzy wyst\u0119py w III lidze oraz dwadzie\u015bcia jeden w WLJ Starszych kategorii A1.<\/p>\n<p>Preuss Wiktor (ur. 2001, pierwszy klub GKS Ossa Biskupiec)<br \/>\nWe wrze\u015bniu 2012 r. zosta\u0142 pi\u0142karzem Jezioraka I\u0142awa. Po dw\u00f3ch pe\u0142nych sezonach sp\u0119dzonych w klubie z I\u0142awy, przeni\u00f3s\u0142 si\u0119 do warszawskiej Legii, kt\u00f3rej po dzi\u015b dzie\u0144 jest zawodnikiem. W sezonie 2018\/2019 wyst\u0105pi\u0142 w dw\u00f3ch spotkaniach rezerw Legii, kt\u00f3re graj\u0105 w III lidze oraz w 22 meczach CLJ U-18.<\/p>\n<p>Modrzewski Szymon (ur. 2001, pierwszy klub MLKS Motor Lubawa)<br \/>\nDo sierpnia 2018 r. pozostawa\u0142 zawodnikiem dru\u017cyny z Lubawy, sk\u0105d przeni\u00f3s\u0142 si\u0119 na zasadzie transferu definitywnego do Pogoni Szczecin. W klubie z wojew\u00f3dztwa zachodniopomorskiego zagra\u0142 w 3 meczach trzecioligowych rezerw, jednym spotkaniu regionalnego Pucharu Polski oraz 18 meczach CLJ U-18.<\/p>\n<hr \/>\n<p><strong>ZAWODNICY, KT\u00d3RZY W SEZONIE 2018\/19 ZAGRALI W CENTRALNEJ LIDZE JUNIOR\u00d3W U-18<\/strong><\/p>\n<p>Laskowski Filip (ur. 2001, pierwszy klub KS Olimpia Elbl\u0105g)<br \/>\nW kwietniu 2015 r. zosta\u0142 zawodnikiem Stomilu Olsztyn. W maju 2017 roku powr\u00f3ci\u0142 do Olimpii, by trzy miesi\u0105ce p\u00f3\u017aniej odej\u015b\u0107 do Escoli Varsovia. Zagra\u0142 dwa mecze w warszawskiej Klasie Okr\u0119gowej oraz 27 w CLJ U-18 w zako\u0144czonym sezonie.<\/p>\n<p>Wasilewski Miko\u0142aj (ur. 2001, pierwszy klub MKS Korsze)<br \/>\nZ Korsz jesieni\u0105 2014 roku przeni\u00f3s\u0142 si\u0119 do Stomilu Olsztyn, gdzie gra\u0142 przez kolejne trzy sezony, po kt\u00f3rych postanowi\u0142 kontynuowa\u0107 swoj\u0105 przygod\u0119 z pi\u0142k\u0105 w Jagiellonii Bia\u0142ystok. W sezonie 2018\/2019 wyst\u0105pi\u0142 w 26 spotkaniach CLJ U-18.<\/p>\n<hr \/>\n<p><strong>ZAWODNICY, KT\u00d3RZY W SEZONIE 2018\/19 ZAGRALI W IV LIDZE<\/strong><\/p>\n<p>Bi\u0144czak Jan (ur. 2001, pierwszy klub UKS Rona 03 E\u0142k)<br \/>\nWypo\u017cyczono go do UKS-u Naki Olsztyn wiosn\u0105 2017 r., a po zako\u0144czeniu okresu wypo\u017cyczenia na sta\u0142e zwi\u0105za\u0142 si\u0119 z olszty\u0144skim zespo\u0142em. Nast\u0119pnie w lipcu ubieg\u0142ego roku zosta\u0142 nowym zawodnikiem MLKS Czarni Olecko, a po zako\u0144czeniu rundy jesiennej przeni\u00f3s\u0142 si\u0119 do KS-u Biebrza Goni\u0105dz. W tym sezonie zd\u0105\u017cy\u0142 rozegra\u0107 w szesnastu meczach forBET IV ligi i jednym Wojew\u00f3dzkiego Pucharu Polski w zespole Czarnych, a w Biebrzy w IV lidze w pi\u0119tnastu spotkaniach.<\/p>\n<p>Cegie\u0142ka Mateusz (ur. 2001, pierwszy klub KS Start Dzia\u0142dowo)<br \/>\nPod koniec letniego okienka transferowego w 2013 r. sta\u0142 si\u0119 graczem innego dzia\u0142dowskiego klubu &#8211; Wkry. Stamt\u0105d natomiast zosta\u0142 wytransferowany wiosn\u0105 2015 roku do Stomilu Olsztyn. Po trzech latach gry dla olszty\u0144skiej ekipy trafi\u0142 do Lechii Gda\u0144sk. Pocz\u0105tkowo by\u0142 tam wypo\u017cyczony, a po p\u00f3\u0142 roku zwi\u0105za\u0142 si\u0119 na sta\u0142e z Lechi\u0105. Zawodnik w sezonie 2018\/2019 zagra\u0142 w sumie w 33 spotkaniach: 28 przypad\u0142o na IV Lig\u0119 (rezerwy), po jednym w Lidze Makroregionalnej U-19 oraz w regionalnym Pucharze Polski, a tak\u017ce 3 mecze w I lidze wojew\u00f3dzkiej Juniora.<\/p>\n<p>Krasa Klaudiusz\u00a0(ur. 2001, pierwszy klub KS Huragan Mor\u0105g)<br \/>\nLatem 2014 roku odszed\u0142 do Legii Warszawa, a 3 lata p\u00f3\u017aniej zosta\u0142 wypo\u017cyczony do ZKS-u Olimpii Elbl\u0105g, a w lutym 2018 r. na sta\u0142e przeni\u00f3s\u0142 si\u0119 do zespo\u0142u z Elbl\u0105ga. W ubieg\u0142ym sezonie wyst\u0105pi\u0142 w 25 meczach czwartoligowych rezerw oraz w 3 meczach Wojew\u00f3dzkiego Pucharu Polski.<\/p>\n<p>Kucznier Adam (ur. 2001, pierwszy klub LZS \u015awi\u0105tki-Sokolity)<br \/>\nLatem 2015 roku przeszed\u0142 do DKS-u Dobre Miasto. W lutym br. zosta\u0142 wypo\u017cyczony na rund\u0119 wiosenn\u0105 sezonu 2018\/2019 do gda\u0144skiej Lechii, w kt\u00f3rej zagra\u0142 w 13 meczach czwartoligowych rezerwach, w 1 spotkaniu regionalnego Pucharu Polski i 9 Ligi Makroregionalnej U-19, natomiast w DKS-ie zagra\u0142 w dw\u00f3ch meczach Wojew\u00f3dzkiego Pucharu Polski oraz szesnastu Klasy Okr\u0119gowej.<\/p>\n<p>Kudlak Rafa\u0142\u00a0(ur. 2001, pierwszy klub UKS Hetman Baranowo)<br \/>\nLatem 2014 r. przeszed\u0142 do SEMP Ursyn\u00f3w. W sierpniu ubieg\u0142ego roku wypo\u017cyczony zosta\u0142 do MKS-u Mazur E\u0142k na rund\u0119 jesienn\u0105 minionego sezonu, a rund\u0119 wiosenn\u0105 sp\u0119dzi\u0142 na wypo\u017cyczeniu w MKS-ie Mr\u0105gowia Mr\u0105gowo. W poprzednim sezonie w barwach e\u0142ckiego zespo\u0142u rozegra\u0142 10 mecz\u00f3w w I lidze wojew\u00f3dzkiej Juniora, za\u015b w barwach Mr\u0105gowii zagra\u0142 w 9 meczach forBET IV ligi oraz w 5 meczach I ligi wojew\u00f3dzkiej Juniora.<\/p>\n<p>Kulesza Kacper (ur. 2001, pierwszy klub MKS Mazur E\u0142k)<br \/>\nW marcu br. trafi\u0142 do AKS-u Sparty August\u00f3w. W ubieg\u0142ym sezonie rozegra\u0142 dwa mecze w IV lidze.<\/p>\n<p>Majas Sebastian\u00a0(ur. 2001, pierwszy klub GKS Ossa Biskupiec)<br \/>\nWe wrze\u015bniu 2014 r. przeszed\u0142 do GKS LZS Wikielec. Nieca\u0142e dwa lata p\u00f3\u017aniej wypo\u017cyczony zosta\u0142 do Stomilu Olsztyn. W sierpniu 2017 r. odszed\u0142 do Olimpii Grudzi\u0105dz, a zim\u0105 tego roku zosta\u0142 wypo\u017cyczony na rund\u0119 wiosenn\u0105 do MLKS-u Motor Lubawa. W poprzednim sezonie dla Olimpii zagra\u0142 w 1 meczu A Klasowej dru\u017cny rezerw oraz w 14 meczach I ligi wojew\u00f3dzkiej Juniora, natomiast dla Motoru zagra\u0142 w 6 meczach forBET IV ligi.<\/p>\n<p>Moldenhower Patryk (ur. 2001, pierwszy klub MKS Mazur E\u0142k)<br \/>\nWiosn\u0105 2019 r. wypo\u017cyczono go do AKS-u Sparta August\u00f3w (woj. podlaskie) na jedn\u0105 rund\u0119. W e\u0142ckim klubie w poprzednim sezonie zagra\u0142 w 9 meczach I ligi wojew\u00f3dzkiej Juniora, a w Sparcie w 12 meczach IV ligi.<\/p>\n<p>St\u0119pie\u0144 Bartosz (ur. 2001, pierwszy klub KS Start Dzia\u0142dowo)<br \/>\nZosta\u0142 zawodnikiem DKS Wkra Dzia\u0142dowo w pod koniec sierpnia 2013 r, za\u015b rok p\u00f3\u017aniej powr\u00f3ci\u0142 do Startu. Sp\u0119dzi\u0142 tam jedynie 12 miesi\u0119cy, poniewa\u017c zosta\u0142 pozyskany przez MKS Znicz Pruszk\u00f3w. W sezonie 2018\/2019 zagra\u0142 w jednym spotkaniu czwartoligowych rezerw, w 7 meczach Ligi Makroregionalnej U-19, a tak\u017ce w 14 spotkaniach Ekstraligi Juniora.<\/p>\n<p>Tr\u0105bka \u0141ukasz (ur. 2001, pierwszy klub LUKS Huragan Pisz)<br \/>\nLatem 2014 r. \u015bci\u0105gn\u0119\u0142a go do siebie Jagiellonia Bia\u0142ystok. Po trzyletnim pobycie w tym klubie odszed\u0142 do innej bia\u0142ostockiej dru\u017cyny &#8211; Hetmana. Wyst\u0119py z zako\u0144czonego sezonu prezentuj\u0105 si\u0119 nast\u0119puj\u0105co: 14 w IV lidze, 11 w Lidze Makroregionalnej U-19, 7 w dru\u017cynie Junior\u00f3w oraz 2 w regionalnym Pucharze Polski (w barwach Junior\u00f3w).<\/p>\n<p>Witkowski Filip (ur. 2001, pierwszy klub Jeziorak I\u0142awa)<br \/>\nZ Jezioraka trafi\u0142 do Lechii Gda\u0144sk w sierpniu 2015 r. Po roku sp\u0119dzonym w Lechii przeni\u00f3s\u0142 si\u0119 do innego z gda\u0144skich zespo\u0142\u00f3w &#8211; KKS Gedania. W tej dru\u017cynie w zako\u0144czonym niedawno sezonie wyst\u0105pi\u0142 w 15 spotkaniach IV-ligowych oraz jednym w ramach regionalnego Pucharu Polski.<\/p>\n<p>W\u00f3jcik Filip\u00a0(ur. 2001, pierwszy klub KS Orl\u0119ta Rema Reszel)<br \/>\nPrzeni\u00f3s\u0142 si\u0119 do OKS-u Stomil Olsztyn we wrze\u015bniu 2014 r. i sp\u0119dzi\u0142 tam trzy lata. Nast\u0119pnie z Orl\u0105t odszed\u0142 definitywnie do Arki Gdynia we wrze\u015bniu 2017 r. Jego pobyt w klubie z Gdyni trwa\u0142 p\u00f3\u0142 roku, gdy\u017c przeszed\u0142 do Stomilu, kt\u00f3ry po kolejnych 6 miesi\u0105cach wypo\u017cyczy\u0142 go do MKS-u Mr\u0105gowii Mr\u0105gowo na rund\u0119 jesienn\u0105 ubieg\u0142ego sezonu. W poprzednim sezonie dla Mr\u0105gowii zagra\u0142 w 15 meczach forBET IV ligi, w 3 meczach Wojew\u00f3dzkiego Pucharu Polski oraz w 1 I ligi wojew\u00f3dzkiej Juniora, a dla Stomilu w 14 meczach Ligi Makroregionalnej U-19.<\/p>\n<hr \/>\n<p><strong>ZAWODNICY, KT\u00d3RZY W SEZONIE 2018\/19 ZAGRALI W MAKROREGIONALNEJ LIDZE JUNIOR\u00d3W U-19<\/strong><\/p>\n<p>Puszkar Sebastian (ur. 2001, pierwszy klub UKS Naki Olsztyn)<br \/>\nW pa\u017adzierniku 2012 r. zosta\u0142 zawodnikiem Stomilu Olsztyn. Na sezon 2018\/2019 postanowiono go wypo\u017cyczy\u0107 do rzeszowskiej Stali. Zagra\u0142 tam w 11 meczach ligi Junior\u00f3w oraz w 12 spotkaniach Ligi Makroregionalnej U-19.<\/p>\n<p>Rentkowski Jan (ur. 2001, pierwszy klub UKS Naki Olsztyn)<br \/>\nW kwietniu 2014 r. z UKS Naki przeszed\u0142 do Stomilu Olsztyn, sk\u0105d na sezon 2018\/2019 wypo\u017cyczono go do Stali Rzesz\u00f3w, gdzie gra\u0142 w zespo\u0142ach juniorskich. W minionym sezonie rozegra\u0142 26 mecz\u00f3w, z czego 14 przypad\u0142o na Lig\u0119 Makroregionaln\u0105 U-19, a 12 na lig\u0119 Junior\u00f3w kat. A1.<\/p>\n<p>Trznadel Wojciech\u00a0(ur. 2001, pierwszy klub UKS Naki Olsztyn)<br \/>\nWe wrze\u015bniu 2014 r. wypo\u017cyczony zosta\u0142 do OKS-u Stomil Olsztyn na okres jednego sezonu, a po zako\u0144czeniu wypo\u017cyczenia definitywnie przeni\u00f3s\u0142 si\u0119 do Stomilu. Jesieni\u0105 2016 r. odszed\u0142 do KKS Warmia Olsztyn, za\u015b latem ubieg\u0142ego roku przeni\u00f3s\u0142 si\u0119 do UKS Varsovia. Po p\u00f3\u0142rocznym pobycie w klubie z Warszawy, powr\u00f3ci\u0142 do Warmii. W zako\u0144czonym sezonie dla Varsovii zagra\u0142 w 13 meczach Ekstraligi Juniora, za\u015b dla Warmii w 14 meczach Ligi Makroregionalnej U-19 i w 3 Klasy Okr\u0119gowej.<\/p>\n<hr \/>\n<p><strong>ZAWODNICY, KT\u00d3RZY W SEZONIE 2018\/19 ZAGRALI W KLASIE OKR\u0118GOWEJ<\/strong><\/p>\n<p>Brejdakowski Szymon\u00a0(ur. 2001, pierwszy klub Jeziorak I\u0142awa)<br \/>\nZ I\u0142awy przeni\u00f3s\u0142 si\u0119 do Grudzi\u0105dza zostaj\u0105c zawodnikiem Olimpii w sierpniu 2017 r. Rok p\u00f3\u017aniej przeni\u00f3s\u0142 si\u0119 do LKS-u P\u0142omie\u0144 Turznica, gdzie w minionym sezonie zagra\u0142 w 11 meczach Klasy Okr\u0119gowej i w 1 Wojew\u00f3dzkiego Pucharu Polski.<\/p>\n<p>Dobrzy\u0144ski Tomasz (ur. 2001, pierwszy klub ZKS Olimpia Elbl\u0105g)<br \/>\nLatem 2013 r. odszed\u0142 do LKS-u \u017bu\u0142awy Nowy Dw\u00f3r Gda\u0144ski, sk\u0105d 3 lata p\u00f3\u017aniej wypo\u017cyczono go do TKKF Jaguar Gda\u0144sk na p\u00f3\u0142tora roku, po kt\u00f3rych wr\u00f3ci\u0142 do \u017bu\u0142aw. W ubieg\u0142ym sezonie zagra\u0142 w 22 meczach Klasy Okr\u0119gowej i w 1 meczu regionalnego Pucharu Polski.<\/p>\n<p>Dudek Krzysztof (ur. 2001, pierwszy klub Jeziorak I\u0142awa)<br \/>\nKolejny z wychowank\u00f3w Jezioraka, kt\u00f3ry obecnie jest zawodnikiem KKS Gedanii Gda\u0144sk. Zanim jednak trafi\u0142 do Gedanii, sezon 2016\/2017 sp\u0119dzi\u0142 w Arce Gdynia. Licznik wyst\u0119p\u00f3w z sezonu 2018\/2019 zatrzyma\u0142 si\u0119 na 4 spotkaniach w rezerwach gda\u0144skiego zespo\u0142u wyst\u0119puj\u0105cych w Klasie Okr\u0119gowej.<\/p>\n<p>Kowalewski Rados\u0142aw\u00a0(ur. 2001, pierwszy klub LUKS Huragan Pisz)<br \/>\nLatem 2014 r. odszed\u0142 do Jagiellonii Bia\u0142ystok, kt\u00f3rej by\u0142 zawodnikiem przez 2 lata, kiedy to przeni\u00f3s\u0142 si\u0119 do UKS Rona 03 E\u0142k. Przed poprzednim sezonem odszed\u0142 do MKS Mazur E\u0142k, jednak wiosn\u0105 tego roku przeszed\u0142 do CWKS-u V\u0119goria W\u0119gorzewo. W dru\u017cynie z E\u0142ku zagra\u0142 w 9 spotkaniach I ligi wojew\u00f3dzkiej Juniora, a dla V\u0119gorii zagra\u0142 w 13 spotkaniach Klasy Okr\u0119gowej oraz w 1 I ligi wojew\u00f3dzkiej Juniora.<\/p>\n<p>Pokojski B\u0142a\u017cej\u00a0(ur. 2001, pierwszy klub GKS LZS Wikielec)<br \/>\nZawodnik wypo\u017cyczony zosta\u0142 do KS-u Finishparkiet Nowe Miasto Lubawskie na rund\u0119 wiosenn\u0105 sezonu 2016\/2017. W kolejnym sezonie wyst\u0119powa\u0142 w Ba\u0142tyku Gdynia na zasadzie rocznego wypo\u017cyczenia. W ubieg\u0142ym sezonie reprezentowa\u0142 barwy LZS-u Radomniak Radomno, b\u0119d\u0105c tam wypo\u017cyczonym i zagra\u0142 w 19 meczach Klasy Okr\u0119gowej.<\/p>\n<hr \/>\n<p><strong>ZAWODNICY, KT\u00d3RZY W SEZONIE 2018\/19 ZAGRALI W LIDZE WOJEW\u00d3DZKIEJ JUNIOR\u00d3W<\/strong><\/p>\n<p>Bobrowski Konrad\u00a0(ur. 2001, pierwszy klub UKS Hetman Baranowo)<br \/>\nW sierpniu 2014 r. przeni\u00f3s\u0142 si\u0119 do SEMP Ursyn\u00f3w, za\u015b 3 lata p\u00f3\u017aniej odszed\u0142 do UKS Rona 03 E\u0142k. Latem 2018 r. przeni\u00f3s\u0142 si\u0119 do MKS-u Mazur E\u0142k. W poprzednim sezonie wyst\u0105pi\u0142 w 16 meczach I ligi wojew\u00f3dzkiej Juniora.<\/p>\n<p>C\u0105ka\u0142a Gryfin (ur. 2001, pierwszy klub PKS Reda Szczytno)<br \/>\nOd sierpnia 2013 r. by\u0142 zawodnikiem SKS Szczytno, z kt\u00f3rego odszed\u0142 na wypo\u017cyczenie w marcu 2018 roku do UKS Varsovia. Po zako\u0144czeniu okresu wypo\u017cyczenia, kt\u00f3re trwa\u0142o jedn\u0105 rund\u0119, zosta\u0142 ponownie wypo\u017cyczony. Tym razem jego klubem sta\u0142 si\u0119 MUKS Unia Warszawa. Tam w minionym sezonie rozegra\u0142 14 spotka\u0144 w Ekstralidze Juniora, a tak\u017ce dwa mecze w drugiej dru\u017cynie juniorskiej Unii (I liga okr\u0119gowa Juniora).<\/p>\n<p>Ga\u0142uszewski Micha\u0142 (ur. 2001, pierwszy klub KS Olimpia 2004 Elbl\u0105g)<br \/>\nZawodnik opu\u015bci\u0142 Elbl\u0105g latem 2017 roku i trafi\u0142 do WKS Gwardia Warszawa. Stamt\u0105d zosta\u0142 wypo\u017cyczony po roku do UKS Varsovia, z kt\u00f3r\u0105 zwi\u0105za\u0142 si\u0119 po zako\u0144czeniu okresu wypo\u017cyczenia. W marcu tego roku zmieni\u0142 przynale\u017cno\u015b\u0107 klubow\u0105, zostaj\u0105c graczem MUKS Unia Warszawa. Bilans rozegranych spotka\u0144 w sezonie 2018\/2019 to 9 mecz\u00f3w dla UKS Varsovia oraz 11 dla MUKS Unia Warszawa. W obu dru\u017cynach wyst\u0119powa\u0142 w rozgrywkach Ekstraligi Juniora.<\/p>\n<p>G\u0142owacki Pawe\u0142 (ur. 2001, pierwszy klub PKS Reda Szczytno)<br \/>\nMOSP Bia\u0142ystok wypo\u017cyczy\u0142 zawodnika w lutym 2018 r. do czerwca 2019 r. W zako\u0144czonym sezonie wyst\u0105pi\u0142 w 17 meczach dru\u017cyny Junior\u00f3w.<\/p>\n<p>\u0141ysiak Matthew (ur. 2001, pierwszy klub Stomil Olsztyn SA)<br \/>\nPo roku gry w zespo\u0142ach juniorskich Stomilu w marcu 2017 r. przeni\u00f3s\u0142 si\u0119 do G\u00f3rnika \u0141\u0119czna. Po rundzie wiosennej odszed\u0142 do Motoru Lublin, jednak\u017ce po dwunastu miesi\u0105cach zdecydowa\u0142 si\u0119 na powr\u00f3t do \u0141\u0119cznej. Sezon 2018\/2019 zwie\u0144czy\u0142 24 wyst\u0119pami w I lidze wojew\u00f3dzkiej Juniora.<\/p>\n<p>Marzec Dominik (ur. 2001, pierwszy klub KS Olimpia Elbl\u0105g)<br \/>\nSKS Unia Swarz\u0119dz (woj. wielkopolskie) postanowi\u0142a pozyska\u0107 tego gracza w kwietniu 2014 roku. W minionym sezonie I lidze wojew\u00f3dzkiej Juniora zagra\u0142 dwa mecze.<\/p>\n<p>Olszewski Jakub (ur. 2001, pierwszy klub Jeziorak I\u0142awa)<br \/>\nWychowanek i\u0142awskiego zespo\u0142u w sierpniu 2017 roku zosta\u0142 zawodnikiem Olimpii Grudzi\u0105dz. W niedawno zako\u0144czonym sezonie zagra\u0142 w 18 spotkaniach A Klasowych rezerw Olimpii, a tak\u017ce 7 meczach w I lidze wojew\u00f3dzkiej Juniora.<\/p>\n<p>Peret Piotr (ur. 2001, pierwszy klub ZKS Olimpia Elbl\u0105g)<br \/>\nW maju 2018 roku przeszed\u0142 do KS Bednarska. W minionym sezonie rozegra\u0142 5 mecz\u00f3w w I lidze okr\u0119gowej Juniora.<\/p>\n<p>Przytu\u0142a Jakub (ur. 2001, pierwszy klub Jeziorak I\u0142awa)<br \/>\nPo zako\u0144czeniu rundy wiosennej sezonu 2016\/2017 zmieni\u0142 przynale\u017cno\u015b\u0107 klubow\u0105, trafiaj\u0105c do Olimpii Grudzi\u0105dz. Bilans w zako\u0144czonym sezonie to 9 spotka\u0144 w A Klasie oraz 13 mecz\u00f3w I ligi wojew\u00f3dzkiej Juniora.<\/p>\n<p>Skowro\u0144ski Maciej (ur. 2001, pierwszy klub Czere\u015b Sport Olsztyn)<br \/>\nObecnie reprezentuje barwy MKS-u Polonia Warszawa, kt\u00f3rego graczem jest od sierpnia 2017 r. W ubieg\u0142ym sezonie wyst\u0105pi\u0142 \u0142\u0105cznie w 5 meczach Ekstraligi Juniora.<\/p>\n<p>Spychalski Patryk\u00a0(ur. 2001, pierwszy klub KS Start Dzia\u0142dowo)<br \/>\nJesieni\u0105 2017 r. odszed\u0142 do MKS-u M\u0142awianki M\u0142awa, a w sierpniu 2018 r. zawodnik powr\u00f3ci\u0142 do Dzia\u0142dowa, wi\u0105\u017c\u0105c si\u0119 z MKS-em. W minionym sezonie rozegra\u0142 18 spotka\u0144 w I lidze wojew\u00f3dzkiej Juniora.<\/p>\n<p>Szykowski Kacper (ur. 2001, pierwszy klub KKS Granica K\u0119trzyn)<br \/>\nWychowanek Granicy przeni\u00f3s\u0142 si\u0119 do MOSP Bia\u0142ystok w marcu 2017 r. Dziesi\u0119\u0107 wyst\u0119p\u00f3w w lidze Junior\u00f3w &#8211; to dorobek tego zawodnika z sezonu 2018\/2019.<\/p>\n<p>Wiernicki Hubert\u00a0(ur. 2001, pierwszy klub UKS SP Legia-Bart Bartoszyce)<br \/>\nLatem ubieg\u0142ego roku przeni\u00f3s\u0142 si\u0119 do MKS-u Dar\u0142ovia Dar\u0142owo (woj. zachodniopomorskie), a w marcu 2019 r. przeszed\u0142 do LZS-u Kowalewice (woj. zachodniopomorskie). W ubieg\u0142ym sezonie wyst\u0105pi\u0142 w 5 spotkaniach koszali\u0144skiej ligi Juniora.<\/p>\n<p>\u017barnoch Marcin (ur. 2001, pierwszy klub SKS Szczytno)<br \/>\nOd lutego 2018 r. przebywa\u0142 na wypo\u017cyczeniu w MOSP Bia\u0142ystok. Zako\u0144czony sezon zamkn\u0105\u0142 si\u0119 pi\u0119tnastoma wyst\u0119pami w dru\u017cynie Junior\u00f3w.<\/p>\n<hr \/>\n<p><strong>ZAWODNICY, KT\u00d3RZY W SEZONIE 2018\/19 ZAGRALI W A KLASIE<\/strong><\/p>\n<p>G\u00f3rny Kacper (ur. 2001, pierwszy klub GKS Polonia I\u0142owo)<br \/>\nDru\u017cyn\u0119 z I\u0142owa opu\u015bci\u0142 na rzecz MKS-u M\u0142awianka M\u0142awa przed trzema laty. Na rund\u0119 wiosenn\u0105 sezonu 2018\/2019 wypo\u017cyczony zosta\u0142 do klubu, w kt\u00f3rym si\u0119 wychowa\u0142. W ubieg\u0142ym sezonie nie rozegra\u0142 ani minuty w seniorskiej dru\u017cynie M\u0142awianki, za\u015b dla Polonii rozegra\u0142 11 spotka\u0144 w ramach rozgrywek A Klasy.<\/p>\n<hr \/>\n<p><strong>ZAWODNICY, KT\u00d3RZY W SEZONIE 2018\/19 ZAGRALI W B KLASIE<\/strong><\/p>\n<p>Kornowski Marek Mariusz (ur. 2001, pierwszy klub Jeziorak I\u0142awa)<br \/>\nPrzed rund\u0105 wiosenn\u0105 sezonu 2018\/2019 przeszed\u0142 do Jadwi\u017ca\u0144skiego Klubu Sportowego Pozna\u0144. Zagra\u0142 tam w 6 spotkaniach B Klasy.<\/p>\n<hr \/>\n<p><strong>ZAWODNICZKI, KT\u00d3RE GRA\u0141Y W SEZONIE 2018\/19<\/strong><\/p>\n<p>Kulig Natalia (ur. 2001, pierwszy klub KS Olimpia Elbl\u0105g)<br \/>\nWe wrze\u015bniu 2015 r. przesz\u0142a do Gryfa 2009 Tczew, kt\u00f3ry rok p\u00f3\u017aniej opu\u015bci\u0142a na rzecz Sztormu Gda\u0144sk. Po dw\u00f3ch latach sp\u0119dzonych w klubie z wojew\u00f3dztwa pomorskiego na zasadzie transferu definitywnego odesz\u0142a do KS-u AZS Wroc\u0142aw. W minionym sezonie we wroc\u0142awskim zespole zagra\u0142a w 26 meczach Ekstraligi Kobiet i po jednym meczu w Pucharze Polski Kobiet oraz w Drugiej Lidze Kobiet, gdzie wyst\u0119puj\u0105 rezerwy KS AZS Wroc\u0142aw.<\/p>\n<p>Jarocka Aleksandra (ur. 2001, pierwszy klub OKS Stomil Olsztyn)<br \/>\nPo okresie sp\u0119dzonym w olszty\u0144skich zespo\u0142ach (KKP Stomil Olsztyn, Stomil Olsztyn, Akademia Sportu Stomil Olsztyn) zosta\u0142a zawodniczk\u0105 Wandy Krak\u00f3w. W sezonie 2018\/2019 zagra\u0142a w 16 spotkaniach Pierwszej Ligi Kobiet oraz w 1 spotkaniu Wojew\u00f3dzkiego Pucharu Polski.<\/p>\n<p>B\u0142aszczyk Katarzyna (ur. 2001, pierwszy klub GLKS Pomowiec Gronowo Elbl\u0105skie)<br \/>\nZawodniczka przenios\u0142a si\u0119 do KS Polonia Markusy w sierpniu 2014 roku. Po dw\u00f3ch latach zosta\u0142a zawodniczk\u0105 ZKS Olimpia Elbl\u0105g. Po rocznym pobycie w Elbl\u0105gu powr\u00f3ci\u0142a do Markus. W letnim okienku transferowym sezonu 2018\/2019 postanowi\u0142a zmieni\u0107 przynale\u017cno\u015b\u0107 klubow\u0105, przechodz\u0105c do AKP Jastrz\u0105b Malbork, lecz w marcu tego roku zawodniczk\u0119 pozyska\u0142a KKS Hanza Elbl\u0105g. W ubieg\u0142ym sezonie zagra\u0142a w 6 meczach III ligi w barwach Jastrz\u0119bia oraz w 1 w III lidze w barwach Hanzy.<\/p>\n<hr \/>\n<p><strong>ZAWODNICZKI, KT\u00d3RE JU\u017b NIE GRAJ\u0104<\/strong><\/p>\n<p>Biedrzycka Aniela\u00a0(ur. 2001, pierwszy klub OKS Stomil Olsztyn)<br \/>\nW sierpniu 2015 r. zosta\u0142a zawodniczk\u0105 KKPK Medyk Konin. Dwa lata p\u00f3\u017aniej przenios\u0142a si\u0119 do KKP Stomilanki Olsztyn, a sw\u00f3j ostatni oficjalny mecz zagra\u0142a we wrze\u015bniu 2017 r. w Trzeciej Lidze Kobiet.<\/p>\n<p>Bykowska Klaudia\u00a0(ur. 2001, pierwszy klub CWKS V\u0119goria W\u0119gorzewo)<br \/>\nW kwietniu 2015 r. zosta\u0142a zawodniczk\u0105 Lechii Gda\u0144sk, gdzie w sezonie 2014\/2015 uprawniona by\u0142a do rozgrywek gda\u0144skiej ligi M\u0142odzika (kat. D2).<\/p>\n<hr \/>\n<p><strong>ZAWODNICY, KT\u00d3RZY JU\u017b NIE GRAJ\u0104<\/strong><\/p>\n<p>Harasimowicz Maciej (ur. 2001, pierwszy klub GKS Mamry Gi\u017cycko)<br \/>\nWyst\u0119powa\u0142 w juniorskich zespo\u0142ach Mamr do ko\u0144ca rundy wiosennej 2018 r. Potem zosta\u0142 wypo\u017cyczony do Wigier Suwa\u0142ki, jednak od tego czasu nie rozegra\u0142 \u017cadnego oficjalnego spotkania.<\/p>\n<p>Kotarba Maciej\u00a0(ur. 2001, pierwszy klub CWKS V\u0119goria W\u0119gorzewo)<br \/>\nW kwietniu 2015 r. odszed\u0142 do OKS-u Stomil Olsztyn, w kt\u00f3rym na zasadzie wypo\u017cyczenia wyst\u0119powa\u0142 przez p\u00f3\u0142tora sezonu, po czym wypo\u017cyczono go na sezon do Pogoni Szczecin. Przed poprzednim sezonem ponownie zosta\u0142 wypo\u017cyczony, tym razem do MKS-u Korsze, lecz ostatni sw\u00f3j oficjalny mecz zawodnik rozegra\u0142 w czerwcu 2018 roku w CLJ U-17.<\/p>\n<p>Malikowski Mateusz (ur. 2001, pierwszy klub KS Start Dzia\u0142dowo)<br \/>\nDo marca 2017 r. gra\u0142 w zespo\u0142ach z Dzia\u0142dowa (Start i Wkra), po czym postanowi\u0142 spr\u00f3bowa\u0107 swoich si\u0142 w MKS-ie M\u0142awianka M\u0142awa. Ostatni mecz rozegra\u0142 w listopadzie 2017 r.<\/p>\n<p>Moroz Hubert\u00a0(ur. 2001, pierwszy klub MKS Mazur E\u0142k)<br \/>\nZ E\u0142kiem zwi\u0105zany by\u0142 do wrze\u015bnia 2015 r., kiedy odszed\u0142 do KS-u Brzoza (woj. kujawsko-pomorskie). Ostatni oficjalny mecz zawodnika mia\u0142 miejsce w czerwcu 2016 r. w bydgoskiej lidze Trampkarza.<\/p>\n<p>Nadolny Franciszek\u00a0(ur. 2001, pierwszy klub LUKS Huragan Pisz)<br \/>\nW sierpniu 2014 roku zosta\u0142 zawodnikiem bia\u0142ostockiej Jagiellonii. Ostatni oficjalny mecz zawodnika przypad\u0142 na pa\u017adziernik 2013 r. w rozgrywkach M\u0142odzika.<\/p>\n<p>Na zdj\u0119ciu Filip Laskowski \/ fot. tspodbeskidzie.pl<\/p>\n","protected":false},"excerpt":{"rendered":"<p>Jeste\u015bmy wojew\u00f3dztwem, w kt\u00f3rym nie ma klub\u00f3w Ekstraklasy, a w I i II lidze mamy tylko dw\u00f3ch przedstawicieli: Stomil Olsztyn i Olimpi\u0119 Elbl\u0105g. Nasze kluby staraj\u0105 si\u0119 coraz lepiej szkoli\u0107 m\u0142odzie\u017c i wprowadza\u0107 j\u0105 do pi\u0142ki seniorskiej. Naturalne jest jednak, \u017ce w karierze m\u0142odych zawodnik\u00f3w przychodzi taki moment, \u017ce decyduj\u0105 si\u0119 na opuszczenie naszego wojew\u00f3dztwa [&hellip;]<\/p>\n","protected":false},"author":7,"featured_media":7755,"comment_status":"open","ping_status":"open","sticky":false,"template":"","format":"standard","meta":{"footnotes":""},"categories":[13],"tags":[],"class_list":["post-7749","post","type-post","status-publish","format-standard","has-post-thumbnail","hentry","category-rozgrywki"],"_links":{"self":[{"href":"https:\/\/wmzpn.pl\/index.php?rest_route=\/wp\/v2\/posts\/7749","targetHints":{"allow":["GET"]}}],"collection":[{"href":"https:\/\/wmzpn.pl\/index.php?rest_route=\/wp\/v2\/posts"}],"about":[{"href":"https:\/\/wmzpn.pl\/index.php?rest_route=\/wp\/v2\/types\/post"}],"author":[{"embeddable":true,"href":"https:\/\/wmzpn.pl\/index.php?rest_route=\/wp\/v2\/users\/7"}],"replies":[{"embeddable":true,"href":"https:\/\/wmzpn.pl\/index.php?rest_route=%2Fwp%2Fv2%2Fcomments&post=7749"}],"version-history":[{"count":7,"href":"https:\/\/wmzpn.pl\/index.php?rest_route=\/wp\/v2\/posts\/7749\/revisions"}],"predecessor-version":[{"id":7998,"href":"https:\/\/wmzpn.pl\/index.php?rest_route=\/wp\/v2\/posts\/7749\/revisions\/7998"}],"wp:featuredmedia":[{"embeddable":true,"href":"https:\/\/wmzpn.pl\/index.php?rest_route=\/wp\/v2\/media\/7755"}],"wp:attachment":[{"href":"https:\/\/wmzpn.pl\/index.php?rest_route=%2Fwp%2Fv2%2Fmedia&parent=7749"}],"wp:term":[{"taxonomy":"category","embeddable":true,"href":"https:\/\/wmzpn.pl\/index.php?rest_route=%2Fwp%2Fv2%2Fcategories&post=7749"},{"taxonomy":"post_tag","embeddable":true,"href":"https:\/\/wmzpn.pl\/index.php?rest_route=%2Fwp%2Fv2%2Ftags&post=7749"}],"curies":[{"name":"wp","href":"https:\/\/api.w.org\/{rel}","templated":true}]}}