{"id":7612,"date":"2019-08-29T14:34:12","date_gmt":"2019-08-29T14:34:12","guid":{"rendered":"http:\/\/wmzpn.pl\/?p=7612"},"modified":"2019-09-15T06:26:43","modified_gmt":"2019-09-15T06:26:43","slug":"analiza-transferow-z-naszego-wojewodztwa-do-klubow-z-innych-wojewodztw-rocznik-2000","status":"publish","type":"post","link":"https:\/\/wmzpn.pl\/?p=7612","title":{"rendered":"Analiza transfer\u00f3w do klub\u00f3w z innych wojew\u00f3dztw (rocznik 2000)"},"content":{"rendered":"<p>Jeste\u015bmy wojew\u00f3dztwem, w kt\u00f3rym nie ma klub\u00f3w Ekstraklasy, a w I i II lidze mamy tylko dw\u00f3ch przedstawicieli: Stomil Olsztyn i Olimpi\u0119 Elbl\u0105g. Nasze kluby staraj\u0105 si\u0119 coraz lepiej szkoli\u0107 m\u0142odzie\u017c i wprowadza\u0107 j\u0105 do pi\u0142ki seniorskiej. Naturalne jest jednak, \u017ce w karierze m\u0142odych zawodnik\u00f3w przychodzi taki moment, \u017ce decyduj\u0105 si\u0119 na opuszczenie naszego wojew\u00f3dztwa i pr\u00f3buj\u0105 rozwija\u0107 si\u0119 w klubach z wi\u0119kszych o\u015brodk\u00f3w.<\/p>\n<p>Chc\u0105c bli\u017cej pozna\u0107 losy zawodnik\u00f3w, kt\u00f3rzy opu\u015bcili nasze wojew\u00f3dztwo dokonali\u015bmy analizy transfer\u00f3w z naszego wojew\u00f3dztwa do klub\u00f3w z innych wojew\u00f3dztw na przestrzeni ostatnich 9 sezon\u00f3w, tj. od sezonu 2010\/11 do sezonu 2018\/19. Transfery w danym sezonie to transfery dokonane od 1 lipca do 30 czerwca roku nast\u0119pnego. W szczeg\u00f3lno\u015bci skupili\u015bmy si\u0119 na zawodnikach m\u0142odych.<\/p>\n<p>Wyniki naszej analizy prezentujemy w rozbiciu na poszczeg\u00f3lne roczniki. W poprzednich artyku\u0142ach zamie\u015bcili\u015bmy wst\u0119p i og\u00f3ln\u0105 statystyk\u0119 dla wszystkich rocznik\u00f3w oraz szczeg\u00f3\u0142ow\u0105 analiz\u0119 1998 i 1999 rocznika:<br \/>\n&#8211; wst\u0119p i og\u00f3lna statystyka dla wszystkich rocznik\u00f3w oraz szczeg\u00f3\u0142owa analiza 1998 rocznika <a href=\"http:\/\/wmzpn.pl\/?p=7279\" target=\"_blank\" rel=\"noopener\">-&gt; zobacz<\/a><br \/>\n&#8211; szczeg\u00f3\u0142ow\u0105 analiz\u0119 1999 rocznika <a href=\"http:\/\/wmzpn.pl\/?p=7541\" target=\"_blank\" rel=\"noopener\">-&gt; zobacz<\/a><\/p>\n<p>Poni\u017cej prezentujemy histori\u0119 wi\u0119kszo\u015bci zawodnik\u00f3w z rocznika 2000, kt\u00f3rzy zaczynali przygod\u0119 z pi\u0142k\u0105 w klubach z naszego wojew\u00f3dztwa, a nast\u0119pnie byli transferowani poza wojew\u00f3dztwo. W najbli\u017cszych dniach w tej samej formie b\u0119dziemy publikowali histori\u0119 zawodnik\u00f3w z m\u0142odszych rocznik\u00f3w.<\/p>\n<p>Je\u017celi, kt\u00f3rego\u015b z zawodnik\u00f3w omin\u0119li\u015bmy lub do opisu historii wkrad\u0142 si\u0119 inny b\u0142\u0105d, prosimy o kontakt mailowy na adres: mariusz.bojarowski@wmzpn.pl.<\/p>\n<p>Zawodnicy z rocznika 2000, to zawodnicy, kt\u00f3rzy s\u0105 ostatnim rocznikiem juniora starszego i w ubieg\u0142ym sezonie (2018\/19) mogli wyst\u0119powa\u0107 zar\u00f3wno w rozgrywkach junior\u00f3w starszych, jak i w dru\u017cynach seniorskich. Rocznik 2000 to r\u00f3wnie\u017c najstarszy rocznik, kt\u00f3ry punktowa\u0142 w Pro Junior System w IV Lidze. W sumie, przez ostatnie lata, z tego rocznika poza nasze wojew\u00f3dztwo zosta\u0142o transferowanych 75 zawodnik\u00f3w, w wi\u0119kszo\u015bci to wychowankowie naszych klub\u00f3w.<\/p>\n<p>Poni\u017cej przedstawiamy histori\u0119 48 z nich \u2013 wychowank\u00f3w naszych klub\u00f3w. W ubieg\u0142ym sezonie jeden zagra\u0142 w meczu Ekstraklasy, trzech gra\u0142o w III lidze, dw\u00f3ch w Centralnej Lidze Junior\u00f3w U-18, szesnastu w IV lidze i dw\u00f3ch w Makroregionalnej Lidze Junior\u00f3w U-19. W klasie okr\u0119gowej sze\u015bciu. W Lidze Wojew\u00f3dzkiej Junior\u00f3w dw\u00f3ch. W A klasie dw\u00f3ch, a w B klasie jeden. Przynajmniej 9 zawodnik\u00f3w zako\u0144czy\u0142o ju\u017c granie i nie wyst\u0105pi\u0142o w \u017cadnym meczu sezonu 2018\/19. Do tego mamy 4 kobiety z 2000 rocznika. W minionym sezonie dwie z nich gra\u0142y w Ekstralidze kobiet, jedna w I lidze kobiet, i jedna w III lidze kobiet.<\/p>\n<hr \/>\n<p><strong>ZAWODNICY, KT\u00d3RZY W SEZONIE 2018\/19 ZAGRALI W EKSTRAKLASIE<\/strong><\/p>\n<p><strong>Sobol Hubert (ur. 2000, pierwszy klub DKS Dobre Miasto)<\/strong><br \/>\nZawodnik zosta\u0142 wypo\u017cyczony na rok z DKS-u do Lecha Pozna\u0144 we wrze\u015bniu 2015 r. Po zako\u0144czeniu okresu wypo\u017cyczenia zosta\u0142 zawodnikiem pozna\u0144skiej dru\u017cyny. W lutym br. Lech wypo\u017cyczy\u0142 gracza do pierwszoligowej Warty Pozna\u0144. W Lechu w zako\u0144czonym sezonie wyst\u0105pi\u0142 w jednym spotkaniu Lotto Ekstraklasy, jedenastu trzecioligowych rezerw oraz w jednym spotkaniu regionalnego Pucharu Polski, za\u015b w Warcie zd\u0105\u017cy\u0142 zagra\u0107 w jednym meczu Fortuna 1. Ligi.<\/p>\n<hr \/>\n<p><strong>ZAWODNICY, KT\u00d3RZY W SEZONIE 2018\/19 ZAGRALI W III LIDZE<\/strong><\/p>\n<p><strong>Kostyk Patryk (ur. 2000, pierwszy klub UKS Hetman Baranowo)<\/strong><br \/>\nW sierpniu 2013 r. odszed\u0142 do SEMP Ursyn\u00f3w. Po trzech latach przeni\u00f3s\u0142 si\u0119 do Jagiellonii Bia\u0142ystok, sk\u0105d w 2018 r. trafi\u0142 do \u0141KS 1926 \u0141om\u017ca. Przed startem rundy wiosennej zosta\u0142 zawodnikiem MKS-u M\u0142awianka M\u0142awa. Bilans jego spotka\u0144 z sezonu 2018\/2019 w barwach klubu z M\u0142awy to 14 rozegranych gier w IV lidze, a w \u0141KS-ie \u0141om\u017ca wyst\u0105pi\u0142 w 10 spotkaniach III ligi, 1 w WPP oraz 4 w zespole junior\u00f3w.<\/p>\n<p><strong>Kwaczreliszwili Sebastian (ur. 2000, pierwszy klub UKS Rona 03 E\u0142k)<\/strong><br \/>\nPo sezonie 2016\/2017 odszed\u0142 do GKS Mamry Gi\u017cycko. Wiosn\u0105 2018 roku zwi\u0105za\u0142 si\u0119 z UKS SMS \u0141\u00f3d\u017a. Jego przygoda z klubem z \u0141odzi trwa\u0142a rok, poniewa\u017c w marcu br. zosta\u0142 wytransferowany do trzecioligowego Ursusa Warszawa. Sezon 2018\/2019 w wykonaniu tego zawodnika wygl\u0105da\u0142 nast\u0119puj\u0105co: 7 mecz\u00f3w w I lidze wojew\u00f3dzkiej Juniora, 7 spotka\u0144 w Klasie Okr\u0119gowej (UKS SMS \u0141\u00f3d\u017a), 2 mecze w III lidze (KS Ursus) i 13 mecz\u00f3w w Klasie Okr\u0119gowej (KS Ursus II).<\/p>\n<p><strong>Rosi\u0144ski Patryk (ur. 2000, pierwszy klub DKS Dobre Miasto)<\/strong><br \/>\nLatem 2014 r. przeni\u00f3s\u0142 si\u0119 do UKS-u SMS \u0141\u00f3d\u017a. Cztery lata p\u00f3\u017aniej zwi\u0105za\u0142 si\u0119 z MLKS Czarni Olecko, jednak na rund\u0119 wiosenn\u0105 sezonu 2018\/2019 wypo\u017cyczono go do MKS-u Mazur E\u0142k. Bilans spotka\u0144 z poprzedniego sezonu to: 13 spotka\u0144 w forBET IV lidze (MLKS Czarni Olecko), a tak\u017ce 6 mecz\u00f3w w III lidze, 2 w Wojew\u00f3dzkim Pucharze Polski, 4 w I lidze wojew\u00f3dzkiej Juniora (MKS Mazur E\u0142k).<\/p>\n<hr \/>\n<p><strong>ZAWODNICY, KT\u00d3RZY W SEZONIE 2018\/19 ZAGRALI W CENTRALNEJ LIDZE JUNIOR\u00d3W U-18<\/strong><\/p>\n<p>\u0141api\u0144ski Szymon (ur. 2000, pierwszy klub GKS Mamry Gi\u017cycko)<br \/>\nZawodnik zosta\u0142 wytransferowany w sierpniu 2017 roku do Jagiellonii Bia\u0142ystok. W sezonie 2018\/2019 rozegra\u0142 23 mecze w CLJ U-18. Warto doda\u0107, \u017ce o\u015bmiokrotnie znalaz\u0142 si\u0119 w kadrze meczowej Jagiellonii w rozgrywkach Lotto Ekstraklasy, lecz nie dane by\u0142o mu zadebiutowa\u0107 w tych rozgrywkach.<\/p>\n<p>Majchrowicz Filip (ur. 2000, pierwszy klub OKS 1945 Olsztyn)<br \/>\nW sierpniu 2016 roku zosta\u0142 zawodnikiem Polonii Warszawa, w kt\u00f3rej wyst\u0119powa\u0142 na poziomie dru\u017cyn juniorskich. W rundzie wiosennej sezonu 2017\/2018 przywdziewa\u0142 ju\u017c barwy Cracovii Krak\u00f3w. W sezonie 2018\/19 zagra\u0142 w 17 meczach Centralnej Ligi Junior\u00f3w U-18.<\/p>\n<hr \/>\n<p><strong>ZAWODNICY, KT\u00d3RZY W SEZONIE 2018\/19 ZAGRALI W IV LIDZE<\/strong><\/p>\n<p><strong>Ba\u0144kowski Tomasz (ur. 2000, pierwszy klub GKS Mamry Gi\u017cycko)<\/strong><br \/>\nOdszed\u0142 do Jagiellonii Bia\u0142ystok w sierpniu 2017 r., ale rok p\u00f3\u017aniej powr\u00f3ci\u0142 do Mamr. W poprzednim sezonie rozegra\u0142 27 spotka\u0144 w forBET IV lidze, 1 w Wojew\u00f3dzkim Pucharze Polski, 3 w I lidze wojew\u00f3dzkiej Juniora oraz 1 w lidze Juniora.<\/p>\n<p><strong>Barszczewski Mateusz (ur. 2000, pierwszy klub MKS Mr\u0105gowia Mr\u0105gowo)<\/strong><br \/>\nOdszed\u0142 w sierpniu 2016 r. do MKS-u Znicz Pruszk\u00f3w, lecz po roku sp\u0119dzonym w Pruszkowie, ponownie zosta\u0142 zawodnikiem Mr\u0105gowii. W poprzednim sezonie zagra\u0142 w 28 spotkaniach forBET IV ligi, w 3 meczach I ligi wojew\u00f3dzkiej Juniora oraz w 2 meczach Wojew\u00f3dzkiego Pucharu Polski.<\/p>\n<p><strong>Gula Jakub (ur. 2000, pierwszy klub LZS Czarni Rudzienice)<\/strong><br \/>\nPrzeszed\u0142 do GKS-u Wikielec w sierpniu 2012 r. W sierpniu 2015 roku wypo\u017cyczony zosta\u0142 do Olimpii Grudzi\u0105dz na sezon 2015\/2016. Po zako\u0144czonym okresie wypo\u017cyczenia odszed\u0142 definitywnie do KS-u Sok\u00f3\u0142 Szamocin, by rok p\u00f3\u017aniej zosta\u0107 zawodnikiem Jezioraka I\u0142awa. Jeziorak wypo\u017cyczy\u0142 go do KS-u Unia Susz na rund\u0119 wiosenn\u0105 2019. W ubieg\u0142ym sezonie w barwach dru\u017cyny z I\u0142awy zagra\u0142 w o\u015bmiu meczach forBET IV ligi i jednym Wojew\u00f3dzkiego Pucharu Polski, za\u015b dla Unii w 15 meczach forBET IV ligi (wliczaj\u0105c bara\u017cowy dwumecz).<\/p>\n<p><strong>Kondratowicz Dawid (ur. 2000, pierwszy klub SKS Pojezierze Prostki)<\/strong><br \/>\nKlub z Prostek opu\u015bci\u0142 w sierpniu przed dwoma laty, trafiaj\u0105c do KS Warmia Grajewo. W sezonie 2018\/2019 wyst\u0105pi\u0142 w 27 spotkaniach IV ligi oraz 4 spotkaniach pucharowych.<\/p>\n<p><strong>Koniecko Kacper (ur. 2000, pierwszy klub UKS Rona 03 E\u0142k)<\/strong><br \/>\nWiosn\u0105 2017 r. wypo\u017cyczono go do UKS Naki Olsztyn na rund\u0119 wiosenn\u0105. Po powrocie z wypo\u017cyczenia przeni\u00f3s\u0142 si\u0119 do KS \u015aniardwy Orzysz, sk\u0105d rok p\u00f3\u017aniej odszed\u0142 do MLKS Czarni Olecko. Nast\u0119pnie wiosn\u0105 2019 r. przeszed\u0142 do KS-u Biebrza Goni\u0105dz (woj. podlaskie). Wyst\u0105pi\u0142 w minionym sezonie w 15 meczach forBET IV ligi oraz 1 w Wojew\u00f3dzkim Pucharze Polski w barwach Czarnych oraz w 15 meczach IV ligi w barwach Biebrzy.<\/p>\n<p><strong>Krajnik Dawid (ur. 2000, pierwszy klub GKS Wikielec)<\/strong><br \/>\nW ko\u0144c\u00f3wce sierpnia 2013 roku przeni\u00f3s\u0142 si\u0119 do UKS SMS \u0141\u00f3d\u017a. Wiosn\u0105 2016 roku zosta\u0142 wypo\u017cyczony na p\u00f3\u0142 roku do Jezioraka I\u0142awa. Po powrocie z transferu czasowego odszed\u0142 do Znicza Pruszk\u00f3w. W zako\u0144czonym sezonie wyst\u0105pi\u0142 w 5 meczach czwartoligowych rezerw Znicza, w 2 Ekstraligi Juniora, a tak\u017ce w 1 spotkaniu I ligi wojew\u00f3dzkiej Juniora.<\/p>\n<p><strong>Lubak Damian (ur. 2000, pierwszy klub &#8211; UKS Naki Olsztyn &#8211; brak info o zawodniku w Extranecie)<\/strong><br \/>\nW sezonie 2013\/2014 reprezentowa\u0142 barwy KKP Stomilanki Olsztyn, jednak\u017ce w tym samym sezonie zosta\u0142 zawodnikiem Stomilu Olsztyn. W sezonie 2016\/2017 zg\u0142oszony by\u0142 do 4 dru\u017cyn: Wis\u0142y P\u0142ock, Stomilu Olsztyn, MKS Mr\u0105gowii Mr\u0105gowo i KS Stadion \u015al\u0105ski Chorz\u00f3w. W kolejnym sezonie jego klubami by\u0142y: Mr\u0105gowia oraz Stadion \u015al\u0105ski. Zawodnik opu\u015bci\u0142 jednak Polsk\u0119 przenosz\u0105c si\u0119 do Rot-Weiss Essen (Niemcy), kt\u00f3ry zim\u0105 tego roku zamieni\u0142 na Hammer SV wyst\u0119puj\u0105cy w rozgrywkach Oberliga Westfalen (pi\u0105ty poziom rozgrywkowy w Niemczech). W dru\u017cynie Hammer zagra\u0142 w dziewi\u0119ciu spotkaniach.<\/p>\n<p><strong>Makowski Damian (ur. 2000, pierwszy klub UKS Rona 03 E\u0142k)<\/strong><br \/>\nPod koniec sierpnia 2016 r. przeszed\u0142 do BKS-u Hetman Bia\u0142ystok. W minionym sezonie zawodnik gra\u0142 g\u0142\u00f3wnie w juniorach, gdzie zagra\u0142 w 11 meczach Ligi Makroregionalnej U-19, w 9 kategorii A1 Junior, 1 spotkaniu regionalnego Pucharu Polski, do kt\u00f3rego zg\u0142oszono dru\u017cyn\u0119 m\u0142odzie\u017cow\u0105 Hetmana. Ponadto Makowski wyst\u0105pi\u0142 w 3 meczach IV ligi.<\/p>\n<p><strong>Masiewicz Hubert (ur. 2000, pierwszy klub UKS Rona 03 E\u0142k)<\/strong><br \/>\nPodobnie, jak Kacper Koniecko od marca br. jest zawodnikiem KS-u Biebrza Goni\u0105dz. W lipcu 2017 r. zosta\u0142 zawodnikiem KS \u015aniardwy Orzysz, a rok p\u00f3\u017aniej przeszed\u0142 do MLKS-u Czarni Olecko. Po p\u00f3\u0142 roku przeni\u00f3s\u0142 si\u0119 do Goni\u0105dza. W ubieg\u0142ym sezonie zagra\u0142 w dwunastu spotkaniach forBET IV ligi dla dru\u017cyny z Olecka oraz w dziewi\u0119ciu meczach IV ligi dla Biebrzy.<\/p>\n<p><strong>Ogrodowski Krystian (ur. 2000, pierwszy klub GKS Wikielec)<\/strong><br \/>\nWiosn\u0105 2015 roku zosta\u0142 wypo\u017cyczony na sezon do KKS Warmia Olsztyn, a po jego zako\u0144czeniu przeni\u00f3s\u0142 si\u0119 na sta\u0142e do olszty\u0144skiego klubu. W sierpniu 2017 r. wypo\u017cyczono go na rok do Wis\u0142y P\u0142ock. Dru\u017cyna z wojew\u00f3dztwa mazowieckiego zdecydowa\u0142a si\u0119 przed\u0142u\u017cy\u0107 wypo\u017cyczenie o kolejny sezon. Zawodnik w sezonie 2018\/2019 zagra\u0142 w dwudziestu spotkaniach drugiej dru\u017cyny Wis\u0142y P\u0142ock, graj\u0105cej w IV lidze, trzech meczach Ekstraligi Juniora i dw\u00f3ch spotkaniach regionalnego Pucharu Polski.<\/p>\n<p><strong>Oracz Damian (ur. 2000, pierwszy klub MKS Korsze)<\/strong><br \/>\nZ MKS-u przeni\u00f3s\u0142 si\u0119 do KKS Granica K\u0119trzyn jesieni\u0105 2013 roku. W 2016 r. by\u0142 wypo\u017cyczony do MOSP Bia\u0142ystok, a na sta\u0142e zawodnikiem bia\u0142ostockiego klubu zosta\u0142 w sierpniu 2017 r. W zako\u0144czonym sezonie zagra\u0142 w 14 meczach IV ligi i 1 w juniorskiej dru\u017cynie MOSP-u.<\/p>\n<p><strong>Sawicki Dawid (ur. 2000, pierwszy klub KS P\u0142omie\u0144 E\u0142k)<\/strong><br \/>\nKolejny zawodnik KS-u Biebrza Goni\u0105dz, kt\u00f3ry trafi\u0142 tam wiosn\u0105 tego roku z naszego wojew\u00f3dztwa. Latem 2014 roku trafi\u0142 do UKS-u Rona 03 E\u0142k. Po trzyletnim pobycie w Ronie odszed\u0142 do KS-u Pojezierze Prostki i to w\u0142a\u015bnie stamt\u0105d trafi\u0142 do Biebrzy, gdzie w minionym sezonie wyst\u0105pi\u0142 w 12 meczach IV ligi<\/p>\n<p><strong>Szczudli\u0144ski Kacper (ur. 2000, pierwszy klub UKS Naki Olsztyn)<\/strong><br \/>\nLatem 2016 zosta\u0142 wypo\u017cyczony na rok do Wis\u0142y P\u0142ock. Po sezonie 2016\/2017 przed\u0142u\u017cono wypo\u017cyczenie na kolejny rok. W sierpniu 2018 roku zosta\u0142 na sta\u0142e pi\u0142karzem p\u0142ockiego klubu. Dziesi\u0119\u0107 spotka\u0144 w czwartoligowych rezerwach, 2 w Lidze Makroregionalnej U-19, 8 w Ekstralidze Juniora oraz 3 w Regionalnym Pucharze Polski &#8211; tak przedstawia si\u0119 bilans tego zawodnika w sezonie 2018\/2019.<\/p>\n<p><strong>Turowski B\u0142a\u017cej (ur. 2000, pierwszy klub GKS LZS Wikielec)<\/strong><br \/>\nZosta\u0142 wypo\u017cyczony przez Olimpi\u0119 Grudzi\u0105dz w sierpniu 2017 r. na okres jednego sezonu. W minionym sezonie zagra\u0142 w 5 spotkaniach forBET IV ligi, w 4 I ligi wojew\u00f3dzkiej Juniora oraz w 2 Wojew\u00f3dzkiego Pucharu Polski.<\/p>\n<p><strong>W\u0142odarczyk Rafa\u0142 (ur. 2000, pierwszy klub OKS 1945 Olsztyn)<\/strong><br \/>\nPo sezonie 2015\/2016 zosta\u0142 zawodnikiem Warty Pozna\u0144, gdzie gra\u0142 w grupach juniorskich. Wiosn\u0105 2018 r. zosta\u0142 pozyskany przez gda\u0144sk\u0105 Lechi\u0119. W zako\u0144czonym niedawno sezonie zagra\u0142 w trzech spotkaniach czwartoligowych rezerw, a tak\u017ce jednym spotkaniu regionalnego Pucharu Polski.<\/p>\n<p><strong>Zimnicki Mateusz (ur. 2000, pierwszy klub KS Zamek Kurz\u0119tnik)<\/strong><br \/>\nW pa\u017adzierniku 2012 roku odszed\u0142 do KS-u Drw\u0119ca Nowe Miasto Lubawskie, a niespe\u0142na dwa lata p\u00f3\u017aniej przeszed\u0142 do Jezioraka I\u0142awa. Z I\u0142awy wypo\u017cyczono go na rund\u0119 wiosenn\u0105 sezonu 2015\/2016 do Jagiellonii Bia\u0142ystok, a po tym okresie przeszed\u0142 na sta\u0142e do bia\u0142ostockiego klubu. We wrze\u015bniu 2016 r. powr\u00f3ci\u0142 na Warmi\u0119 i Mazury, trafiaj\u0105c do KS-u Drw\u0119ca. W minionym sezonie zagra\u0142 \u0142\u0105cznie w 6 meczach (po 2 w forBET IV lidze, Wojew\u00f3dzkim Pucharze Polski oraz I lidze wojew\u00f3dzkiej Juniora).<\/p>\n<hr \/>\n<p><strong>ZAWODNICY, KT\u00d3RZY W SEZONIE 2018\/19 ZAGRALI W MAKROREGIONALNEJ LIDZE JUNIOR\u00d3W U-19<\/strong><\/p>\n<p><strong>Jurczak Jakub (ur. 2000, pierwszy klub KKS Warmia Olsztyn)<\/strong><br \/>\nZosta\u0142 wypo\u017cyczony do KS-u Legionovia Legionowo w sierpniu 2017 r. na sezon. Po powrocie odszed\u0142 do KS-u Burza SRWSIO S\u0142upy. Wypo\u017cyczono go do Stomilu Olsztyn wiosn\u0105 2019 r. na rund\u0119 wiosenn\u0105. W sezonie 2018\/2019 zagra\u0142 w 7 meczach A Klasy dla Burzy oraz w 10 meczach Ligi Makroregionalnej U-19.<\/p>\n<p><strong>Piasecki Igor (ur. 2000, pierwszy klub MKS Jeziorany)<\/strong><br \/>\nW lipcu 2013 r. zosta\u0142 zawodnikiem KKS Warmia Olsztyn, z kt\u00f3rej odszed\u0142 w sierpniu 2016 r., przechodz\u0105c do KS Sok\u00f3\u0142 Szamocin (woj. wielkopolskie). Po roku gry w zespole z wojew\u00f3dztwa wielkopolskiego przeni\u00f3s\u0142 si\u0119 z powrotem do Jezioran, ale od razu wypo\u017cyczono go do Stomilu Olsztyn na rok i po tym okresie postanowiono ponownie wypo\u017cyczy\u0107 zawodnika do Stomilu na kolejne 12 miesi\u0119cy. W minionym sezonie zagra\u0142 w 6 meczach Ligi Makroregionalnej U-19, 9 w I lidze wojew\u00f3dzkiej Juniora oraz 3 w Wojew\u00f3dzkim Pucharze Polski w rezerwach Stomilu.<\/p>\n<hr \/>\n<p><strong>ZAWODNICY, KT\u00d3RZY W SEZONIE 2018\/19 ZAGRALI W KLASIE OKR\u0118GOWEJ<\/strong><\/p>\n<p><strong>Brych Jakub (ur. 2000, pierwszy klub UKS Naki Olsztyn)<\/strong><br \/>\nWypo\u017cyczony zosta\u0142 do Jagiellonii Bia\u0142ystok we wrze\u015bniu 2016 r. na rok. W sierpniu 2018 r. odszed\u0142 do KKS Warmia Olsztyn. W poprzednim sezonie zagra\u0142 w 19 meczach Klasy Okr\u0119gowej, w 4 I ligi wojew\u00f3dzkiej Juniora oraz 2 w Lidze Makroregionalnej U-19.<\/p>\n<p><strong>Celi\u0144ski Piotr (ur. 2000, pierwszy klub BKS T\u0119cza Biskupiec)<\/strong><br \/>\nWe wrze\u015bniu 2015 r. zosta\u0142 zawodnikiem Pomorzanki Sejny (woj. podlaskie), z kt\u00f3rej po roku wr\u00f3ci\u0142, ponownie zostaj\u0105c graczem T\u0119czy. W kwietniu 2019 r. po raz kolejny zosta\u0142 pi\u0142karzem Pomorzanki. Zanotowa\u0142 w ubieg\u0142ym sezonie trzy wyst\u0119py w Klasie Okr\u0119gowej.<\/p>\n<p><strong>G\u0105siorowski Patryk (ur. 2000, pierwszy klub KKS Warmia Olsztyn)<\/strong><br \/>\nWychowanek Warmii latem 2016 r. przeni\u00f3s\u0142 si\u0119 na Pomorze do KKS-u Gedania Gda\u0144sk. Zako\u0144czony sezon w jego wykonaniu to 1 wyst\u0119p w regionalnym Pucharze Polski oraz 4 w rezerwach Gedanii graj\u0105cych w Klasie Okr\u0119gowej.<\/p>\n<p><strong>Kleber Daniel (ur. 2000, pierwszy klub Don Bosco Ostr\u00f3da)<\/strong><br \/>\nZawodnik zosta\u0142 wypo\u017cyczony zim\u0105 2017 roku do Gedanii Gda\u0144sk. Po p\u00f3\u0142 roku przeni\u00f3s\u0142 si\u0119 do UKS SMS \u0141\u00f3d\u017a, wyst\u0119puj\u0105cego w Klasie Okr\u0119gowej. W niej w sezonie 2018\/2019 rozegra\u0142 21 spotka\u0144, a ponadto wyst\u0105pi\u0142 w 4 meczach I ligi wojew\u00f3dzkiej Juniora oraz 6 w Lidze Makroregionalnej U-19.<\/p>\n<p><strong>Klinicki Kacper (ur. 2000, pierwszy klub UKS Naki Olsztyn)<\/strong><br \/>\nWe wrze\u015bniu 2016 r. zosta\u0142 wypo\u017cyczony do Polonii Warszawa. Po zako\u0144czonym okresie wypo\u017cyczenia przeszed\u0142 do warszawskiego zespo\u0142u. Po roku jednak odszed\u0142 do SEMP Ursyn\u00f3w (Klasa Okr\u0119gowa). Dwadzie\u015bcia spotka\u0144 na tym szczeblu rozgrywkowym oraz jeden mecz w I lidze wojew\u00f3dzkiej Juniora &#8211; to dorobek 19-letniego gracza w sezonie 2018\/2019.<\/p>\n<p><strong>W\u0142adyka Hubert (ur. 2000, pierwszy klub MKS Zatoka Braniewo)<\/strong><br \/>\nMKS Wicher Koby\u0142ka (woj. mazowieckie) pozyska\u0142 tego zawodnika w 2012 r. Rund\u0119 jesienn\u0105 sezonu 2018\/2019 sp\u0119dzi\u0142 na wypo\u017cyczeniu w MLKS Victoria Sulej\u00f3wek, a w rundzie wiosennej tego sezonu ponownie reprezentowa\u0142 klub z Koby\u0142ki. W sezonie 2018\/2019 na wypo\u017cyczeniu wyst\u0105pi\u0142 w 14 meczach rezerw Victorii graj\u0105cych w Klasie Okr\u0119gowej, a po powrocie do Wichra rozegra\u0142 11 spotka\u0144 w warszawskiej A Klasie.<\/p>\n<hr \/>\n<p><strong>ZAWODNICY, KT\u00d3RZY W SEZONIE 2018\/19 ZAGRALI W LIDZE WOJEW\u00d3DZKIEJ JUNIOR\u00d3W<\/strong><\/p>\n<p><strong>Dominik Piotr (ur. 2000, pierwszy klub UKS Naki Olsztyn)<\/strong><br \/>\nWiosn\u0105 2018 roku przeni\u00f3s\u0142 si\u0119 z UKS Naki Olsztyn do Akademii Pi\u0142karskiej Profi Zielonki, podobnie jak Piotr Wanda. W sezonie 2018\/19 zagra\u0142 w 23 meczach w lidze Junior\u00f3w na Ma\u0142opolsce.<\/p>\n<p><strong>Wanda Piotr (ur. 2000, pierwszy klub UKS Naki Olsztyn)<\/strong><br \/>\nW sierpniu 2015 roku Naki wypo\u017cyczy\u0142o tego zawodnika na p\u00f3\u0142 roku do Jagiellonii Bia\u0142ystok. Po powrocie z wypo\u017cyczenia pozostawa\u0142 zawodnikiem olszty\u0144skiego zespo\u0142u do marca 2018 roku, wi\u0105\u017c\u0105c si\u0119 nast\u0119pnie z Akademi\u0105 Pi\u0142karsk\u0105 Profi Zielonki. Dru\u017cyna, w kt\u00f3rej wyst\u0119puje, rozgrywa swoje spotkania w ma\u0142opolskiej lidze Junior\u00f3w, a sam Wanda zagra\u0142 w minionym sezonie w 14 meczach.<\/p>\n<hr \/>\n<p><strong>ZAWODNICY, KT\u00d3RZY W SEZONIE 2018\/19 ZAGRALI W A KLASIE<\/strong><\/p>\n<p><strong>Juchniewicz Patryk (ur. 2000, pierwszy klub MMKS Concordia Elbl\u0105g)<\/strong><br \/>\nPrzeni\u00f3s\u0142 si\u0119 do Lechii Gda\u0144sk w marcu 2014 r. na zasadzie wypo\u017cyczenia. Po kilku miesi\u0105cach Lechia postanowi\u0142a na sta\u0142e zwi\u0105za\u0107 si\u0119 z zawodnikiem, lecz wr\u00f3ci\u0142 on do macierzystego klubu w kwietniu 2015 r. W sierpniu 2017 r. przeni\u00f3s\u0142 si\u0119 do klubu B\u0142\u0119kitni Stare Pole (woj. pomorskie), w kt\u00f3rym pocz\u0105tkowo gra\u0142 na zasadzie wypo\u017cyczenia. Zagra\u0142 w dw\u00f3ch spotkaniach A Klasy w minionym sezonie.<\/p>\n<p><strong>Kochalski Grzegorz (ur. 2000, pierwszy klub Jeziorak I\u0142awa)<\/strong><br \/>\nZim\u0105 2017 roku zmieni\u0142 przynale\u017cno\u015b\u0107 klubow\u0105 &#8211; trafi\u0142 do pierwszoligowej w\u00f3wczas Olimpii Grudzi\u0105dz. W sezonie 2018\/2019 w rezerwach graj\u0105cych w toru\u0144skiej A Klasie zagra\u0142 w 25 meczach. Ponadto wyst\u0105pi\u0142 w 6 spotkaniach I ligi wojew\u00f3dzkiej Juniora.<\/p>\n<hr \/>\n<p><strong>ZAWODNICY, KT\u00d3RZY W SEZONIE 2018\/19 ZAGRALI W B KLASIE<\/strong><\/p>\n<p><strong>Falkiewicz Sebastian (ur. 2000, pierwszy klub MKS Olimpia Kisielice)<\/strong><br \/>\nW sierpniu 2017 r. odszed\u0142 na roczne wypo\u017cyczenie do Olimpii Grudzi\u0105dz. W minionym sezonie rozegra\u0142 13 spotka\u0144 w B Klasie oraz 2 w Wojew\u00f3dzkim Pucharze Polski.<\/p>\n<hr \/>\n<p><strong>ZAWODNICZKI, KT\u00d3RE GRA\u0141Y W SEZONIE 2018\/19<\/strong><\/p>\n<p><strong>Sirant Olga (ur. 2000, pierwszy klub LUKS Sport z Kultur\u0105 Mazuch\u00f3wka)<\/strong><br \/>\nPodobnie, jak wy\u017cej opisana zawodniczka, trafi\u0142a w tym samym czasie do gda\u0144skiego Sztormu. Stamt\u0105d wypo\u017cyczono j\u0105 do AZS UJ Krak\u00f3w w sierpniu 2017 r. Rok p\u00f3\u017aniej definitywnie odesz\u0142a z zespo\u0142u z Gda\u0144ska, wi\u0105\u017c\u0105c si\u0119 z MKS-em Olimpia Szczecin. Dla Olimpii w sezonie 2018\/19 rozegra\u0142a 24 spotkania w Ekstralidze Kobiet i 1 spotkanie w Pucharze Polski Kobiet.<\/p>\n<p><strong>Pi\u0105tek Natalia (ur. 2000, pierwszy klub OKS Sok\u00f3\u0142 Ostr\u00f3da)<\/strong><br \/>\nW sierpniu 2015 r. przesz\u0142a do KKP Stomilanki Olsztyn, jednak odesz\u0142a z olszty\u0144skiego zespo\u0142u przed rozpocz\u0119ciem sezonu 2018\/2019 na rzecz AZS PWSZ Wa\u0142brzych, gdzie wyst\u0105pi\u0142a w dw\u00f3ch spotkaniach Ekstraligi Kobiet.<\/p>\n<p><strong>Karwowska Julia (ur. 2000, pierwszy klub GKS Mamry Gi\u017cycko)<\/strong><br \/>\nLatem 2016 r. przenios\u0142a si\u0119 do Sztormu Gda\u0144sk. W ubieg\u0142ym sezonie wyst\u0105pi\u0142a w dziewi\u0119ciu spotkaniach Pierwszej Ligi Kobiet.<\/p>\n<p><strong>Czerwi\u0144ska Justyna (ur. 2000, pierwszy klub ELWO Etna Elbl\u0105g)<\/strong><br \/>\nZawodniczka odesz\u0142a do ZKS-u Olimpia Elbl\u0105g w sierpniu 2016 r., a nieco ponad rok p\u00f3\u017aniej przesz\u0142a do Olimpico Malbork. W sierpniu 2018 r. zwi\u0105za\u0142a si\u0119 z KKS-em Hanza Elbl\u0105g. W minionym sezonie zagra\u0142a w 9 meczach Trzeciej Ligi Kobiet.<\/p>\n<hr \/>\n<p><strong>ZAWODNICY, KT\u00d3RZY JU\u017b NIE GRAJ\u0104<\/strong><\/p>\n<p><strong>Bawirsz Krzysztof (ur. 2000, pierwszy klub KKS Granica K\u0119trzyn)<\/strong><br \/>\nW pa\u017adzierniku 2014 r. odszed\u0142 do Polonii Gi\u017cyn (woj. zachodniopomorskie). Swoje ostatnie oficjalne spotkanie rozegra\u0142 w czerwcu 2015 r. w II lidze wojew\u00f3dzkiej Trampkarza.<\/p>\n<p><strong>B\u0105k Jakub (ur. 2000, pierwszy klub OKS Sok\u00f3\u0142 Ostr\u00f3da)<\/strong><br \/>\nBy\u0142 na wypo\u017cyczeniu w MKS-u Czarni Pruszcz Gda\u0144ski w sezonie 2017\/2018. Ostatni oficjalny mecz zawodnik rozegra\u0142 w maju 2018 r. na poziomie I ligi wojew\u00f3dzkiej Juniora.<\/p>\n<p><strong>Dec Mariusz (ur. 2000, pierwszy klub UKS Naki Olsztyn)<\/strong><br \/>\nLatem 2015 roku zamieni\u0142 Naki na KKP Stomil Olsztyn, jednak\u017ce jesieni\u0105 tego samego roku wypo\u017cyczony zosta\u0142 do KS MOSIR Stal Zabrze. Po zako\u0144czonym okresie wypo\u017cyczenia zosta\u0142 w zabrza\u0144skim klubie, przechodz\u0105c do niego definitywnie. Ostatni mecz zawodnik rozegra\u0142 w maju 2018 r. w zabrza\u0144skiej lidze Juniora A1.<\/p>\n<p><strong>Dziugie\u0142 Damian (ur. 2000, pierwszy klub GLKS Pomowiec Gronowo Elbl\u0105skie)<\/strong><br \/>\nZ Pomowca odszed\u0142 jesieni\u0105 2013 r., zostaj\u0105c nowym graczem ZKS-u Olimpia Elbl\u0105g. Latem 2015 r. trafi\u0142 do innej elbl\u0105skiej dru\u017cyny &#8211; MMKS-u Concordia. Stamt\u0105d zosta\u0142 wypo\u017cyczony do Pomezanii Malbork w marcu 2017 r. i to tam rozegra\u0142 swoje ostatnie oficjalne spotkanie. Mia\u0142o to miejsce w czerwcu 2017 r. na poziomie malborskiej ligi Juniora M\u0142odszego.<\/p>\n<p><strong>Ignatowicz Damian (ur. 2000, pierwszy klub MLKS Czarni Olecko)<\/strong><br \/>\nNa zasadzie transferu definitywnego przeszed\u0142 do Wigier Suwa\u0142ki w lutym 2018 r., za\u015b pi\u0119\u0107 miesi\u0119cy p\u00f3\u017aniej z powrotem trafi\u0142 do klubu z Olecka. Ostatni oficjalny mecz zawodnik rozegra\u0142 w maju ubieg\u0142ego roku w lokalnej lidze Juniora.<\/p>\n<p><strong>K\u0142os Oskar (ur. 2000, pierwszy klub UKS Hetman Baranowo)<\/strong><br \/>\nW sierpniu 2013 r. na czas rundy jesiennej sezonu 2013\/2014 wypo\u017cyczono go do SEMP Ursyn\u00f3w, do kt\u00f3rego odszed\u0142 definitywnie po wspomnianej rundzie. Latem 2016 r. przeni\u00f3s\u0142 si\u0119 do MKS-u Piaseczno. Sw\u00f3j ostatni oficjalny mecz zagra\u0142 w pa\u017adzierniku 2017 r. w I lidze wojew\u00f3dzkiej Juniora.<\/p>\n<p><strong>Meszko Karol (ur. 2000, pierwszy klub KS Orl\u0119ta Rema Reszel)<\/strong><br \/>\nW marcu 2016 r. wypo\u017cyczony zosta\u0142 do GKS-u Pogo\u0144 Grodzisk Mazowiecki na rund\u0119 wiosenn\u0105 sezonu 2015\/2016. Ostatni oficjalny mecz rozegra\u0142 we wrze\u015bniu 2015 r. w II lidze wojew\u00f3dzkiej Juniora M\u0142odszego.<\/p>\n<p><strong>Piekarski Micha\u0142 (ur. 2000, pierwszy klub OKS Stomil Olsztyn)<\/strong><br \/>\nW listopadzie 2016 roku zamieni\u0142 Stomil na Wart\u0119 Gorz\u00f3w (woj. lubuskie), ale ostatni oficjalny mecz rozegra\u0142 w czerwcu 2015 r.<\/p>\n<p><strong>Traskowski Bart\u0142omiej (ur. 2000, pierwszy klub KS Zalew Frombork)<\/strong><br \/>\nPod koniec kwietnia 2015 r. zosta\u0142 zawodnikiem SKS-u Polonia Gda\u0144sk. Ostatni oficjalny mecz rozegra\u0142 w maju 2015 r. w gda\u0144skiej lidze Trampkarza.<\/p>\n<p>Na zdj\u0119ciu Hubert Sobol \/ fot. lechpoznan.pl<\/p>\n","protected":false},"excerpt":{"rendered":"<p>Jeste\u015bmy wojew\u00f3dztwem, w kt\u00f3rym nie ma klub\u00f3w Ekstraklasy, a w I i II lidze mamy tylko dw\u00f3ch przedstawicieli: Stomil Olsztyn i Olimpi\u0119 Elbl\u0105g. Nasze kluby staraj\u0105 si\u0119 coraz lepiej szkoli\u0107 m\u0142odzie\u017c i wprowadza\u0107 j\u0105 do pi\u0142ki seniorskiej. Naturalne jest jednak, \u017ce w karierze m\u0142odych zawodnik\u00f3w przychodzi taki moment, \u017ce decyduj\u0105 si\u0119 na opuszczenie naszego wojew\u00f3dztwa [&hellip;]<\/p>\n","protected":false},"author":7,"featured_media":7616,"comment_status":"open","ping_status":"open","sticky":false,"template":"","format":"standard","meta":{"footnotes":""},"categories":[13],"tags":[],"class_list":["post-7612","post","type-post","status-publish","format-standard","has-post-thumbnail","hentry","category-rozgrywki"],"_links":{"self":[{"href":"https:\/\/wmzpn.pl\/index.php?rest_route=\/wp\/v2\/posts\/7612","targetHints":{"allow":["GET"]}}],"collection":[{"href":"https:\/\/wmzpn.pl\/index.php?rest_route=\/wp\/v2\/posts"}],"about":[{"href":"https:\/\/wmzpn.pl\/index.php?rest_route=\/wp\/v2\/types\/post"}],"author":[{"embeddable":true,"href":"https:\/\/wmzpn.pl\/index.php?rest_route=\/wp\/v2\/users\/7"}],"replies":[{"embeddable":true,"href":"https:\/\/wmzpn.pl\/index.php?rest_route=%2Fwp%2Fv2%2Fcomments&post=7612"}],"version-history":[{"count":5,"href":"https:\/\/wmzpn.pl\/index.php?rest_route=\/wp\/v2\/posts\/7612\/revisions"}],"predecessor-version":[{"id":7999,"href":"https:\/\/wmzpn.pl\/index.php?rest_route=\/wp\/v2\/posts\/7612\/revisions\/7999"}],"wp:featuredmedia":[{"embeddable":true,"href":"https:\/\/wmzpn.pl\/index.php?rest_route=\/wp\/v2\/media\/7616"}],"wp:attachment":[{"href":"https:\/\/wmzpn.pl\/index.php?rest_route=%2Fwp%2Fv2%2Fmedia&parent=7612"}],"wp:term":[{"taxonomy":"category","embeddable":true,"href":"https:\/\/wmzpn.pl\/index.php?rest_route=%2Fwp%2Fv2%2Fcategories&post=7612"},{"taxonomy":"post_tag","embeddable":true,"href":"https:\/\/wmzpn.pl\/index.php?rest_route=%2Fwp%2Fv2%2Ftags&post=7612"}],"curies":[{"name":"wp","href":"https:\/\/api.w.org\/{rel}","templated":true}]}}