{"id":7541,"date":"2019-08-26T21:07:03","date_gmt":"2019-08-26T21:07:03","guid":{"rendered":"http:\/\/wmzpn.pl\/?p=7541"},"modified":"2019-09-15T06:26:51","modified_gmt":"2019-09-15T06:26:51","slug":"analiza-transferow-z-naszego-wojewodztwa-do-klubow-z-innych-wojewodztw-ostatnie-9-sezonow-rocznik-1999-i-2000","status":"publish","type":"post","link":"https:\/\/wmzpn.pl\/?p=7541","title":{"rendered":"Analiza transfer\u00f3w do klub\u00f3w z innych wojew\u00f3dztw (rocznik 1999)"},"content":{"rendered":"<p>Jeste\u015bmy wojew\u00f3dztwem, w kt\u00f3rym nie ma klub\u00f3w Ekstraklasy, a w I i II lidze mamy tylko dw\u00f3ch przedstawicieli: Stomil Olsztyn i Olimpi\u0119 Elbl\u0105g. Nasze kluby staraj\u0105 si\u0119 coraz lepiej szkoli\u0107 m\u0142odzie\u017c i wprowadza\u0107 j\u0105 do pi\u0142ki seniorskiej. Naturalne jest jednak, \u017ce w karierze m\u0142odych zawodnik\u00f3w przychodzi taki moment, \u017ce decyduj\u0105 si\u0119 na opuszczenie naszego wojew\u00f3dztwa i pr\u00f3buj\u0105 rozwija\u0107 si\u0119 w klubach z wi\u0119kszych o\u015brodk\u00f3w.<\/p>\n<p>Chc\u0105c bli\u017cej pozna\u0107 losy zawodnik\u00f3w, kt\u00f3rzy opu\u015bcili nasze wojew\u00f3dztwo dokonali\u015bmy analizy transfer\u00f3w z naszego wojew\u00f3dztwa do klub\u00f3w z innych wojew\u00f3dztw na przestrzeni ostatnich 9 sezon\u00f3w, tj. od sezonu 2010\/11 do sezonu 2018\/19. Transfery w danym sezonie to transfery dokonane od 1 lipca do 30 czerwca roku nast\u0119pnego. W szczeg\u00f3lno\u015bci skupili\u015bmy si\u0119 na zawodnikach m\u0142odych.<\/p>\n<p>Wyniki naszej analizy prezentujemy w rozbiciu na poszczeg\u00f3lne roczniki. W poprzednim artykule (<a href=\"http:\/\/wmzpn.pl\/?p=7279\" target=\"_blank\" rel=\"noopener\">-&gt; zobacz artyku\u0142<\/a>) zamie\u015bcili\u015bmy wst\u0119p i og\u00f3ln\u0105 statystyk\u0119 dla wszystkich rocznik\u00f3w oraz szczeg\u00f3\u0142ow\u0105 analiz\u0119 1998 rocznika.<\/p>\n<p>Poni\u017cej prezentujemy histori\u0119 wi\u0119kszo\u015bci zawodnik\u00f3w z rocznika 1999, kt\u00f3rzy zaczynali przygod\u0119 z pi\u0142k\u0105 w klubach z naszego wojew\u00f3dztwa, a nast\u0119pnie byli transferowani poza wojew\u00f3dztwo. W najbli\u017cszych dniach w tej samej formie b\u0119dziemy publikowali histori\u0119 zawodnik\u00f3w z m\u0142odszych rocznik\u00f3w.<\/p>\n<p>Je\u017celi, kt\u00f3rego\u015b z zawodnik\u00f3w omin\u0119li\u015bmy lub do opisu historii wkrad\u0142 si\u0119 inny b\u0142\u0105d, prosimy o kontakt mailowy na adres: mariusz.bojarowski@wmzpn.pl.<\/p>\n<p>Zawodnicy z rocznika 1999, to zawodnicy, kt\u00f3rzy sko\u0144czyli ju\u017c wiek juniora i w ubieg\u0142ym sezonie (2018\/19) mogli wyst\u0119powa\u0107 wy\u0142\u0105cznie w dru\u017cynach seniorskich. W sumie, przez ostatnie lata, z tego rocznika poza nasze wojew\u00f3dztwo zosta\u0142o transferowanych 55 zawodnik\u00f3w, w wi\u0119kszo\u015bci to wychowankowie naszych klub\u00f3w.<\/p>\n<p>Poni\u017cej przedstawiamy histori\u0119 38 z nich \u2013 wychowank\u00f3w naszych klub\u00f3w. W ubieg\u0142ym sezonie jeden gra\u0142 na poziomie I ligi, dw\u00f3ch na poziomie II ligi, czterech na poziomie III ligi i o\u015bmiu w IV lidze. W klasie okr\u0119gowej sze\u015bciu. W A klasie trzech, a w B klasie dw\u00f3ch. Przynajmniej 9 zawodnik\u00f3w zako\u0144czy\u0142o ju\u017c granie i nie wyst\u0105pi\u0142o w \u017cadnym meczu sezonu 2018\/19. Do tego mamy 3 kobiety z 1999 rocznika. W minionym sezonie dwie z nich gra\u0142y w II lidze kobiet, a jedna zako\u0144czy\u0142a granie i nie wyst\u0105pi\u0142a w \u017cadnym meczu sezonu 2018\/19.<\/p>\n<hr \/>\n<p><strong>ZAWODNICY, KT\u00d3RZY SEZON 2018\/19 GRALI W I LIDZE<\/strong><\/p>\n<p><strong>M\u0119tlicki Mateusz (ur. 1999, pierwszy klub MKS Start Nidzica)<\/strong><br \/>\nNa zasadzie transferu definitywnego przeni\u00f3s\u0142 si\u0119 latem 2014 roku do OKS-u Stomil Olsztyn, kt\u00f3ry postanowi\u0142 wypo\u017cyczy\u0107 zawodnika na rund\u0119 wiosenn\u0105 minionego sezonu do MUKS Warta Gorz\u00f3w Wielkopolski. W minionym sezonie dla Stomilu zagra\u0142 w 4 spotkaniach Fortuna 1. Ligi, 1 Totolotek Pucharu Polski, za\u015b w klubie z Gorzowa Wielkopolskiego w 12 meczach III ligi, 3 regionalnego Pucharu Polski oraz 6 w A Klasowych rezerwach Warty.<\/p>\n<hr \/>\n<p><strong>ZAWODNICY, KT\u00d3RZY SEZON 2018\/19 GRALI W II LIDZE<\/strong><\/p>\n<p><strong>Ewertowski Pawe\u0142 (ur. 1999, pierwszy klub MLKS Motor Lubawa)<\/strong><br \/>\nZawodnik zosta\u0142 wypo\u017cyczony na rund\u0119 wiosenn\u0105 sezonu 2017\/2018 do trzecioligowego Soko\u0142a Ostr\u00f3da. Nast\u0119pnie zosta\u0142 pozyskany na podobnej zasadzie przez Gryfa Wejherowo (II liga), lecz tym razem na ca\u0142y sezon 2018\/2019. W klubie z wojew\u00f3dztwa pomorskiego rozegra\u0142 18 ligowych spotka\u0144. Od przysz\u0142ego sezonu zawodnik pierwszoligowej Olimpii Grudzi\u0105dz.<\/p>\n<p><strong>Rynkowski Oskar\u00a0(ur. 1999, pierwszy klub KS Olimpia Elbl\u0105g)<\/strong><br \/>\nW sierpniu 2014 r. odszed\u0142 do Lechii Gda\u0144sk, b\u0119d\u0105c pocz\u0105tkowo do niej wypo\u017cyczonym. Przed sezonem 2018\/2019 wr\u00f3ci\u0142 do Olimpii i rozegra\u0142 7 spotka\u0144 w II lidze oraz 3 w forBET IV lidze, gdzie graj\u0105 rezerwy Olimpii.<\/p>\n<hr \/>\n<p><strong>ZAWODNICY, KT\u00d3RZY SEZON 2018\/19 GRALI W III LIDZE<\/strong><\/p>\n<p><strong>Kaczorowski Maciej (ur. 1999, pierwszy klub KS Olimpia Elbl\u0105g)<\/strong><br \/>\nElbl\u0105g opu\u015bci\u0142 w 2014 r. przenosz\u0105c si\u0119 do Lechii Gda\u0144sk, z kt\u00f3rej latem ubieg\u0142ego roku odszed\u0142 do Stali Rzesz\u00f3w. Stal na rund\u0119 wiosenn\u0105 postanowi\u0142a wypo\u017cyczy\u0107 zawodnika do Pelikana \u0141owicz. W ubieg\u0142ym sezonie w Stali rozegra\u0142 2 spotkania w III lidze i 1 w regionalnym Pucharze Polski, za\u015b dla Pelikana 12 w III lidze oraz 2 w rezerwach \u0142owickiego klubu graj\u0105cych szczebel ni\u017cej.<\/p>\n<p><strong>Roszkiewicz Karol (ur. 1999, pierwszy klub OKS Sok\u00f3\u0142 Ostr\u00f3da)<\/strong><br \/>\nSok\u00f3\u0142 wypo\u017cyczy\u0142 go do GKS-u Wikielec na sezon 2017\/2018, za\u015b w kolejnym sezonie zosta\u0142 wypo\u017cyczony do KS Ursus Warszawa (III liga). W sezonie 2018\/2019 w klubie ze stolicy zagra\u0142 w 5 meczach III ligi i w 7 w rezerwach wyst\u0119puj\u0105cych w Klasie Okr\u0119gowej.<\/p>\n<p><strong>Tec\u0142aw Jakub (ur. 1999, pierwszy klub GKS LZS Wikielec)<\/strong><br \/>\nW sierpniu 2015 r. zosta\u0142 zawodnikiem KS Sok\u00f3\u0142 Szamocin (woj. wielkopolskie). Nast\u0119pnie po dw\u00f3ch latach zosta\u0142 wypo\u017cyczony na p\u00f3\u0142 roku do Jagiellonii Bia\u0142ystok. Drug\u0105 rund\u0119 sezonu 2017\/2018 sp\u0119dzi\u0142 w Warcie Pozna\u0144. Po zako\u0144czeniu okresu wypo\u017cyczenia przeni\u00f3s\u0142 si\u0119 do trzecioligowego MKS-u Ruch Wysokie Mazowieckie, gdzie w poprzednim sezonie rozegra\u0142 33 spotkania ligowe, a tak\u017ce 2 pucharowe. Od sezonu 2019\/2020 zawodnik Stomilu Olsztyn.<\/p>\n<p><strong>Wieliczko Patryk\u00a0(ur. 1999, pierwszy klub ZKS Olimpia Elbl\u0105g)<\/strong><br \/>\nLatem 2018 roku zosta\u0142 wypo\u017cyczony do Wis\u0142y P\u0142ock, gdzie w czwartoligowych rezerwach klubu wyst\u0105pi\u0142 w 9 spotkaniach, za\u015b zim\u0105 zosta\u0142 ponownie wypo\u017cyczony do trzecioligowej Wierzycy Pelplin (woj. kujawsko &#8211; pomorskie), gdzie rozegra\u0142 7 spotka\u0144.<\/p>\n<hr \/>\n<p><strong>ZAWODNICY, KT\u00d3RZY SEZON 2018\/19 GRALI W IV LIDZE<\/strong><\/p>\n<p><strong>Brzuszczak Oskar (ur. 1999, pierwszy klub KS Zamek Kurz\u0119tnik)<\/strong><br \/>\nWe wrze\u015bniu 2013 roku zosta\u0142 wypo\u017cyczony do BKS Sparta Brodnica na okres dw\u00f3ch lat. W marcu 2018 r. ponownie trafi\u0142 na wypo\u017cyczenie do Sparty na dwie rundy, po kt\u00f3rych definitywnie przeszed\u0142 do zespo\u0142u z Brodnicy. Sezon 2018\/2019 zako\u0144czy\u0142 33 wyst\u0119pami w IV lidze oraz jednym w regionalnym Pucharze Polski.<\/p>\n<p><strong>Ko\u015bci\u0144ski Damian\u00a0(ur. 1999, pierwszy klub KS Motor Lubawa)<\/strong><br \/>\nWypo\u017cyczony zosta\u0142 do OKS-u Stomil Olsztyn latem 2013 r. na okres dw\u00f3ch lat. Po powrocie z wypo\u017cyczenia odszed\u0142 definitywnie do Arki Gdynia. Rok p\u00f3\u017aniej ponownie zosta\u0142 zawodnikiem Stomilu, a w sierpniu 2018 r. przeni\u00f3s\u0142 si\u0119 do GKS-u Wikielec. Stamt\u0105d odszed\u0142 po rundzie jesiennej minionego sezonu i powr\u00f3ci\u0142 do lubawskiego Motoru. Dla GKS-u w minionym sezonie zagra\u0142 w 4 spotkaniach forBET IV ligi i 1 Wojew\u00f3dzkiego Pucharu Polski, za\u015b dla Motoru w 8 meczach forBET IV ligi.<\/p>\n<p><strong>Leszek Szymon (ur. 1999, pierwszy klub GKS Mamry Gi\u017cycko)<\/strong><br \/>\nPrzed czterema laty przeni\u00f3s\u0142 si\u0119 do Hetmana Bia\u0142ystok, w kt\u00f3rym wyst\u0119puje do dzi\u015b. W sezonie 2018\/2019 rozegra\u0142 24 mecze w IV lidze oraz 1 w regionalnym Pucharze Polski.<\/p>\n<p><strong>\u0141\u0105tkowski Szymon (ur. 1999, pierwszy klub MLKS Szynaka Motor Lubawa)<\/strong><br \/>\nRund\u0119 jesienn\u0105 ubieg\u0142ego sezonu sp\u0119dzi\u0142 na wypo\u017cyczeniu w GSZS Rybno, natomiast rund\u0119 wiosenn\u0105 w KS Pomorzanin Toru\u0144. Dla klubu z Rybna zagra\u0142 w 14 meczach Klasy Okr\u0119gowej oraz 2 Wojew\u00f3dzkiego Pucharu Polski, za\u015b dla Pomorzanina w 15 spotkaniach IV ligi i 1 regionalnego Pucharu Polski.<\/p>\n<p><strong>Mastalerz Oskar\u00a0(ur. 1999, pierwszy klub KS Wa\u0142sza Pieni\u0119\u017cno)<\/strong><br \/>\nLatem 2014 r. wypo\u017cyczony zosta\u0142 do MKS-u Zatoka Braniewo na ca\u0142y sezon 2014\/2015, a po jego zako\u0144czeniu odszed\u0142 do MKS-u Znicz Pruszk\u00f3w. W Zniczu sp\u0119dzi\u0142 jeden sezon, po kt\u00f3rym przeszed\u0142 do Zatoki. W sierpniu 2017 r. na rund\u0119 jesienn\u0105 wypo\u017cyczono go do Wa\u0142szy. W poprzednim sezonie zagra\u0142 w 17 meczach forBET IV ligi.<\/p>\n<p><strong>Pocie\u017cnicki Micha\u0142 (ur. 1999, pierwszy klub DKS Wkra Dzia\u0142dowo)<\/strong><br \/>\nJu\u017c od 2012 r. jest zawodnikiem MKS-u M\u0142awianka M\u0142awa, gdzie konsekwentnie wspina\u0142 si\u0119 po juniorskich szczeblach, zanim zadebiutowa\u0142 w zespole seniorskim. W zako\u0144czonym sezonie rozegra\u0142 23 spotkania w IV lidze.<\/p>\n<p><strong>Seweryn Maciej (ur. 1999, pierwszy klub MLKS Motor Lubawa)<\/strong><br \/>\nLatem 2015 r. przeni\u00f3s\u0142 si\u0119 do UKS SMS W\u0142oc\u0142awek. Jego przygoda z klubem z wojew\u00f3dztwa kujawsko-pomorskiego trwa\u0142a 2 lata, poniewa\u017c zawodnik wr\u00f3ci\u0142 do Motoru. Po roku sp\u0119dzonym w Lubawie uda\u0142 si\u0119 na roczne wypo\u017cyczenie do MZKS-u Orl\u0119ta Aleksandr\u00f3w Kujawski, kt\u00f3ry gra w IV lidze. Uda\u0142o mu si\u0119 wyst\u0105pi\u0107 w 3 meczach na czwartoligowym szczeblu w poprzednim sezonie.<\/p>\n<p><strong>Wietek Krzysztof\u00a0(ur. 1999, pierwszy klub OKS Sok\u00f3\u0142 Ostr\u00f3da)<\/strong><br \/>\nZ zespo\u0142u z Ostr\u00f3dy odszed\u0142 w marcu 2014 r., zostaj\u0105c graczem MKS-u Zaborze Zabrze. Po 1,5 roku sp\u0119dzonym w Zaborzu, odszed\u0142 do GKS-u Katowice. W sierpniu ubieg\u0142ego roku zosta\u0142 wypo\u017cyczony do LKS-u T\u0119cza Mi\u0142om\u0142yn na sezon 2018\/2019. W T\u0119czy rozegra\u0142 dwadzie\u015bcia sze\u015b\u0107 spotka\u0144 w forBET IV lidze.<\/p>\n<hr \/>\n<p><strong>ZAWODNICY, KT\u00d3RZY SEZON 2018\/19 GRALI W KLASIE OKR\u0118GOWEJ<\/strong><\/p>\n<p><strong>Ciarci\u0144ski Rados\u0142aw (ur. 1999, pierwszy klub LZS Victoria Rychliki)<\/strong><br \/>\nW sierpniu 2015 r. trafi\u0142 do LKS-u Sparta Kwietniewo, a w kwietniu 2016 r. powr\u00f3ci\u0142 do Victorii. Jednak jego pobyt w Rychlikach trwa\u0142 zaledwie 4 miesi\u0105ce, poniewa\u017c ponownie zosta\u0142 zawodnikiem Sparty. Przed minionym sezonem wypo\u017cyczono go do DKS-u Powi\u015ble Dzierzgo\u0144 jedynie na rund\u0119 jesienn\u0105, po kt\u00f3rej wr\u00f3ci\u0142 do Sparty. W sezonie 2018\/2019 wyst\u0105pi\u0142 w siedmiu meczach Klasy Okr\u0119gowej oraz dw\u00f3ch regionalnego Pucharu Polski w barwach rezerw Powi\u015bla, za\u015b w B Klasowej Sparcie zagra\u0142 w 8 spotkaniach.<\/p>\n<p><strong>Ciesielski Kacper\u00a0(ur. 1999, pierwszy klub DKS Wkra Dzia\u0142dowo)<\/strong><br \/>\nLatem 2014 r. przeszed\u0142 do KS-u Start Dzia\u0142dowo, a stamt\u0105d rok p\u00f3\u017aniej trafi\u0142 do MKS-u Znicz Pruszk\u00f3w. W sierpniu 2018 r. Znicz wypo\u017cyczy\u0142 go do GSZS Rybno na sezon 2018\/2019, gdzie zagra\u0142 w 26 meczach Klasy Okr\u0119gowej.<\/p>\n<p><strong>Luberecki Jakub\u00a0(ur. 1999, pierwszy klub MLKS Czarni Olecko)<\/strong><br \/>\nW 2015 roku przeszed\u0142 do Wigier Suwa\u0142ki, gdzie gra\u0142 w dru\u017cynach m\u0142odzie\u017cowych. Wiosn\u0105 2019 r. przeni\u00f3s\u0142 si\u0119 do graj\u0105cego w podlaskiej &#8220;okr\u0119g\u00f3wce&#8221; Hetmana Tykocin, w kt\u00f3rym wyst\u0105pi\u0142 w 4 spotkaniach.<\/p>\n<p><strong>Marzec Bartosz (ur. 1999, pierwszy klub KS Olimpia Elbl\u0105g)<\/strong><br \/>\nJesieni\u0105 2014 r. odszed\u0142 do UKS-u Lider Swarz\u0119dz. W ubieg\u0142ym sezonie zagra\u0142 w 4 meczach regionalnego Pucharu Polski oraz w 18 Klasy Okr\u0119gowej.<\/p>\n<p><strong>Nowicki Dawid (ur. 1999, pierwszy klub KS Ewingi Zalewo)<\/strong><br \/>\nOdszed\u0142 do Pomezanii Malbork we wrze\u015bniu 2015 r. W sierpniu 2018 r. przeni\u00f3s\u0142 si\u0119 do Pogoni Prabuty. W minionym sezonie zagra\u0142 w dw\u00f3ch meczach regionalnego Pucharu Polski oraz w pi\u0119ciu Klasy Okr\u0119gowej.<\/p>\n<p><strong>Sobieraj Krystian\u00a0(ur. 1999, pierwszy klub KKS Warmia Olsztyn)<\/strong><br \/>\nLatem 2017 r. wypo\u017cyczony zosta\u0142 do KS-u Legionovia Legionowo na sezon 2017\/2018. W minionym sezonie zagra\u0142 w 16 spotkaniach Klasy Okr\u0119gowej.<\/p>\n<hr \/>\n<p><strong>ZAWODNICY, KT\u00d3RZY SEZON 2018\/19 GRALI W A KLASIE<\/strong><\/p>\n<p><strong>Kozak Damian (ur. 1999, pierwszy klub Concordia Elbl\u0105g)<\/strong><br \/>\nWe wrze\u015bniu 2013 roku przeni\u00f3s\u0142 si\u0119 do Olimpii Elbl\u0105g, gdzie gra\u0142 w dru\u017cynach m\u0142odzie\u017cowych do ko\u0144ca sezonu 2015\/16. Nast\u0119pnie latem 2016 roku trafi\u0142 do AP Marcovia Marki, sk\u0105d od razu zosta\u0142 wypo\u017cyczony na rund\u0119 jesienn\u0105 do Znicza Pruszk\u00f3w (Mazowiecka Ekstraliga Junior\u00f3w). W marcu 2017 roku zosta\u0142 transferowany do Pomowca Gronowo Elbl\u0105skie, gdzie run\u0119 wiosenn\u0105 gra\u0142 w klasie okr\u0119gowej. Latem 2017 roku trafi\u0142 do Concordii Elbl\u0105g, gdzie gra\u0142 w IV lidze. Wiosn\u0119 2019 roku sp\u0119dzi\u0142 na wypo\u017cyczeniu w &#8220;okr\u0119g\u00f3wkowej&#8221; Polonii Markusy. Na sezon 2019\/20 zosta\u0142 w Concordii Elbl\u0105g uprawniony do III ligi.<\/p>\n<p><strong>Witkowski Karol\u00a0(ur. 1999, pierwszy klub GKS LZS Wikielec)<\/strong><br \/>\nW sierpniu 2012 r. zosta\u0142 zawodnikiem Jezioraka I\u0142awa, sk\u0105d odszed\u0142 do LZS-u Czarni Rudzienice, do kt\u00f3rego pocz\u0105tkowo by\u0142 wypo\u017cyczony. Klub z Rudzienic wypo\u017cyczy\u0142 zawodnika do BKS-u Sparta Brodnica na rund\u0119 jesienn\u0105 sezonu 2017\/2018. W barwach Czarnych w poprzednim sezonie zagra\u0142 w 21 meczach rozgrywek A Klasy.<\/p>\n<p><strong>Zasada Dawid\u00a0(ur. 1999, pierwszy klub KS Polonia Pas\u0142\u0119k)<\/strong><br \/>\nWe wrze\u015bniu 2013 r. zosta\u0142 wypo\u017cyczony do Lechii Gda\u0144sk na jeden sezon, po kt\u00f3rym zwi\u0105za\u0142 si\u0119 z gda\u0144skim zespo\u0142em na sta\u0142e. Wiosn\u0105 2017 r. przeni\u00f3s\u0142 si\u0119 do ZKS Olimpii Elbl\u0105g, sp\u0119dzaj\u0105c tam 8 miesi\u0119cy, poniewa\u017c odszed\u0142 potem do SISIPZ Victoria Rychliki. Z Victorii zosta\u0142 wypo\u017cyczony do Polonii Pas\u0142\u0119k w marcu 2018 r. na jedn\u0105 rund\u0119, po kt\u00f3rej wr\u00f3ci\u0142 do klubu z Rychlik. W sezonie 2018\/2019 rozegra\u0142 jeden mecz w A Klasie.<\/p>\n<hr \/>\n<p><strong>ZAWODNICY, KT\u00d3RZY SEZON 2018\/19 GRALI W B KLASIE<\/strong><\/p>\n<p><strong>Herzberg Rados\u0142aw (ur. 1999, pierwszy klub GKS LZS Wikielec)<\/strong><br \/>\nW marcu 2018 r. na p\u00f3\u0142 roku zosta\u0142 wypo\u017cyczony do LKS-u B\u0142yskawicy Postolin (woj. pomorskie), a definitywnie do tego klubu trafi\u0142 wiosn\u0105 2019 r. W minionym sezonie zagra\u0142 w malborskiej B Klasie w trzech meczach.<\/p>\n<p><strong>S\u0142adkiewicz Rafa\u0142 (ur. 1999, pierwszy klub GLKS Jurand Barciany)<\/strong><br \/>\nW sierpniu 2016 r. zosta\u0142 zawodnikiem KS-u Sprotavia Szprotawa (woj. lubuskie). Stamt\u0105d dwa lata p\u00f3\u017aniej przeni\u00f3s\u0142 si\u0119 do KP Traper Chichy (woj. lubuskie). W minionym sezonie rozegra\u0142 18 mecz\u00f3w w B Klasie.<\/p>\n<hr \/>\n<p><strong>ZAWODNICZKI, KT\u00d3RE GRA\u0141Y W SEZONIE 2018\/19<\/strong><\/p>\n<p><strong>Jadeszko Klaudia (ur. 1999, pierwszy klub CWKS V\u0119goria W\u0119gorzewo)<\/strong><br \/>\nZ V\u0119gorii odesz\u0142a we wrze\u015bniu 2014 r. do GKS-u Mamry Gi\u017cycko. Jesieni\u0105 ubieg\u0142ego roku zdecydowa\u0142a si\u0119 zwi\u0105za\u0107 z SNRPSIR Akademia 2012 Suwa\u0142ki. Jej dorobek w zespole z Suwa\u0142k to jeden wyst\u0119p w Drugiej Lidze Kobiet.<\/p>\n<p><strong>Piwko Natalia\u00a0(ur. 1999, pierwszy klub UKS Sok\u00f3\u0142 Bia\u0142a Piska)<\/strong><br \/>\nWe wrze\u015bniu 2012 r. odesz\u0142a do MLKS-u Wissa Szczuczyn (woj. podlaskie). W listopadzie 2018 r. zosta\u0142a zawodniczk\u0105 SKF-u Olsztyn (futsal), a w marcu 2019 r. wypo\u017cyczono j\u0105 do MBKS-u Victoria Bartoszyce do ko\u0144ca sezonu 2018\/2019. Rozegra\u0142a 6 spotka\u0144 w Drugiej Lidze Kobiet w poprzednim sezonie.<\/p>\n<hr \/>\n<p><strong>ZAWODNICZKI, KT\u00d3RE JU\u017b NIE GRAJ\u0104<\/strong><\/p>\n<p><strong>Siuciak Kinga (ur. 1999, pierwszy klub ELWO ETNA Elbl\u0105g)<\/strong><br \/>\nZosta\u0142a zawodniczk\u0105 klubu Gryf 2009 Tczew jesieni\u0105 2015 r. Po roku gry w Gryfie przenios\u0142a si\u0119 do KS-u Pogo\u0144 Tczew. Ostatni oficjalny mecz zagra\u0142a w Trzeciej Lidze Kobiet w listopadzie 2016 r.<\/p>\n<hr \/>\n<p><strong>ZAWODNICY, KT\u00d3RZY JU\u017b NIE GRAJ\u0104<\/strong><\/p>\n<p><strong>Gurzy\u0144ski Jakub (ur. 1999, pierwszy klub LKS Unia Susz)<\/strong><br \/>\nZamieni\u0142 Uni\u0119 Susz na Akademi\u0119 Pi\u0142karsk\u0105 Malbork jesieni\u0105 2012 roku. Dwa lata p\u00f3\u017aniej odszed\u0142 do UKS-u SMS \u0141\u00f3d\u017a, kt\u00f3ry od razu wypo\u017cyczy\u0142 go do KS-u Orze\u0142 \u0141\u00f3d\u017a na okres jednego sezonu. Ostatni oficjalny mecz rozegra\u0142 w II lidze wojew\u00f3dzkiej Juniora M\u0142odszego w czerwcu 2015 r.<\/p>\n<p><strong>J\u0119drzejczyk Dorian (ur. 1999, pierwszy klub UKS Mazury Mr\u0105gowo)<\/strong><br \/>\nLatem 2014 r. przeszed\u0142 do MKS-u Mr\u0105gowia Mr\u0105gowo. Rok p\u00f3\u017aniej wypo\u017cyczono go do Wis\u0142y P\u0142ock, kt\u00f3ra w letnim okienku transferowym sezonu 2016\/2017 definitywnie pozyska\u0142a tego zawodnika. Sw\u00f3j ostatni oficjalny mecz rozegra\u0142 w kwietniu 2018 r. w CLJ U-19.<\/p>\n<p><strong>Leibner Pawe\u0142 (ur. 1999, pierwszy klub MMKS Concordia Elbl\u0105g)<\/strong><br \/>\nPrzeszed\u0142 do Concordii Wierciny (woj. pomorskie) w pa\u017adzierniku 2012 r. Ostatni mecz zagra\u0142 w czerwcu 2013 r. w Pomorskiej Lidze Junior\u00f3w (kat. C2).<\/p>\n<p><strong>Ma\u015blanik Kamil (ur. 1999, pierwszy klub UKS Naki Olsztyn)<\/strong><br \/>\nJesieni\u0105 2016 r. przeszed\u0142 do D\u0119bu D\u0105browa Bia\u0142ostocka (woj. podlaskie). Ostatni oficjalny mecz rozegra\u0142 w czerwcu 2017 r. w IV lidze.<\/p>\n<p><strong>Ostrowski Maciej (ur. 1999, pierwszy klub MKS Rominta Go\u0142dap)<\/strong><br \/>\nOd sezonu 2016\/2017 zawodnik grup juniorskich Wigier Suwa\u0142ki. Ostatni mecz zawodnik rozegra\u0142 w pa\u017adzierniku 2017 roku (rozgrywki A1 Juniora).<\/p>\n<p><strong>Pucia Mateusz (ur. 1999, pierwszy klub GKS Mamry Gi\u017cycko)<\/strong><br \/>\nLatem 2015 r. trafi\u0142 do MKS-u Znicz Pruszk\u00f3w, sk\u0105d w sierpniu 2016 roku wypo\u017cyczono go do Mamr na p\u00f3\u0142 sezonu. Ostatnie oficjalne spotkanie rozegra\u0142 we wrze\u015bniu 2017 r. w I lidze wojew\u00f3dzkiej Juniora.<\/p>\n<p><strong>Sarnowski Dawid\u00a0(ur. 1999, pierwszy klub MKS Mr\u0105gowia Mr\u0105gowo)<\/strong><br \/>\nW marcu 2014 roku zosta\u0142 wypo\u017cyczony do Arki Gdynia, kt\u00f3ra po sezonie pozyska\u0142a go definitywnie. Rund\u0119 wiosenn\u0105 sezonu 2017\/2018 sp\u0119dzi\u0142 na wypo\u017cyczeniu w\u00a0Ba\u0142tyku Gdynia. Sw\u00f3j ostatni mecz zawodnik rozegra\u0142 w kwietniu 2018 roku w rozgrywkach I ligi Juniora wojew\u00f3dztwa Pomorskiego.<\/p>\n<p><strong>Skrzypiec Adam (ur. 1999, pierwszy klub KS Burza SRWSIO S\u0142upy)<\/strong><br \/>\nOdszed\u0142 z Burzy jesieni\u0105 2017 r. i zwi\u0105za\u0142 si\u0119 z MKS-em Drw\u0119ca Golub-Dobrzy\u0144 (woj. kujawsko-pomorskie). Ostatni mecz zagra\u0142 w czerwcu 2016 r. na poziomie II ligi wojew\u00f3dzkiej Juniora M\u0142odszego.<\/p>\n<p><strong>Zawistowski Kacper (ur. 1999, pierwszy klub SKS Pojezierze Prostki)<\/strong><br \/>\nWe wrze\u015bniu 2016 r. trafi\u0142 do MOSP Bia\u0142ystok. W marcu 2019 roku wr\u00f3ci\u0142 do klubu z Prostek, ale sw\u00f3j oficjalny mecz rozegra\u0142 w czerwcu 2016 r.<\/p>\n<p><em>Na zdj\u0119ciu Mateusz M\u0119tlicki<\/em><br \/>\n<em>fot. stomilolsztyn.com<\/em><\/p>\n","protected":false},"excerpt":{"rendered":"<p>Jeste\u015bmy wojew\u00f3dztwem, w kt\u00f3rym nie ma klub\u00f3w Ekstraklasy, a w I i II lidze mamy tylko dw\u00f3ch przedstawicieli: Stomil Olsztyn i Olimpi\u0119 Elbl\u0105g. Nasze kluby staraj\u0105 si\u0119 coraz lepiej szkoli\u0107 m\u0142odzie\u017c i wprowadza\u0107 j\u0105 do pi\u0142ki seniorskiej. Naturalne jest jednak, \u017ce w karierze m\u0142odych zawodnik\u00f3w przychodzi taki moment, \u017ce decyduj\u0105 si\u0119 na opuszczenie naszego wojew\u00f3dztwa [&hellip;]<\/p>\n","protected":false},"author":7,"featured_media":7557,"comment_status":"open","ping_status":"open","sticky":false,"template":"","format":"standard","meta":{"footnotes":""},"categories":[13],"tags":[],"class_list":["post-7541","post","type-post","status-publish","format-standard","has-post-thumbnail","hentry","category-rozgrywki"],"_links":{"self":[{"href":"https:\/\/wmzpn.pl\/index.php?rest_route=\/wp\/v2\/posts\/7541","targetHints":{"allow":["GET"]}}],"collection":[{"href":"https:\/\/wmzpn.pl\/index.php?rest_route=\/wp\/v2\/posts"}],"about":[{"href":"https:\/\/wmzpn.pl\/index.php?rest_route=\/wp\/v2\/types\/post"}],"author":[{"embeddable":true,"href":"https:\/\/wmzpn.pl\/index.php?rest_route=\/wp\/v2\/users\/7"}],"replies":[{"embeddable":true,"href":"https:\/\/wmzpn.pl\/index.php?rest_route=%2Fwp%2Fv2%2Fcomments&post=7541"}],"version-history":[{"count":10,"href":"https:\/\/wmzpn.pl\/index.php?rest_route=\/wp\/v2\/posts\/7541\/revisions"}],"predecessor-version":[{"id":8000,"href":"https:\/\/wmzpn.pl\/index.php?rest_route=\/wp\/v2\/posts\/7541\/revisions\/8000"}],"wp:featuredmedia":[{"embeddable":true,"href":"https:\/\/wmzpn.pl\/index.php?rest_route=\/wp\/v2\/media\/7557"}],"wp:attachment":[{"href":"https:\/\/wmzpn.pl\/index.php?rest_route=%2Fwp%2Fv2%2Fmedia&parent=7541"}],"wp:term":[{"taxonomy":"category","embeddable":true,"href":"https:\/\/wmzpn.pl\/index.php?rest_route=%2Fwp%2Fv2%2Fcategories&post=7541"},{"taxonomy":"post_tag","embeddable":true,"href":"https:\/\/wmzpn.pl\/index.php?rest_route=%2Fwp%2Fv2%2Ftags&post=7541"}],"curies":[{"name":"wp","href":"https:\/\/api.w.org\/{rel}","templated":true}]}}