{"id":7301,"date":"2019-08-14T13:31:47","date_gmt":"2019-08-14T13:31:47","guid":{"rendered":"http:\/\/wmzpn.pl\/?p=7301"},"modified":"2019-08-14T13:44:42","modified_gmt":"2019-08-14T13:44:42","slug":"nasi-ligowcy-podsumowanie-wystepow-zawodnikow-z-warmii-i-mazur-2","status":"publish","type":"post","link":"https:\/\/wmzpn.pl\/?p=7301","title":{"rendered":"&#8220;Nasi Ligowcy&#8221;. Podsumowanie wyst\u0119p\u00f3w zawodnik\u00f3w z Warmii i Mazur"},"content":{"rendered":"<p><strong>Poni\u017cej przedstawiamy podsumowanie wyst\u0119p\u00f3w zawodnik\u00f3w pochodz\u0105cych z naszego wojew\u00f3dztwa graj\u0105cych za granic\u0105 oraz na szczeblach centralnych polskich lig. Podsumowanie obejmuje okres od 06.06.2019 r. do 12.08.2019 r.<\/strong><!--more--><\/p>\n<p><strong>&#8220;NASI\u201d ZA GRANIC\u0104<\/strong><\/p>\n<p><strong>Anglia, SkyBet Championship &#8211; Millwall FC<br \/>\n<\/strong><span style=\"color: #000080;\">Bartosz Bia\u0142kowski<\/span> (ur. 1987 &#8211; Braniewo, pierwszy klub Olimpia Elbl\u0105g)<br \/>\nWszed\u0142 na boisko w 43. minucie meczu z Preston North End (1:0)<br \/>\n90 minut w meczu z West Bromwich Albion (1:1)<\/p>\n<p><strong>Australia, A-League &#8211; Western United FC<br \/>\n<\/strong><span style=\"color: #000080;\">Filip Kurto<\/span> (ur. 1991 &#8211; Olsztyn, pierwszy klub Naki Olsztyn) &#8211; sezon A-League rozpoczyna si\u0119 11.10.2019 r.<\/p>\n<p><strong>Chiny, Chinese Super League &#8211; Chongqing SWM<br \/>\n<\/strong><span style=\"color: #000080;\">Adrian Mierzejewski<\/span> (ur. 1986 &#8211; Olsztyn, pierwszy klub Tempo 25 Olsztyn)<br \/>\nZszed\u0142 z boiska w 90 minucie meczu z Shandong Luneng (1:1)<br \/>\n90 minut w meczu z Wuhan Zall (3:2)<br \/>\n90 minut w meczu z Tianjin Teda (1:0)<br \/>\n90 minut i gol w meczu z Guangzou R&amp;F (2:4)<br \/>\n90 minut w meczu z Beijing Guoan (1:4)<br \/>\n90 minut w meczu z Shenzen (2:0)<br \/>\n90 minut w meczu z Shanghai SIPG (2:2)<br \/>\n90 minut w meczu z Hebei CFFC (0:3)<br \/>\n90 minut w meczu z Dalian Yifang (1:3)<br \/>\n90 minut w meczu z Tianjin Tianhai (1:1)<\/p>\n<p><strong>Chrowacja, Prva hrvatska nogometna liga &#8211; NK Slaven Koprivnica<br \/>\n<\/strong><span style=\"color: #000080;\">Krystian Nowak<\/span> (ur. 1994 &#8211; E\u0142k, pierwszy klub Mazur E\u0142k)<br \/>\n90 minut w meczu z Osijek (2:0)<br \/>\n90 minut w meczu z Dinamo Zagrzeb (0:3)<br \/>\nWszed\u0142 na boisko w 26. minucie meczu z Rijek\u0105 (1:3)<br \/>\nWszed\u0142 na boisko w 58. minucie meczu z Hajdukiem Split (2:1)<\/p>\n<p><strong>Irlandia P\u00f3\u0142nocna, IFA Championship &#8211; Harland &amp; Wolff Welders FC<br \/>\n<\/strong><span style=\"color: #000080;\">\u0141ukasz Gwiazda<\/span> (ur. 1994 &#8211; \u0141om\u017ca, pierwszy klub Sok\u00f3\u0142 Ostr\u00f3da)<br \/>\n90 minut w meczu z Newry City (2:0)<br \/>\n90 minut w meczu z Ards (0:1)<\/p>\n<p><strong>Niemcy, 1. Bundesliga &#8211; 1.FC Union Berlin<br \/>\n<\/strong><span style=\"color: #000080;\">Rafa\u0142 Gikiewicz<\/span> (ur. 1987 &#8211; Olsztyn, pierwszy klub Warmia Olsztyn) &#8211; sezon w 1. Bundeslidze rozpoczyna si\u0119 16.08.2019 r.<\/p>\n<p><strong>Rumunia, Liga I &#8211; FCSB Bukareszt<\/strong><br \/>\n<span style=\"color: #000080;\">\u0141ukasz Gikiewicz<\/span> (ur. 1987 &#8211; Olsztyn, pierwszy klub Warmia Olsztyn)<br \/>\nZszed\u0142 z boiska w 46. minucie meczu z Astr\u0105 Ploiesti (1:2)<br \/>\n90 minut w meczu z Voluntari (1:3)<\/p>\n<p><strong>W\u0142ochy, Serie A<\/strong> &#8211; <strong>Hellas Verona FC<br \/>\n<\/strong><span style=\"color: #000080;\">Pawe\u0142 Dawidowicz<\/span> (ur. 1995 &#8211; Ostr\u00f3da, pierwszy klub Sok\u00f3\u0142 Ostr\u00f3da) &#8211; sezon w Serie A rozpoczyna si\u0119 24.08.2019 r.<\/p>\n<hr \/>\n<p><strong>&#8220;NASI&#8221; W EKSTRAKLASIE<\/strong><\/p>\n<p><strong>Arka Gdynia<br \/>\n<\/strong><span style=\"color: #000080;\">Marcin Budzi\u0144ski<\/span> (ur. 1990 &#8211; Gi\u017cycko, pierwszy klub Mamry Gi\u017cycko) &#8211; wszed\u0142 na boisko w 46. minucie meczu z Zag\u0142\u0119biem Lubin (0:2)<\/p>\n<p><strong>Lechia Gda\u0144sk<br \/>\n<\/strong><span style=\"color: #000080;\">Daniel \u0141ukasik<\/span> (ur. 1991 &#8211; Gi\u017cycko, pierwszy klub Olimpia Mi\u0142ki)<br \/>\n90 minut w meczu z \u0141KS \u0141\u00f3d\u017a (0:0)<br \/>\nPoza kadr\u0105 w meczu z Wis\u0142\u0105 Krak\u00f3w (0:0)<br \/>\nWszed\u0142 na boisko w 80. minucie meczu z Wis\u0142\u0105 P\u0142ock (2:1)<br \/>\nWszed\u0142 na boisko w 83. minucie meczu z Jagielloni\u0105 Bia\u0142ystok (1:1)<\/p>\n<p><span style=\"color: #333399;\"><span style=\"color: #000080;\">Filip Dymerski<\/span>\u00a0<\/span>(ur. 2002 &#8211; Olsztyn, pierwszy klub Naki Olsztyn)<br \/>\nPoza kadr\u0105 w meczu z \u0141KS \u0141\u00f3d\u017a (0:0)<br \/>\nCa\u0142y mecz na \u0142awce rezerwowych z Wis\u0142\u0105 Krak\u00f3w (0:0)<br \/>\nPoza kadr\u0105 w meczu z Wis\u0142\u0105 P\u0142ock (2:1)<br \/>\nPoza kadr\u0105 w meczu z Jagielloni\u0105 Bia\u0142ystok (1:1)<\/p>\n<p><span style=\"color: #333399;\"><span style=\"color: #000080;\">Mateusz Cegie\u0142ka<\/span><\/span> (ur. 2001 &#8211; Ostr\u00f3da, pierwszy klub Start Dzia\u0142dowo)<br \/>\nPoza kadr\u0105 w meczu z\u00a0\u0141KS \u0141\u00f3d\u017a (0:0)<br \/>\nPoza kadr\u0105 w meczu z\u00a0Wis\u0142\u0105 Krak\u00f3w (0:0)<br \/>\nPoza kadr\u0105 w meczu z\u00a0Wis\u0142\u0105 P\u0142ock (2:1)<br \/>\nPoza kadr\u0105 w meczu z\u00a0Jagielloni\u0105 Bia\u0142ystok (1:1)<\/p>\n<p><strong>Legia Warszawa<\/strong><br \/>\n<span style=\"color: #000080;\">Wojciech Muzyk<\/span> (ur. 1998 &#8211; Suwa\u0142ki, pierwszy klub Czarni Olecko)<br \/>\nPoza kadr\u0105 w meczu z Pogoni\u0105 Szczecin (1:2)<br \/>\nPoza kadr\u0105 w meczu z Koron\u0105 Kielce (2:1)<br \/>\nPoza kadr\u0105 w meczu ze \u015al\u0105skiem Wroc\u0142aw (0:0)<\/p>\n<p><strong>\u0141KS \u0141\u00f3d\u017a<br \/>\n<\/strong><span style=\"color: #000080;\">Maciej Wolski<\/span> (ur. 1997 &#8211; Nowe Miasto Lubawskie, pierwszy klub Drw\u0119ca Nowe Miasto Lubawskie)<br \/>\n90 minut w meczu z Lechi\u0105 Gda\u0144sk (0:0)<br \/>\n90 minut w meczu z Cracovi\u0105 Krak\u00f3w (2:1)<br \/>\nZszed\u0142 z boiska w 61. minucie meczu z Lechem Pozna\u0144 (1:2)<br \/>\nZszed\u0142 z boiska w 60. minucie meczu z Piastem Gliwice (0:1)<\/p>\n<p><strong>Rak\u00f3w Cz\u0119stochowa<br \/>\n<\/strong><span style=\"color: #000080;\">Patryk Kun<\/span> (ur. 1995 &#8211; W\u0119gorzewo, pierwszy klub Kosza\u0142ek Opa\u0142ek W\u0119gorzewo)<br \/>\n90 minut w meczu z Koron\u0105 Kielce (0:1)<br \/>\n90 minut w meczu z Jagielloni\u0105 Bia\u0142ystok (1:0)<br \/>\n90 minut w meczu z Cracovi\u0105 Krak\u00f3w (1:3)<br \/>\n90 minut w meczu z G\u00f3rnikiem Zabrze (0:1)<\/p>\n<p><span style=\"color: #000080;\">Dawid Szymonowicz\u00a0<\/span>(ur. 1995 &#8211; Lidzbark Warmi\u0144ski, pierwszy klub DKS Dobre Miasto)<br \/>\n90 minut w meczu z Koron\u0105 Kielce (0:1)<br \/>\n90 minut w meczu z Jagielloni\u0105 Bia\u0142ystok (1:0)<br \/>\n90 minut w meczu z Cracovi\u0105 Krak\u00f3w (1:3)<br \/>\n90 minut w meczu z G\u00f3rnikiem Zabrze (0:1)<\/p>\n<p><strong>\u015al\u0105sk Wroc\u0142aw<br \/>\n<\/strong><span style=\"color: #000080;\">\u0141ukasz Bro\u017a<\/span> (ur. 1985 &#8211; Gi\u017cycko, pierwszy klub ABC Bagbud Gi\u017cycko)<br \/>\n90 minut w meczu z Wis\u0142\u0105 Krak\u00f3w (1:0)<br \/>\n90 minut w meczu z Legi\u0105 Warszawa (0:0)<br \/>\n90 minut w meczu i gol z Piastem Gliwice (2:1)<br \/>\nZszed\u0142 z boiska w 84. minucie meczu i strzeli\u0142 dwa gole\u00a0z Lechem Pozna\u0144 (3:1)<\/p>\n<p><strong>Wis\u0142a P\u0142ock<\/strong><strong><br \/>\n<\/strong><span style=\"color: #000080;\">Oskar Zawada<\/span> (ur. 1996 &#8211; Olsztyn, pierwszy klub DKS Dobre Miasto)<br \/>\nZszed\u0142 z boiska w 80. minucie meczu z G\u00f3rnikiem Zabrze (1:1)<br \/>\n90 minut w meczu z\u00a0z Lechi\u0105 Gda\u0144sk (1:2)<br \/>\nZszed\u0142 z boiska w 71. minucie meczu z Lechem Pozna\u0144 (0:4)<\/p>\n<hr \/>\n<p><strong>&#8220;NASI&#8221; w I lidze<\/strong><\/p>\n<p><strong>Mied\u017a Legnica<\/strong><br \/>\n<span style=\"color: #000080;\">Maciej Koziara\u00a0<\/span>(ur. 1996 &#8211; E\u0142k, pierwszy klub Arka Gdynia)<br \/>\nCa\u0142y mecz na \u0142awce rezerwowych z Odr\u0105 Opole (0:0)<br \/>\nCa\u0142y mecz na \u0142awce rezerwowych z Sandecj\u0105 Nowy S\u0105cz (2:1)<br \/>\nCa\u0142y mecz na \u0142awce rezerwowych z Chrobrym G\u0142og\u00f3w (2:1)<\/p>\n<p><strong>Olimpia Grudzi\u0105dz<\/strong><br \/>\n<span style=\"color: #000080;\">Pawe\u0142 Ewertowski\u00a0<\/span>(ur. 1999 &#8211; I\u0142awa, pierwszy klub Motor Lubawa)<br \/>\nCa\u0142y mecz na \u0142awce rezerwowych z Chrobrym G\u0142og\u00f3w (5:0)<br \/>\nPoza kadr\u0105 w meczu z Zag\u0142\u0119biem Sosnowiec (1:0)<br \/>\nPoza kadr\u0105 w meczu z Chojniczank\u0105 Chojnice (3:5)<\/p>\n<p><strong>Odra Opole<br \/>\n<\/strong><span style=\"color: #000080;\">Piotr \u017bem\u0142o<\/span> (ur. 1995 &#8211; Gi\u017cycko, pierwszy klub Mamry Gi\u017cycko)<br \/>\n90 minut w meczu z Miedzi\u0105 Legnica (0:0)<br \/>\n90 minut w meczu z Puszcz\u0105 Niepo\u0142omice (0:1)<br \/>\n90 minut w meczu\u00a0z GKS Tychy (1:4)<\/p>\n<p><span style=\"color: #000080;\">Hubert Sobol<\/span> (ur. 2000 &#8211; Olsztyn, pierwszy klub DKS Dobre Miasto)<br \/>\nPoza kadr\u0105 w meczu z Miedzi\u0105 Legnica (0:0)<br \/>\nPoza kadr\u0105 w meczu z Puszcz\u0105 Niepo\u0142omice (0:1)<br \/>\nPoza kadr\u0105 w meczu z GKS Tychy (1:4)<\/p>\n<p><span style=\"color: #000080;\"><span style=\"color: #000000;\"><strong>Puszcza Niepo\u0142omice<\/strong><\/span><br \/>\nBartosz Widejko<\/span>\u00a0(ur. 1992 &#8211; Reszel, pierwszy klub Orlik Reszel)<br \/>\nCa\u0142y mecz na \u0142awce rezerwowych z GKS Jastrz\u0119bie (0:0)<br \/>\nCa\u0142y mecz na \u0142awce rezerwowych z Odr\u0105 Opole (1:0)<br \/>\nPoza kadr\u0105 w meczu z Sandecj\u0105 Nowy S\u0105cz (1:2)<\/p>\n<p><span style=\"color: #000080;\">Jakub Serafin<\/span> (ur. 1996 &#8211; Olsztyn, pierwszy klub GKS Stawiguda)<br \/>\nZszed\u0142 z boiska w 74. minucie meczu z GKS Jastrz\u0119bie (0:0)<br \/>\nZszed\u0142 z boiska w 85. minucie meczu z Odr\u0105 Opole (1:0)<br \/>\nZszed\u0142 z boiska w 67. minucie meczu z Sandecj\u0105 Nowy S\u0105cz (1:2)<\/p>\n<p><strong>Sandecja Nowy S\u0105cz<br \/>\n<\/strong><span style=\"color: #000080;\">Dominik Kun<\/span> (ur. 1993 &#8211; Gi\u017cycko, pierwszy klub Kosza\u0142ek Opa\u0142ek W\u0119gorzewo)<br \/>\nZszed\u0142 z boiska w 67. minucie meczu z Bruk-Bet Termalic\u0105 Nieciecza (0:3)<br \/>\n90 minut w meczu z Miedzi\u0105 Legnica (1:2)<br \/>\n90 minut w meczu z Puszcz\u0105 Niepo\u0142omice (2:1)<\/p>\n<p><strong>Stomil Olsztyn<\/strong><br \/>\n<span style=\"color: #000080;\">Micha\u0142 Leszczy\u0144ski<\/span> (ur. 1994 &#8211; Olsztyn, pierwszy klub Naki Olsztyn)<br \/>\nCa\u0142y mecz na \u0142awce rezerwowych z GKS Be\u0142chat\u00f3w (0:3)<br \/>\nCa\u0142y mecz na \u0142awce rezerwowych z Radomiakiem Radom (1:2)<br \/>\nCa\u0142y mecz na \u0142awce rezerwowych z GKS Jastrz\u0119bie (2:1)<\/p>\n<p><span style=\"color: #000080;\">Piotr Skiba<\/span> (ur. 1982 &#8211; Olsztyn, pierwszy klub Stomil Olsztyn)<br \/>\n90 minut w meczu z GKS Be\u0142chat\u00f3w (0:3)<br \/>\n90 minut w meczu z Radomiakiem Radom (1:2)<br \/>\n90 minut w meczu z GKS Jastrz\u0119bie (2:1)<\/p>\n<p><span style=\"color: #000080;\">Janusz Bucholc<\/span> (ur. 1985 &#8211; Olsztyn, pierwszy klub Stomil Olsztyn)<br \/>\n90 minut w meczu z GKS Be\u0142chat\u00f3w (0:3)<br \/>\n90 minut w meczu z Radomiakiem Radom (1:2)<br \/>\n90 minut w meczu z GKS Jastrz\u0119bie (2:1)<\/p>\n<p><span style=\"color: #000080;\">Wojciech Dziemidowicz<\/span> (ur. 1995 &#8211; Dobre Miasto, pierwszy klub DKS Dobre Miasto)<br \/>\nCa\u0142y mecz na \u0142awce rezerwowych z GKS Be\u0142chat\u00f3w (0:3)<br \/>\n90 minut w meczu z Radomiakiem Radom (1:2)<br \/>\nCa\u0142y mecz na \u0142awce rezerwowych\u00a0z GKS Jastrz\u0119bie (2:1)<\/p>\n<p><span style=\"color: #000080;\">Jakub Mosakowski<\/span> (ur. 2000 &#8211; Olsztyn, pierwszy klub Stomil Olsztyn)<br \/>\nCa\u0142y mecz na \u0142awce rezerwowych z GKS Be\u0142chat\u00f3w (0:3)<br \/>\n90 minut w meczu z Radomiakiem Radom (1:2)<br \/>\nZszed\u0142 z boiska w 82. minucie meczu z\u00a0<span style=\"color: #000080;\"><span style=\"color: #000000;\">GKS Jastrz\u0119bie (2:1)<\/span><\/span><\/p>\n<p><span style=\"color: #000080;\">Rafa\u0142 Remisz <span style=\"color: #000000;\">(ur. 1992 &#8211; Olsztyn, pierwszy klub Naki Olsztyn)<br \/>\nPoza kadr\u0105 w meczu z GKS Be\u0142chat\u00f3w (0:3)<br \/>\nPoza kadr\u0105 w meczu z Radomiakiem Radom (1:2)<br \/>\n90 minut w meczu z GKS Jastrz\u0119bie (2:1)<br \/>\n<\/span><\/span><\/p>\n<p><span style=\"color: #000080;\">Jakub Tec\u0142aw<\/span> (ur. 1999 &#8211; I\u0142awa, pierwszy klub GKS Wikielec)<br \/>\n90 minut w meczu z GKS Be\u0142chat\u00f3w (0:3)<br \/>\nCa\u0142y mecz na \u0142awce rezerwowych\u00a0<span style=\"color: #000080;\"><span style=\"color: #000000;\">w meczu z Radomiakiem Radom (1:2)<br \/>\nCa\u0142y mecz na \u0142awce rezerwowych z GKS Jastrz\u0119bie (2:1)<\/span><\/span><\/p>\n<p><span style=\"color: #000080;\">Wiktor Biedrzycki<\/span> (ur. 1997 &#8211; Olsztyn, pierwszy klub Naki Olsztyn)<br \/>\n90 minut w meczu z GKS Be\u0142chat\u00f3w (0:3)<br \/>\n90 minut w meczu z Radomiakiem Radom (1:2)<br \/>\n90 minut w meczu z GKS Jastrz\u0119bie (2:1)<\/p>\n<p><span style=\"color: #000080;\">Pawe\u0142 G\u0142owacki<\/span> (ur. 1983 &#8211; Olsztyn, pierwszy klub Stomil Olsztyn)<br \/>\nCa\u0142y mecz na \u0142awce rezerwowych z GKS Be\u0142chat\u00f3w (0:3)<br \/>\n90 minut w meczu z Radomiakiem Radom (1:2)<br \/>\nWszed\u0142 na boisko w 77. minucie meczu z\u00a0<span style=\"color: #000080;\"><span style=\"color: #000000;\">GKS Jastrz\u0119bie (2:1)<\/span><\/span><\/p>\n<p><span style=\"color: #000080;\">Maciej Serbintowicz<\/span> (ur. 2001 &#8211; Olsztyn, pierwszy klub Stomil Olsztyn)<br \/>\n<span style=\"color: #000080;\"><span style=\"color: #000000;\">Poza kadr\u0105 w meczu z GKS Be\u0142chat\u00f3w (0:3)<br \/>\nPoza kadr\u0105 w meczu z Radomiakiem Radom (1:2)<br \/>\nPoza kadr\u0105 w meczu\u00a0z\u00a0GKS Jastrz\u0119bie (2:1)<br \/>\n<\/span><\/span><\/p>\n<p><span style=\"color: #000080;\">Grzegorz Lech<\/span> (ur. 1983 &#8211; K\u0119trzyn, pierwszy klub Granica K\u0119trzyn)<br \/>\n90 minut w meczu z GKS Be\u0142chat\u00f3w (0:3)<br \/>\nZszed\u0142 z boiska w 80. minucie meczu z <span style=\"color: #000080;\"><span style=\"color: #000000;\">Radomiakiem Radom (1:2)<br \/>\n90 minut i gol w meczu z GKS Jastrz\u0119bie (2:1)<\/span><\/span><\/p>\n<p><span style=\"color: #000080;\">Artur Siemaszko<\/span> (ur. 1997 &#8211; Olsztyn, pierwszy klub OKS 1945 Olsztyn)<br \/>\nZszed\u0142 z boiska w 84. minucie meczu z GKS Be\u0142chat\u00f3w (0:3)<br \/>\nZszed\u0142 z boiska w 54. minucie meczu i zdoby\u0142 bramk\u0119 z <span style=\"color: #000080;\"><span style=\"color: #000000;\">Radomiakiem Radom (1:2)<br \/>\nZszed\u0142 z boiska w 46. minucie meczu z GKS Jastrz\u0119bie (2:1)<br \/>\n<\/span><\/span><\/p>\n<p><span style=\"color: #000080;\">Hubert Szramka<\/span>\u00a0(ur. 2001 &#8211; I\u0142awa, pierwszy klub GKS Wikielec)<br \/>\n<span style=\"color: #000080;\"><span style=\"color: #000000;\">Poza kadr\u0105 w meczu z GKS Be\u0142chat\u00f3w (0:3)<br \/>\nPoza kadr\u0105 w meczu z Radomiakiem Radom (1:2)<br \/>\nPoza kadr\u0105 w meczu\u00a0z\u00a0GKS Jastrz\u0119bie (2:1)<br \/>\n<\/span><\/span><\/p>\n<p><strong>Wigry Suwa\u0142ki<br \/>\n<\/strong><span style=\"color: #000080;\">Dominik K\u0105kolewski<\/span> (ur. 1996 &#8211; Szczytno, pierwszy klub Reda Szczytno)<br \/>\n90 minut w meczu z Chojniczank\u0105 Chojnice (1:1)<br \/>\n90 minut w meczu ze Stal\u0105 Mielec (1:1)<br \/>\n90 minut w meczu <span style=\"color: #000080;\"><span style=\"color: #000000;\"> z Wart\u0105 Pozna\u0144 (1:2)<\/span><\/span><br \/>\n<strong><br \/>\n<\/strong><span style=\"color: #000080;\">Wojciech Kuriata<\/span> (ur. 1996 &#8211; K\u0119trzyn, pierwszy klub Granica K\u0119trzyn)<br \/>\nPoza kadr\u0105 w meczu z Chojniczank\u0105 Chojnice (1:1)<br \/>\nPoza kadr\u0105 w meczu ze Stal\u0105 Mielec (1:1)<br \/>\n<span style=\"color: #000080;\"><span style=\"color: #000000;\">Poza kadr\u0105 w meczu z Wart\u0105 Pozna\u0144 (1:2)<\/span><\/span><br \/>\n<span style=\"color: #000080;\"><span style=\"color: #000000;\"><br \/>\n<span style=\"color: #000080;\">Szymon \u0141api\u0144ski<\/span> (ur. 2000 &#8211; Gi\u017cycko, pierwszy klub Mamry Gi\u017cycko)<br \/>\nZszed\u0142 z boiska w 88. minucie meczu z Chojniczank\u0105 Chojnice (1:1)<br \/>\nZszed\u0142 z boiska w 76. minucie meczu ze Stal\u0105 Mielec (1:1)<br \/>\nZszed\u0142 z boiska w 68. minucie meczu z Wart\u0105 Pozna\u0144 (1:2)<br \/>\n<\/span><\/span><\/p>\n<p><strong>Zag\u0142\u0119bie Sosnowiec<\/strong><br \/>\n<span style=\"color: #000080;\">Tomasz Nawotka<\/span> (ur. 1997 &#8211; Olsztyn, pierwszy klub Concordia Elbl\u0105g)<br \/>\n90 minut w meczu z Podbeskidziem Bielsko-Bia\u0142a (1:1)<br \/>\n90 minut w meczu z Olimpi\u0105 Grudzi\u0105dz (0:1)<br \/>\n90 minut w meczu z Bruk-Bet Termalik\u0105 Nieciecza (0:2)<\/p>\n<hr \/>\n<p><strong>&#8220;NASI&#8221; w II lidze<\/strong><\/p>\n<p><strong>Gryf Wejherowo<br \/>\n<\/strong><span style=\"color: #000080;\">Igor Biedrzycki <\/span>(ur. 1993 &#8211; Olsztyn, pierwszy klub Naki Olsztyn)<br \/>\n90 minut w meczu z Widzewem \u0141\u00f3d\u017a (1:2)<br \/>\n90 minut w meczu z GKS Katowice (0:2)<br \/>\nCa\u0142y mecz na \u0142awce rezerwowych ze Stal\u0105 Stalowa Wola (0:0)<\/p>\n<p><span style=\"color: #000080;\">Marcin Burkhardt <\/span>(ur. 1983 &#8211; Elbl\u0105g, pierwszy klub Olimpia Pozna\u0144)<br \/>\nPoza kadr\u0105 w meczu z Widzewem \u0141\u00f3d\u017a (1:2)<br \/>\nWszed\u0142 na boisko w 65. minucie meczu z GKS Katowice (0:2)<br \/>\nPoza kadr\u0105 w meczu ze Stal\u0105 Stalowa Wola (0:0)<\/p>\n<p><strong>Lech II Pozna\u0144<br \/>\n<\/strong><span style=\"color: #000080;\">\u0141ukasz Szramowski<\/span>\u00a0(ur. 2002 &#8211; Nowe Miasto Lubawskie, pierwszy klub Ewingi Zalewo)<br \/>\nCa\u0142y mecz na \u0142awce rezerwowych z Olimpi\u0105 Elbl\u0105g (0:4)<br \/>\nWszed\u0142 na boisko w 65. minucie meczu z G\u00f3rnikiem \u0141\u0119czna (0:0)<br \/>\nPoza kadr\u0105 w meczu ze Skr\u0105 Cz\u0119stochowa (2:0)<\/p>\n<p><strong>Legionovia Legionowo<\/strong><br \/>\n<span style=\"color: #000080;\">Jonatan Straus<\/span> (ur. 1994 &#8211; Nowe Miasto Lubawskie, pierwszy klub Drw\u0119ca Nowe Miasto Lubawskie)<br \/>\n90 minut w meczu ze Skr\u0105 Cz\u0119stochowa (2:0)<br \/>\n90 minut i gol w meczu ze Stal\u0105 Rzesz\u00f3w (1:3)<br \/>\n90 minut w meczu z Pogoni\u0105 Siedlce (1:3)<\/p>\n<p><strong>Olimpia Elbl\u0105g\u00a0<\/strong><br \/>\n<span style=\"color: #000080;\">Dawid Kap\u0142on<\/span> (ur. 2002 &#8211; Pas\u0142\u0119k, pierwszy klub Olimpia Elbl\u0105g)<br \/>\nCa\u0142y mecz na \u0142awce rezerwowych z Lechem II Pozna\u0144 (4:0)<br \/>\nPoza kadr\u0105 w meczu z G\u00f3rnikiem Polkowice (1:1)<br \/>\nPoza kadr\u0105 w meczu z Elan\u0105 Toru\u0144 (2:0)<\/p>\n<p><span style=\"color: #000080;\">Micha\u0142 Balewski<\/span> (ur. 1999 &#8211; Pas\u0142\u0119k, pierwszy klub Victoria Rychliki)<br \/>\nZszed\u0142 z boiska w 86. minucie meczu z Lechem II Pozna\u0144 (4:0)<br \/>\n90 minut w meczu\u00a0z G\u00f3rnikiem Polkowice (1:1)<br \/>\n90 minut w meczu z Elan\u0105 Toru\u0144 (2:0)<\/p>\n<p><span style=\"color: #000080;\">Micha\u0142 Kie\u0142tyka<\/span> (ur. 1994 &#8211; Elbl\u0105g, pierwszy klub Mlexer Elbl\u0105g)<br \/>\nPoza kadr\u0105 w meczu z Lechem II Pozna\u0144 (4:0)<br \/>\nPoza kadr\u0105 w meczu\u00a0z G\u00f3rnikiem Polkowice (1:1)<br \/>\nPoza kadr\u0105 w meczu z Elan\u0105 Toru\u0144 (2:0)<\/p>\n<p><span style=\"color: #000080;\">\u0141ukasz Sarnowski<span style=\"color: #000000;\"> (ur. 2003 &#8211; Elbl\u0105g, pierwszy klub Olimpia Elbl\u0105g)<br \/>\nPoza kadr\u0105 w meczu z Lechem II Pozna\u0144 (4:0)<br \/>\nCa\u0142y mecz na \u0142awce rezerwowych z\u00a0G\u00f3rnikiem Polkowice (1:1)<br \/>\nCa\u0142y mecz na \u0142awce rezerwowych z Elan\u0105 Toru\u0144 (2:0)<br \/>\n<\/span><br \/>\nMaciej Rozumowski<\/span> (ur. 1999 &#8211; Elbl\u0105g, pierwszy klub Concordia Wierciny)<br \/>\nPoza kadr\u0105 w meczu z Lechem II Pozna\u0144 (4:0)<br \/>\nPoza kadr\u0105 w meczu\u00a0z G\u00f3rnikiem Polkowice (1:1)<br \/>\nPoza kadr\u0105 w meczu z Elan\u0105 Toru\u0144 (2:0)<\/p>\n<p><span style=\"color: #000080;\">Mariusz Bucio<\/span> (ur. 2001 &#8211; Pas\u0142\u0119k, pierwszy klub B\u0142\u0119kitni Orneta)<br \/>\nPoza kadr\u0105 w meczu z Lechem II Pozna\u0144 (4:0)<br \/>\nPoza kadr\u0105 w meczu\u00a0z G\u00f3rnikiem Polkowice (1:1)<br \/>\nPoza kadr\u0105 w meczu z Elan\u0105 Toru\u0144 (2:0)<\/p>\n<p><span style=\"color: #000080;\">Eryk Filipczyk<\/span> (ur. 2000 &#8211; Elbl\u0105g, pierwszy klub Olimpia 2004 Elbl\u0105g)<br \/>\nWszed\u0142 na boisko w 86. minucie meczu z Lechem II Pozna\u0144 (4:0)<br \/>\n<span style=\"color: #000080;\"><span style=\"color: #000000;\">Ca\u0142y mecz na \u0142awce rezerwowych z\u00a0G\u00f3rnikiem Polkowice (1:1)<\/span><\/span><br \/>\n<span style=\"color: #000080;\"><span style=\"color: #000000;\">Ca\u0142y mecz na \u0142awce rezerwowych z\u00a0<\/span><\/span>Elan\u0105 Toru\u0144 (2:0)<\/p>\n<p><span style=\"color: #000080;\">Oskar Kordykiewicz<\/span> (ur. 2000 &#8211; Elbl\u0105g, pierwszy klub Balby Carr Academy Sport [ENG])<br \/>\nCa\u0142y mecz na \u0142awce rezerwowych z Lechem II Pozna\u0144 (4:0)<br \/>\n<span style=\"color: #000080;\"><span style=\"color: #000000;\">Ca\u0142y mecz na \u0142awce rezerwowych z\u00a0G\u00f3rnikiem Polkowice (1:1)<\/span><\/span><br \/>\n<span style=\"color: #000080;\"><span style=\"color: #000000;\">Ca\u0142y mecz na \u0142awce rezerwowych z<\/span><\/span> Elan\u0105 Toru\u0144 (2:0)<\/p>\n<p><span style=\"color: #000080;\">Klaudiusz Krasa<\/span> (ur. 2001 &#8211; Mor\u0105g, pierwszy klub Huragan Mor\u0105g)<br \/>\nZszed\u0142 z boiska w 79. minucie meczu z Lechem II Pozna\u0144 (4:0)<br \/>\n<span style=\"color: #000080;\"><span style=\"color: #000000;\">Zszed\u0142 z boiska w 46. minucie meczu z\u00a0G\u00f3rnikiem Polkowice (1:1)<\/span><\/span><br \/>\nWszed\u0142 na boisko w 88. minucie meczu z Elan\u0105 Toru\u0144 (2:0)<\/p>\n<p><span style=\"color: #000080;\">Tomasz Sedlewski<\/span> (ur. 1990 &#8211; Nowe Miasto Lubawskie, pierwszy klub Ossa Biskupiec Pomorski)<br \/>\n90 minut w meczu z Lechem II Pozna\u0144 (4:0)<br \/>\n90 minut w meczu\u00a0z G\u00f3rnikiem Polkowice (1:1)<br \/>\n90 minut w meczu\u00a0z Elan\u0105 Toru\u0144 (2:0)<\/p>\n<p><span style=\"color: #000080;\">Sebastian Milanowski\u00a0<span style=\"color: #000000;\">(ur. 2001 &#8211; Elbl\u0105g, pierwszy klub Olimpia Elbl\u0105g)<br \/>\nCa\u0142y mecz na \u0142awce rezerwowych z Lechem II Pozna\u0144 (4:0)<br \/>\nPoza kadr\u0105 w meczu\u00a0z G\u00f3rnikiem Polkowice (1:1)<br \/>\nPoza kadr\u0105 w meczu z Elan\u0105 Toru\u0144 (2:0)<br \/>\n<\/span><\/span><br \/>\n<span style=\"color: #000080;\">Micha\u0142 Miller<\/span>\u00a0(ur. 1991 &#8211; K\u0119trzyn, pierwszy klub Lwy Korsze)<br \/>\nZszed\u0142 z boiska w 84. minucie meczu z Lechem II Pozna\u0144 (4:0)<br \/>\n90 minut i gol w meczu\u00a0z G\u00f3rnikiem Polkowice (1:1)<br \/>\n90 minut w meczu z Elan\u0105 Toru\u0144 (2:0)<\/p>\n<p><strong>Pogo\u0144 Siedlce<\/strong><br \/>\n<span style=\"color: #000080;\">Patryk Kosyk<\/span>\u00a0(ur. 2000 &#8211; Mr\u0105gowo, pierwszy klub Hetman Baranowo)<br \/>\nCa\u0142y mecz na \u0142awce rezerwowych w meczu ze Stal\u0105 Rzesz\u00f3w (2:3)<br \/>\nPoza kadr\u0105 w meczu z Resovi\u0105 Rzesz\u00f3w (0:0)<br \/>\nPoza kadr\u0105 w meczu z Legionovi\u0105 Legionowo (3:1)<\/p>\n<p><strong>Resovia Rzesz\u00f3w<br \/>\n<\/strong><span style=\"color: #000080;\">Filip Majchrowicz<\/span> (ur. 2000 &#8211; Olsztyn, pierwszy klub OKS 1945 Olsztyn)<br \/>\nPoza kadr\u0105 w meczu ze Stal\u0105 Stalowa Wola (3:1)<br \/>\nPoza kadr\u0105 w meczu z Pogoni\u0105 Siedlce (0:0)<br \/>\nPoza kadr\u0105 w meczu ze Zniczem Pruszk\u00f3w (3:0)<\/p>\n<p><span style=\"color: #000080;\">Daniel \u015awiderski<\/span> (ur. 1994 &#8211; Pisz, pierwszy klub Znicz Bia\u0142a Piska)<br \/>\nWszed\u0142 na boisko w 55. minucie i zdoby\u0142 bramk\u0119 w meczu ze Stal\u0105 Stalowa Wola (3:1)<br \/>\nZszed\u0142 z boiska w 70. minucie meczu z Pogoni\u0105 Siedlce (0:0)<br \/>\nZszed\u0142 z boiska w 81. minucie meczu ze Zniczem Pruszk\u00f3w (3:0)<\/p>\n<p><strong>Stal Stalowa Wola<br \/>\n<\/strong><span style=\"color: #000080;\">Adam Waszkiewicz<\/span> (ur. 1993 &#8211; \u0141\u00f3d\u017a, pierwszy klub Huragan Pisz)<br \/>\n90 minut w meczu z Resovi\u0105 Rzesz\u00f3w (1:3)<br \/>\n90 minut w meczu ze Zniczem Pruszk\u00f3w (1:4)<br \/>\n90 minut w meczu z Gryfem Wejherowo (0:0)<\/p>\n<p><strong>Widzew \u0141\u00f3d\u017a<\/strong><br \/>\n<span style=\"color: #000080;\">Marcel Stefaniak <span style=\"color: #000000;\">(ur. 2000 &#8211; Elbl\u0105g, pierwszy klub Concordia Elbl\u0105g)<br \/>\nCa\u0142y mecz na \u0142awce rezerwowych z Gryfem Wejherowo (2:1)<br \/>\nCa\u0142y mecz na \u0142awce rezerwowych z Bytovi\u0105 Byt\u00f3w (1:2)<br \/>\nWszed\u0142 na boisko w 90. minucie meczu z B\u0142\u0119kitnymi Stargard (2:0)<\/span><\/span><\/p>\n<p><strong>Znicz Pruszk\u00f3w<\/strong><br \/>\n<span style=\"color: #000080;\">Marcin Rackiewicz<\/span> (ur. 1987 &#8211; Ostr\u00f3da, pierwszy klub T\u0119cza Mi\u0142om\u0142yn)<br \/>\nZszed\u0142 z boiska w 79. minucie meczu z GKS Katowice (3:1)<br \/>\nZszed\u0142 z boiska w 68. minucie meczu ze Stal\u0105 Stalowa Wola (4:1)<br \/>\nZszed\u0142 z boiska w 69. minucie meczu z Resovi\u0105 Rzesz\u00f3w (0:3)<\/p>\n<hr \/>\n<p><span style=\"color: #000000;\"><br \/>\nJe\u015bli w tym zestawieniu nie widzicie kt\u00f3rego\u015b z zawodnik\u00f3w pochodz\u0105cych z naszego regionu, graj\u0105cego za granic\u0105 lub na szczeblu centralnym w Polsce, piszcie na adres mailowy\u00a0<a href=\"mailto:mariusz.bojarowski@wmzpn.pl\">mariusz.bojarowski@wmzpn.pl<\/a><\/span><\/p>\n<hr \/>\n<p><em><br \/>\nNa zdj\u0119ciu Jakub Serafin<br \/>\nfot.\u00a0www.puszcza-niepolomice.pl<\/em><\/p>\n","protected":false},"excerpt":{"rendered":"<p>Poni\u017cej przedstawiamy podsumowanie wyst\u0119p\u00f3w zawodnik\u00f3w pochodz\u0105cych z naszego wojew\u00f3dztwa graj\u0105cych za granic\u0105 oraz na szczeblach centralnych polskich lig. Podsumowanie obejmuje okres od 06.06.2019 r. do 12.08.2019 r.<\/p>\n","protected":false},"author":3,"featured_media":7363,"comment_status":"open","ping_status":"open","sticky":false,"template":"","format":"standard","meta":{"footnotes":""},"categories":[91],"tags":[],"class_list":["post-7301","post","type-post","status-publish","format-standard","has-post-thumbnail","hentry","category-nasi-ligowcy"],"_links":{"self":[{"href":"https:\/\/wmzpn.pl\/index.php?rest_route=\/wp\/v2\/posts\/7301","targetHints":{"allow":["GET"]}}],"collection":[{"href":"https:\/\/wmzpn.pl\/index.php?rest_route=\/wp\/v2\/posts"}],"about":[{"href":"https:\/\/wmzpn.pl\/index.php?rest_route=\/wp\/v2\/types\/post"}],"author":[{"embeddable":true,"href":"https:\/\/wmzpn.pl\/index.php?rest_route=\/wp\/v2\/users\/3"}],"replies":[{"embeddable":true,"href":"https:\/\/wmzpn.pl\/index.php?rest_route=%2Fwp%2Fv2%2Fcomments&post=7301"}],"version-history":[{"count":13,"href":"https:\/\/wmzpn.pl\/index.php?rest_route=\/wp\/v2\/posts\/7301\/revisions"}],"predecessor-version":[{"id":7364,"href":"https:\/\/wmzpn.pl\/index.php?rest_route=\/wp\/v2\/posts\/7301\/revisions\/7364"}],"wp:featuredmedia":[{"embeddable":true,"href":"https:\/\/wmzpn.pl\/index.php?rest_route=\/wp\/v2\/media\/7363"}],"wp:attachment":[{"href":"https:\/\/wmzpn.pl\/index.php?rest_route=%2Fwp%2Fv2%2Fmedia&parent=7301"}],"wp:term":[{"taxonomy":"category","embeddable":true,"href":"https:\/\/wmzpn.pl\/index.php?rest_route=%2Fwp%2Fv2%2Fcategories&post=7301"},{"taxonomy":"post_tag","embeddable":true,"href":"https:\/\/wmzpn.pl\/index.php?rest_route=%2Fwp%2Fv2%2Ftags&post=7301"}],"curies":[{"name":"wp","href":"https:\/\/api.w.org\/{rel}","templated":true}]}}