{"id":712,"date":"2018-04-01T11:36:57","date_gmt":"2018-04-01T11:36:57","guid":{"rendered":"http:\/\/wmzpn1.home.pl\/autoinstalator\/wordpress1\/?p=712"},"modified":"2018-07-10T11:38:34","modified_gmt":"2018-07-10T11:38:34","slug":"bezplatne-szkolenia-z-programu-msit-klub","status":"publish","type":"post","link":"https:\/\/wmzpn.pl\/?p=712","title":{"rendered":"Bezp\u0142atne szkolenia z programu MSiT &#8220;KLUB&#8221;"},"content":{"rendered":"<p>Serdecznie zapraszamy do wzi\u0119cia udzia\u0142u w <strong>bezp\u0142atnym szkoleniu z programu MSiT \u201eKLUB&#8221;<\/strong>. Organizatorem wydarzenia jest Pawe\u0142 Papke, Pose\u0142 na Sejm RP<!--more-->, a partnerem Warmi\u0144sko-Mazurski Zwi\u0105zek Pi\u0142ki No\u017cnej. W ca\u0142ym wojew\u00f3dztwie odb\u0119dzie si\u0119 8 spotka\u0144. Przewidywany czas szkolenia 1,5 h. Dofinansowanie w programie si\u0119ga 10.000 tys. z\u0142 (klub jednosekcyjny), 15.000 z\u0142 (klub wielosekcyjny). Mo\u017cna z niego op\u0142aci\u0107 trenera, kupi\u0107 sprz\u0119t sportowy b\u0105d\u017a zorganizowa\u0107 ob\u00f3z.<\/p>\n<p>Podstawowe warunki udzia\u0142u w programie:<br \/>\n&#8211; klub musi by\u0107 stowarzyszeniem istniej\u0105cym 3 lata od momentu z\u0142o\u017cenia wniosku<br \/>\n&#8211; posiada\u0107 podstawowy cel dzia\u0142ano\u015bci polegaj\u0105cy na  upowszechnianiu  kultury fizycznej w\u015br\u00f3d dzieci i m\u0142odzie\u017cy oraz uczniowskich klub\u00f3w sportowych<\/p>\n<p>W tym roku do rozdysponowania w programie jest 40 mln z\u0142.<\/p>\n<p>Podczas spotka\u0144 b\u0119d\u0105 omawiane g\u0142\u00f3wne zadania, kt\u00f3rymi obj\u0119ty jest program. Om\u00f3wimy najwa\u017cniejsze kwestie merytoryczne, jak r\u00f3wnie\u017c wska\u017cemy najcz\u0119\u015bciej pope\u0142niane b\u0142\u0119dy. B\u0119dziemy do Pa\u0144stwa dyspozycji w zakresie analizy poszczeg\u00f3lnych wniosk\u00f3w. Przewidujemy r\u00f3wnie\u017c czas na zadawanie pyta\u0144 i konsultacje indywidualne.<\/p>\n<p><strong>Spotykamy si\u0119:<\/strong><br \/>\n\u2022 03.04. g. 17:00 Olsztyn (Warmi\u0144sko &#8211; Mazurski Zwi\u0105zek Pi\u0142ki No\u017cnej, al. marsz. J\u00f3zefa Pi\u0142sudskiego 69a)<br \/>\n\u2022 04.04. g. 13:00 Go\u0142dap (Centrum Dydaktyczno Szkoleniowe, ul. Partyzant\u00f3w 31)<br \/>\n\u2022 04.04. g. 17:00 E\u0142k (Hotel Rydzewski, Armii Krajowej 32)<br \/>\n\u2022 10.04. g. 17:00 Ostr\u00f3da (Stadion Miejski, ul. 3 maja 19)<br \/>\n\u2022 13.04. g. 17:00 Gi\u017cycko  (Ekomarina, ul. D\u0105browskiego 14)<br \/>\n\u2022 16.04. g. 17:00 Szczytno (Restauracja Zacisze, ul.Spacerowa 4)<br \/>\n\u2022 17.04 g. 14:00 Nidzica (Sp\u00f3\u0142dzielnia Socjalna &#8220;Nie Jeste\u015b Sam&#8221;, ul. Krzywa 8)<br \/>\n\u2022 23.04 g. 17:00 Mr\u0105gowo (sala ORBITA Centrum Kultury i Turystyki w Mr\u0105gowie ul. Warszawska 26)<\/p>\n<p><strong>Osoby zainteresowane wzi\u0119ciem udzia\u0142u w szkoleniu, maj\u0105 obowi\u0105zek przes\u0142ania na adres mailowy pawel.papke@sejm.pl:<\/strong><br \/>\n&#8211; imienia i nazwiska osoby, kt\u00f3ra b\u0119dzie uczestniczy\u0142a w szkoleniu<br \/>\n&#8211; nazwy klubu, kt\u00f3ry reprezentuje<br \/>\n&#8211; terminu i miejsca, gdzie b\u0119dzie uczestniczy\u0142 w szkoleniu<br \/>\n&#8211; numeru telefonu kontaktowego<\/p>\n<p>Osob\u0105 kontaktow\u0105 ws. szkolenia jest Sylwia Kurt &#8211; Dyrektor Biura Poselskiego Paw\u0142a Papke &#8211; 691 919 950.<\/p>\n<p>Szczeg\u00f3\u0142owe informacje na temat programu: <a href=\"https:\/\/bip.msit.gov.pl\/bip\/finansowanie-zadan\/sport-powszechny\/2018-rok\/2251,Minister-Sportu-i-Turystyki-oglasza-nabor-wnioskow-na-realizacje-w-2018-roku-pro.html\" rel=\"noopener\" target=\"_blank\">https:\/\/bip.msit.gov.pl\/bip\/finansowanie-zadan\/sport-powszechny\/2018-rok\/2251,Minister-Sportu-i-Turystyki-oglasza-nabor-wnioskow-na-realizacje-w-2018-roku-pro.html <\/a><\/p>\n","protected":false},"excerpt":{"rendered":"<p>Serdecznie zapraszamy do wzi\u0119cia udzia\u0142u w bezp\u0142atnym szkoleniu z programu MSiT \u201eKLUB&#8221;. Organizatorem wydarzenia jest Pawe\u0142 Papke, Pose\u0142 na Sejm RP<\/p>\n","protected":false},"author":3,"featured_media":713,"comment_status":"open","ping_status":"open","sticky":false,"template":"","format":"standard","meta":{"footnotes":""},"categories":[26],"tags":[],"class_list":["post-712","post","type-post","status-publish","format-standard","has-post-thumbnail","hentry","category-zwiazek-news"],"_links":{"self":[{"href":"https:\/\/wmzpn.pl\/index.php?rest_route=\/wp\/v2\/posts\/712","targetHints":{"allow":["GET"]}}],"collection":[{"href":"https:\/\/wmzpn.pl\/index.php?rest_route=\/wp\/v2\/posts"}],"about":[{"href":"https:\/\/wmzpn.pl\/index.php?rest_route=\/wp\/v2\/types\/post"}],"author":[{"embeddable":true,"href":"https:\/\/wmzpn.pl\/index.php?rest_route=\/wp\/v2\/users\/3"}],"replies":[{"embeddable":true,"href":"https:\/\/wmzpn.pl\/index.php?rest_route=%2Fwp%2Fv2%2Fcomments&post=712"}],"version-history":[{"count":1,"href":"https:\/\/wmzpn.pl\/index.php?rest_route=\/wp\/v2\/posts\/712\/revisions"}],"predecessor-version":[{"id":714,"href":"https:\/\/wmzpn.pl\/index.php?rest_route=\/wp\/v2\/posts\/712\/revisions\/714"}],"wp:featuredmedia":[{"embeddable":true,"href":"https:\/\/wmzpn.pl\/index.php?rest_route=\/wp\/v2\/media\/713"}],"wp:attachment":[{"href":"https:\/\/wmzpn.pl\/index.php?rest_route=%2Fwp%2Fv2%2Fmedia&parent=712"}],"wp:term":[{"taxonomy":"category","embeddable":true,"href":"https:\/\/wmzpn.pl\/index.php?rest_route=%2Fwp%2Fv2%2Fcategories&post=712"},{"taxonomy":"post_tag","embeddable":true,"href":"https:\/\/wmzpn.pl\/index.php?rest_route=%2Fwp%2Fv2%2Ftags&post=712"}],"curies":[{"name":"wp","href":"https:\/\/api.w.org\/{rel}","templated":true}]}}