{"id":6121,"date":"2019-05-16T08:04:08","date_gmt":"2019-05-16T08:04:08","guid":{"rendered":"http:\/\/wmzpn.pl\/?p=6121"},"modified":"2019-05-16T17:58:11","modified_gmt":"2019-05-16T17:58:11","slug":"powolanie-do-kadry-chlopcow-rocznika-2005-i-2006-na-mecze-mistrzowskie-z-pomorskim-zpn-21-22-05-2019-ilawa","status":"publish","type":"post","link":"https:\/\/wmzpn.pl\/?p=6121","title":{"rendered":"Powo\u0142anie do kadry ch\u0142opc\u00f3w rocznika 2005 i 2006 na mecze mistrzowskie z Pomorskim ZPN, 21-22.05.2019 Malbork"},"content":{"rendered":"<p>Informujemy, i\u017c w dniu 22 maja 2019 roku w Malborku, odb\u0119d\u0105 si\u0119 mecze mistrzowskie kadr WMZPN ch\u0142opc\u00f3w rocznika 2005 i 2006 z kadr\u0105 Pomorskiego ZPN.<\/p>\n<p><strong><a href=\"http:\/\/www.wmzpn.pl\/pobierz\/powo\u0142anie_2005_malbork_21-22.05.2019.pdf\">LISTA POWO\u0141ANYCH ZAWODNIK\u00d3W Z ROCZNIKA 2005<\/a><\/strong><\/p>\n<p><strong><a href=\"http:\/\/www.wmzpn.pl\/pobierz\/powo\u0142anie_2006_malbork_21-22.05.2019.pdf\">LISTA POWO\u0141ANYCH ZAWODNIK\u00d3W Z ROCZNIKA 2006<\/a><\/strong><\/p>\n<p><strong>Zbi\u00f3rka zawodnik\u00f3w dnia 21 maja o godzinie 09:30 w Olsztynie (Stadion OSiR, al. Pi\u0142sudskiego 69a).<br \/>\n<\/strong><\/p>\n<p><a href=\"http:\/\/wmzpn.pl\/wp-content\/uploads\/2018\/07\/zgrup-kadra-2005-2.jpg\"><img loading=\"lazy\" decoding=\"async\" src=\"http:\/\/wmzpn.pl\/wp-content\/uploads\/2018\/07\/zgrup-kadra-2005-2.jpg\" alt=\"\" width=\"620\" height=\"300\" class=\"aligncenter size-full wp-image-943\" srcset=\"https:\/\/wmzpn.pl\/wp-content\/uploads\/2018\/07\/zgrup-kadra-2005-2.jpg 620w, https:\/\/wmzpn.pl\/wp-content\/uploads\/2018\/07\/zgrup-kadra-2005-2-300x145.jpg 300w\" sizes=\"auto, (max-width: 620px) 100vw, 620px\" \/><\/a><\/p>\n","protected":false},"excerpt":{"rendered":"<p>Informujemy, i\u017c w dniu 22 maja 2019 roku w Malborku, odb\u0119d\u0105 si\u0119 mecze mistrzowskie kadr WMZPN ch\u0142opc\u00f3w rocznika 2005 i 2006 z kadr\u0105 Pomorskiego ZPN. LISTA POWO\u0141ANYCH ZAWODNIK\u00d3W Z ROCZNIKA 2005 LISTA POWO\u0141ANYCH ZAWODNIK\u00d3W Z ROCZNIKA 2006 Zbi\u00f3rka zawodnik\u00f3w dnia 21 maja o godzinie 09:30 w Olsztynie (Stadion OSiR, al. Pi\u0142sudskiego 69a).<\/p>\n","protected":false},"author":6,"featured_media":5093,"comment_status":"open","ping_status":"open","sticky":false,"template":"","format":"standard","meta":{"footnotes":""},"categories":[70,71],"tags":[],"class_list":["post-6121","post","type-post","status-publish","format-standard","has-post-thumbnail","hentry","category-chlopcy-2006-u-14","category-chlopcy-2007-u-13"],"_links":{"self":[{"href":"https:\/\/wmzpn.pl\/index.php?rest_route=\/wp\/v2\/posts\/6121","targetHints":{"allow":["GET"]}}],"collection":[{"href":"https:\/\/wmzpn.pl\/index.php?rest_route=\/wp\/v2\/posts"}],"about":[{"href":"https:\/\/wmzpn.pl\/index.php?rest_route=\/wp\/v2\/types\/post"}],"author":[{"embeddable":true,"href":"https:\/\/wmzpn.pl\/index.php?rest_route=\/wp\/v2\/users\/6"}],"replies":[{"embeddable":true,"href":"https:\/\/wmzpn.pl\/index.php?rest_route=%2Fwp%2Fv2%2Fcomments&post=6121"}],"version-history":[{"count":6,"href":"https:\/\/wmzpn.pl\/index.php?rest_route=\/wp\/v2\/posts\/6121\/revisions"}],"predecessor-version":[{"id":6136,"href":"https:\/\/wmzpn.pl\/index.php?rest_route=\/wp\/v2\/posts\/6121\/revisions\/6136"}],"wp:featuredmedia":[{"embeddable":true,"href":"https:\/\/wmzpn.pl\/index.php?rest_route=\/wp\/v2\/media\/5093"}],"wp:attachment":[{"href":"https:\/\/wmzpn.pl\/index.php?rest_route=%2Fwp%2Fv2%2Fmedia&parent=6121"}],"wp:term":[{"taxonomy":"category","embeddable":true,"href":"https:\/\/wmzpn.pl\/index.php?rest_route=%2Fwp%2Fv2%2Fcategories&post=6121"},{"taxonomy":"post_tag","embeddable":true,"href":"https:\/\/wmzpn.pl\/index.php?rest_route=%2Fwp%2Fv2%2Ftags&post=6121"}],"curies":[{"name":"wp","href":"https:\/\/api.w.org\/{rel}","templated":true}]}}