{"id":5944,"date":"2019-05-03T12:31:17","date_gmt":"2019-05-03T12:31:17","guid":{"rendered":"http:\/\/wmzpn.pl\/?p=5944"},"modified":"2019-05-03T12:31:17","modified_gmt":"2019-05-03T12:31:17","slug":"powolanie-do-kadry-chlopcow-rocznika-2005-i-2006-na-mecze-mistrzowskie-z-podlaskim-zpn-08-05-2019-ilawa","status":"publish","type":"post","link":"https:\/\/wmzpn.pl\/?p=5944","title":{"rendered":"Powo\u0142anie do kadry ch\u0142opc\u00f3w rocznika 2005 i 2006 na mecze mistrzowskie z Podlaskim ZPN, 08.05.2019 I\u0142awa"},"content":{"rendered":"<p>Informujemy, i\u017c w dniu 8 maja 2019 roku w I\u0142awie, odb\u0119d\u0105 si\u0119 mecze mistrzowskie kadr WMZPN ch\u0142opc\u00f3w rocznika 2005 i 2006 z kadr\u0105 Pomorskiego ZPN.<\/p>\n<p><strong><a href=\"http:\/\/www.wmzpn.pl\/pobierz\/powo%C5%82anie_i%C5%82awa_2005_08.05.2019.pdf\">LISTA POWO\u0141ANYCH ZAWODNIK\u00d3W Z ROCZNIKA 2005<\/a><\/strong><\/p>\n<p><strong><a href=\"http:\/\/www.wmzpn.pl\/pobierz\/powo%C5%82anie_i%C5%82awa_2006_08.05.2019.pdf\">LISTA POWO\u0141ANYCH ZAWODNIK\u00d3W Z ROCZNIKA 2006<\/a><\/strong><\/p>\n<p>Zbi\u00f3rka zawodnik\u00f3w dnia 8 maja o godzinie 07:30 w Olsztynie (Stadion OSiR, al. Pi\u0142sudskiego 69a).<\/p>\n<p><a href=\"http:\/\/wmzpn.pl\/wp-content\/uploads\/2019\/02\/2006-kadra.jpg\"><img loading=\"lazy\" decoding=\"async\" src=\"http:\/\/wmzpn.pl\/wp-content\/uploads\/2019\/02\/2006-kadra.jpg\" alt=\"\" width=\"4928\" height=\"3264\" class=\"aligncenter size-full wp-image-5093\" srcset=\"https:\/\/wmzpn.pl\/wp-content\/uploads\/2019\/02\/2006-kadra.jpg 4928w, https:\/\/wmzpn.pl\/wp-content\/uploads\/2019\/02\/2006-kadra-300x199.jpg 300w, https:\/\/wmzpn.pl\/wp-content\/uploads\/2019\/02\/2006-kadra-768x509.jpg 768w, https:\/\/wmzpn.pl\/wp-content\/uploads\/2019\/02\/2006-kadra-1024x678.jpg 1024w, https:\/\/wmzpn.pl\/wp-content\/uploads\/2019\/02\/2006-kadra-696x461.jpg 696w, https:\/\/wmzpn.pl\/wp-content\/uploads\/2019\/02\/2006-kadra-1068x707.jpg 1068w, https:\/\/wmzpn.pl\/wp-content\/uploads\/2019\/02\/2006-kadra-634x420.jpg 634w\" sizes=\"auto, (max-width: 4928px) 100vw, 4928px\" \/><\/a><\/p>\n","protected":false},"excerpt":{"rendered":"<p>Informujemy, i\u017c w dniu 8 maja 2019 roku w I\u0142awie, odb\u0119d\u0105 si\u0119 mecze mistrzowskie kadr WMZPN ch\u0142opc\u00f3w rocznika 2005 i 2006 z kadr\u0105 Pomorskiego ZPN. LISTA POWO\u0141ANYCH ZAWODNIK\u00d3W Z ROCZNIKA 2005 LISTA POWO\u0141ANYCH ZAWODNIK\u00d3W Z ROCZNIKA 2006 Zbi\u00f3rka zawodnik\u00f3w dnia 8 maja o godzinie 07:30 w Olsztynie (Stadion OSiR, al. Pi\u0142sudskiego 69a).<\/p>\n","protected":false},"author":6,"featured_media":943,"comment_status":"open","ping_status":"open","sticky":false,"template":"","format":"standard","meta":{"footnotes":""},"categories":[70,71],"tags":[],"class_list":["post-5944","post","type-post","status-publish","format-standard","has-post-thumbnail","hentry","category-chlopcy-2006-u-14","category-chlopcy-2007-u-13"],"_links":{"self":[{"href":"https:\/\/wmzpn.pl\/index.php?rest_route=\/wp\/v2\/posts\/5944","targetHints":{"allow":["GET"]}}],"collection":[{"href":"https:\/\/wmzpn.pl\/index.php?rest_route=\/wp\/v2\/posts"}],"about":[{"href":"https:\/\/wmzpn.pl\/index.php?rest_route=\/wp\/v2\/types\/post"}],"author":[{"embeddable":true,"href":"https:\/\/wmzpn.pl\/index.php?rest_route=\/wp\/v2\/users\/6"}],"replies":[{"embeddable":true,"href":"https:\/\/wmzpn.pl\/index.php?rest_route=%2Fwp%2Fv2%2Fcomments&post=5944"}],"version-history":[{"count":6,"href":"https:\/\/wmzpn.pl\/index.php?rest_route=\/wp\/v2\/posts\/5944\/revisions"}],"predecessor-version":[{"id":6122,"href":"https:\/\/wmzpn.pl\/index.php?rest_route=\/wp\/v2\/posts\/5944\/revisions\/6122"}],"wp:featuredmedia":[{"embeddable":true,"href":"https:\/\/wmzpn.pl\/index.php?rest_route=\/wp\/v2\/media\/943"}],"wp:attachment":[{"href":"https:\/\/wmzpn.pl\/index.php?rest_route=%2Fwp%2Fv2%2Fmedia&parent=5944"}],"wp:term":[{"taxonomy":"category","embeddable":true,"href":"https:\/\/wmzpn.pl\/index.php?rest_route=%2Fwp%2Fv2%2Fcategories&post=5944"},{"taxonomy":"post_tag","embeddable":true,"href":"https:\/\/wmzpn.pl\/index.php?rest_route=%2Fwp%2Fv2%2Ftags&post=5944"}],"curies":[{"name":"wp","href":"https:\/\/api.w.org\/{rel}","templated":true}]}}