{"id":48676,"date":"2026-04-29T06:32:58","date_gmt":"2026-04-29T06:32:58","guid":{"rendered":"https:\/\/wmzpn.pl\/?p=48676"},"modified":"2026-04-29T06:35:09","modified_gmt":"2026-04-29T06:35:09","slug":"uefa-development-u16-ponownie-zagosci-w-biskupcu-i-ketrzynie","status":"publish","type":"post","link":"https:\/\/wmzpn.pl\/?p=48676","title":{"rendered":"UEFA Development U16 ponownie zago\u015bci w Biskupcu i K\u0119trzynie!"},"content":{"rendered":"<div class=\"container-article news-article__lead border-bottom-diagonal fw-bold\">\n<p><b>W dniach 8-13 maja 2026 Reprezentacja Polski do lat 16, pod wodz\u0105 trenera Rafa\u0142a Lasockiego we\u017amie udzia\u0142 w mi\u0119dzynarodowym turnieju &#8220;UEFA DEVELOPMENT U16&#8221;. Miastami gospodarzami b\u0119d\u0105 ponownie Biskupiec i K\u0119trzyn.<\/b><\/p>\n<p>Bia\u0142o-czerwoni w ramach rozgrywek rywalizowa\u0107 b\u0119d\u0105 z r\u00f3wie\u015bnikami z <strong>Ekwadoru, Norwegii i Ukrainy.<\/strong> Dlaczego w turnieju UEFA zagraj\u0105 dru\u017cyny spoza Europy? Jest to mo\u017cliwe dzi\u0119ki programowi <strong>UEFA Together<\/strong>, <em>kt\u00f3ry ma<span class=\"relative -mx-px my-[-0.2rem] rounded px-px py-[0.2rem] transition-colors duration-100 ease-in-out\">\u00a0na celu globalny rozw\u00f3j pi\u0142ki no\u017cnej poprzez wsp\u00f3\u0142prac\u0119 UEFA z pi\u0119cioma siostrzanymi konfederacjami: AFC (Azja), CAF (Afryka), CONCACAF (Ameryka P\u00f3\u0142nocna i \u015arodkowa), CONMEBOL (Ameryka Po\u0142udniowa) oraz OFC (Oceania).<\/span> <\/em><span class=\"relative -mx-px my-[-0.2rem] rounded px-px py-[0.2rem] transition-colors duration-100 ease-in-out\"><em>Program ten opiera si\u0119 na wymianie wiedzy, do\u015bwiadcze\u0144 i wsp\u00f3lnych projektach, wspieraj\u0105c rozw\u00f3j pi\u0142ki no\u017cnej na ca\u0142ym \u015bwiecie<\/em>. <\/span><\/p>\n<p><span class=\"relative -mx-px my-[-0.2rem] rounded px-px py-[0.2rem] transition-colors duration-100 ease-in-out\">Jednym z tych projekt\u00f3w b\u0119dzie w\u0142a\u015bnie turniej rozgrywany w Biskupcu i K\u0119trzynie. <\/span>Baza noclegowa wszystkich reprezentacji zostanie zorganizowana w Mr\u0105gowie<b>. Wst\u0119p na mecze b\u0119dzie bezp\u0142atny.\u00a0<\/b><\/p>\n<\/div>\n<div class=\"container-article news-article__lead border-bottom-diagonal fw-bold\">\n<p><span style=\"color: #ffffff; background-color: #ff0000;\"><strong>\u00a0TERMINARZ\u00a0<\/strong><\/span><\/p>\n<p><strong>08.05.2026 (pi\u0105tek)<\/strong><br \/>Polska &#8211; Norwegia | g. 11:00 \u2013 Biskupiec<br \/>Ekwador &#8211; Ukraina | g. 14:00 \u2013 K\u0119trzyn<br \/><strong>10.05.2026 (niedziela)<\/strong><br \/>Polska &#8211; Ukraina | g. 11:00 \u2013 Biskupiec<br \/>Ekwador &#8211; Norwegia | g. 14:00 \u2013 K\u0119trzyn<br \/><strong>13.05.2026 (\u015broda)<\/strong><br \/>Polska &#8211; Ekwador | g. 11:00 \u2013 K\u0119trzyn<br \/>Norwegia &#8211; Ukraina | g. 11:00 \u2013 Biskupiec<\/p>\n<\/div>\n<div>\n<div class=\"news-section\">\n<div class=\"article-simple container-article\">\n<div class=\"article-simple__text\">\n<p><span style=\"color: #ffffff; background-color: #ff0000;\"><strong>\u00a0WST\u0118P NA MECZE\u00a0<\/strong><\/span><\/p>\n<p>Wst\u0119p na ka\u017cdy mecz jest bezp\u0142atny, bez konieczno\u015bci posiadania biletu. <b>Serdecznie zapraszamy szczeg\u00f3lnie szko\u0142y oraz grupy zorganizowane!<\/b><\/p>\n<p><span style=\"background-color: #ff0000; color: #ffffff;\"><strong>\u00a0KADRA POLSKI NA TURNIEJ UEFA DEVELOPMENT U16\u00a0<\/strong><\/span><\/p>\n<p><img decoding=\"async\" src=\"https:\/\/scontent-waw2-1.xx.fbcdn.net\/v\/t39.30808-6\/678006511_1508431307316866_5904244470765639612_n.jpg?stp=dst-jpg_s640x640_tt6&amp;_nc_cat=110&amp;ccb=1-7&amp;_nc_sid=13d280&amp;_nc_ohc=1Uh85Jzhcy4Q7kNvwHfhHaT&amp;_nc_oc=AdqELrBpO3AzZnrt5odSsIZoQ1oewCOkcVk3Ws7JvGvtfPobrioSHIrWeV_YFvAbNeI&amp;_nc_zt=23&amp;_nc_ht=scontent-waw2-1.xx&amp;_nc_gid=fiT25cGH4oIkC2sULMqnOA&amp;_nc_ss=7b2a8&amp;oh=00_Af3veoQ95fuQKRwJ1jIo1uAYXgJI5oJWDIjltfEYBOnM4Q&amp;oe=69F76C52\" alt=\"Mo\u017ce by\u0107 zdj\u0119ciem przedstawiaj\u0105cym tekst \u201ePOLSKA U16 POWO\u0141ANIA NA TURNIEJ UEFA DEVELOPMENT Mateusz MateuszAndrzejkowicz Andrzejkowicz POGO SZCZECIN Serafim Bakhno LECH POZNAN Oliwier Madej STAL RZESZOW Grzegorz Baku\u0142a SZCZECIN IgorMak Igor Mak ZAG\u0141EBIELUBIN LUBIN Kornel Brz\u00f3zka JAGIELLONIABIALYSTOK BIA\u0141YSTOK Przemvs\u0142aw Mazan SLASK SL\u0104SKWROC\u0141AW Krzysztof Ciepielewski STAI RZESZ\u00d3W Krzysztof Naro\u017cny MIEDZ LEGNICA Jan G\u0142ab WIDZEW \u0141\u00d3D\u017b Wojciech Orzechowski POGON SZCZECIN Tomasz Jakubowski JAGUAR GDANSK Olaf Osowski ECHPOZNAN Adrian Jaster POGON SZCZECIN Oskar Putrzy\u0144ski y\u0144ski LEGIA WARSZAWA Kacper Kopijka KKO Dawid Rutkowski NEW YORK BULLS Tymoteusz Le\u015bniak LEGIA WARSZAWA Franciszck St\u0119pniewski LEGIA WARSZAWA Nikodeml.icznerski Nikodem Licznerski FASE SZCZECIN \u0142ukasz Zaj\u0105czkowski WROC\u0141AW Franciszek FranciszekZgoda Zgoda \u0141KS \u0141ODZ\u201d\" \/><\/p>\n<p><span style=\"background-color: #ff0000; color: #ffffff;\"><strong>\u00a0AKREDYTACJE\u00a0<\/strong><\/span><\/p>\n<p>Udzia\u0142 medi\u00f3w w meczach b\u0119dzie mo\u017cliwy po \u00f3wczesnym z\u0142o\u017ceniu wniosku o akredytacj\u0119. Akredytacje przyznawane b\u0119d\u0105 na wszystkie mecze rozgrywane w danej miejscowo\u015bci, jednak ich ilo\u015b\u0107 b\u0119dzie ograniczona.<\/p>\n<p>Wnioski mo\u017cna sk\u0142ada\u0107<strong> do 7 maja<\/strong>\u00a0<strong>2026, do godz. 16:00<\/strong> wy\u0142\u0105cznie poprzez formularz dost\u0119pny <a href=\"http:\/\/wmzpn.pl\/?page_id=37937\" target=\"_blank\" rel=\"noopener\">-&gt;\u00a0TUTAJ<\/a><\/p>\n<p>Akredytacje b\u0119d\u0105 rozdawane kasach biletowych w dniach meczowych na 1,5 h przed meczem \u2013 do rozpocz\u0119cia meczu.<\/p>\n<p><span style=\"background-color: #ff0000; color: #ffffff;\"><strong>\u00a0WSP\u00d3\u0141ORGANIZATORZY\u00a0<\/strong><\/span><\/p>\n<p>Wsp\u00f3\u0142organizatorami turnieju <strong>UEFA Development<\/strong> <strong>U16<\/strong> s\u0105:<br \/><strong>Centrum Kultury, Turystyki i Sportu w Biskupcu<br \/>BKS T\u0119cza Biskupiec<br \/><\/strong><strong>Miejski O\u015brodek Sportu i Rekreacji w K\u0119trzynie<br \/>Granica K\u0119trzyn.<\/strong><\/p>\n<p><img loading=\"lazy\" decoding=\"async\" class=\"alignnone size-full wp-image-44905\" src=\"https:\/\/wmzpn.pl\/wp-content\/uploads\/2025\/04\/Warstwa-1.jpg\" alt=\"\" width=\"1920\" height=\"328\" srcset=\"https:\/\/wmzpn.pl\/wp-content\/uploads\/2025\/04\/Warstwa-1.jpg 1920w, https:\/\/wmzpn.pl\/wp-content\/uploads\/2025\/04\/Warstwa-1-300x51.jpg 300w, https:\/\/wmzpn.pl\/wp-content\/uploads\/2025\/04\/Warstwa-1-1024x175.jpg 1024w, https:\/\/wmzpn.pl\/wp-content\/uploads\/2025\/04\/Warstwa-1-768x131.jpg 768w, https:\/\/wmzpn.pl\/wp-content\/uploads\/2025\/04\/Warstwa-1-1536x262.jpg 1536w, https:\/\/wmzpn.pl\/wp-content\/uploads\/2025\/04\/Warstwa-1-696x119.jpg 696w, https:\/\/wmzpn.pl\/wp-content\/uploads\/2025\/04\/Warstwa-1-1068x182.jpg 1068w\" sizes=\"auto, (max-width: 1920px) 100vw, 1920px\" \/><\/p>\n<\/div>\n<\/div>\n<\/div>\n<\/div>\n\n\n<p><\/p>\n","protected":false},"excerpt":{"rendered":"<p>W dniach 8-13 maja 2026 Reprezentacja Polski do lat 16, pod wodz\u0105 trenera Rafa\u0142a Lasockiego we\u017amie udzia\u0142 w mi\u0119dzynarodowym turnieju &#8220;UEFA DEVELOPMENT U16&#8221;. Miastami gospodarzami b\u0119d\u0105 ponownie Biskupiec i K\u0119trzyn. Bia\u0142o-czerwoni w ramach rozgrywek rywalizowa\u0107 b\u0119d\u0105 z r\u00f3wie\u015bnikami z Ekwadoru, Norwegii i Ukrainy. Dlaczego w turnieju UEFA zagraj\u0105 dru\u017cyny spoza Europy? Jest to mo\u017cliwe dzi\u0119ki [&hellip;]<\/p>\n","protected":false},"author":2,"featured_media":48678,"comment_status":"open","ping_status":"open","sticky":false,"template":"","format":"standard","meta":{"footnotes":""},"categories":[12,223,26],"tags":[],"class_list":["post-48676","post","type-post","status-publish","format-standard","has-post-thumbnail","hentry","category-aktualnosci","category-reprezentacja-polski","category-zwiazek-news"],"_links":{"self":[{"href":"https:\/\/wmzpn.pl\/index.php?rest_route=\/wp\/v2\/posts\/48676","targetHints":{"allow":["GET"]}}],"collection":[{"href":"https:\/\/wmzpn.pl\/index.php?rest_route=\/wp\/v2\/posts"}],"about":[{"href":"https:\/\/wmzpn.pl\/index.php?rest_route=\/wp\/v2\/types\/post"}],"author":[{"embeddable":true,"href":"https:\/\/wmzpn.pl\/index.php?rest_route=\/wp\/v2\/users\/2"}],"replies":[{"embeddable":true,"href":"https:\/\/wmzpn.pl\/index.php?rest_route=%2Fwp%2Fv2%2Fcomments&post=48676"}],"version-history":[{"count":1,"href":"https:\/\/wmzpn.pl\/index.php?rest_route=\/wp\/v2\/posts\/48676\/revisions"}],"predecessor-version":[{"id":48679,"href":"https:\/\/wmzpn.pl\/index.php?rest_route=\/wp\/v2\/posts\/48676\/revisions\/48679"}],"wp:featuredmedia":[{"embeddable":true,"href":"https:\/\/wmzpn.pl\/index.php?rest_route=\/wp\/v2\/media\/48678"}],"wp:attachment":[{"href":"https:\/\/wmzpn.pl\/index.php?rest_route=%2Fwp%2Fv2%2Fmedia&parent=48676"}],"wp:term":[{"taxonomy":"category","embeddable":true,"href":"https:\/\/wmzpn.pl\/index.php?rest_route=%2Fwp%2Fv2%2Fcategories&post=48676"},{"taxonomy":"post_tag","embeddable":true,"href":"https:\/\/wmzpn.pl\/index.php?rest_route=%2Fwp%2Fv2%2Ftags&post=48676"}],"curies":[{"name":"wp","href":"https:\/\/api.w.org\/{rel}","templated":true}]}}