{"id":48614,"date":"2026-04-21T10:38:21","date_gmt":"2026-04-21T10:38:21","guid":{"rendered":"https:\/\/wmzpn.pl\/?p=48614"},"modified":"2026-04-21T10:38:22","modified_gmt":"2026-04-21T10:38:22","slug":"powolania-na-konsultacje-szkoleniowe-bramkarzy-wmzpn","status":"publish","type":"post","link":"https:\/\/wmzpn.pl\/?p=48614","title":{"rendered":"Powo\u0142ania na konsultacje szkoleniowe bramkarzy WMZPN"},"content":{"rendered":"\n<p>28 kwietnia w Olsztynie odb\u0119d\u0105 si\u0119 konsultacje szkoleniowe dla bramkarzy Kadry WMZPN.<\/p>\n\n\n\n<div class=\"wp-block-file\"><a id=\"wp-block-file--media-268df123-3d86-47dd-92e6-42e8cc51f2d8\" href=\"https:\/\/wmzpn.pl\/wp-content\/uploads\/2026\/04\/KB_powolanie_2012_28.04.2026_OLSZTYN_BRAMKARZE.pdf\">Powo\u0142ania rocznik 2012<\/a><a href=\"https:\/\/wmzpn.pl\/wp-content\/uploads\/2026\/04\/KB_powolanie_2012_28.04.2026_OLSZTYN_BRAMKARZE.pdf\" class=\"wp-block-file__button wp-element-button\" download aria-describedby=\"wp-block-file--media-268df123-3d86-47dd-92e6-42e8cc51f2d8\">Pobierz<\/a><\/div>\n\n\n\n<div class=\"wp-block-file\"><a id=\"wp-block-file--media-f04ef9d9-6a87-43ad-98e0-be5c417c5c2f\" href=\"https:\/\/wmzpn.pl\/wp-content\/uploads\/2026\/04\/KB_powolanie_2013_28.04.2026_OLSZTYN_BRAMKARZE.pdf\">Powo\u0142ania rocznik 2013<\/a><a href=\"https:\/\/wmzpn.pl\/wp-content\/uploads\/2026\/04\/KB_powolanie_2013_28.04.2026_OLSZTYN_BRAMKARZE.pdf\" class=\"wp-block-file__button wp-element-button\" download aria-describedby=\"wp-block-file--media-f04ef9d9-6a87-43ad-98e0-be5c417c5c2f\">Pobierz<\/a><\/div>\n\n\n\n<div class=\"wp-block-file\"><a id=\"wp-block-file--media-d8fe4604-40ff-4675-9815-2e3106e105cd\" href=\"https:\/\/wmzpn.pl\/wp-content\/uploads\/2026\/04\/KB_powolanie_2014_28.04.2026_OLSZTYN_BRAMKARZE.pdf\">Powo\u0142ania rocznik 2014<\/a><a href=\"https:\/\/wmzpn.pl\/wp-content\/uploads\/2026\/04\/KB_powolanie_2014_28.04.2026_OLSZTYN_BRAMKARZE.pdf\" class=\"wp-block-file__button wp-element-button\" download aria-describedby=\"wp-block-file--media-d8fe4604-40ff-4675-9815-2e3106e105cd\">Pobierz<\/a><\/div>\n\n\n\n<p>Zbi\u00f3rka zawodnik\u00f3w rocznika 2014 dnia 28 kwietnia br. (wtorek) o godzinie 8:30, boisko Naki przy ul. Tuwima 22 w Olsztynie.<\/p>\n\n\n\n<p>Zbi\u00f3rka zawodnik\u00f3w rocznika 2012 i 2013  dnia 28.04.2026 (wtorek) o godzinie 10:15, boisko Naki przy ul. Tuwima 22 w Olsztynie<\/p>\n","protected":false},"excerpt":{"rendered":"<p>28 kwietnia w Olsztynie odb\u0119d\u0105 si\u0119 konsultacje szkoleniowe dla bramkarzy Kadry WMZPN. Zbi\u00f3rka zawodnik\u00f3w rocznika 2014 dnia 28 kwietnia br. (wtorek) o godzinie 8:30, boisko Naki przy ul. Tuwima 22 w Olsztynie. Zbi\u00f3rka zawodnik\u00f3w rocznika 2012 i 2013 dnia 28.04.2026 (wtorek) o godzinie 10:15, boisko Naki przy ul. Tuwima 22 w Olsztynie<\/p>\n","protected":false},"author":11,"featured_media":48618,"comment_status":"open","ping_status":"open","sticky":false,"template":"","format":"standard","meta":{"footnotes":""},"categories":[12,67],"tags":[],"class_list":["post-48614","post","type-post","status-publish","format-standard","has-post-thumbnail","hentry","category-aktualnosci","category-kadry-wmzpn"],"_links":{"self":[{"href":"https:\/\/wmzpn.pl\/index.php?rest_route=\/wp\/v2\/posts\/48614","targetHints":{"allow":["GET"]}}],"collection":[{"href":"https:\/\/wmzpn.pl\/index.php?rest_route=\/wp\/v2\/posts"}],"about":[{"href":"https:\/\/wmzpn.pl\/index.php?rest_route=\/wp\/v2\/types\/post"}],"author":[{"embeddable":true,"href":"https:\/\/wmzpn.pl\/index.php?rest_route=\/wp\/v2\/users\/11"}],"replies":[{"embeddable":true,"href":"https:\/\/wmzpn.pl\/index.php?rest_route=%2Fwp%2Fv2%2Fcomments&post=48614"}],"version-history":[{"count":2,"href":"https:\/\/wmzpn.pl\/index.php?rest_route=\/wp\/v2\/posts\/48614\/revisions"}],"predecessor-version":[{"id":48620,"href":"https:\/\/wmzpn.pl\/index.php?rest_route=\/wp\/v2\/posts\/48614\/revisions\/48620"}],"wp:featuredmedia":[{"embeddable":true,"href":"https:\/\/wmzpn.pl\/index.php?rest_route=\/wp\/v2\/media\/48618"}],"wp:attachment":[{"href":"https:\/\/wmzpn.pl\/index.php?rest_route=%2Fwp%2Fv2%2Fmedia&parent=48614"}],"wp:term":[{"taxonomy":"category","embeddable":true,"href":"https:\/\/wmzpn.pl\/index.php?rest_route=%2Fwp%2Fv2%2Fcategories&post=48614"},{"taxonomy":"post_tag","embeddable":true,"href":"https:\/\/wmzpn.pl\/index.php?rest_route=%2Fwp%2Fv2%2Ftags&post=48614"}],"curies":[{"name":"wp","href":"https:\/\/api.w.org\/{rel}","templated":true}]}}