{"id":48423,"date":"2026-03-26T09:58:14","date_gmt":"2026-03-26T09:58:14","guid":{"rendered":"https:\/\/wmzpn.pl\/?p=48423"},"modified":"2026-03-26T10:01:47","modified_gmt":"2026-03-26T10:01:47","slug":"z-pucharu-tymbark-na-baraze-mistrzostw-swiata","status":"publish","type":"post","link":"https:\/\/wmzpn.pl\/?p=48423","title":{"rendered":"Z Pucharu Tymbark na bara\u017ce Mistrzostw \u015awiata"},"content":{"rendered":"<p><strong>Marcowe bara\u017ce to dla reprezentacji Polski ostatnia szansa w walce o awans na Mistrzostwa \u015awiata. Spotkanie z Albani\u0105 zdecyduje czy Bia\u0142o-Czerwoni pozostan\u0105 w grze o mundial i zagraj\u0105 w finale bara\u017cy. W\u015br\u00f3d zawodnik\u00f3w powo\u0142anych na marcowe zgrupowanie s\u0105 tak\u017ce ci, kt\u00f3rzy pierwsze pi\u0142karskie do\u015bwiadczenia zbierali w Pucharze Tymbark.<\/strong><\/p>\n<p>Reprezentacja Polski rozpocznie bara\u017ce meczem z Albani\u0105. Czwartkowe spotkanie zdecyduje czy Bia\u0142o-Czerwoni pozostan\u0105 w grze o mundial i awansuj\u0105 do fina\u0142u bara\u017cy, w kt\u00f3rym zmierz\u0105 si\u0119 ze zwyci\u0119zc\u0105 spotkania Ukraina \u2013 Szwecja. W\u015br\u00f3d zawodnik\u00f3w powo\u0142anych przez selekcjonera Jana Urbana znale\u017ali si\u0119 pi\u0142karze, kt\u00f3rzy swoje pierwsze kroki stawiali w Pucharze Tymbark \u2013 najwi\u0119kszym turnieju pi\u0142karskim dla dzieci w Europie. To w\u0142a\u015bnie tam po raz pierwszy do\u015bwiadczyli pi\u0142karskich emocji, rado\u015bci z gry<br \/>\ni atmosfery wyj\u0105tkowego wydarzenia.<\/p>\n<p><strong>10 uczestnik\u00f3w Pucharu Tymbark powo\u0142anych na marcowe zgrupowanie<\/strong><\/p>\n<p>Selekcjoner Jan Urban powo\u0142a\u0142 szerok\u0105 kadr\u0119, w kt\u00f3rej znalaz\u0142o si\u0119 10 uczestnik\u00f3w Pucharu Tymbark: Bart\u0142omiej Dr\u0105gowski, Jakub Kiwior, Jakub Kami\u0144ski, Jakub Moder, Oskar Pietuszewski, Bartosz Slisz, Sebastian Szyma\u0144ski, Piotr Zieli\u0144ski, Krzysztof Pi\u0105tek i Karol \u015awiderski.<\/p>\n<p>\u2013 <em>Wi\u0119kszo\u015b\u0107 pi\u0142karek i pi\u0142karzy kadr m\u0142odzie\u017cowych oraz znaczna cz\u0119\u015b\u0107 reprezentacji seniorskich pierwsze kroki stawia\u0142o w Pucharze Tymbark. To dow\u00f3d, \u017ce jest to wa\u017cny element w d\u0105\u017ceniu do celu. Oczywi\u015bcie, sam udzia\u0142 nie gwarantuje sukcesu, ale daje ogromn\u0105 motywacj\u0119<\/em> \u2013 podkre\u015bla selekcjoner reprezentacji Polski Jan Urban.<\/p>\n<p>W\u015br\u00f3d powo\u0142anych na marcowe zgrupowanie jest Jakub Kami\u0144ski \u2013 wieloletni reprezentant Polski i by\u0142y uczestnik Pucharu Tymbark. Pi\u0142karz wzi\u0105\u0142 udzia\u0142 w spotkaniu ze zwyci\u0119zcami XXV edycji turnieju, kt\u00f3re jest nagrod\u0105 g\u0142\u00f3wn\u0105 dla najlepszych dru\u017cyn. Dla m\u0142odych zawodnik\u00f3w takie spotkanie to nie tylko wyr\u00f3\u017cnienie, ale tak\u017ce wyra\u017any impuls do dalszego rozwoju. To r\u00f3wnie\u017c dow\u00f3d, \u017ce \u015bcie\u017cka rozpocz\u0119ta w Pucharze Tymbark mo\u017ce prowadzi\u0107 a\u017c do reprezentacji Polski.<\/p>\n<p>\u2013 <em>Mia\u0142em okazj\u0119 siedzie\u0107 ju\u017c po drugiej stronie sto\u0142u i odpowiada\u0107 na pytania m\u0142odych pi\u0142karzy. Dla nas, jako reprezentant\u00f3w Polski, to tak\u017ce wielkie wydarzenie. Spotykamy si\u0119 z kandydatami do gry<br \/>\nna najwy\u017cszym poziomie. Mo\u017cemy da\u0107 im te\u017c motywacj\u0119 do dalszego rozwoju, do ci\u0119\u017ckiej pracy, kt\u00f3ra na pewno jest niezb\u0119dna, by trafi\u0107 kiedy\u015b do reprezentacji Polski. Kto wie, mo\u017ce po\u015br\u00f3d zwyci\u0119zc\u00f3w Pucharu Tymbark znajduj\u0105 si\u0119 kolejni zawodnicy, kt\u00f3rzy za\u0142o\u017c\u0105 kiedy\u015b koszulk\u0119 z or\u0142em na piersi? A mo\u017ce nawet b\u0119dziemy mieli okazj\u0119 razem zagra\u0107 dla kadry narodowej? To pytania, kt\u00f3re zawsze sobie zadaj\u0119 przy takiej okazji. Trzymam mocno kciuki, aby napisa\u0142a si\u0119 kolejna, pi\u0119kna historia. A to przecie\u017c jest mo\u017cliwe, co pokazuje wiele przyk\u0142ad\u00f3w. Kilku zawodnik\u00f3w wyst\u0119puj\u0105cych teraz w kadrze ma za sob\u0105 gr\u0119 w tym turnieju. <\/em>\u2013 m\u00f3wi Jakub Kami\u0144ski, by\u0142y uczestnik Pucharu Tymbark i reprezentant Polski.<\/p>\n<p><img loading=\"lazy\" decoding=\"async\" class=\"aligncenter wp-image-48424 size-full\" src=\"https:\/\/wmzpn.pl\/wp-content\/uploads\/2026\/03\/Uczestnicy-PT-w-barazach.png\" alt=\"\" width=\"540\" height=\"675\" srcset=\"https:\/\/wmzpn.pl\/wp-content\/uploads\/2026\/03\/Uczestnicy-PT-w-barazach.png 540w, https:\/\/wmzpn.pl\/wp-content\/uploads\/2026\/03\/Uczestnicy-PT-w-barazach-240x300.png 240w, https:\/\/wmzpn.pl\/wp-content\/uploads\/2026\/03\/Uczestnicy-PT-w-barazach-336x420.png 336w\" sizes=\"auto, (max-width: 540px) 100vw, 540px\" \/><\/p>\n<p>Spotkanie z Albani\u0105 b\u0119dzie nie tylko walk\u0105 o awans, ale tak\u017ce kolejnym rozdzia\u0142em historii, kt\u00f3ra cz\u0119sto zaczyna si\u0119 na szkolnych boiskach. Dla kolejnych pokole\u0144 to sygna\u0142, \u017ce wielka pi\u0142ka zaczyna si\u0119<br \/>\nod marze\u0144.<\/p>\n<p>Sponsorem generalnym rozgrywek jest marka Tymbark. XXVI edycja Pucharu Tymbark jest wsp\u00f3\u0142finansowana przez Ministerstwo Sportu i Turystyki. W sk\u0142ad Komitetu Honorowego XXVI edycji Pucharu Tymbark wchodz\u0105 Minister Sportu i Turystyki, Minister Edukacji oraz Minister Zdrowia.<\/p>\n<p style=\"text-align: right;\">\u0179r\u00f3d\u0142o: PZPN<\/p>\n","protected":false},"excerpt":{"rendered":"<p>Marcowe bara\u017ce to dla reprezentacji Polski ostatnia szansa w walce o awans na Mistrzostwa \u015awiata. Spotkanie z Albani\u0105 zdecyduje czy Bia\u0142o-Czerwoni pozostan\u0105 w grze o mundial i zagraj\u0105 w finale bara\u017cy. W\u015br\u00f3d zawodnik\u00f3w powo\u0142anych na marcowe zgrupowanie s\u0105 tak\u017ce ci, kt\u00f3rzy pierwsze pi\u0142karskie do\u015bwiadczenia zbierali w Pucharze Tymbark. Reprezentacja Polski rozpocznie bara\u017ce meczem z Albani\u0105. [&hellip;]<\/p>\n","protected":false},"author":11,"featured_media":48426,"comment_status":"open","ping_status":"open","sticky":false,"template":"","format":"standard","meta":{"footnotes":""},"categories":[12,253,1],"tags":[],"class_list":["post-48423","post","type-post","status-publish","format-standard","has-post-thumbnail","hentry","category-aktualnosci","category-tymbark-cup","category-uncategorized"],"_links":{"self":[{"href":"https:\/\/wmzpn.pl\/index.php?rest_route=\/wp\/v2\/posts\/48423","targetHints":{"allow":["GET"]}}],"collection":[{"href":"https:\/\/wmzpn.pl\/index.php?rest_route=\/wp\/v2\/posts"}],"about":[{"href":"https:\/\/wmzpn.pl\/index.php?rest_route=\/wp\/v2\/types\/post"}],"author":[{"embeddable":true,"href":"https:\/\/wmzpn.pl\/index.php?rest_route=\/wp\/v2\/users\/11"}],"replies":[{"embeddable":true,"href":"https:\/\/wmzpn.pl\/index.php?rest_route=%2Fwp%2Fv2%2Fcomments&post=48423"}],"version-history":[{"count":3,"href":"https:\/\/wmzpn.pl\/index.php?rest_route=\/wp\/v2\/posts\/48423\/revisions"}],"predecessor-version":[{"id":48428,"href":"https:\/\/wmzpn.pl\/index.php?rest_route=\/wp\/v2\/posts\/48423\/revisions\/48428"}],"wp:featuredmedia":[{"embeddable":true,"href":"https:\/\/wmzpn.pl\/index.php?rest_route=\/wp\/v2\/media\/48426"}],"wp:attachment":[{"href":"https:\/\/wmzpn.pl\/index.php?rest_route=%2Fwp%2Fv2%2Fmedia&parent=48423"}],"wp:term":[{"taxonomy":"category","embeddable":true,"href":"https:\/\/wmzpn.pl\/index.php?rest_route=%2Fwp%2Fv2%2Fcategories&post=48423"},{"taxonomy":"post_tag","embeddable":true,"href":"https:\/\/wmzpn.pl\/index.php?rest_route=%2Fwp%2Fv2%2Ftags&post=48423"}],"curies":[{"name":"wp","href":"https:\/\/api.w.org\/{rel}","templated":true}]}}