{"id":48415,"date":"2026-03-25T19:28:12","date_gmt":"2026-03-25T19:28:12","guid":{"rendered":"https:\/\/wmzpn.pl\/?p=48415"},"modified":"2026-03-25T19:30:50","modified_gmt":"2026-03-25T19:30:50","slug":"powolania-na-konsultacje-szkoleniowa-bramkarzy-kadry-wmzpn","status":"publish","type":"post","link":"https:\/\/wmzpn.pl\/?p=48415","title":{"rendered":"Powo\u0142ania na konsultacje szkoleniowe bramkarzy Kadry WMZPN"},"content":{"rendered":"\n<p>31 marca w Olsztynie odb\u0119d\u0105 si\u0119 konsultacje szkoleniowe dla bramkarzy Kadr WMZPN.<\/p>\n\n\n\n<div class=\"wp-block-file\"><a id=\"wp-block-file--media-9154c216-c7ec-43b2-83a7-515b3578ce1f\" href=\"https:\/\/wmzpn.pl\/wp-content\/uploads\/2026\/03\/KB_powolanie_2014_31.03.2026_OLSZTYN_BRAMKARZE.pdf\">Powo\u0142ania rocznik 2014<\/a><a href=\"https:\/\/wmzpn.pl\/wp-content\/uploads\/2026\/03\/KB_powolanie_2014_31.03.2026_OLSZTYN_BRAMKARZE.pdf\" class=\"wp-block-file__button wp-element-button\" download aria-describedby=\"wp-block-file--media-9154c216-c7ec-43b2-83a7-515b3578ce1f\">Pobierz<\/a><\/div>\n\n\n\n<div class=\"wp-block-file\"><a id=\"wp-block-file--media-0f6bed96-1484-4445-884c-ae500542c213\" href=\"https:\/\/wmzpn.pl\/wp-content\/uploads\/2026\/03\/KB_powolanie_2013_31.03.2026_OLSZTYN_BRAMKARZE.pdf\">Powo\u0142ania rocznik 2013<\/a><a href=\"https:\/\/wmzpn.pl\/wp-content\/uploads\/2026\/03\/KB_powolanie_2013_31.03.2026_OLSZTYN_BRAMKARZE.pdf\" class=\"wp-block-file__button wp-element-button\" download aria-describedby=\"wp-block-file--media-0f6bed96-1484-4445-884c-ae500542c213\">Pobierz<\/a><\/div>\n\n\n\n<div class=\"wp-block-file\"><a id=\"wp-block-file--media-7dd699b5-a03d-463f-82d3-1e1aba966f87\" href=\"https:\/\/wmzpn.pl\/wp-content\/uploads\/2026\/03\/KB_powolanie_2012_31.03.2026_OLSZTYN_BRAMKARZE.pdf\">Powo\u0142ania rocznik 2012<\/a><a href=\"https:\/\/wmzpn.pl\/wp-content\/uploads\/2026\/03\/KB_powolanie_2012_31.03.2026_OLSZTYN_BRAMKARZE.pdf\" class=\"wp-block-file__button wp-element-button\" download aria-describedby=\"wp-block-file--media-7dd699b5-a03d-463f-82d3-1e1aba966f87\">Pobierz<\/a><\/div>\n\n\n\n<p>Zbi\u00f3rka zawodnik\u00f3w rocznika 2014 dnia 31 marca br. (wtorek) o godzinie 8:30, boisko Naki przy ul. Tuwima 22 w Olsztynie.<\/p>\n\n\n\n<p>Zbi\u00f3rka zawodnik\u00f3w rocznika 2012 i 201,  dnia 31 marca br. (wtorek) o godzinie 10:15,boisko Naki przy ul. Tuwima 22 w Olsztynie<\/p>\n","protected":false},"excerpt":{"rendered":"<p>31 marca w Olsztynie odb\u0119d\u0105 si\u0119 konsultacje szkoleniowe dla bramkarzy Kadr WMZPN. Zbi\u00f3rka zawodnik\u00f3w rocznika 2014 dnia 31 marca br. (wtorek) o godzinie 8:30, boisko Naki przy ul. Tuwima 22 w Olsztynie. Zbi\u00f3rka zawodnik\u00f3w rocznika 2012 i 201, dnia 31 marca br. (wtorek) o godzinie 10:15,boisko Naki przy ul. Tuwima 22 w Olsztynie<\/p>\n","protected":false},"author":11,"featured_media":48419,"comment_status":"open","ping_status":"open","sticky":false,"template":"","format":"standard","meta":{"footnotes":""},"categories":[12,67],"tags":[],"class_list":["post-48415","post","type-post","status-publish","format-standard","has-post-thumbnail","hentry","category-aktualnosci","category-kadry-wmzpn"],"_links":{"self":[{"href":"https:\/\/wmzpn.pl\/index.php?rest_route=\/wp\/v2\/posts\/48415","targetHints":{"allow":["GET"]}}],"collection":[{"href":"https:\/\/wmzpn.pl\/index.php?rest_route=\/wp\/v2\/posts"}],"about":[{"href":"https:\/\/wmzpn.pl\/index.php?rest_route=\/wp\/v2\/types\/post"}],"author":[{"embeddable":true,"href":"https:\/\/wmzpn.pl\/index.php?rest_route=\/wp\/v2\/users\/11"}],"replies":[{"embeddable":true,"href":"https:\/\/wmzpn.pl\/index.php?rest_route=%2Fwp%2Fv2%2Fcomments&post=48415"}],"version-history":[{"count":3,"href":"https:\/\/wmzpn.pl\/index.php?rest_route=\/wp\/v2\/posts\/48415\/revisions"}],"predecessor-version":[{"id":48422,"href":"https:\/\/wmzpn.pl\/index.php?rest_route=\/wp\/v2\/posts\/48415\/revisions\/48422"}],"wp:featuredmedia":[{"embeddable":true,"href":"https:\/\/wmzpn.pl\/index.php?rest_route=\/wp\/v2\/media\/48419"}],"wp:attachment":[{"href":"https:\/\/wmzpn.pl\/index.php?rest_route=%2Fwp%2Fv2%2Fmedia&parent=48415"}],"wp:term":[{"taxonomy":"category","embeddable":true,"href":"https:\/\/wmzpn.pl\/index.php?rest_route=%2Fwp%2Fv2%2Fcategories&post=48415"},{"taxonomy":"post_tag","embeddable":true,"href":"https:\/\/wmzpn.pl\/index.php?rest_route=%2Fwp%2Fv2%2Ftags&post=48415"}],"curies":[{"name":"wp","href":"https:\/\/api.w.org\/{rel}","templated":true}]}}