{"id":48404,"date":"2026-03-23T15:33:31","date_gmt":"2026-03-23T15:33:31","guid":{"rendered":"https:\/\/wmzpn.pl\/?p=48404"},"modified":"2026-03-23T15:34:25","modified_gmt":"2026-03-23T15:34:25","slug":"powolania-na-konsultacje-szkoleniowa-kadry-wmzpn-u13-dziewczat","status":"publish","type":"post","link":"https:\/\/wmzpn.pl\/?p=48404","title":{"rendered":"Powo\u0142ania na konsultacj\u0119 szkoleniow\u0105 Kadry WMZPN U13 dziewcz\u0105t"},"content":{"rendered":"\n<p>27 marca w Olsztynie odb\u0119dzie si\u0119 konsultacja szkoleniowa Kadry WMZPN U13 dziewcz\u0105t. Zosta\u0142a ona podzielona na dwie grupy.<\/p>\n\n\n\n<div class=\"wp-block-file\"><a id=\"wp-block-file--media-35a24e52-8358-426d-b96c-c0bfd16c899f\" href=\"https:\/\/wmzpn.pl\/wp-content\/uploads\/2026\/03\/KSZ_powolanie_27_03_2025_OLSZTYN_U13_GRUPA_1.pdf\">Powo\u0142ania grupa 1<\/a><a href=\"https:\/\/wmzpn.pl\/wp-content\/uploads\/2026\/03\/KSZ_powolanie_27_03_2025_OLSZTYN_U13_GRUPA_1.pdf\" class=\"wp-block-file__button wp-element-button\" download aria-describedby=\"wp-block-file--media-35a24e52-8358-426d-b96c-c0bfd16c899f\">Pobierz<\/a><\/div>\n\n\n\n<div class=\"wp-block-file\"><a id=\"wp-block-file--media-ba9902aa-d158-4189-9dd8-4b5296fd4b66\" href=\"https:\/\/wmzpn.pl\/wp-content\/uploads\/2026\/03\/KSZ_powolanie_27_03_2025_OLSZTYN_U13_GRUPA_2.pdf\">Powo\u0142ania grupa 2<\/a><a href=\"https:\/\/wmzpn.pl\/wp-content\/uploads\/2026\/03\/KSZ_powolanie_27_03_2025_OLSZTYN_U13_GRUPA_2.pdf\" class=\"wp-block-file__button wp-element-button\" download aria-describedby=\"wp-block-file--media-ba9902aa-d158-4189-9dd8-4b5296fd4b66\">Pobierz<\/a><\/div>\n\n\n\n<p>Zbi\u00f3rka zawodniczek grupy 1, dnia 27 marca br. (pi\u0105tek) o godzinie 8:45, boisko przy ul. Tuwima 22 w Olsztynie.<\/p>\n\n\n\n<p>Zbi\u00f3rka zawodniczek, grupy 2,  dnia 27 marca br. (pi\u0105tek) o godzinie 11:00, boisko przy ul. Tuwima 22 w Olsztynie.<\/p>\n","protected":false},"excerpt":{"rendered":"<p>27 marca w Olsztynie odb\u0119dzie si\u0119 konsultacja szkoleniowa Kadry WMZPN U13 dziewcz\u0105t. Zosta\u0142a ona podzielona na dwie grupy. Zbi\u00f3rka zawodniczek grupy 1, dnia 27 marca br. (pi\u0105tek) o godzinie 8:45, boisko przy ul. Tuwima 22 w Olsztynie. Zbi\u00f3rka zawodniczek, grupy 2, dnia 27 marca br. (pi\u0105tek) o godzinie 11:00, boisko przy ul. Tuwima 22 w [&hellip;]<\/p>\n","protected":false},"author":11,"featured_media":48410,"comment_status":"open","ping_status":"open","sticky":false,"template":"","format":"standard","meta":{"footnotes":""},"categories":[12,67],"tags":[],"class_list":["post-48404","post","type-post","status-publish","format-standard","has-post-thumbnail","hentry","category-aktualnosci","category-kadry-wmzpn"],"_links":{"self":[{"href":"https:\/\/wmzpn.pl\/index.php?rest_route=\/wp\/v2\/posts\/48404","targetHints":{"allow":["GET"]}}],"collection":[{"href":"https:\/\/wmzpn.pl\/index.php?rest_route=\/wp\/v2\/posts"}],"about":[{"href":"https:\/\/wmzpn.pl\/index.php?rest_route=\/wp\/v2\/types\/post"}],"author":[{"embeddable":true,"href":"https:\/\/wmzpn.pl\/index.php?rest_route=\/wp\/v2\/users\/11"}],"replies":[{"embeddable":true,"href":"https:\/\/wmzpn.pl\/index.php?rest_route=%2Fwp%2Fv2%2Fcomments&post=48404"}],"version-history":[{"count":4,"href":"https:\/\/wmzpn.pl\/index.php?rest_route=\/wp\/v2\/posts\/48404\/revisions"}],"predecessor-version":[{"id":48412,"href":"https:\/\/wmzpn.pl\/index.php?rest_route=\/wp\/v2\/posts\/48404\/revisions\/48412"}],"wp:featuredmedia":[{"embeddable":true,"href":"https:\/\/wmzpn.pl\/index.php?rest_route=\/wp\/v2\/media\/48410"}],"wp:attachment":[{"href":"https:\/\/wmzpn.pl\/index.php?rest_route=%2Fwp%2Fv2%2Fmedia&parent=48404"}],"wp:term":[{"taxonomy":"category","embeddable":true,"href":"https:\/\/wmzpn.pl\/index.php?rest_route=%2Fwp%2Fv2%2Fcategories&post=48404"},{"taxonomy":"post_tag","embeddable":true,"href":"https:\/\/wmzpn.pl\/index.php?rest_route=%2Fwp%2Fv2%2Ftags&post=48404"}],"curies":[{"name":"wp","href":"https:\/\/api.w.org\/{rel}","templated":true}]}}