{"id":47922,"date":"2025-12-19T12:30:46","date_gmt":"2025-12-19T12:30:46","guid":{"rendered":"https:\/\/wmzpn.pl\/?p=47922"},"modified":"2025-12-19T12:37:37","modified_gmt":"2025-12-19T12:37:37","slug":"intensywny-rok-kadr-wojewodzkich-wmzpn","status":"publish","type":"post","link":"https:\/\/wmzpn.pl\/?p=47922","title":{"rendered":"\u00a0Intensywny rok kadr wojew\u00f3dzkich WMZPN"},"content":{"rendered":"<p><strong>Wiele konsultacji, mecz\u00f3w kontrolnych i oboz\u00f3w pi\u0142karskich \u2013 tak wygl\u0105da\u0142 ten rok w wykonaniu kadr wojew\u00f3dztwa warmi\u0144sko-mazurskiego. Dzia\u0142o si\u0119 du\u017co, ale nie spoczywamy na laurach!<\/strong><\/p>\n<p>&#8211; <em>Kadra wojew\u00f3dzka to dla naszych m\u0142odych zawodnik\u00f3w niezwykle wa\u017cny etap rozwoju. To tutaj mog\u0105 rywalizowa\u0107 z najlepszymi w swoim roczniku, a jednocze\u015bnie uczy\u0107 si\u0119 odpowiedzialno\u015bci, dyscypliny i pracy zespo\u0142owej na wy\u017cszym poziomie<\/em> \u2013 m\u00f3wi <strong>Marcin Przybyli\u0144ski, Wojew\u00f3dzki Koordynator ds. Kszta\u0142cenia i Licencjonowania Trener\u00f3w.<\/strong><\/p>\n<p>Zacznijmy od tego, jakie kadry wojew\u00f3dzkie obecnie funkcjonuj\u0105? Kadry ch\u0142opc\u00f3w rocznik\u00f3w 2012, 2013 i 2014. W po\u0142owie tego roku sw\u00f3j bieg sko\u0144czy\u0142a Kadra rocznika 2011. Mamy r\u00f3wnie\u017c dwie kadry dziewcz\u0105t U13 i U15.<\/p>\n<p><img loading=\"lazy\" decoding=\"async\" class=\"aligncenter wp-image-47926 size-full\" src=\"https:\/\/wmzpn.pl\/wp-content\/uploads\/2025\/12\/102.jpg\" alt=\"\" width=\"2535\" height=\"1690\" srcset=\"https:\/\/wmzpn.pl\/wp-content\/uploads\/2025\/12\/102.jpg 2535w, https:\/\/wmzpn.pl\/wp-content\/uploads\/2025\/12\/102-300x200.jpg 300w, https:\/\/wmzpn.pl\/wp-content\/uploads\/2025\/12\/102-1024x683.jpg 1024w, https:\/\/wmzpn.pl\/wp-content\/uploads\/2025\/12\/102-768x512.jpg 768w, https:\/\/wmzpn.pl\/wp-content\/uploads\/2025\/12\/102-1536x1024.jpg 1536w, https:\/\/wmzpn.pl\/wp-content\/uploads\/2025\/12\/102-2048x1365.jpg 2048w, https:\/\/wmzpn.pl\/wp-content\/uploads\/2025\/12\/102-696x464.jpg 696w, https:\/\/wmzpn.pl\/wp-content\/uploads\/2025\/12\/102-1068x712.jpg 1068w, https:\/\/wmzpn.pl\/wp-content\/uploads\/2025\/12\/102-630x420.jpg 630w\" sizes=\"auto, (max-width: 2535px) 100vw, 2535px\" \/><\/p>\n<p>W tym roku kalendarzowym mieli\u015bmy <strong>134 akcje szkoleniowe<\/strong> zwi\u0105zane z kadrami wojew\u00f3dztwa. \u0141\u0105cznie by\u0142o to a\u017c <strong>170 dni szkoleniowych<\/strong>. Co oznacza, \u017ce <strong>ponad 46%<\/strong> dni w roku by\u0142o przeznczone na akcje kadrowe! Do tego nale\u017cy doliczy\u0107 konsultacje bramkarskie, treningi doszkalaj\u0105ce, a tak\u017ce zorganizowany w wakacje, ob\u00f3z WMZPN.<\/p>\n<p>Warto doda\u0107, \u017ce w tym roku powo\u0142ania do kadry wojew\u00f3dzkiej trafi\u0142y do <strong>570 zawodnik\u00f3w i 214 zawodniczek!<\/strong> To bardzo du\u017ca liczba, kt\u00f3ra pokazuje, jak szerokie jest spektrum poszukiwa\u0144 potencjalnych kadrowicz\u00f3w.<\/p>\n<p><img loading=\"lazy\" decoding=\"async\" class=\"aligncenter wp-image-47925 size-full\" src=\"https:\/\/wmzpn.pl\/wp-content\/uploads\/2025\/12\/142-scaled.jpg\" alt=\"\" width=\"2560\" height=\"1707\" srcset=\"https:\/\/wmzpn.pl\/wp-content\/uploads\/2025\/12\/142-scaled.jpg 2560w, https:\/\/wmzpn.pl\/wp-content\/uploads\/2025\/12\/142-300x200.jpg 300w, https:\/\/wmzpn.pl\/wp-content\/uploads\/2025\/12\/142-1024x683.jpg 1024w, https:\/\/wmzpn.pl\/wp-content\/uploads\/2025\/12\/142-768x512.jpg 768w, https:\/\/wmzpn.pl\/wp-content\/uploads\/2025\/12\/142-1536x1024.jpg 1536w, https:\/\/wmzpn.pl\/wp-content\/uploads\/2025\/12\/142-2048x1366.jpg 2048w, https:\/\/wmzpn.pl\/wp-content\/uploads\/2025\/12\/142-696x464.jpg 696w, https:\/\/wmzpn.pl\/wp-content\/uploads\/2025\/12\/142-1068x712.jpg 1068w, https:\/\/wmzpn.pl\/wp-content\/uploads\/2025\/12\/142-630x420.jpg 630w\" sizes=\"auto, (max-width: 2560px) 100vw, 2560px\" \/><\/p>\n<p>&#8211; <em>To by\u0142 intensywny rok szkoleniowy w kadrach WMZPN. Mieli\u015bmy bardzo du\u017co konsultacji i mecz\u00f3w kontrolnych. Staramy si\u0119 dla zawodnik\u00f3w stworzy\u0107 odpowiednie \u015brodowisko, do tego, \u017ceby mogli zrobi\u0107 kolejny krok w swojej przygodzie z pi\u0142k\u0105 no\u017cn\u0105. Oczywi\u015bcie najwa\u017cniejsza jest jednak praca w klubach, systematyczne treningi i ci\u0105g\u0142y rozw\u00f3j<\/em> \u2013 dodaje <strong>Marcin Przybyli\u0144ski.<\/strong><\/p>\n<p>W naszym niedawnym tek\u015bcie prezentowali\u015bmy zawodnik\u00f3w, kt\u00f3rzy przeszli przez kadry wojew\u00f3dzkie, a nast\u0119pnie mieli mo\u017cliwo\u015b\u0107 zagra\u0107 w reprezentacji. Naszym celem jest, aby zawodnicy z Warmii i Mazur mieli odwag\u0119 marzy\u0107, ale tak\u017ce \u2014 \u017ceby mieli narz\u0119dzia, by te marzenia realizowa\u0107. Kadra wojew\u00f3dzka ma im w tym pom\u00f3c.<\/p>\n<p>Staramy si\u0119, by kadrowicze mogli jak najcz\u0119\u015bciej rywalizowa\u0107 z r\u00f3wie\u015bnikami z innych klub\u00f3w czy wojew\u00f3dztw. W tym roku jako Kadra WMZPN brali\u015bmy udzia\u0142 m.in. w turniejach: Omega Lake Apartments \u017buri Coppa Talenti, Ostr\u00f3da Cup, SBG Jarocin Cup, Warmia Mazury Cup, a tak\u017ce w sporej liczbie mecz\u00f3w kontrolnych, w kt\u00f3rych rywalizowali\u015bmy z Kadr\u0105 Pomorskiego ZPN, Mazowieckiego ZPN czy Kujawsko-Pomorskiego ZPN.<\/p>\n<p><img loading=\"lazy\" decoding=\"async\" class=\"alignnone wp-image-47929 size-full\" src=\"https:\/\/wmzpn.pl\/wp-content\/uploads\/2025\/12\/DSC_8069-1-scaled.jpg\" alt=\"\" width=\"2560\" height=\"1703\" srcset=\"https:\/\/wmzpn.pl\/wp-content\/uploads\/2025\/12\/DSC_8069-1-scaled.jpg 2560w, https:\/\/wmzpn.pl\/wp-content\/uploads\/2025\/12\/DSC_8069-1-300x200.jpg 300w, https:\/\/wmzpn.pl\/wp-content\/uploads\/2025\/12\/DSC_8069-1-1024x681.jpg 1024w, https:\/\/wmzpn.pl\/wp-content\/uploads\/2025\/12\/DSC_8069-1-768x511.jpg 768w, https:\/\/wmzpn.pl\/wp-content\/uploads\/2025\/12\/DSC_8069-1-1536x1022.jpg 1536w, https:\/\/wmzpn.pl\/wp-content\/uploads\/2025\/12\/DSC_8069-1-2048x1363.jpg 2048w, https:\/\/wmzpn.pl\/wp-content\/uploads\/2025\/12\/DSC_8069-1-696x463.jpg 696w, https:\/\/wmzpn.pl\/wp-content\/uploads\/2025\/12\/DSC_8069-1-1068x711.jpg 1068w, https:\/\/wmzpn.pl\/wp-content\/uploads\/2025\/12\/DSC_8069-1-631x420.jpg 631w\" sizes=\"auto, (max-width: 2560px) 100vw, 2560px\" \/><\/p>\n<p>&#8211; <em>Ze swojej strony chcia\u0142bym podzi\u0119kowa\u0107 trenerom kadr wojew\u00f3dztwa, a tak\u017ce ich asystentom, kt\u00f3rzy w\u0142o\u017cyli du\u017co pracy w proces szkolenia naszych kadr w tym roku. Trenerzy pracuj\u0105 nie tylko na boisku, ale r\u00f3wnie\u017c w swoim wolnym czasie, gdy przygotowuj\u0105 konspekty treningowe, a tak\u017ce analizuj\u0105 ka\u017cd\u0105 konsultacj\u0119 i mecze. Prowadz\u0105 r\u00f3wnie\u017c obserwacje potencjalnych kadrowicz\u00f3w, podczas ich mecz\u00f3w ligowych. Podzi\u0119kowania nale\u017c\u0105 si\u0119 r\u00f3wnie\u017c trenerom klubowym i rodzicom, kt\u00f3rzy dbaj\u0105 o to, \u017ceby dzieci trenowa\u0142y i dowo\u017c\u0105 je na konsultacje szkoleniowe<\/em>\u2013 zaznacza <strong>Marcin Przybyli\u0144ski.<\/strong><\/p>\n<p>Podzi\u0119kowania kierujemy r\u00f3wnie\u017c partnerom kadr wojew\u00f3dzkich WMZPN, kt\u00f3rzy wspieraj\u0105 naszych zawodnik\u00f3w i zawodniczki poprzez dostarczanie zdrowych i smacznych produkt\u00f3w \u2013 Fit King Catering, Cymes, JBB Ba\u0142dyga i Eva Zdr\u00f3j \u2013 dzi\u0119ki, \u017ce jeste\u015bcie z nami!<\/p>\n<p>Sporym zainteresowaniem cieszy\u0142 si\u0119 r\u00f3wnie\u017c nowy projekt trening\u00f3w doszkalaj\u0105cych. Jest on skierowany do ch\u0142opc\u00f3w z rocznika 2011 i 2012. Ch\u0142opcy maj\u0105 mo\u017cliwo\u015b\u0107 spotka\u0107 si\u0119 boisku z r\u00f3wie\u015bnikami i wzi\u0105\u0107 udzia\u0142 w jednostce treningowej przygotowanej przez trener\u00f3w zwi\u0105zanych z kadrami wojew\u00f3dztwa. To dodatkowy bodziec do tego, \u017ce warto si\u0119 ci\u0105gle rozwija\u0107.<\/p>\n<p>Pracujemy dalej, poniewa\u017c w 2026 roku czeka na nas wiele wyzwa\u0144 i chcemy im jak najlepiej sprosta\u0107!<\/p>\n","protected":false},"excerpt":{"rendered":"<p>Wiele konsultacji, mecz\u00f3w kontrolnych i oboz\u00f3w pi\u0142karskich \u2013 tak wygl\u0105da\u0142 ten rok w wykonaniu kadr wojew\u00f3dztwa warmi\u0144sko-mazurskiego. Dzia\u0142o si\u0119 du\u017co, ale nie spoczywamy na laurach! &#8211; Kadra wojew\u00f3dzka to dla naszych m\u0142odych zawodnik\u00f3w niezwykle wa\u017cny etap rozwoju. To tutaj mog\u0105 rywalizowa\u0107 z najlepszymi w swoim roczniku, a jednocze\u015bnie uczy\u0107 si\u0119 odpowiedzialno\u015bci, dyscypliny i pracy zespo\u0142owej [&hellip;]<\/p>\n","protected":false},"author":11,"featured_media":47924,"comment_status":"open","ping_status":"open","sticky":false,"template":"","format":"standard","meta":{"footnotes":""},"categories":[12,67],"tags":[],"class_list":["post-47922","post","type-post","status-publish","format-standard","has-post-thumbnail","hentry","category-aktualnosci","category-kadry-wmzpn"],"_links":{"self":[{"href":"https:\/\/wmzpn.pl\/index.php?rest_route=\/wp\/v2\/posts\/47922","targetHints":{"allow":["GET"]}}],"collection":[{"href":"https:\/\/wmzpn.pl\/index.php?rest_route=\/wp\/v2\/posts"}],"about":[{"href":"https:\/\/wmzpn.pl\/index.php?rest_route=\/wp\/v2\/types\/post"}],"author":[{"embeddable":true,"href":"https:\/\/wmzpn.pl\/index.php?rest_route=\/wp\/v2\/users\/11"}],"replies":[{"embeddable":true,"href":"https:\/\/wmzpn.pl\/index.php?rest_route=%2Fwp%2Fv2%2Fcomments&post=47922"}],"version-history":[{"count":6,"href":"https:\/\/wmzpn.pl\/index.php?rest_route=\/wp\/v2\/posts\/47922\/revisions"}],"predecessor-version":[{"id":47932,"href":"https:\/\/wmzpn.pl\/index.php?rest_route=\/wp\/v2\/posts\/47922\/revisions\/47932"}],"wp:featuredmedia":[{"embeddable":true,"href":"https:\/\/wmzpn.pl\/index.php?rest_route=\/wp\/v2\/media\/47924"}],"wp:attachment":[{"href":"https:\/\/wmzpn.pl\/index.php?rest_route=%2Fwp%2Fv2%2Fmedia&parent=47922"}],"wp:term":[{"taxonomy":"category","embeddable":true,"href":"https:\/\/wmzpn.pl\/index.php?rest_route=%2Fwp%2Fv2%2Fcategories&post=47922"},{"taxonomy":"post_tag","embeddable":true,"href":"https:\/\/wmzpn.pl\/index.php?rest_route=%2Fwp%2Fv2%2Ftags&post=47922"}],"curies":[{"name":"wp","href":"https:\/\/api.w.org\/{rel}","templated":true}]}}