{"id":47822,"date":"2025-11-28T13:44:43","date_gmt":"2025-11-28T13:44:43","guid":{"rendered":"https:\/\/wmzpn.pl\/?p=47822"},"modified":"2025-11-29T20:22:21","modified_gmt":"2025-11-29T20:22:21","slug":"nasi-w-reprezentacjach-polski","status":"publish","type":"post","link":"https:\/\/wmzpn.pl\/?p=47822","title":{"rendered":"Nasi w reprezentacjach Polski!"},"content":{"rendered":"<p>Cz\u0119sto zaczynaj\u0105 na lokalnych boiskach \u2013 w klubach zar\u00f3wno z mniejszych, jak i wi\u0119kszych miejscowo\u015bci na Warmii i Mazurach. Trenuj\u0105 ci\u0119\u017cko i uczestnicz\u0105 w rozgrywkach ligowych. Nast\u0119pnie \u00a0przychodzi sygna\u0142, \u017ce mog\u0105 postawi\u0107 kolejny krok w swoim rozwoju, gdy otrzymuj\u0105 powo\u0142anie do kadry wojew\u00f3dzkiej.<\/p>\n<p>Jako Zwi\u0105zek od lat bardzo powa\u017cnie podchodzimy do rozwoju kadr. To tutaj zawodnicy cz\u0119sto po raz pierwszy mierz\u0105 si\u0119 z rywalizacj\u0105 na wy\u017cszym poziomie. Podczas licznych konsultacji szkoleniowych maj\u0105 okazj\u0119 do sprawdzenia swoich umiej\u0119tno\u015bci w\u015br\u00f3d r\u00f3wie\u015bnik\u00f3w z wojew\u00f3dztwa i spoza niego. M\u0142odzi zawodnicy wyst\u0119puj\u0105c w warmi\u0144sko-mazurskich barwach bior\u0105 udzia\u0142 w meczach kontrolnych, turniejach towarzyskich, zgrupowaniach makroregionalnych czy meczach mistrzowskich.<\/p>\n<p>Coraz cz\u0119\u015bciej s\u0142yszymy, \u017ce zawodniczki i zawodnicy, kt\u00f3rzy jeszcze niedawno reprezentowali nasze wojew\u00f3dztwo, dzi\u015b zak\u0142adaj\u0105 koszulk\u0119 z or\u0142em na piersi. Trafiaj\u0105 do reprezentacji Polski U-15, U-16, U-17 i U-18 \u2013 i robi\u0105 to w pe\u0142ni zas\u0142u\u017cenie. To nie jest przypadek, lecz naturalna konsekwencja dobrze wykonanej pracy: klub\u00f3w i trener\u00f3w, a przede wszystkim samych zawodnik\u00f3w, kt\u00f3rzy wykorzystali swoj\u0105 szans\u0119.<\/p>\n<p>Ka\u017cde takie powo\u0142anie to pow\u00f3d do dumy. To sygna\u0142, \u017ce droga \u201eod wojew\u00f3dztwa do reprezentacji Polski wcale nie jest zamkni\u0119ta. Dzi\u0119ki ci\u0119\u017ckiej pracy i ci\u0105g\u0142emu podnoszeniu swoich umiej\u0119tno\u015bci mo\u017cna j\u0105 przej\u015b\u0107 stosunkowo szybko, Najlepsze w tym wszystkim jest to, \u017ce to dopiero pocz\u0105tek \u2013 bo kolejne talenty ju\u017c trafiaj\u0105 do kadr wojew\u00f3dztwa.<\/p>\n<p><strong>Chcemy Wam zaprezentowa\u0107 zawodnik\u00f3w i zawodniczki, z rocznika 2008 i m\u0142odszych, kt\u00f3rzy grali w kadrach wojew\u00f3dztwa i maj\u0105 na swoim koncie ju\u017c powo\u0142ania ro reprezentacji Polski:<\/strong><\/p>\n<p><strong>Nikodem Licznerski<\/strong> (Constract Lubawa -&gt; FASE Szczecin)- 1 mecz \u2013 reprezentacja Polski U15<\/p>\n<p><strong>Aleks Olsztyn<\/strong> (Naki Olsztyn -&gt; \u017buri Olsztyn -&gt; Lech Pozna\u0144)- \u00a03 mecze \u2013 reprezentacja Polski U15 i 2 mecze &#8211; reprezentacja Polski U16<\/p>\n<p><strong>Mateusz Lauryn<\/strong> (Pomezania Malbork -&gt; Concordia Elbl\u0105g -&gt; Legia Warszawa)- 2 mecze &#8211; reprezentacja Polski U16, 14 mecz\u00f3w \u2013 reprezentacja Polski U17 i 7 mecz\u00f3w reprezentacja Polski U18 i 3 gole.<\/p>\n<p><strong>Bartosz Bondziul <\/strong>(V\u0119goria W\u0119gorzewo -&gt; MAS Mazuria Gi\u017cycko -&gt; Zag\u0142\u0119bie Lubin)\u00a0&#8211; 3 mecze i 1 gol \u2013 reprezentacja Polski U15<\/p>\n<p><strong>Kornel Brz\u00f3zka <\/strong>(Naki Olsztyn -&gt; AMO Olsztyn -&gt; Stomil Olsztyn -&gt; \u017buri Olsztyn -&gt; Jagiellonia Bia\u0142ystok) &#8211; 4 mecze \u2013 reprezentacja Polski U15\u00a0 2 gole i 5 mecz\u00f3w reprezentacja Polski U16 i 3 gole.<\/p>\n<p><strong>Mi\u0142osz Kowalkowski <\/strong>(AP Ostr\u00f3da -&gt; Sok\u00f3\u0142 Ostr\u00f3da -&gt; Rak\u00f3w Cz\u0119stochowa)\u00a0&#8211; 1 mecz \u2013 reprezentacja Polski U15<\/p>\n<p><strong>Jakub Gil <\/strong>(Mazuria Gi\u017cycko -&gt; Stomil Olsztyn -&gt; Rak\u00f3w Cz\u0119stochowa) &#8211; 2 mecze \u2013 reprezentacja Polski U15 Future<\/p>\n<p><strong>Bartosz Jukowski<\/strong> (AP Malbork &#8211; AMO Tczew -&gt; Concordia Elbl\u0105g -&gt; Legia Warszawa) \u2013 konsultacja szkoleniowa reprezentacji Polski U17<\/p>\n<p><strong>Krystian Tymoszczuk <\/strong>(AMO E\u0142k -&gt; Rona 03 E\u0142k -&gt; Jagiellonia Bia\u0142ystok)\u00a0\u2013 konsultacja szkoleniowa reprezentacji Polski U17<\/p>\n<p>&#8212;&#8212;&#8212;&#8212;&#8212;&#8212;&#8212;&#8212;&#8212;&#8212;&#8212;&#8212;&#8212;&#8212;&#8212;&#8212;&#8212;&#8212;&#8212;&#8212;&#8212;&#8212;&#8212;&#8212;&#8212;&#8212;&#8212;&#8212;&#8212;&#8212;-<\/p>\n<p><strong>Justyna K\u0105dziela <\/strong>(Constract Lubawa -&gt; Medyk Konin)\u00a0\u2013 5 mecz\u00f3w w reprezentacji Polski U15 dziewczyn<\/p>\n<p><strong>Zuzanna Makarczuk-Jackowska\u00a0<\/strong>(AP Ostr\u00f3da -&gt; Akademia Pi\u0142karska LG)\u00a0\u2013 Konsultacja szkoleniowa reprezentacji Polski U15 dziewczyn<\/p>\n<p><strong>Wiktoria \u015awiercz<\/strong> (MFS Gda\u0144sk -&gt; Concordia Ellb\u0105g -&gt; AP Orlen Gda\u0144sk)\u2013 \u00a0Konsultacja szkoleniowa reprezentacji Polski U15 dziewczyn<\/p>\n<p><strong>Antonina Milewska\u00a0<\/strong>(T\u0119cza Biskupiec -&gt; Stomilanki Olsztyn) \u2013 Konsultacja szkoleniowa reprezentacji Polski U15 dziewczyn<\/p>\n<p><strong>Oliwia Zag\u00f3rska<\/strong> (Gol Gi\u017cycko &#8211; AS Stomil Olsztyn &#8211; Stomilanki Olsztyn) \u2013 Konsultacja szkoleniowa reprezentacji Polski U15 dziewczyn<\/p>\n<p><strong>Edyta Bednarczyk<\/strong> (K\u0142obuk Miko\u0142ajki -&gt; AS Stomil Olsztyn -&gt; Stomilanki Olsztyn -&gt; AS Stomil Olsztyn)\u2013 Konsultacja szkoleniowa reprezentacji Polski U15 dziewczyn<\/p>\n<p>&#8212;&#8212;&#8212;&#8212;&#8212;&#8212;&#8212;&#8212;&#8212;&#8212;&#8212;&#8212;&#8212;&#8212;&#8212;&#8212;&#8212;&#8212;&#8212;&#8212;&#8212;&#8212;&#8212;&#8212;&#8212;&#8212;&#8212;&#8212;&#8212;&#8212;&#8212;<\/p>\n<p>Oczywi\u015bcie nie mo\u017cna r\u00f3wnie\u017c zapomnie\u0107 o trenerze, kt\u00f3ry prowadzi\u0142 nasze kadry wojew\u00f3dzkie, a obecnie jest asystentem trenera w reprezentacji Polski do lat 16. Mowa o Grzegorze \u017bytkiewiczu, kt\u00f3ry z dum\u0105 przywdziewa polskie barwy i pomaga trenerowi Lasockiemu w trenowaniu naszych m\u0142odych reprezentant\u00f3w.<\/p>\n<p>Spytali\u015bmy <strong>Justyn\u0119 K\u0105dziel\u0119<\/strong>, jak wspomina czas sp\u0119dzony w kadrach wojew\u00f3dzkich-\u00a0 <em>Wyst\u0119py w kadrach wojew\u00f3dzkich da\u0142y mi pewno\u015b\u0107 siebie. Atmosfera by\u0142a bardzo fajna. Mieli\u015bmy naprawd\u0119 bardzo dobrych trener\u00f3w. Chocia\u017c nie wygrywali\u015bmy wszystkich mecz\u00f3w, to dawali\u015bmy z siebie wszystko i zawsze walczy\u0142y\u015bmy do ko\u0144ca. Nie wa\u017cne, jaki by\u0142 wynik, to i tak si\u0119 nie poddawali\u015bmy i ta determinacja pomog\u0142a mi r\u00f3wnie\u017c dosta\u0107 si\u0119 w miejsce, w kt\u00f3rym obecnie si\u0119 znajduje.<\/em><\/p>\n<p><img loading=\"lazy\" decoding=\"async\" class=\"aligncenter wp-image-47825 size-full\" src=\"https:\/\/wmzpn.pl\/wp-content\/uploads\/2025\/11\/kadziela.jpg\" alt=\"\" width=\"1200\" height=\"1600\" srcset=\"https:\/\/wmzpn.pl\/wp-content\/uploads\/2025\/11\/kadziela.jpg 1200w, https:\/\/wmzpn.pl\/wp-content\/uploads\/2025\/11\/kadziela-225x300.jpg 225w, https:\/\/wmzpn.pl\/wp-content\/uploads\/2025\/11\/kadziela-768x1024.jpg 768w, https:\/\/wmzpn.pl\/wp-content\/uploads\/2025\/11\/kadziela-1152x1536.jpg 1152w, https:\/\/wmzpn.pl\/wp-content\/uploads\/2025\/11\/kadziela-696x928.jpg 696w, https:\/\/wmzpn.pl\/wp-content\/uploads\/2025\/11\/kadziela-1068x1424.jpg 1068w, https:\/\/wmzpn.pl\/wp-content\/uploads\/2025\/11\/kadziela-315x420.jpg 315w\" sizes=\"auto, (max-width: 1200px) 100vw, 1200px\" \/><\/p>\n<p>Co czu\u0142a graj\u0105c z orze\u0142kiem na piersi? \u00a0&#8211; <em>Jak zaczyna\u0142am gra\u0107 w pi\u0142k\u0119 to nie s\u0105dzi\u0142am, \u017ce trafi\u0119 do takiego miejsca, w kt\u00f3rym jestem. Gra w reprezentacji to spe\u0142nienie marze\u0144 i da\u0142o mi to motywacj\u0119, do dalszej pracy. Nie wiem co bym zrobi\u0142a teraz bez pi\u0142ki. Po\u015bwi\u0119ci\u0142am na to wi\u0119ksz\u0105 cz\u0119\u015b\u0107 mojego \u017cycia i z tym wi\u0105\u017c\u0119 swoja przysz\u0142o\u015b\u0107.<\/em><\/p>\n<p>Widzimy wi\u0119c, \u017ce poprzez determinacj\u0119, ci\u0119\u017ck\u0105 prac\u0119 na treningach i systematyczno\u015b\u0107 mo\u017cna rozwija\u0107 si\u0119 pi\u0142karsko i przechodzi\u0107 kolejne szczeble pi\u0142karskiej kariery. Wszystkim zawodnikom \u017cyczymy powodzenia i czekamy na kolejne powo\u0142ania do reprezentacji Polski!<\/p>\n<figure id=\"attachment_47824\" aria-describedby=\"caption-attachment-47824\" style=\"width: 2048px\" class=\"wp-caption alignnone\"><img loading=\"lazy\" decoding=\"async\" class=\"wp-image-47824 size-full\" src=\"https:\/\/wmzpn.pl\/wp-content\/uploads\/2025\/11\/bondziul.jpg\" alt=\"\" width=\"2048\" height=\"1365\" srcset=\"https:\/\/wmzpn.pl\/wp-content\/uploads\/2025\/11\/bondziul.jpg 2048w, https:\/\/wmzpn.pl\/wp-content\/uploads\/2025\/11\/bondziul-300x200.jpg 300w, https:\/\/wmzpn.pl\/wp-content\/uploads\/2025\/11\/bondziul-1024x683.jpg 1024w, https:\/\/wmzpn.pl\/wp-content\/uploads\/2025\/11\/bondziul-768x512.jpg 768w, https:\/\/wmzpn.pl\/wp-content\/uploads\/2025\/11\/bondziul-1536x1024.jpg 1536w, https:\/\/wmzpn.pl\/wp-content\/uploads\/2025\/11\/bondziul-696x464.jpg 696w, https:\/\/wmzpn.pl\/wp-content\/uploads\/2025\/11\/bondziul-1068x712.jpg 1068w, https:\/\/wmzpn.pl\/wp-content\/uploads\/2025\/11\/bondziul-630x420.jpg 630w\" sizes=\"auto, (max-width: 2048px) 100vw, 2048px\" \/><figcaption id=\"caption-attachment-47824\" class=\"wp-caption-text\">Bartosz Bondziul<\/figcaption><\/figure>\n<figure id=\"attachment_47823\" aria-describedby=\"caption-attachment-47823\" style=\"width: 1600px\" class=\"wp-caption alignnone\"><img loading=\"lazy\" decoding=\"async\" class=\"wp-image-47823 size-full\" src=\"https:\/\/wmzpn.pl\/wp-content\/uploads\/2025\/11\/aleks.jpg\" alt=\"\" width=\"1600\" height=\"1200\" srcset=\"https:\/\/wmzpn.pl\/wp-content\/uploads\/2025\/11\/aleks.jpg 1600w, https:\/\/wmzpn.pl\/wp-content\/uploads\/2025\/11\/aleks-300x225.jpg 300w, https:\/\/wmzpn.pl\/wp-content\/uploads\/2025\/11\/aleks-1024x768.jpg 1024w, https:\/\/wmzpn.pl\/wp-content\/uploads\/2025\/11\/aleks-768x576.jpg 768w, https:\/\/wmzpn.pl\/wp-content\/uploads\/2025\/11\/aleks-1536x1152.jpg 1536w, https:\/\/wmzpn.pl\/wp-content\/uploads\/2025\/11\/aleks-80x60.jpg 80w, https:\/\/wmzpn.pl\/wp-content\/uploads\/2025\/11\/aleks-265x198.jpg 265w, https:\/\/wmzpn.pl\/wp-content\/uploads\/2025\/11\/aleks-696x522.jpg 696w, https:\/\/wmzpn.pl\/wp-content\/uploads\/2025\/11\/aleks-1068x801.jpg 1068w, https:\/\/wmzpn.pl\/wp-content\/uploads\/2025\/11\/aleks-560x420.jpg 560w\" sizes=\"auto, (max-width: 1600px) 100vw, 1600px\" \/><figcaption id=\"caption-attachment-47823\" class=\"wp-caption-text\">Aleks Olsztyn, Grzegorz \u017bytkiewicz, Kornel Brz\u00f3zka<\/figcaption><\/figure>\n\n\n<p><\/p>\n","protected":false},"excerpt":{"rendered":"<p>Cz\u0119sto zaczynaj\u0105 na lokalnych boiskach \u2013 w klubach zar\u00f3wno z mniejszych, jak i wi\u0119kszych miejscowo\u015bci na Warmii i Mazurach. Trenuj\u0105 ci\u0119\u017cko i uczestnicz\u0105 w rozgrywkach ligowych. Nast\u0119pnie \u00a0przychodzi sygna\u0142, \u017ce mog\u0105 postawi\u0107 kolejny krok w swoim rozwoju, gdy otrzymuj\u0105 powo\u0142anie do kadry wojew\u00f3dzkiej. Jako Zwi\u0105zek od lat bardzo powa\u017cnie podchodzimy do rozwoju kadr. To tutaj [&hellip;]<\/p>\n","protected":false},"author":11,"featured_media":47826,"comment_status":"open","ping_status":"open","sticky":false,"template":"","format":"standard","meta":{"footnotes":""},"categories":[12],"tags":[],"class_list":["post-47822","post","type-post","status-publish","format-standard","has-post-thumbnail","hentry","category-aktualnosci"],"_links":{"self":[{"href":"https:\/\/wmzpn.pl\/index.php?rest_route=\/wp\/v2\/posts\/47822","targetHints":{"allow":["GET"]}}],"collection":[{"href":"https:\/\/wmzpn.pl\/index.php?rest_route=\/wp\/v2\/posts"}],"about":[{"href":"https:\/\/wmzpn.pl\/index.php?rest_route=\/wp\/v2\/types\/post"}],"author":[{"embeddable":true,"href":"https:\/\/wmzpn.pl\/index.php?rest_route=\/wp\/v2\/users\/11"}],"replies":[{"embeddable":true,"href":"https:\/\/wmzpn.pl\/index.php?rest_route=%2Fwp%2Fv2%2Fcomments&post=47822"}],"version-history":[{"count":11,"href":"https:\/\/wmzpn.pl\/index.php?rest_route=\/wp\/v2\/posts\/47822\/revisions"}],"predecessor-version":[{"id":47843,"href":"https:\/\/wmzpn.pl\/index.php?rest_route=\/wp\/v2\/posts\/47822\/revisions\/47843"}],"wp:featuredmedia":[{"embeddable":true,"href":"https:\/\/wmzpn.pl\/index.php?rest_route=\/wp\/v2\/media\/47826"}],"wp:attachment":[{"href":"https:\/\/wmzpn.pl\/index.php?rest_route=%2Fwp%2Fv2%2Fmedia&parent=47822"}],"wp:term":[{"taxonomy":"category","embeddable":true,"href":"https:\/\/wmzpn.pl\/index.php?rest_route=%2Fwp%2Fv2%2Fcategories&post=47822"},{"taxonomy":"post_tag","embeddable":true,"href":"https:\/\/wmzpn.pl\/index.php?rest_route=%2Fwp%2Fv2%2Ftags&post=47822"}],"curies":[{"name":"wp","href":"https:\/\/api.w.org\/{rel}","templated":true}]}}