{"id":47794,"date":"2025-11-25T09:10:25","date_gmt":"2025-11-25T09:10:25","guid":{"rendered":"https:\/\/wmzpn.pl\/?p=47794"},"modified":"2025-11-26T09:05:38","modified_gmt":"2025-11-26T09:05:38","slug":"turniej-kadr-regionow-rocznika-2013","status":"publish","type":"post","link":"https:\/\/wmzpn.pl\/?p=47794","title":{"rendered":"Turniej Kadr Region\u00f3w rocznika 2013"},"content":{"rendered":"<p data-start=\"316\" data-end=\"647\">W 2026 roku Warmi\u0144sko-Mazurski Zwi\u0105zek Pi\u0142ki No\u017cnej zorganizuje turniej kadr region\u00f3w ch\u0142opc\u00f3w z rocznika 2013. W\u0142a\u015bnie pod to wydarzenie prowadzony jest szeroki proces skautingowy, kt\u00f3rego celem jest wy\u0142onienie najbardziej perspektywicznych zawodnik\u00f3w z ca\u0142ego wojew\u00f3dztwa i przygotowanie ich do udzia\u0142u w rywalizacji regionalnej, a nast\u0119pnie do rywalizacji z innymi kadrami wojew\u00f3dzkimi. Projekt ten b\u0119dzie kontynuowany w kolejnych rocznikach kadr wojew\u00f3dzkich.<\/p>\n<h3 data-start=\"649\" data-end=\"685\">Jak przebiega proces rekrutacji?<\/h3>\n<p data-start=\"687\" data-end=\"907\">Nab\u00f3r do kadr region\u00f3w opiera si\u0119 na podziale wojew\u00f3dztwa wed\u0142ug powiat\u00f3w, co pozwala na r\u00f3wny dost\u0119p zawodnik\u00f3w do selekcji oraz umo\u017cliwia trenerom regionalnym skuteczniejsze monitorowanie potencja\u0142u w swoich obszarach.<\/p>\n<p data-start=\"687\" data-end=\"907\"><strong>Zach\u00f3d:<\/strong> Powiat Braniewski, Powiat Elbl\u0105ski, Powiat Ostr\u00f3dzki, Powiat I\u0142awski, Powiat Nowomiejski, Powiat Dzia\u0142dowski<\/p>\n<p data-start=\"687\" data-end=\"907\"><strong>Centrum:<\/strong> Powiat Bartoszycki, Powiat Lidzbarski, Powiat Olszty\u0144ski, Miasto Olsztyn, Powiat Szczycie\u0144ski, Powiat Nidzicki.<\/p>\n<p data-start=\"687\" data-end=\"907\"><strong>Wsch\u00f3d:<\/strong> Powiat K\u0119trzy\u0144ski, Powiat W\u0119gorzewski, Powiat Go\u0142dapski, Powiat Mr\u0105gowski, Powiat Gi\u017cycki, Powiat Olecki, Powiat Piski, Powiat E\u0142cki.<\/p>\n<p data-start=\"909\" data-end=\"1086\">Za powo\u0142ania odpowiedzialni s\u0105 trenerzy regionalni, kt\u00f3rzy poprzez systematyczne obserwacje mecz\u00f3w i analiz\u0119 umiej\u0119tno\u015bci zawodnik\u00f3w zapraszaj\u0105 ich na konsultacje szkoleniowe.<\/p>\n<p data-start=\"909\" data-end=\"1086\"><strong>Zach\u00f3d<\/strong> &#8211; Trener: J\u0119drzej \u015awiatkowski<\/p>\n<p data-start=\"909\" data-end=\"1086\"><strong>Centrum<\/strong> &#8211; Trener Sebastian Studniak<\/p>\n<p data-start=\"909\" data-end=\"1086\"><strong>Wsch\u00f3d<\/strong> &#8211; Trener Mateusz \u017belepie\u0144<\/p>\n<p data-start=\"1088\" data-end=\"1362\">Dodatkowo trenerzy klubowi mog\u0105 zg\u0142asza\u0107 swoich zawodnik\u00f3w poprzez formularz rekrutacyjny \u2013 po wcze\u015bniejszym kontakcie z trenerem regionalnym. Zg\u0142oszenie to zwi\u0119ksza szans\u0119 zawodnika na zauwa\u017cenie, jednak ostateczna decyzja o powo\u0142aniu nale\u017cy zawsze do trenera regionalnego.<\/p>\n<p data-start=\"1088\" data-end=\"1362\"><a href=\"https:\/\/forms.office.com\/pages\/responsepage.aspx?id=mdKfHeve6EavGV2vMmtSqt2r1AevsBtBvsBWD9nRVJFUODRRM1NLMlJVWlBPTVhCNk5WSTBPMExJRi4u&amp;route=shorturl\">Formularz Zg\u0142oszeniowy<\/a><\/p>\n<h3 data-start=\"1364\" data-end=\"1388\">Harmonogram selekcji<\/h3>\n<p data-start=\"1390\" data-end=\"1506\"><strong data-start=\"1390\" data-end=\"1409\">Listopad \u2013 luty<\/strong><br data-start=\"1409\" data-end=\"1412\" \/>Skauting regionalny: obserwacje mecz\u00f3w, analiza zg\u0142osze\u0144 klubowych, budowanie list zawodnik\u00f3w.<\/p>\n<p data-start=\"1508\" data-end=\"1571\"><strong data-start=\"1508\" data-end=\"1525\">Luty \u2013 marzec<\/strong><br data-start=\"1525\" data-end=\"1528\" \/>Konsultacje szkoleniowe w kadrach region\u00f3w.<\/p>\n<p data-start=\"1573\" data-end=\"1649\"><strong data-start=\"1573\" data-end=\"1600\">Druga po\u0142owa marca 2026<\/strong><br data-start=\"1600\" data-end=\"1603\" \/>Turniej Kadr Region\u00f3w WMZPN dla rocznika 2013.<\/p>\n<h3 data-start=\"1651\" data-end=\"1676\">Struktura po turnieju<\/h3>\n<p data-start=\"1678\" data-end=\"1733\">Po zako\u0144czeniu turnieju powstan\u0105 dwie grupy zawodnik\u00f3w:<\/p>\n<ul data-start=\"1735\" data-end=\"1819\">\n<li data-start=\"1735\" data-end=\"1756\">\n<p data-start=\"1737\" data-end=\"1756\"><strong data-start=\"1737\" data-end=\"1753\">\u015acis\u0142a kadra<\/strong>,<\/p>\n<\/li>\n<li data-start=\"1757\" data-end=\"1819\">\n<p data-start=\"1759\" data-end=\"1819\"><strong data-start=\"1759\" data-end=\"1770\">Kadra B<\/strong>, stanowi\u0105ca bezpo\u015brednie zaplecze kadry g\u0142\u00f3wnej.<\/p>\n<\/li>\n<\/ul>\n<p data-start=\"1821\" data-end=\"2040\">Jednocze\u015bnie proces naboru do kadr wojew\u00f3dzkich pozostanie otwarty. Oznacza to, \u017ce zawodnicy mog\u0105 zosta\u0107 zauwa\u017ceni i do\u0142\u0105czeni do kadry r\u00f3wnie\u017c w p\u00f3\u017aniejszej cz\u0119\u015bci sezonu, je\u015bli ich poziom sportowy b\u0119dzie si\u0119 rozwija\u0142.<\/p>\n<p data-start=\"1821\" data-end=\"2040\"><strong>Kontakty do trener\u00f3w:<\/strong><\/p>\n<p data-start=\"1821\" data-end=\"2040\">Trener Kadry rocznika 2013: Mateusz Gut &#8211; 517 454 669<\/p>\n<p data-start=\"1821\" data-end=\"2040\">Trener Kadry Zachodu: J\u0119drzej \u015awiatkowski &#8211; <span class=\"TextRun SCXP33598827 BCX8\" lang=\"PL-PL\" xml:lang=\"PL-PL\" data-usefontface=\"false\" data-contrast=\"none\"><span class=\"NormalTextRun SCXP33598827 BCX8\">533 664 058<\/span><\/span><\/p>\n<p data-start=\"1821\" data-end=\"2040\">Trener Kadry Centrum: Sebastian Studniak &#8211; <span class=\"TextRun SCXP158508334 BCX8\" lang=\"PL-PL\" xml:lang=\"PL-PL\" data-usefontface=\"false\" data-contrast=\"none\"><span class=\"NormalTextRun SCXP158508334 BCX8\">692 360 244<\/span><\/span><\/p>\n<p data-start=\"1821\" data-end=\"2040\">Trener Kadry Wschodu: Mateusz \u017belepie\u0144 &#8211; <span class=\"TextRun SCXP20025835 BCX8\" lang=\"PL-PL\" xml:lang=\"PL-PL\" data-usefontface=\"false\" data-contrast=\"none\"><span class=\"NormalTextRun SCXP20025835 BCX8\">731 240 398<\/span><\/span><\/p>\n<p data-start=\"1821\" data-end=\"2040\">\u00a0<\/p>\n\n\n<p><\/p>\n","protected":false},"excerpt":{"rendered":"<p>W 2026 roku Warmi\u0144sko-Mazurski Zwi\u0105zek Pi\u0142ki No\u017cnej zorganizuje turniej kadr region\u00f3w ch\u0142opc\u00f3w z rocznika 2013. W\u0142a\u015bnie pod to wydarzenie prowadzony jest szeroki proces skautingowy, kt\u00f3rego celem jest wy\u0142onienie najbardziej perspektywicznych zawodnik\u00f3w z ca\u0142ego wojew\u00f3dztwa i przygotowanie ich do udzia\u0142u w rywalizacji regionalnej, a nast\u0119pnie do rywalizacji z innymi kadrami wojew\u00f3dzkimi. Projekt ten b\u0119dzie kontynuowany w [&hellip;]<\/p>\n","protected":false},"author":11,"featured_media":47804,"comment_status":"open","ping_status":"open","sticky":false,"template":"","format":"standard","meta":{"footnotes":""},"categories":[12,67],"tags":[],"class_list":["post-47794","post","type-post","status-publish","format-standard","has-post-thumbnail","hentry","category-aktualnosci","category-kadry-wmzpn"],"_links":{"self":[{"href":"https:\/\/wmzpn.pl\/index.php?rest_route=\/wp\/v2\/posts\/47794","targetHints":{"allow":["GET"]}}],"collection":[{"href":"https:\/\/wmzpn.pl\/index.php?rest_route=\/wp\/v2\/posts"}],"about":[{"href":"https:\/\/wmzpn.pl\/index.php?rest_route=\/wp\/v2\/types\/post"}],"author":[{"embeddable":true,"href":"https:\/\/wmzpn.pl\/index.php?rest_route=\/wp\/v2\/users\/11"}],"replies":[{"embeddable":true,"href":"https:\/\/wmzpn.pl\/index.php?rest_route=%2Fwp%2Fv2%2Fcomments&post=47794"}],"version-history":[{"count":7,"href":"https:\/\/wmzpn.pl\/index.php?rest_route=\/wp\/v2\/posts\/47794\/revisions"}],"predecessor-version":[{"id":47803,"href":"https:\/\/wmzpn.pl\/index.php?rest_route=\/wp\/v2\/posts\/47794\/revisions\/47803"}],"wp:featuredmedia":[{"embeddable":true,"href":"https:\/\/wmzpn.pl\/index.php?rest_route=\/wp\/v2\/media\/47804"}],"wp:attachment":[{"href":"https:\/\/wmzpn.pl\/index.php?rest_route=%2Fwp%2Fv2%2Fmedia&parent=47794"}],"wp:term":[{"taxonomy":"category","embeddable":true,"href":"https:\/\/wmzpn.pl\/index.php?rest_route=%2Fwp%2Fv2%2Fcategories&post=47794"},{"taxonomy":"post_tag","embeddable":true,"href":"https:\/\/wmzpn.pl\/index.php?rest_route=%2Fwp%2Fv2%2Ftags&post=47794"}],"curies":[{"name":"wp","href":"https:\/\/api.w.org\/{rel}","templated":true}]}}