{"id":47644,"date":"2025-11-11T22:02:18","date_gmt":"2025-11-11T22:02:18","guid":{"rendered":"https:\/\/wmzpn.pl\/?p=47644"},"modified":"2025-11-11T22:02:37","modified_gmt":"2025-11-11T22:02:37","slug":"12-grudnia-w-ostrodzie-odbedzie-sie-nadzwyczajne-walne-zebranie-delegatow-wmzpn","status":"publish","type":"post","link":"https:\/\/wmzpn.pl\/?p=47644","title":{"rendered":"12 grudnia w Ostr\u00f3dzie odb\u0119dzie si\u0119 Nadzwyczajne Walne Zebranie Delegat\u00f3w WMZPN"},"content":{"rendered":"\n<p>Zarz\u0105d Warmi\u0144sko-Mazurskiego Zwi\u0105zku Pi\u0142ki No\u017cnej w dniu 24 pa\u017adziernika 2025 roku na podstawie \u00a729 Statutu WMZPN podj\u0105\u0142 decyzj\u0119 o zwo\u0142aniu Nadzwyczajnego Walnego Zebrania Delegat\u00f3w WMZPN na dzie\u0144 12 grudnia 2025 roku (pi\u0105tek) na godzin\u0119 15:45 w I terminie (godz. 16:00 w II terminie). Zebranie odb\u0119dzie si\u0119 w sali konferencyjnej Stadionu Miejskiego w Ostr\u00f3dzie (Ostr\u00f3da, ul. 3 Maja 19).<\/p>\n\n\n\n<p>Nadzwyczajne Walne Zebranie zosta\u0142o zwo\u0142ane w celu przeprowadzenia zmian statutowych (w szczeg\u00f3lno\u015bci zwi\u0105zanych z rozszerzeniem cel\u00f3w, zada\u0144 i terenu dzia\u0142ania WMZPN), uzupe\u0142nienia sk\u0142adu Zarz\u0105du o jedn\u0105 osob\u0119 (vacat po rezygnacji) oraz przeprowadzenia dyskusji i podj\u0119cia ewentualnych decyzji w sprawach opisanych w \u00a711 ust. 1 Statutu (dzia\u0142alno\u015b\u0107 gospodarcza, powo\u0142anie fundacji, powo\u0142anie sp\u00f3\u0142ki).<\/p>\n\n\n\n<p>W zebraniu z g\u0142osem stanowi\u0105cym bior\u0105 udzia\u0142 delegaci Cz\u0142onk\u00f3w Zwi\u0105zku (Klub\u00f3w) wybrani na Sprawozdawczo-Wyborcze Walne Zebranie Delegat\u00f3w WMZPN z dnia 25 kwietnia 2025 roku &nbsp;z zastrze\u017ceniem \u00a7 21 pkt. 4 Statutu WMZPN, delegaci nowych Cz\u0142onk\u00f3w Zwi\u0105zku (Klub\u00f3w) przyj\u0119tych od tego czasu w poczet cz\u0142onk\u00f3w WMZPN, jak r\u00f3wnie\u017c nowo zg\u0142oszeni delegaci Cz\u0142onk\u00f3w Zwi\u0105zku (Klub\u00f3w), kt\u00f3re nie dokona\u0142y wcze\u015bniej zg\u0142oszenie delegat\u00f3w na kadencj\u0119 2025-2029. W przypadku, gdy Cz\u0142onek Zwi\u0105zku (Klub) odwo\u0142a\u0142 swojego delegata a w jego miejsce powo\u0142a\u0142 now\u0105 osob\u0119 albo w og\u00f3le nie powo\u0142a\u0142 jeszcze delegata na kadencj\u0119 2025-2029 i czyni to teraz, musi on (Klub) przes\u0142a\u0107 do Zwi\u0105zku oficjalne zg\u0142oszenie nowo powo\u0142ywanego delegata na za\u0142\u0105czonym do niniejszego komunikatu druku.<\/p>\n\n\n\n<p>Cz\u0142onkom (Klubom) przys\u0142uguje nast\u0119puj\u0105ca liczba delegat\u00f3w w zale\u017cno\u015bci od najwy\u017cej sklasyfikowanej dru\u017cyny w rundzie wiosennej sezonu 2024\/25:<\/p>\n\n\n\n<ul class=\"wp-block-list\">\n<li>4 delegat\u00f3w \u2013 II liga; Ekstraliga Kobiet; Ekstraklasa Futsalu<\/li>\n\n\n\n<li>3 delegat\u00f3w \u2013 III Liga; Ekstraliga Futsalu Kobiet; Warmi\u0144sko-Mazurskie Stowarzyszenie S\u0119dzi\u00f3w Pi\u0142ki No\u017cnej<\/li>\n\n\n\n<li>2 delegat\u00f3w \u2013 IV Liga, Klasa Okr\u0119gowa; I Liga Futsalu Kobiet; MLJ U-19, CLJ U-17, CLJ U-15, Ekstraklasy woj. B1,C1,C2,D1,D2; CLJ U-18 Kobiet; Turnieje fina\u0142owe MMP w Futsalu<\/li>\n\n\n\n<li>1 delegat \u2013 A Klasa, B Klasa,<br>pozosta\u0142e kluby m\u0142odzie\u017cowe<\/li>\n\n\n\n<li>0 delegat\u00f3w \u2013 kluby nieuczestnicz\u0105ce w rozgrywkach pi\u0142karskich w rundzie wiosennej sezonu 2024\/25<\/li>\n<\/ul>\n\n\n\n<p>Cz\u0142onkom (Klubom) przyj\u0119tym w poczet cz\u0142onk\u00f3w WMZPN po 25 kwietnia 2025roku przys\u0142uguje 1 delegat.<\/p>\n\n\n\n<p><\/p>\n\n\n\n<p>Szczeg\u00f3\u0142owy komunikat wraz z wzorami dokument\u00f3w:\u00a0<strong><a href=\"https:\/\/wmzpn.pl\/wp-content\/uploads\/2025\/11\/pismo-do-klubow-komunikat-WZD-2025-12-1.pdf\">LINK<\/a><\/strong><\/p>\n","protected":false},"excerpt":{"rendered":"<p>Zarz\u0105d Warmi\u0144sko-Mazurskiego Zwi\u0105zku Pi\u0142ki No\u017cnej w dniu 24 pa\u017adziernika 2025 roku na podstawie \u00a729 Statutu WMZPN podj\u0105\u0142 decyzj\u0119 o zwo\u0142aniu Nadzwyczajnego Walnego Zebrania Delegat\u00f3w WMZPN na dzie\u0144 12 grudnia 2025 roku (pi\u0105tek) na godzin\u0119 15:45 w I terminie (godz. 16:00 w II terminie). Zebranie odb\u0119dzie si\u0119 w sali konferencyjnej Stadionu Miejskiego w Ostr\u00f3dzie (Ostr\u00f3da, ul. [&hellip;]<\/p>\n","protected":false},"author":7,"featured_media":16267,"comment_status":"open","ping_status":"open","sticky":false,"template":"","format":"standard","meta":{"footnotes":""},"categories":[26],"tags":[],"class_list":["post-47644","post","type-post","status-publish","format-standard","has-post-thumbnail","hentry","category-zwiazek-news"],"_links":{"self":[{"href":"https:\/\/wmzpn.pl\/index.php?rest_route=\/wp\/v2\/posts\/47644","targetHints":{"allow":["GET"]}}],"collection":[{"href":"https:\/\/wmzpn.pl\/index.php?rest_route=\/wp\/v2\/posts"}],"about":[{"href":"https:\/\/wmzpn.pl\/index.php?rest_route=\/wp\/v2\/types\/post"}],"author":[{"embeddable":true,"href":"https:\/\/wmzpn.pl\/index.php?rest_route=\/wp\/v2\/users\/7"}],"replies":[{"embeddable":true,"href":"https:\/\/wmzpn.pl\/index.php?rest_route=%2Fwp%2Fv2%2Fcomments&post=47644"}],"version-history":[{"count":2,"href":"https:\/\/wmzpn.pl\/index.php?rest_route=\/wp\/v2\/posts\/47644\/revisions"}],"predecessor-version":[{"id":47647,"href":"https:\/\/wmzpn.pl\/index.php?rest_route=\/wp\/v2\/posts\/47644\/revisions\/47647"}],"wp:featuredmedia":[{"embeddable":true,"href":"https:\/\/wmzpn.pl\/index.php?rest_route=\/wp\/v2\/media\/16267"}],"wp:attachment":[{"href":"https:\/\/wmzpn.pl\/index.php?rest_route=%2Fwp%2Fv2%2Fmedia&parent=47644"}],"wp:term":[{"taxonomy":"category","embeddable":true,"href":"https:\/\/wmzpn.pl\/index.php?rest_route=%2Fwp%2Fv2%2Fcategories&post=47644"},{"taxonomy":"post_tag","embeddable":true,"href":"https:\/\/wmzpn.pl\/index.php?rest_route=%2Fwp%2Fv2%2Ftags&post=47644"}],"curies":[{"name":"wp","href":"https:\/\/api.w.org\/{rel}","templated":true}]}}