{"id":47573,"date":"2025-11-04T10:10:07","date_gmt":"2025-11-04T10:10:07","guid":{"rendered":"https:\/\/wmzpn.pl\/?p=47573"},"modified":"2025-11-04T10:11:04","modified_gmt":"2025-11-04T10:11:04","slug":"zmarl-jozef-siwko","status":"publish","type":"post","link":"https:\/\/wmzpn.pl\/?p=47573","title":{"rendered":"Zmar\u0142 J\u00f3zef Siwko"},"content":{"rendered":"<div class=\"xdj266r x14z9mp xat24cr x1lziwak x1vvkbs x126k92a\">\n<div dir=\"auto\">1 listopada 2025 roku zmar\u0142 J\u00f3zef Siwko (98 lat). Przez ponad 50 lat by\u0142 dzia\u0142aczem pi\u0142karskim Warmi\u0144sko-Mazurskiego Zwi\u0105zku Pi\u0142ki No\u017cnej. By\u0142 r\u00f3wnie\u017c s\u0119dzi\u0105 pi\u0142karskim. Mia\u0142 na swoim koncie ponad 2000 s\u0119dziowanych spotka\u0144 &#8211; by\u0142y cz\u0142onek Zarz\u0105du Kolegium S\u0119dzi\u00f3w.<\/div>\n<\/div>\n<div class=\"x14z9mp xat24cr x1lziwak x1vvkbs xtlvy1s x126k92a\">\n<div dir=\"auto\">\u00a0<\/div>\n<div dir=\"auto\">Pogrzeb odb\u0119dzie si\u0119 5 listopada 2025 roku o godzinie 13:15 w Parafii Chrystusa Odkupiciela Cz\u0142owieka w Olsztynie przy ulicy Wyszy\u0144skiego 11.<\/div>\n<\/div>\n<div class=\"x14z9mp xat24cr x1lziwak x1vvkbs xtlvy1s x126k92a\">\n<div dir=\"auto\">\u00a0<\/div>\n<div dir=\"auto\">Pochowany zostanie na Cmentarzu Komunalnym w Dywitach.<\/div>\n<\/div>\n\n\n<p><\/p>\n","protected":false},"excerpt":{"rendered":"<p>1 listopada 2025 roku zmar\u0142 J\u00f3zef Siwko (98 lat). Przez ponad 50 lat by\u0142 dzia\u0142aczem pi\u0142karskim Warmi\u0144sko-Mazurskiego Zwi\u0105zku Pi\u0142ki No\u017cnej. By\u0142 r\u00f3wnie\u017c s\u0119dzi\u0105 pi\u0142karskim. Mia\u0142 na swoim koncie ponad 2000 s\u0119dziowanych spotka\u0144 &#8211; by\u0142y cz\u0142onek Zarz\u0105du Kolegium S\u0119dzi\u00f3w. \u00a0 Pogrzeb odb\u0119dzie si\u0119 5 listopada 2025 roku o godzinie 13:15 w Parafii Chrystusa Odkupiciela Cz\u0142owieka w [&hellip;]<\/p>\n","protected":false},"author":11,"featured_media":47576,"comment_status":"open","ping_status":"open","sticky":false,"template":"","format":"standard","meta":{"footnotes":""},"categories":[12],"tags":[],"class_list":["post-47573","post","type-post","status-publish","format-standard","has-post-thumbnail","hentry","category-aktualnosci"],"_links":{"self":[{"href":"https:\/\/wmzpn.pl\/index.php?rest_route=\/wp\/v2\/posts\/47573","targetHints":{"allow":["GET"]}}],"collection":[{"href":"https:\/\/wmzpn.pl\/index.php?rest_route=\/wp\/v2\/posts"}],"about":[{"href":"https:\/\/wmzpn.pl\/index.php?rest_route=\/wp\/v2\/types\/post"}],"author":[{"embeddable":true,"href":"https:\/\/wmzpn.pl\/index.php?rest_route=\/wp\/v2\/users\/11"}],"replies":[{"embeddable":true,"href":"https:\/\/wmzpn.pl\/index.php?rest_route=%2Fwp%2Fv2%2Fcomments&post=47573"}],"version-history":[{"count":1,"href":"https:\/\/wmzpn.pl\/index.php?rest_route=\/wp\/v2\/posts\/47573\/revisions"}],"predecessor-version":[{"id":47575,"href":"https:\/\/wmzpn.pl\/index.php?rest_route=\/wp\/v2\/posts\/47573\/revisions\/47575"}],"wp:featuredmedia":[{"embeddable":true,"href":"https:\/\/wmzpn.pl\/index.php?rest_route=\/wp\/v2\/media\/47576"}],"wp:attachment":[{"href":"https:\/\/wmzpn.pl\/index.php?rest_route=%2Fwp%2Fv2%2Fmedia&parent=47573"}],"wp:term":[{"taxonomy":"category","embeddable":true,"href":"https:\/\/wmzpn.pl\/index.php?rest_route=%2Fwp%2Fv2%2Fcategories&post=47573"},{"taxonomy":"post_tag","embeddable":true,"href":"https:\/\/wmzpn.pl\/index.php?rest_route=%2Fwp%2Fv2%2Ftags&post=47573"}],"curies":[{"name":"wp","href":"https:\/\/api.w.org\/{rel}","templated":true}]}}