{"id":47207,"date":"2025-10-02T07:25:36","date_gmt":"2025-10-02T07:25:36","guid":{"rendered":"https:\/\/wmzpn.pl\/?p=47207"},"modified":"2025-10-02T09:50:41","modified_gmt":"2025-10-02T09:50:41","slug":"powolania-na-konsultacje-bramkarskie","status":"publish","type":"post","link":"https:\/\/wmzpn.pl\/?p=47207","title":{"rendered":"Powo\u0142ania na konsultacje bramkarskie"},"content":{"rendered":"\n<p>7 pa\u017adziernika w Olsztynie odb\u0119dzie konsultacja bramkarska Kadry WMZPN.<\/p>\n\n\n\n<div class=\"wp-block-file\"><a id=\"wp-block-file--media-eac76e8c-227f-488e-9e07-9a74fe265f36\" href=\"https:\/\/wmzpn.pl\/wp-content\/uploads\/2025\/10\/KB_powolanie_2012_2013_7.10.2025_OLSZTYN_BRAMKARZE_grupa1.pdf\">Powo\u0142ania rocznik 2012 i 2013<\/a><a href=\"https:\/\/wmzpn.pl\/wp-content\/uploads\/2025\/10\/KB_powolanie_2012_2013_7.10.2025_OLSZTYN_BRAMKARZE_grupa1.pdf\" class=\"wp-block-file__button wp-element-button\" download aria-describedby=\"wp-block-file--media-eac76e8c-227f-488e-9e07-9a74fe265f36\">Pobierz<\/a><\/div>\n\n\n\n<div class=\"wp-block-file\"><a id=\"wp-block-file--media-d1eb2688-9d69-4eb9-852f-306f731420de\" href=\"https:\/\/wmzpn.pl\/wp-content\/uploads\/2025\/10\/KB_powolanie_2014_7.10.2025_OLSZTYN_BRAMKARZE_grupa2-2.pdf\">Powo\u0142ania rocznik 2014<\/a><a href=\"https:\/\/wmzpn.pl\/wp-content\/uploads\/2025\/10\/KB_powolanie_2014_7.10.2025_OLSZTYN_BRAMKARZE_grupa2-2.pdf\" class=\"wp-block-file__button wp-element-button\" download aria-describedby=\"wp-block-file--media-d1eb2688-9d69-4eb9-852f-306f731420de\">Pobierz<\/a><\/div>\n\n\n\n<p>Zbi\u00f3rka zawodnik\u00f3w rocznika 2012\/13 dnia 7 pa\u017adziernika br. (wtorek) o godzinie 8:30, boisko Naki przy ul. Tuwima 22 w Olsztynie.<\/p>\n\n\n\n<p>Zbi\u00f3rka zawodnik\u00f3w rocznika 2014 dnia 7 pa\u017adziernika br. (wtorek) o godzinie 10:00, boisko Naki przy ul. Tuwima 22 w Olsztynie.<\/p>\n","protected":false},"excerpt":{"rendered":"<p>7 pa\u017adziernika w Olsztynie odb\u0119dzie konsultacja bramkarska Kadry WMZPN. Zbi\u00f3rka zawodnik\u00f3w rocznika 2012\/13 dnia 7 pa\u017adziernika br. (wtorek) o godzinie 8:30, boisko Naki przy ul. Tuwima 22 w Olsztynie. Zbi\u00f3rka zawodnik\u00f3w rocznika 2014 dnia 7 pa\u017adziernika br. (wtorek) o godzinie 10:00, boisko Naki przy ul. Tuwima 22 w Olsztynie.<\/p>\n","protected":false},"author":11,"featured_media":47210,"comment_status":"open","ping_status":"open","sticky":false,"template":"","format":"standard","meta":{"footnotes":""},"categories":[12,67],"tags":[],"class_list":["post-47207","post","type-post","status-publish","format-standard","has-post-thumbnail","hentry","category-aktualnosci","category-kadry-wmzpn"],"_links":{"self":[{"href":"https:\/\/wmzpn.pl\/index.php?rest_route=\/wp\/v2\/posts\/47207","targetHints":{"allow":["GET"]}}],"collection":[{"href":"https:\/\/wmzpn.pl\/index.php?rest_route=\/wp\/v2\/posts"}],"about":[{"href":"https:\/\/wmzpn.pl\/index.php?rest_route=\/wp\/v2\/types\/post"}],"author":[{"embeddable":true,"href":"https:\/\/wmzpn.pl\/index.php?rest_route=\/wp\/v2\/users\/11"}],"replies":[{"embeddable":true,"href":"https:\/\/wmzpn.pl\/index.php?rest_route=%2Fwp%2Fv2%2Fcomments&post=47207"}],"version-history":[{"count":5,"href":"https:\/\/wmzpn.pl\/index.php?rest_route=\/wp\/v2\/posts\/47207\/revisions"}],"predecessor-version":[{"id":47221,"href":"https:\/\/wmzpn.pl\/index.php?rest_route=\/wp\/v2\/posts\/47207\/revisions\/47221"}],"wp:featuredmedia":[{"embeddable":true,"href":"https:\/\/wmzpn.pl\/index.php?rest_route=\/wp\/v2\/media\/47210"}],"wp:attachment":[{"href":"https:\/\/wmzpn.pl\/index.php?rest_route=%2Fwp%2Fv2%2Fmedia&parent=47207"}],"wp:term":[{"taxonomy":"category","embeddable":true,"href":"https:\/\/wmzpn.pl\/index.php?rest_route=%2Fwp%2Fv2%2Fcategories&post=47207"},{"taxonomy":"post_tag","embeddable":true,"href":"https:\/\/wmzpn.pl\/index.php?rest_route=%2Fwp%2Fv2%2Ftags&post=47207"}],"curies":[{"name":"wp","href":"https:\/\/api.w.org\/{rel}","templated":true}]}}