{"id":4710,"date":"2019-01-25T09:09:05","date_gmt":"2019-01-25T09:09:05","guid":{"rendered":"http:\/\/wmzpn.pl\/?p=4710"},"modified":"2019-01-25T09:09:05","modified_gmt":"2019-01-25T09:09:05","slug":"tuzaczynalem-adam-zejer","status":"publish","type":"post","link":"https:\/\/wmzpn.pl\/?p=4710","title":{"rendered":"#TuZaczyna\u0142em &#8211; Adam Zejer"},"content":{"rendered":"<p>S\u0105 zawodnicy, kt\u00f3rych pi\u0142karskim \u017cyciorysem mo\u017cna obdzieli\u0107 kilka innych os\u00f3b. S\u0105 historie i opowie\u015bci, kt\u00f3re &#8220;wgniataj\u0105 w fotel&#8221;. Tak b\u0119dzie w tym przypadku &#8211; tu zaczyna\u0142 Adam Zejer!<!--more--><\/p>\n<p>Wychowanek Stomilu Olsztyn, Mistrz Polski z Zag\u0142\u0119biem Lubin, Mistrz Turcji z Besiktasem Stambu\u0142, Reprezentant Polski. Lewa noga, ponadprzeci\u0119tne umiej\u0119tno\u015bci oraz up\u00f3r w d\u0105\u017ceniu do celu pozwoli\u0142y mu osi\u0105gn\u0105\u0107 wiele na pi\u0142karskim szlaku. O osiedlowym graniu, pocz\u0105tkach w Stomilu, pi\u0142karskich przyja\u017aniach, kulisach transfer\u00f3w, trybunach w Stambule, tureckich zwyczajach, grze przeciwko Romario opowiada Adam Zejer.<\/p>\n<p><img loading=\"lazy\" decoding=\"async\" class=\"alignnone size-full wp-image-4711\" src=\"http:\/\/wmzpn.pl\/wp-content\/uploads\/2019\/01\/2-4.jpg\" alt=\"\" width=\"900\" height=\"630\" srcset=\"https:\/\/wmzpn.pl\/wp-content\/uploads\/2019\/01\/2-4.jpg 900w, https:\/\/wmzpn.pl\/wp-content\/uploads\/2019\/01\/2-4-300x210.jpg 300w, https:\/\/wmzpn.pl\/wp-content\/uploads\/2019\/01\/2-4-768x538.jpg 768w, https:\/\/wmzpn.pl\/wp-content\/uploads\/2019\/01\/2-4-100x70.jpg 100w, https:\/\/wmzpn.pl\/wp-content\/uploads\/2019\/01\/2-4-696x487.jpg 696w, https:\/\/wmzpn.pl\/wp-content\/uploads\/2019\/01\/2-4-600x420.jpg 600w\" sizes=\"auto, (max-width: 900px) 100vw, 900px\" \/><\/p>\n<hr \/>\n<p><strong>Gdzie mieszka\u0142e\u015b, b\u0119d\u0105c dzieckiem? Jak wygl\u0105da\u0142y Twoje pocz\u0105tki z pi\u0142k\u0105?<\/strong><\/p>\n<p>Urodzi\u0142em si\u0119 w Olsztynie, mieszka\u0142em w dzielnicy \u015ar\u00f3dmie\u015bcie, przy ulicy Mazurskiej. Ucz\u0119szcza\u0142em do Szko\u0142y Podstawowej nr 3 w klasach 1-5, a na ostatnie trzy lata \u201epodstaw\u00f3wki\u201d przenios\u0142em si\u0119 do Szko\u0142y Podstawowej nr 2. Pami\u0119tam, \u017ce nie mia\u0142em w domu zbyt wielu zabawek. Mia\u0142em dok\u0142adnie trzy zabawki: trzy pi\u0142ki. W domu by\u0142a jeszcze rakietka do tenisa sto\u0142owego, ale nale\u017ca\u0142a ona w sumie do mojego taty. Praktycznie ca\u0142y wolny czas sp\u0119dza\u0142o si\u0119 na podw\u00f3rku. Gdy tylko wraca\u0142em ze szko\u0142y, to jedynie odrabia\u0142o si\u0119 lekcje, ewentualnie robi\u0142o jakie\u015b zakupy i sz\u0142o si\u0119 na podw\u00f3rko. Gry w pi\u0142k\u0119 by\u0142o w moim dzieci\u0144stwie bardzo du\u017co. Mieli\u015bmy fajn\u0105 paczk\u0119 w klasie, sze\u015bciu \u201ezapale\u0144c\u00f3w\u201d. Do szko\u0142y wychodzi\u0142em o 7:15, za\u015b pi\u0119tna\u015bcie minut p\u00f3\u017aniej, jeszcze przed zaj\u0119ciami, grali\u015bmy. Uwielbia\u0142em wr\u0119cz moment, kiedy uczniowie wchodzili do szko\u0142y i zatrzymywali si\u0119, by zobaczy\u0107 nas \u201ew akcji\u201d. Wtedy szala\u0142em na \u201emaksa\u201d mo\u017cna rzec (\u015bmiech). Przez wszystkie lata szko\u0142y podstawowej, sp\u00f3\u017ania\u0142em si\u0119 rano na lekcje. Grali\u015bmy w pi\u0142k\u0119 tak\u017ce na ka\u017cdej przerwie oraz po zaj\u0119ciach. Gdy wr\u00f3ci\u0142em do domu, rzuca\u0142em teczk\u0119 w k\u0105t, robi\u0142em zakupy i szed\u0142em na osiedle gra\u0107 dalej.<\/p>\n<p><img loading=\"lazy\" decoding=\"async\" class=\"alignnone size-full wp-image-4713\" src=\"http:\/\/wmzpn.pl\/wp-content\/uploads\/2019\/01\/3-2.jpg\" alt=\"\" width=\"900\" height=\"1276\" srcset=\"https:\/\/wmzpn.pl\/wp-content\/uploads\/2019\/01\/3-2.jpg 900w, https:\/\/wmzpn.pl\/wp-content\/uploads\/2019\/01\/3-2-212x300.jpg 212w, https:\/\/wmzpn.pl\/wp-content\/uploads\/2019\/01\/3-2-768x1089.jpg 768w, https:\/\/wmzpn.pl\/wp-content\/uploads\/2019\/01\/3-2-722x1024.jpg 722w, https:\/\/wmzpn.pl\/wp-content\/uploads\/2019\/01\/3-2-696x987.jpg 696w, https:\/\/wmzpn.pl\/wp-content\/uploads\/2019\/01\/3-2-296x420.jpg 296w\" sizes=\"auto, (max-width: 900px) 100vw, 900px\" \/><\/p>\n<p><strong>Co by\u0142o potem?<\/strong><\/p>\n<p>Po uko\u0144czeniu dwunastego roku \u017cycia, zapisa\u0142em si\u0119 do klubu Stomil. W Olsztynie funkcjonowa\u0142y w\u00f3wczas trzy kluby: Stomil, Warmia oraz Gwardia. Zrobi\u0142em zbi\u00f3rk\u0119 na podw\u00f3rku, przeprowadzi\u0142em pierwsz\u0105 selekcj\u0119. Widzia\u0142em, kt\u00f3rzy z koleg\u00f3w z podw\u00f3rka nadaj\u0105 si\u0119 do grania, a kt\u00f3rzy nie. Na podstawie obserwacji gry ch\u0142opak\u00f3w widzia\u0142em, kto z nich da rad\u0119 dobrze gra\u0107. Tak\u017ce wzi\u0105\u0142em pi\u0119ciu czy sze\u015bciu i poszli\u015bmy zapisa\u0107 si\u0119 do klubu (\u015bmiech).<\/p>\n<p><strong>A na osiedlu gdzie grywali\u015bcie w pi\u0142k\u0119? W jakie gry pi\u0142karskie grali\u015bcie?<\/strong><\/p>\n<p>Grali\u015bmy na podw\u00f3rkach w okolicy ulicy Mazurskiej. Gdziekolwiek si\u0119 nie pojawi\u0142em, to by\u0142o wiadomo, \u017ce tam b\u0119dzie gra. Grali\u015bmy te\u017c mi\u0119dzy drzewami i na asfalcie. To by\u0142y podw\u00f3rka, na kt\u00f3rych nie sta\u0142y samochody. Je\u015bli by\u0142y na nich gara\u017ce, to spe\u0142nia\u0142y one funkcj\u0119 bramek. By\u0142em sprawny ruchowo, tak\u017ce lubi\u0142em si\u0119 bawi\u0107 w chowanego, w berka. Mia\u0142em te\u017c taki rower, kt\u00f3ry nie mia\u0142 sprawnych hamulc\u00f3w i dawa\u0142em sobie na nim rad\u0119. Je\u017cd\u017c\u0105c na rowerach zdarza\u0142o si\u0119 nam tak\u017ce gra\u0107 w pi\u0142k\u0119.<\/p>\n<p><strong>Mia\u0142e\u015b kiedy\u015b tak\u0105 sytuacj\u0119, w kt\u00f3rej \u201enabroi\u0142e\u015b\u201d?<\/strong><\/p>\n<p>By\u0142 jeden taki mecz. Grali\u015bmy na podw\u00f3rku przy ulicy Partyzant\u00f3w. Grali ze mn\u0105 starsi ch\u0142opcy o jakie\u015b pi\u0119\u0107 lat ode mnie. Postawili mnie na bramk\u0119 ze wzgl\u0119du na m\u00f3j wiek. W zwi\u0105zku z tym, \u017ce bramk\u0119 stanowi\u0142y dwa kamienie. Jeden z ch\u0142opak\u00f3w odda\u0142 pi\u0119kne uderzenie, pi\u0142ka min\u0119\u0142a bramk\u0119 i st\u0142uk\u0142a szyb\u0119. Wszyscy graj\u0105cy uciekli, zosta\u0142em tam tylko ja, poniewa\u017c by\u0142o mi szkoda pi\u0142ki. To by\u0142y pi\u0119kne czasy. Szyby systematycznie by\u0142y t\u0142uczone (\u015bmiech).<\/p>\n<p><strong>Kto by\u0142 Twoim pierwszym trenerem?<\/strong><\/p>\n<p>W klubie przeprowadzono otwarty nab\u00f3r do sekcji m\u0142odzie\u017cowych. Uczestniczy\u0142o w nich oko\u0142o stu dzieciak\u00f3w, trenerem by\u0142 wtedy J\u00f3zef Blank. Niestety 99 z tej setki \u201epogoni\u0142\u201d do domu. Zosta\u0142em tylko ja. To by\u0142a dopiero selekcja! Nawet ja nie by\u0142em ju\u017c w stanie uratowa\u0107 \u017cadnego kolegi z podw\u00f3rka (\u015bmiech).<\/p>\n<p><strong>Gdzie to si\u0119 odby\u0142o?<\/strong><\/p>\n<p>Nab\u00f3r by\u0142 przeprowadzony na boisku przy ulicy Gietkowskiej.<\/p>\n<p><strong>Dlaczego wybra\u0142e\u015b Stomil?<\/strong><\/p>\n<p>Stomil gra\u0142 wtedy w III lidze. Warmia gra\u0142a w lidze okr\u0119gowej, podobnie Gwardia Olsztyn. Ponadto chodzi\u0142em na mecze Stomilu. Stomil nie mia\u0142 jeszcze w\u0142asnego stadionu. Swoje \u201edomowe\u201d mecze rozgrywali na boisku Warmii, tak\u017ce tam chodzi\u0142em obserwowa\u0107 gr\u0119 senior\u00f3w. Bardzo by\u0142em tym zafascynowany i wiedzia\u0142em, \u017ce chc\u0119 trafi\u0107 do Stomilu. Chocia\u017c m\u00f3j tata chcia\u0142 zapisa\u0107 mnie do Gwardii. Robi\u0142 \u201epodchody\u201d pod to przez trzy lata, za\u015b ja chcia\u0142em i\u015b\u0107 do Stomilu.<\/p>\n<p><img loading=\"lazy\" decoding=\"async\" class=\"alignnone size-full wp-image-4736\" src=\"http:\/\/wmzpn.pl\/wp-content\/uploads\/2019\/01\/A1.jpg\" alt=\"\" width=\"1386\" height=\"853\" srcset=\"https:\/\/wmzpn.pl\/wp-content\/uploads\/2019\/01\/A1.jpg 1386w, https:\/\/wmzpn.pl\/wp-content\/uploads\/2019\/01\/A1-300x185.jpg 300w, https:\/\/wmzpn.pl\/wp-content\/uploads\/2019\/01\/A1-768x473.jpg 768w, https:\/\/wmzpn.pl\/wp-content\/uploads\/2019\/01\/A1-1024x630.jpg 1024w, https:\/\/wmzpn.pl\/wp-content\/uploads\/2019\/01\/A1-356x220.jpg 356w, https:\/\/wmzpn.pl\/wp-content\/uploads\/2019\/01\/A1-696x428.jpg 696w, https:\/\/wmzpn.pl\/wp-content\/uploads\/2019\/01\/A1-1068x657.jpg 1068w, https:\/\/wmzpn.pl\/wp-content\/uploads\/2019\/01\/A1-682x420.jpg 682w\" sizes=\"auto, (max-width: 1386px) 100vw, 1386px\" \/><\/p>\n<p><strong>Czemu tata chcia\u0142 Ciebie zapisa\u0107 akurat do Gwardii?<\/strong><\/p>\n<p>M\u00f3j ojciec by\u0142 uzdolniony ruchowo, gra\u0142 w pi\u0142k\u0119 no\u017cn\u0105, rzuca\u0142 oszczepem, gra\u0142 bardzo dobrze w siatk\u00f3wk\u0119. Chcia\u0142 mnie zapisa\u0107 do tej Gwardii, ja chcia\u0142em ju\u017c te\u017c trafi\u0107 do jakiego\u015b klubu. Cz\u0119sto m\u00f3wi\u0142em mu: \u201eTato, tato. Chod\u017a, zapiszemy mnie do klubu\u201d. Odwleka\u0142 t\u0105 decyzj\u0119 w czasie tak d\u0142ugo, a\u017c poszed\u0142em i zapisa\u0142em si\u0119 do Stomilu. Twierdz\u0119, \u017ce dobrze zrobi\u0142em.<\/p>\n<p><strong>Z jakimi dru\u017cynami rywalizowali\u015bcie w juniorach?<\/strong><\/p>\n<p>W Olsztynie to by\u0142a Warmia, by\u0142a Gwardia, Gwardia Szczytno, Granica K\u0119trzyn, og\u00f3lnie to by\u0142y dru\u017cyny z naszego wojew\u00f3dztwa.<\/p>\n<p><strong>Jak wygl\u0105da\u0142y wyjazdy na mecze?<\/strong><\/p>\n<p>Na mecze je\u017adzili\u015bmy autobusem nazywanym \u201eog\u00f3rkiem\u201d. Znajdowa\u0142y si\u0119 w nim najcz\u0119\u015bciej dwie ekipy: trampkarza m\u0142odszego i trampkarza starszego, czy juniora m\u0142odszego z juniorem starszym. Na boisko przeciwnika jecha\u0142o si\u0119 w dniu meczu. Dostawali\u015bmy diety w wysoko\u015bci czterdziestu z\u0142otych. Rozgrywali\u015bmy dwa spotkania i wracali\u015bmy do domu.<\/p>\n<p><img loading=\"lazy\" decoding=\"async\" class=\"alignnone size-full wp-image-4737\" src=\"http:\/\/wmzpn.pl\/wp-content\/uploads\/2019\/01\/1Z.jpg\" alt=\"\" width=\"900\" height=\"648\" srcset=\"https:\/\/wmzpn.pl\/wp-content\/uploads\/2019\/01\/1Z.jpg 900w, https:\/\/wmzpn.pl\/wp-content\/uploads\/2019\/01\/1Z-300x216.jpg 300w, https:\/\/wmzpn.pl\/wp-content\/uploads\/2019\/01\/1Z-768x553.jpg 768w, https:\/\/wmzpn.pl\/wp-content\/uploads\/2019\/01\/1Z-696x501.jpg 696w, https:\/\/wmzpn.pl\/wp-content\/uploads\/2019\/01\/1Z-583x420.jpg 583w\" sizes=\"auto, (max-width: 900px) 100vw, 900px\" \/><\/p>\n<p><strong>Pierwsze buty, pierwsza pi\u0142ka. Pami\u0119tasz?<\/strong><\/p>\n<p>Korkotrampki, rozmiar 5,5. Pani Maria, kt\u00f3ra opiekowa\u0142a si\u0119 magazynkiem lubi\u0142a mnie i zawsze trzyma\u0142a dla mnie korkotrampki o rozmiarze 5,5. Pi\u0142ka by\u0142a bia\u0142a, mia\u0142a tak\u0105 pow\u0142ok\u0119, dzi\u0119ki kt\u00f3rej nie namaka\u0142a podczas deszczu. Ca\u0142y sprz\u0119t: korki, pi\u0142ka, torba za darmo dostawali\u015bmy z klubu. Obozy tak\u017ce by\u0142y darmowe, tak\u017ce by\u0142o super.<\/p>\n<p><strong>Wspomnia\u0142e\u015b, \u017ce chodzi\u0142e\u015b na mecze senior\u00f3w Stomilu. Czy w\u015br\u00f3d tamtych pi\u0142karzy znalaz\u0142 si\u0119 taki, kt\u00f3remu grze przygl\u0105da\u0142e\u015b si\u0119 najbardziej?<\/strong><\/p>\n<p>Na pewno Zbyszek Kubelski. Jego technika, spos\u00f3b poruszania si\u0119 po boisku, dok\u0142adne, mierzone podania bardzo mi imponowa\u0142y. Dynamika Jerzego Osowskiego, prawego skrzyd\u0142owego te\u017c robi\u0142a spore wra\u017cenie. Ka\u017cda jego akcja przeprowadzana by\u0142a na pe\u0142nej szybko\u015bci. Troszk\u0119 ta pi\u0142ka no\u017cna odbiega\u0142a od tej dzisiejszej, ale te akcje by\u0142y bardzo dynamiczne i jednocze\u015bnie \u201efajne dla oka\u201d. Nie gra\u0142o si\u0119 \u201edo ty\u0142u\u201d, tylko konkretnie, szybko, \u201edo przodu\u201d. Stadion by\u0142 w pe\u0142ni wype\u0142niony przez ludzi podczas meczu. Ju\u017c wtedy wiedzia\u0142em, \u017ce zostan\u0119 pi\u0142karzem.<\/p>\n<p><img loading=\"lazy\" decoding=\"async\" class=\"alignnone size-full wp-image-4739\" src=\"http:\/\/wmzpn.pl\/wp-content\/uploads\/2019\/01\/1X.jpg\" alt=\"\" width=\"900\" height=\"591\" srcset=\"https:\/\/wmzpn.pl\/wp-content\/uploads\/2019\/01\/1X.jpg 900w, https:\/\/wmzpn.pl\/wp-content\/uploads\/2019\/01\/1X-300x197.jpg 300w, https:\/\/wmzpn.pl\/wp-content\/uploads\/2019\/01\/1X-768x504.jpg 768w, https:\/\/wmzpn.pl\/wp-content\/uploads\/2019\/01\/1X-696x457.jpg 696w, https:\/\/wmzpn.pl\/wp-content\/uploads\/2019\/01\/1X-741x486.jpg 741w, https:\/\/wmzpn.pl\/wp-content\/uploads\/2019\/01\/1X-640x420.jpg 640w\" sizes=\"auto, (max-width: 900px) 100vw, 900px\" \/><\/p>\n<p><strong>Co jeszcze pami\u0119tasz z tych czas\u00f3w w Stomilu?<\/strong><\/p>\n<p>Pami\u0119tam, \u017ce od pocz\u0105tku z tej grupy naborowej, z kt\u00f3rej zosta\u0142em tylko ja, u trenera Blanka by\u0142em jedynie na trzech treningach od \u015brody to pi\u0105tku, a w poniedzia\u0142ek zosta\u0142em przesuni\u0119ty do trampkarza starszego. Tam trenerem by\u0142 pan Jan Wo\u017anica. W jego dru\u017cynie gra\u0142em p\u00f3\u0142 roku i poniewa\u017c nieco szybciej dojrzewa\u0142em pi\u0142karsko, trafi\u0142em do grupy juniora m\u0142odszego. Grali tam zawodnicy starsi ode mnie o rok.<\/p>\n<p><strong>Kiedy zacz\u0105\u0142e\u015b bardziej profesjonalne treningi, to gra\u0142e\u015b zawsze w linii pomocy?<\/strong><\/p>\n<p>Tak, zaczyna\u0142em jako lewy pomocnik. Taka naturalna pozycja na boisku, poniewa\u017c by\u0142em graczem lewono\u017cnym, d\u0142ugi okres czasu gra\u0142em w\u0142a\u015bnie tam. Gdy nieco pi\u0142karsko okrzep\u0142em i ogra\u0142em si\u0119, dojrzano u mnie niez\u0142e dogrania i zosta\u0142em przesuni\u0119ty do \u015brodka pomocy.<\/p>\n<p><strong>Czy kt\u00f3ry\u015b z ch\u0142opak\u00f3w, z kt\u00f3rymi gra\u0142e\u015b w dru\u017cynach m\u0142odzie\u017cowych, zaistnia\u0142 tak\u017ce w seniorskiej pi\u0142ce?<\/strong><\/p>\n<p>Tak, p\u00f3\u017aniej do\u0142\u0105czy\u0142 do nas Jarek Bako, rok m\u0142odszy ode mnie. Mia\u0142 wspania\u0142e warunki fizyczne i kiedy uko\u0144czy\u0142 osiemnasty rok \u017cycia, przyjecha\u0142 po niego Jan Tomaszewski i tym samym zosta\u0142 sprzedany do \u0141KS-u \u0141\u00f3d\u017a i zacz\u0105\u0142 ju\u017c tam broni\u0107. Wtedy \u0141KS gra\u0142 w I lidze i by\u0142a to niespotykana sytuacja, bardzo du\u017ce osi\u0105gni\u0119cie, bo za moich czas\u00f3w bramkarz musia\u0142 by\u0107 po prostu do\u015bwiadczony, a Jarek jako m\u0142ody cz\u0142owiek ju\u017c broni\u0142 na takim poziomie. Nie b\u0119d\u0119 ukrywa\u0142, \u017ce troch\u0119 mu tego zazdro\u015bci\u0142em.<\/p>\n<p><strong>Z kim z dru\u017cyny w tamtych czasach przyja\u017ani\u0142e\u015b si\u0119?<\/strong><\/p>\n<p><img loading=\"lazy\" decoding=\"async\" class=\"alignnone size-full wp-image-4714\" src=\"http:\/\/wmzpn.pl\/wp-content\/uploads\/2019\/01\/4-1.jpg\" alt=\"\" width=\"900\" height=\"1193\" srcset=\"https:\/\/wmzpn.pl\/wp-content\/uploads\/2019\/01\/4-1.jpg 900w, https:\/\/wmzpn.pl\/wp-content\/uploads\/2019\/01\/4-1-226x300.jpg 226w, https:\/\/wmzpn.pl\/wp-content\/uploads\/2019\/01\/4-1-768x1018.jpg 768w, https:\/\/wmzpn.pl\/wp-content\/uploads\/2019\/01\/4-1-773x1024.jpg 773w, https:\/\/wmzpn.pl\/wp-content\/uploads\/2019\/01\/4-1-696x923.jpg 696w, https:\/\/wmzpn.pl\/wp-content\/uploads\/2019\/01\/4-1-317x420.jpg 317w\" sizes=\"auto, (max-width: 900px) 100vw, 900px\" \/><\/p>\n<p>Przyja\u017ani\u0142em si\u0119 z Kub\u0105 Okuszko, kt\u00f3ry mieszka\u0142 bardzo blisko mnie. Tak\u017ce z Darkiem Ko\u0142akowskim. Zbierali\u015bmy si\u0119 we tr\u00f3jk\u0119 i razem chodzili\u015bmy na treningi. Nikt nas nie podwozi\u0142 na nie, poniewa\u017c nie by\u0142o tyle samochod\u00f3w, wi\u0119c chodzi\u0142o si\u0119 pieszo. Na autobus z kolei tak\u017ce nie op\u0142aca\u0142o si\u0119 czeka\u0107.<\/p>\n<p><strong>Gdzie rozgrywali\u015bcie wtedy swoje mecze?<\/strong><\/p>\n<p>Spotkania by\u0142y rozgrywane na boisku przy ulicy Gietkowskiej. Tam by\u0142a najr\u00f3wniejsza p\u0142yta w Olsztynie i to tylko dlatego, \u017ce nie ros\u0142a tam trawa (\u015bmiech). Le\u017ca\u0142 tam piach, kt\u00f3ry zosta\u0142 polany wod\u0105, kiedy nie by\u0142o opad\u00f3w deszczu.<\/p>\n<p><strong>Czy kto\u015b z Twojej rodziny by\u0142 przeciwny, aby\u015b gra\u0142 zawodowo w pi\u0142k\u0119?<\/strong><\/p>\n<p>Nie. W moim przypadku by\u0142o wiadome, \u017ce ja chcia\u0142em zosta\u0107 pi\u0142karzem. To by\u0142 m\u00f3j cel, to by\u0142o moje marzenie i nikt nie sprzeciwia\u0142 si\u0119 temu. Mia\u0142em wsparcie, nawet du\u017ce wsparcie mo\u017cna powiedzie\u0107. W zwi\u0105zku z tym, \u017ce m\u00f3j tata gra\u0142 w pi\u0142k\u0119 i by\u0142 usportowiony, dawa\u0142 mi nawet wskaz\u00f3wki, a rozmowy z nim by\u0142y bardzo przydatne.<\/p>\n<p><strong>Jak w Twoim przypadku wygl\u0105da\u0142o przej\u015bcie z dru\u017cyn juniorskich do senior\u00f3w?<\/strong><\/p>\n<p>Mia\u0142em wtedy 16 lat. Trenerem drugiej dru\u017cyny Stomilu by\u0142 J\u00f3zef \u0141obocki, kt\u00f3ry mnie zawo\u0142a\u0142 podczas jednego z trening\u00f3w, bym do niego podszed\u0142. Zmierzy\u0142 mnie, chocia\u017c sam do najwy\u017cszych os\u00f3b nie nale\u017ca\u0142. M\u00f3wi do mnie: \u201eTy ma\u0142y jeste\u015b. Jutro u mnie\u201d. Zabra\u0142 mnie na mecz do Lidzbarka Warmi\u0144skiego. Tam zadebiutowa\u0142em w seniorach. Wygrali\u015bmy tamten mecz 1:0. Gra\u0142o mi si\u0119 wtedy fajnie, wi\u0119c bardzo mi\u0142o wspominam tamte chwile.<\/p>\n<p><img loading=\"lazy\" decoding=\"async\" class=\"alignnone size-full wp-image-4740\" src=\"http:\/\/wmzpn.pl\/wp-content\/uploads\/2019\/01\/1V.jpg\" alt=\"\" width=\"900\" height=\"644\" srcset=\"https:\/\/wmzpn.pl\/wp-content\/uploads\/2019\/01\/1V.jpg 900w, https:\/\/wmzpn.pl\/wp-content\/uploads\/2019\/01\/1V-300x215.jpg 300w, https:\/\/wmzpn.pl\/wp-content\/uploads\/2019\/01\/1V-768x550.jpg 768w, https:\/\/wmzpn.pl\/wp-content\/uploads\/2019\/01\/1V-696x498.jpg 696w, https:\/\/wmzpn.pl\/wp-content\/uploads\/2019\/01\/1V-587x420.jpg 587w\" sizes=\"auto, (max-width: 900px) 100vw, 900px\" \/><\/p>\n<p><strong>Mia\u0142e\u015b jaki\u015b \u201echrzest\u201d jako nowy w zespole?<\/strong><\/p>\n<p>Takie rzeczy mia\u0142y miejsce. Czy na obozach, czy przed meczami, lecz nigdy nie by\u0142y to zadania, kt\u00f3re wyrz\u0105dzi\u0142yby komukolwiek krzywd\u0119. Symboliczne uderzenie w ty\u0142ek.<\/p>\n<p><strong>Kto gra\u0142 w dru\u017cynie senior\u00f3w, kiedy do niej do\u0142\u0105czy\u0142e\u015b?<\/strong><\/p>\n<p>W pierwszym zespole by\u0142 Jasiu Kozakiewicz, Jasiu Machola, Leszek Pawlus, Krzysiek Iwanowski, Marek Bieksza, Bodzio Michalewski, Romek Suwi\u0144ski, Darek Matusiak, Zbyszek Wojnicki, Marian Mierzejewski, Marek Krzemie\u0144. Wprawdzie to by\u0142a dru\u017cyna trzecioligowa, ale \u201epaka\u201d by\u0142a fajna.<\/p>\n<p><strong>Gdzie grali\u015bcie mecze, kiedy by\u0142e\u015b ju\u017c w seniorskiej dru\u017cynie? <\/strong><\/p>\n<p>Grali\u015bmy na nowym w\u00f3wczas stadionie Stomilu, przy al. Pi\u0142sudskiego, kt\u00f3ry zosta\u0142 zbudowany na do\u017cynki w &#8217;78 roku. Nowy obiekt robi\u0142 w tamtych czasach na nas wszystkich spore wra\u017cenie. Przenie\u015b\u0107 si\u0119 z piachu &#8220;Gietkowskiej&#8221; na zielon\u0105 muraw\u0119 by\u0142o naprawd\u0119 ogromn\u0105 spraw\u0105.<\/p>\n<p><img loading=\"lazy\" decoding=\"async\" class=\"alignnone size-full wp-image-4715\" src=\"http:\/\/wmzpn.pl\/wp-content\/uploads\/2019\/01\/5-2.jpg\" alt=\"\" width=\"900\" height=\"1217\" srcset=\"https:\/\/wmzpn.pl\/wp-content\/uploads\/2019\/01\/5-2.jpg 900w, https:\/\/wmzpn.pl\/wp-content\/uploads\/2019\/01\/5-2-222x300.jpg 222w, https:\/\/wmzpn.pl\/wp-content\/uploads\/2019\/01\/5-2-768x1039.jpg 768w, https:\/\/wmzpn.pl\/wp-content\/uploads\/2019\/01\/5-2-757x1024.jpg 757w, https:\/\/wmzpn.pl\/wp-content\/uploads\/2019\/01\/5-2-696x941.jpg 696w, https:\/\/wmzpn.pl\/wp-content\/uploads\/2019\/01\/5-2-311x420.jpg 311w\" sizes=\"auto, (max-width: 900px) 100vw, 900px\" \/><\/p>\n<p><strong>Pami\u0119tasz jaki\u015b konkretny mecz z tamtych czas\u00f3w?<\/strong><\/p>\n<p>By\u0142 taki mecz z Wigrami Suwa\u0142ki. W tym spotkaniu zdoby\u0142em trzy bramki i to w\u0142a\u015bnie ten mecz zapad\u0142 mi najbardziej w pami\u0119\u0107. A dlaczego? Dlatego, \u017ce trenerem Wigier by\u0142 Grzegorz Szerszenowicz, z kt\u00f3rym po paru latach spotka\u0142em si\u0119 w Zag\u0142\u0119biu Lubin. No i dlatego, \u017ce zdoby\u0142em te trzy bramki.<\/p>\n<p><strong>Mia\u0142e\u015b jak\u0105\u015b ciekaw\u0105 historyjk\u0119, kt\u00f3ra Ci si\u0119 przydarzy\u0142a, a niekoniecznie wspomina\u0142e\u015b o niej kiedykolwiek?<\/strong><\/p>\n<p>Jest par\u0119 takich historii. Mog\u0119 przytoczy\u0107 jedn\u0105 z nich. Ze wzgl\u0119du na deszcz b\u0105d\u017a inne okoliczno\u015bci pojechali\u015bmy na trening do Klewek. Trenowali\u015bmy z bramkarzami sytuacje \u201esam na sam\u201d na po\u0142owie boiska, trenerem by\u0142 J\u00f3zef \u0141obocki. W bramce sta\u0142 do\u015bwiadczony Jasiu Kozakiewicz. By\u0142a moja kolej. Udaj\u0119, \u017ce strzelam lew\u0105 nog\u0105, robi\u0119 zamach, Jasio rzuca si\u0119 na prawy bok. Ja bior\u0119 pi\u0142k\u0119 \u201epod siebie\u201d, udaj\u0119, \u017ce strzelam praw\u0105 nog\u0105, Jasio si\u0119 rzuca na lewy bok i ja z powrotem prze\u0142o\u017cy\u0142em pi\u0142k\u0119 na lew\u0105 nog\u0119, lecz nie zd\u0105\u017cy\u0142em ju\u017c odda\u0107 strza\u0142u na bramk\u0119, poniewa\u017c dosta\u0142em kopa w ty\u0142ek za to, \u017ce \u015bmiem \u201etarza\u0107\u201d do\u015bwiadczonego bramkarza. Trener bacznie przygl\u0105da\u0142 si\u0119 ca\u0142emu zdarzeniu i kiedy Jasiek \u201ewyp\u0142aci\u0142\u201d mi tego kopniaka, odwr\u00f3ci\u0142em si\u0119 w jego stron\u0119, a on\u2026 ostentacyjnie odwr\u00f3ci\u0142 si\u0119 plecami do mnie, a przecie\u017c tam nikogo ani niczego nie by\u0142o (\u015bmiech). Wtedy nauczy\u0142em si\u0119 szacunku do starszych zawodnik\u00f3w.<\/p>\n<p><img loading=\"lazy\" decoding=\"async\" class=\"alignnone size-full wp-image-4716\" src=\"http:\/\/wmzpn.pl\/wp-content\/uploads\/2019\/01\/6-2.jpg\" alt=\"\" width=\"900\" height=\"586\" srcset=\"https:\/\/wmzpn.pl\/wp-content\/uploads\/2019\/01\/6-2.jpg 900w, https:\/\/wmzpn.pl\/wp-content\/uploads\/2019\/01\/6-2-300x195.jpg 300w, https:\/\/wmzpn.pl\/wp-content\/uploads\/2019\/01\/6-2-768x500.jpg 768w, https:\/\/wmzpn.pl\/wp-content\/uploads\/2019\/01\/6-2-696x453.jpg 696w, https:\/\/wmzpn.pl\/wp-content\/uploads\/2019\/01\/6-2-645x420.jpg 645w\" sizes=\"auto, (max-width: 900px) 100vw, 900px\" \/><\/p>\n<p><strong>Kiedy odchodzi\u0142e\u015b ze Stomilu do Zag\u0142\u0119bia Lubin, Stomil znajdowa\u0142 si\u0119 w III lidze? Jak trafi\u0142e\u015b do Zag\u0142\u0119bia?<\/strong><\/p>\n<p>Moje marzenia by\u0142y ca\u0142y czas zwi\u0105zane z gr\u0105 w I lidze, czyli obecnej Ekstraklasie. \u0141ut szcz\u0119\u015bcia mi pom\u00f3g\u0142 w tym transferze. Obserwowa\u0142 mnie Alojzy Jarguz. Po prostu \u201ewsadzi\u0142 mnie w samoch\u00f3d\u201d i zawi\u00f3z\u0142 do Lubina. Mia\u0142 tam kontakty, zreszt\u0105 kto wtedy nie zna\u0142 w \u015bwiatku pi\u0142karskim Alojzego Jarguza? By\u0142a to znana, ceniona posta\u0107 i to dzi\u0119ki niemu znalaz\u0142em si\u0119 w Zag\u0142\u0119biu. W rozmowie ze mn\u0105 powiedzia\u0142 mi, \u017ce wed\u0142ug jego opinii nadaj\u0119 si\u0119 do tego, by gra\u0107 \u201ewy\u017cej\u201d.<\/p>\n<p><strong>Mia\u0142e\u015b tam jakie\u015b testy?<\/strong><\/p>\n<p>Nie, nast\u0119pnego dnia poszed\u0142em ju\u017c na trening i po kilku rozmowach podpisa\u0142em kontrakt. Przechodz\u0105c tam mia\u0142em 23 lata, tak\u017ce wiadomo by\u0142o, \u017ce id\u0119 tam podpisa\u0107 kontrakt.<\/p>\n<p><strong>Kto by\u0142 w\u00f3wczas trenerem Zag\u0142\u0119bia?<\/strong><\/p>\n<p>Grzegorz Szerszenowicz, kt\u00f3ry na \u201edzie\u0144 dobry\u201d zapyta\u0142 mnie ile mam lat. Odpowiedzia\u0142em, \u017ce dwadzie\u015bcia trzy, a on na to: \u201eO pi\u0119\u0107 lat za p\u00f3\u017ano\u201d. Sam by\u0142em lekko zdziwiony, poniewa\u017c gdy by\u0142 trenerem Wigier, zagra\u0142em przeciwko jemu zespo\u0142owi bardzo dobry mecz, o kt\u00f3rym wspomnia\u0142em wcze\u015bniej i my\u015bla\u0142em, \u017ce mo\u017ce mnie pami\u0119ta w\u0142a\u015bnie z tego spotkania. Wydawa\u0142o mi si\u0119, i\u017c my\u015bla\u0142, \u017ce w wieku 23 lat ju\u017c si\u0119 nie rozwin\u0119 pi\u0142karsko, b\u0105d\u017a nie dam rady. Do Zag\u0142\u0119bia przeszed\u0142em w grudniu 1985 roku. Nie gra\u0142em zbyt wiele spotka\u0144 w pierwszym sezonie, ale by\u0142em cierpliwy. Po prostu potrzebowa\u0142em czasu na aklimatyzacj\u0119. \u00d3wczesna pierwsza liga by\u0142a dosy\u0107 mocna, poniewa\u017c grali w niej wszyscy najlepsi polscy pi\u0142karze. Za granic\u0119 mo\u017cna by\u0142o wyjecha\u0107 dopiero na pi\u0142karsk\u0105 emerytur\u0119. Musia\u0142em si\u0119 z tym wszystkim po prostu oswoi\u0107, a na to potrzeba by\u0142o troch\u0119 czasu. W Zag\u0142\u0119biu by\u0142a zdecydowanie inna futbolowa otoczka w por\u00f3wnaniu z trzecioligow\u0105.<\/p>\n<p><img loading=\"lazy\" decoding=\"async\" class=\"alignnone size-full wp-image-4717\" src=\"http:\/\/wmzpn.pl\/wp-content\/uploads\/2019\/01\/9-1.jpg\" alt=\"\" width=\"900\" height=\"564\" srcset=\"https:\/\/wmzpn.pl\/wp-content\/uploads\/2019\/01\/9-1.jpg 900w, https:\/\/wmzpn.pl\/wp-content\/uploads\/2019\/01\/9-1-300x188.jpg 300w, https:\/\/wmzpn.pl\/wp-content\/uploads\/2019\/01\/9-1-768x481.jpg 768w, https:\/\/wmzpn.pl\/wp-content\/uploads\/2019\/01\/9-1-696x436.jpg 696w, https:\/\/wmzpn.pl\/wp-content\/uploads\/2019\/01\/9-1-670x420.jpg 670w\" sizes=\"auto, (max-width: 900px) 100vw, 900px\" \/><\/p>\n<p><strong>Skoro ta liga wed\u0142ug Ciebie by\u0142a taka mocna, to kt\u00f3rego zawodnika z polskiej ligi, z kt\u00f3rym gra\u0142e\u015b w jednym zespole, okre\u015bli\u0142by\u015b jako najlepszego?<\/strong><\/p>\n<p>Zbigniew Szewczyk, kt\u00f3ry mia\u0142 warunki fizyczne podobne do moich. Niski, lewono\u017cny gracz, z kt\u00f3rym rozumia\u0142em si\u0119 doskonale. Do tej pory spotykam si\u0119 z takimi komentarzami, \u017ce takiej dw\u00f3jki jak my po prostu w Zag\u0142\u0119biu nie by\u0142o, pomimo up\u0142ywu lat. P\u00f3\u017aniej nie spotka\u0142em ju\u017c na swojej drodze lepszego pi\u0142karsko zawodnika od niego. Mo\u017ce wyr\u00f3\u017cni\u0142bym jeszcze Daniela Dylusia, jednak Zbysio Szewczyk to by\u0142 Zbysio Szewczyk i z tym go\u015bciem rozumia\u0142em si\u0119 bez s\u0142\u00f3w.<\/p>\n<p><strong>A z przeciwnik\u00f3w w polskiej lidze w tamtych czasach kogo by\u015b wyr\u00f3\u017cni\u0142?<\/strong><\/p>\n<p>By\u0142o paru tuz\u00f3w. Pami\u0119tam, \u017ce w Pogoni Szczecin gra\u0142 Adam Kensy, w Lechu Pozna\u0144 Henryk Mi\u0142oszewicz. Dobre warunki fizyczne, lewa noga. Z przyjemno\u015bci\u0105 ogl\u0105da\u0142o si\u0119 jego gr\u0119. W G\u00f3rniku Wa\u0142brzych wyst\u0119powa\u0142 z kolei W\u0142odzimierz Cio\u0142ek, tak\u017ce to byli tacy go\u015bcie, kt\u00f3rzy naprawd\u0119 potrafili gra\u0107 w pi\u0142k\u0119, to byli reprezentanci kraju. Mia\u0142em zatem od kogo si\u0119 uczy\u0107 na podstawie obserwacji, pomimo \u017ce grali oni w innych zespo\u0142ach.<\/p>\n<p><strong>W Twoim pi\u0105tym pe\u0142nym sezonie w barwach Zag\u0142\u0119bia, si\u0119gn\u0119li\u015bcie po tytu\u0142 Mistrza Polski. Z kim wtedy rywalizowali\u015bcie o to miano?<\/strong><\/p>\n<p>Wyprzedzili\u015bmy o cztery punkty G\u00f3rnik Zabrze oraz Wis\u0142\u0119 Krak\u00f3w. W przedostatniej kolejce grali\u015bmy mecz przeciwko Zawiszy Bydgoszcz. Po pi\u0119tnastu minutach przegrywali\u015bmy 0:1, a \u017ceby zdoby\u0107 tytu\u0142, musieli\u015bmy ten mecz co najmniej zremisowa\u0107. Ostatecznie to spotkanie wygrali\u015bmy 2:1 i mogli\u015bmy si\u0119 cieszy\u0107 ze zdobycia Mistrzostwa Polski. Zreszt\u0105 moje ostatnie trzy sezony, w kt\u00f3rych gra\u0142em dla Zag\u0142\u0119bia by\u0142y super. Wtedy trenerem by\u0142 Stanis\u0142aw \u015awierk, kt\u00f3ry obj\u0105\u0142 nasz zesp\u00f3\u0142, gdy grali\u015bmy na drugim szczeblu rozgrywkowym w sezonie 1988\/1989. Drug\u0105 lig\u0119 \u201ewci\u0105gn\u0119li\u015bmy nosem\u201d. Musz\u0119 pochwali\u0107 ten klub. Tam, pomimo spadku, nikt si\u0119 nie za\u0142ama\u0142, nikt nie spanikowa\u0142. Pozbyto si\u0119 starszych zawodnik\u00f3w, cz\u0119\u015b\u0107 wyjecha\u0142a gra\u0107 za granic\u0119, dokupiono czterech dobrych pi\u0142karzy: Kudyb\u0119, G\u00f3r\u0119, W\u00f3jcika oraz Machaja. Trener \u015awierk bardzo dobrze pouk\u0142ada\u0142 zesp\u00f3\u0142 i \u201ew cuglach\u201d wygrali\u015bmy tamte rozgrywki. Nast\u0119pnie awansowali\u015bmy do I ligi i w drugim sezonie po awansie wygrali\u015bmy pierwszoligowe rozgrywki.<\/p>\n<p><img loading=\"lazy\" decoding=\"async\" class=\"alignnone size-full wp-image-4718\" src=\"http:\/\/wmzpn.pl\/wp-content\/uploads\/2019\/01\/8-2.jpg\" alt=\"\" width=\"900\" height=\"672\" srcset=\"https:\/\/wmzpn.pl\/wp-content\/uploads\/2019\/01\/8-2.jpg 900w, https:\/\/wmzpn.pl\/wp-content\/uploads\/2019\/01\/8-2-300x224.jpg 300w, https:\/\/wmzpn.pl\/wp-content\/uploads\/2019\/01\/8-2-768x573.jpg 768w, https:\/\/wmzpn.pl\/wp-content\/uploads\/2019\/01\/8-2-80x60.jpg 80w, https:\/\/wmzpn.pl\/wp-content\/uploads\/2019\/01\/8-2-265x198.jpg 265w, https:\/\/wmzpn.pl\/wp-content\/uploads\/2019\/01\/8-2-696x520.jpg 696w, https:\/\/wmzpn.pl\/wp-content\/uploads\/2019\/01\/8-2-563x420.jpg 563w\" sizes=\"auto, (max-width: 900px) 100vw, 900px\" \/><\/p>\n<p><strong>D\u0142ugo \u015bwi\u0119towali\u015bcie zdobycie Mistrzostwa Polski?<\/strong><\/p>\n<p>Oj, d\u0142ugo nam to zaj\u0119\u0142o, bo chyba ze dwa dni (\u015bmiech). Ale by\u0142o to w pe\u0142ni normalne. To \u015bwi\u0119towanie odby\u0142o si\u0119 raczej we w\u0142asnym gronie. Nie by\u0142o \u017cadnych parad z odkrytym autobusem. Musz\u0119 powiedzie\u0107, \u017ce w swoim gronie czuli\u015bmy si\u0119 bardzo dobrze, tak\u017ce po ka\u017cdym meczu by\u0142o to \u015bwi\u0119towanie.<\/p>\n<p><strong>Ale ju\u017c nie dwudniowe?<\/strong><\/p>\n<p>Nie (\u015bmiech). Jedynie bezpo\u015brednio po meczu, bo wiadomo by\u0142o, \u017ce w niedziel\u0119 by\u0142 odpoczynek, a od poniedzia\u0142ku ju\u017c normalny trening.<\/p>\n<p><img loading=\"lazy\" decoding=\"async\" class=\"alignnone size-full wp-image-4719\" src=\"http:\/\/wmzpn.pl\/wp-content\/uploads\/2019\/01\/r3.jpg\" alt=\"\" width=\"1104\" height=\"878\" srcset=\"https:\/\/wmzpn.pl\/wp-content\/uploads\/2019\/01\/r3.jpg 1104w, https:\/\/wmzpn.pl\/wp-content\/uploads\/2019\/01\/r3-300x239.jpg 300w, https:\/\/wmzpn.pl\/wp-content\/uploads\/2019\/01\/r3-768x611.jpg 768w, https:\/\/wmzpn.pl\/wp-content\/uploads\/2019\/01\/r3-1024x814.jpg 1024w, https:\/\/wmzpn.pl\/wp-content\/uploads\/2019\/01\/r3-696x554.jpg 696w, https:\/\/wmzpn.pl\/wp-content\/uploads\/2019\/01\/r3-1068x849.jpg 1068w, https:\/\/wmzpn.pl\/wp-content\/uploads\/2019\/01\/r3-528x420.jpg 528w\" sizes=\"auto, (max-width: 1104px) 100vw, 1104px\" \/><\/p>\n<p><strong>W Reprezentacji Polski debiutowa\u0142e\u015b jako pi\u0142karz Zag\u0142\u0119bia.<\/strong><\/p>\n<p>Tak, uda\u0142o mi si\u0119 zagra\u0107 w kadrze pi\u0119ciokrotnie w latach 1987-1991. Zadebiutowa\u0142em w kadrze w spotkaniu z NRD. Akurat wtedy by\u0142em \u201ew gazie\u201d i dlatego dosta\u0142em powo\u0142anie. Selekcjonerem by\u0142 w\u00f3wczas Wojciech \u0141azarek. Mecz odby\u0142 si\u0119 w Lubinie. Wygrali\u015bmy go 2:0. W tym spotkaniu zagra\u0142em 25 minut.<\/p>\n<p><img loading=\"lazy\" decoding=\"async\" class=\"alignnone size-full wp-image-4720\" src=\"http:\/\/wmzpn.pl\/wp-content\/uploads\/2019\/01\/r1.jpg\" alt=\"\" width=\"900\" height=\"784\" srcset=\"https:\/\/wmzpn.pl\/wp-content\/uploads\/2019\/01\/r1.jpg 900w, https:\/\/wmzpn.pl\/wp-content\/uploads\/2019\/01\/r1-300x261.jpg 300w, https:\/\/wmzpn.pl\/wp-content\/uploads\/2019\/01\/r1-768x669.jpg 768w, https:\/\/wmzpn.pl\/wp-content\/uploads\/2019\/01\/r1-696x606.jpg 696w, https:\/\/wmzpn.pl\/wp-content\/uploads\/2019\/01\/r1-482x420.jpg 482w\" sizes=\"auto, (max-width: 900px) 100vw, 900px\" \/><\/p>\n<p><strong>Czy Twoim zdaniem te pi\u0119\u0107 wyst\u0119p\u00f3w to du\u017co, czy ma\u0142o?<\/strong><\/p>\n<p>Wydaje mi si\u0119, \u017ce chyba akurat na tyle by\u0142o mnie sta\u0107. Wszystkie mecze, w kt\u00f3rych zagra\u0142em w kadrze by\u0142y spotkaniami towarzyskimi. By\u0142em solidnym ligowcem. Pi\u0142karze graj\u0105cy za granic\u0105 nie byli powo\u0142ywani na te mecze, dzi\u0119ki czemu mog\u0142em zaliczy\u0107 kilka wyst\u0119p\u00f3w.<\/p>\n<p><img loading=\"lazy\" decoding=\"async\" class=\"alignnone size-full wp-image-4721\" src=\"http:\/\/wmzpn.pl\/wp-content\/uploads\/2019\/01\/r2.jpg\" alt=\"\" width=\"900\" height=\"990\" srcset=\"https:\/\/wmzpn.pl\/wp-content\/uploads\/2019\/01\/r2.jpg 900w, https:\/\/wmzpn.pl\/wp-content\/uploads\/2019\/01\/r2-273x300.jpg 273w, https:\/\/wmzpn.pl\/wp-content\/uploads\/2019\/01\/r2-768x845.jpg 768w, https:\/\/wmzpn.pl\/wp-content\/uploads\/2019\/01\/r2-696x766.jpg 696w, https:\/\/wmzpn.pl\/wp-content\/uploads\/2019\/01\/r2-382x420.jpg 382w\" sizes=\"auto, (max-width: 900px) 100vw, 900px\" \/><\/p>\n<p><strong>Jaka atmosfera panowa\u0142a w Reprezentacji?<\/strong><\/p>\n<p>Bardzo fajna. Znali\u015bmy si\u0119 z polskich boisk, tak\u017ce ka\u017cdy z szacunkiem podchodzi\u0142 do drugiej osoby. Co prawda rywalizowali\u015bmy ze sob\u0105, jednak ta rywalizacja odbywa\u0142a si\u0119 na normalnych zasadach.<\/p>\n<p><strong>Zdobyte mistrzostwo z Zag\u0142\u0119biem i transfer do Besiktasu.<\/strong><\/p>\n<p>Tak. Po meczu z Lechem Pozna\u0144, kt\u00f3ry przegrali\u015bmy 0:1, zosta\u0142em poproszony do gabinetu trenera Lecha \u2013 Jerzego Kopy. Siedzia\u0142 tam ju\u017c m\u00f3j trener \u2013 Marian Putyra i po kr\u00f3tkim wst\u0119pie Jerzy Kopa zapyta\u0142 mnie, czy jestem zainteresowany transferem do Turcji. Troszk\u0119 mnie to zaskoczy\u0142o, tym bardziej, \u017ce trener Putyra by\u0142 tu\u017c obok mnie. Ale kiwn\u0105\u0142 g\u0142ow\u0105 twierdz\u0105co, \u017ce mam \u015bmia\u0142o na ten temat rozmawia\u0107. Powiedzia\u0142em: \u201eCzemu nie?\u201d. Tym sposobem nawi\u0105za\u0142em kontakt i pojechali\u015bmy tam.<\/p>\n<p><img loading=\"lazy\" decoding=\"async\" class=\"alignnone size-full wp-image-4722\" src=\"http:\/\/wmzpn.pl\/wp-content\/uploads\/2019\/01\/11.jpg\" alt=\"\" width=\"900\" height=\"1246\" srcset=\"https:\/\/wmzpn.pl\/wp-content\/uploads\/2019\/01\/11.jpg 900w, https:\/\/wmzpn.pl\/wp-content\/uploads\/2019\/01\/11-217x300.jpg 217w, https:\/\/wmzpn.pl\/wp-content\/uploads\/2019\/01\/11-768x1063.jpg 768w, https:\/\/wmzpn.pl\/wp-content\/uploads\/2019\/01\/11-740x1024.jpg 740w, https:\/\/wmzpn.pl\/wp-content\/uploads\/2019\/01\/11-696x964.jpg 696w, https:\/\/wmzpn.pl\/wp-content\/uploads\/2019\/01\/11-303x420.jpg 303w\" sizes=\"auto, (max-width: 900px) 100vw, 900px\" \/><\/p>\n<p><strong>Jak wygl\u0105da\u0142a podr\u00f3\u017c?<\/strong><\/p>\n<p>Akcja potoczy\u0142a si\u0119 dalej. Jerzy Kopa nada\u0142 \u201etemat\u201d. Byli\u015bmy w Szwajcarii na obozie z Zag\u0142\u0119biem Lubin i przyjecha\u0142 po mnie Turek mieszkaj\u0105cy w Niemczech, wzi\u0105\u0142 mnie ze sob\u0105 na lotnisko i polecieli\u015bmy do Stambu\u0142u. Tak\u017ce to by\u0142y straszne jaja. Nie zna\u0142em ani j\u0119zyka angielskiego, ani niemieckiego, tylko polski. Ledwie zd\u0105\u017cy\u0142em po\u017cegna\u0107 si\u0119 z ch\u0142opakami z dru\u017cyny, wzi\u0105\u0142em swoj\u0105 torb\u0119 z rzeczami i wyruszyli\u015bmy w podr\u00f3\u017c. Ju\u017c wcze\u015bniej wiadome by\u0142o, \u017ce b\u0119d\u0119 si\u0119 stamt\u0105d \u201eewakuowa\u0142\u201d. Przylecieli\u015bmy, na lotnisku by\u0142o sporo os\u00f3b. Jarek Bako te\u017c ju\u017c tam by\u0142, poniewa\u017c Zag\u0142\u0119bie sprzeda\u0142o nas w \u201epakiecie\u201d i rozpocz\u0119\u0142y si\u0119 rozmowy kontraktowe. W rozmowach towarzyszy\u0142 mi t\u0142umacz. Razem z Jarkiem zostali\u015bmy m\u00f3wi\u0105c delikatnie \u201eskr\u0119ceni\u201d, poniewa\u017c umawiali\u015bmy si\u0119 na inn\u0105 p\u0142ac\u0119. Oni jednak t\u0119 kwot\u0119 zbili.<\/p>\n<p><strong>Jak wygl\u0105da\u0142y pierwsze spotkania z obcokrajowcami w szatni, na treningu, z trenerem po podpisaniu kontraktu?<\/strong><\/p>\n<p>W zwi\u0105zku z tym, \u017ce Jarek zna\u0142 troszeczk\u0119 j\u0119zyk angielski, ja postanowi\u0142em uczy\u0107 si\u0119 j\u0119zyka tureckiego. Do ko\u0144ca mi si\u0119 to nie uda\u0142o, ale par\u0119 s\u0142\u00f3w si\u0119 nauczy\u0142em i by\u0142em w stanie si\u0119 jako\u015b dogada\u0107. Pierwsze spotkanie by\u0142o zaskakuj\u0105ce, bo tam m\u0119\u017cczy\u017ani podczas powitania podaj\u0105 sobie r\u0119ce i dotykaj\u0105 si\u0119 policzkami. By\u0142em zdziwiony takim powitaniem, ale musia\u0142em to zaakceptowa\u0107. Inny kraj, inna kultura.<\/p>\n<p><img loading=\"lazy\" decoding=\"async\" class=\"alignnone size-full wp-image-4724\" src=\"http:\/\/wmzpn.pl\/wp-content\/uploads\/2019\/01\/13.jpg\" alt=\"\" width=\"900\" height=\"572\" srcset=\"https:\/\/wmzpn.pl\/wp-content\/uploads\/2019\/01\/13.jpg 900w, https:\/\/wmzpn.pl\/wp-content\/uploads\/2019\/01\/13-300x191.jpg 300w, https:\/\/wmzpn.pl\/wp-content\/uploads\/2019\/01\/13-768x488.jpg 768w, https:\/\/wmzpn.pl\/wp-content\/uploads\/2019\/01\/13-696x442.jpg 696w, https:\/\/wmzpn.pl\/wp-content\/uploads\/2019\/01\/13-661x420.jpg 661w\" sizes=\"auto, (max-width: 900px) 100vw, 900px\" \/><\/p>\n<p><strong>Jak wygl\u0105da\u0142o Twoje pierwsze zetkni\u0119cie si\u0119 z kibicami?<\/strong><\/p>\n<p>Na stadionie w Stambule szatnie by\u0142y tak jakby pod ziemi\u0105 i do nich schodzi\u0142o si\u0119 w d\u00f3\u0142. Nad szatniami by\u0142y trybuny. Niekt\u00f3rzy kibice byli na stadionie ju\u017c godzin\u0119 przed meczem. Kiedy oni zacz\u0119li tupa\u0107 i gdy to us\u0142yszeli\u015bmy, to w\u0142osy \u201estawa\u0142y d\u0119ba\u201d. To by\u0142 mecz pierwszej i drugiej dru\u017cyny Besiktasu z okazji otwarcia sezonu. Istnieje taka tradycja, \u017ce przed sezonem zabijana jest owca i z jej krwi robi si\u0119 znak na czole. Ma to przynie\u015b\u0107 szcz\u0119\u015bcie. My\u015bla\u0142em, \u017ce t\u0119 krew b\u0119dziemy pi\u0107, ale na ca\u0142e szcz\u0119\u015bcie robiono tylko te znaki. Dla mnie wielkim szokiem by\u0142o, \u017ce na takim spotkaniu pierwszej i drugiej dru\u017cyny jest wype\u0142niony ca\u0142y stadion.<\/p>\n<p><strong>Kto jest najwi\u0119kszym rywalem Besiktasu?<\/strong><\/p>\n<p>Galatasaray, Fenerbahce i Trabzonspor. Pozosta\u0142e zespo\u0142y by\u0142y troszeczk\u0119 jakby mniej znacz\u0105ce. Ka\u017cdy ma swoje ambicje, jednak kibice w ca\u0142ej Turcji s\u0105 podzieleni na fan\u00f3w tych czterech ekip. W szoku by\u0142em, bo gdy by\u0142em ju\u017c pi\u0142karzem Gaziantepsporu, rozgrywali\u015bmy u siebie mecz z Fenerbahce. Kolorami Gaziantepsporu by\u0142a czer\u0144 i czerwie\u0144. Gdy wyszed\u0142em na muraw\u0119 stadionu ujrza\u0142em widok kibic\u00f3w ubranych wy\u0142\u0105cznie na \u017c\u00f3\u0142to, czyli w barwach Fenerbahce. Bardzo by\u0142em tym zdziwiony i zapyta\u0142em o to trenera, a on powiedzia\u0142 to, o czym wcze\u015bniej wspomnia\u0142em, czyli podzia\u0142 fan\u00f3w na kibic\u00f3w Besiktasu, Galatasaray, Fenerbahce i Trabzonsporu. Zdoby\u0142em w tym meczu bramk\u0119, jednak kibice zbyt mocno jej nie celebrowali.<\/p>\n<p><img loading=\"lazy\" decoding=\"async\" class=\"alignnone size-full wp-image-4723\" src=\"http:\/\/wmzpn.pl\/wp-content\/uploads\/2019\/01\/16.jpg\" alt=\"\" width=\"900\" height=\"1041\" srcset=\"https:\/\/wmzpn.pl\/wp-content\/uploads\/2019\/01\/16.jpg 900w, https:\/\/wmzpn.pl\/wp-content\/uploads\/2019\/01\/16-259x300.jpg 259w, https:\/\/wmzpn.pl\/wp-content\/uploads\/2019\/01\/16-768x888.jpg 768w, https:\/\/wmzpn.pl\/wp-content\/uploads\/2019\/01\/16-885x1024.jpg 885w, https:\/\/wmzpn.pl\/wp-content\/uploads\/2019\/01\/16-696x805.jpg 696w, https:\/\/wmzpn.pl\/wp-content\/uploads\/2019\/01\/16-363x420.jpg 363w\" sizes=\"auto, (max-width: 900px) 100vw, 900px\" \/><\/p>\n<p><strong>Z Besiktasem zdobyli\u015bcie mistrzostwo.<\/strong><\/p>\n<p>Tak, zagra\u0142em w 12 spotkaniach, tak\u017ce jak\u0105\u015b ma\u0142\u0105 cegie\u0142k\u0119 do tego sukcesu do\u0142o\u017cy\u0142em.<\/p>\n<p><strong>Dlaczego po sezonie postanowi\u0142e\u015b zmieni\u0107 klub?<\/strong><\/p>\n<p>Nie rozumia\u0142em za bardzo swojej roli, czu\u0142em si\u0119 mocny pi\u0142karsko. Moim zdaniem gra\u0142em za ma\u0142o. Dlatego postanowili\u015bmy si\u0119 rozsta\u0107 i trafi\u0142em do Gaziantepsporu, gdzie gra\u0142em \u201eod deski do deski\u201d, z tym \u017ce to by\u0142 ju\u017c zupe\u0142nie inny \u201erozmiar kapelusza\u201d. Najwa\u017cniejszym celem tam by\u0142o utrzymanie, co ostatecznie si\u0119 uda\u0142o.<\/p>\n<p><img loading=\"lazy\" decoding=\"async\" class=\"alignnone size-full wp-image-4725\" src=\"http:\/\/wmzpn.pl\/wp-content\/uploads\/2019\/01\/20.jpg\" alt=\"\" width=\"900\" height=\"1251\" srcset=\"https:\/\/wmzpn.pl\/wp-content\/uploads\/2019\/01\/20.jpg 900w, https:\/\/wmzpn.pl\/wp-content\/uploads\/2019\/01\/20-216x300.jpg 216w, https:\/\/wmzpn.pl\/wp-content\/uploads\/2019\/01\/20-768x1068.jpg 768w, https:\/\/wmzpn.pl\/wp-content\/uploads\/2019\/01\/20-737x1024.jpg 737w, https:\/\/wmzpn.pl\/wp-content\/uploads\/2019\/01\/20-696x967.jpg 696w, https:\/\/wmzpn.pl\/wp-content\/uploads\/2019\/01\/20-302x420.jpg 302w\" sizes=\"auto, (max-width: 900px) 100vw, 900px\" \/><\/p>\n<p><strong>By\u0142e\u015b \u015bwiadkiem jeszcze dziwniejszych scen od tej z owc\u0105?<\/strong><\/p>\n<p>Mo\u017ce nie by\u0142em \u015bwiadkiem podobnych zachowa\u0144, ale by\u0142em zdziwiony, gdy z konsulatu zadzwoni\u0142a do nas zaprzyja\u017aniona kobieta, kt\u00f3ra by\u0142a \u017con\u0105 pewnego Turka i ostrzeg\u0142a, \u017ceby\u015bmy nie wychodzili z domu, gdy\u017c istnieje zagro\u017cenie, \u017ce mo\u017ce by\u0107 pod\u0142o\u017cona bomba pod jaki\u015b samoch\u00f3d. Z takich bardziej specyficznych rzeczy: podczas Ramadanu muzu\u0142manie mog\u0105 je\u015b\u0107 tylko w okre\u015blonym czasie i ten posi\u0142ek musi im wystarczy\u0107 na ca\u0142y dzie\u0144. My\u015bla\u0142em, \u017ce przed meczem wal\u0105 w b\u0119bny, aby nas obudzi\u0107, by\u015bmy byli niewyspani i nieprzygotowani do meczu, jednak okaza\u0142o si\u0119, \u017ce pewien cz\u0142owiek po prostu informowa\u0142 o tym, \u017ce muzu\u0142manie mog\u0105 spo\u017cy\u0107 posi\u0142ek. Natomiast, gdy u kobiety wyst\u0105pi\u0142o krwawienie miesi\u0119czne podczas trwania Ramadanu, to niestety musia\u0142a ona po\u015bci\u0107 pi\u0119\u0107 dni d\u0142u\u017cej. W Gaziantepie natomiast spotka\u0142em si\u0119 z tak\u0105 oto sytuacj\u0105: zostali\u015bmy zaproszeni przez prezesa na kolacj\u0119. Podczas jej trwania siedzia\u0142 przy jednym stole z \u017con\u0105 i z\u2026 kochank\u0105! By\u0142em te\u017c \u015bwiadkiem takiej sytuacji, w kt\u00f3rej drugi trener Gaziantepsporu szed\u0142 sobie z papierosem w ustach, a tu\u017c za nim pod\u0105\u017ca\u0142a jego \u017cona z dw\u00f3jk\u0105 dzieci i\u2026 pe\u0142nymi torbami zakup\u00f3w. Powiedzia\u0142em do niego: \u201ew Polsce to jest niemo\u017cliwe\u201d, on za\u015b na to: \u201eAdam, tutaj to normalne\u201d.<\/p>\n<p><img loading=\"lazy\" decoding=\"async\" class=\"alignnone size-full wp-image-4726\" src=\"http:\/\/wmzpn.pl\/wp-content\/uploads\/2019\/01\/21.jpg\" alt=\"\" width=\"900\" height=\"596\" srcset=\"https:\/\/wmzpn.pl\/wp-content\/uploads\/2019\/01\/21.jpg 900w, https:\/\/wmzpn.pl\/wp-content\/uploads\/2019\/01\/21-300x199.jpg 300w, https:\/\/wmzpn.pl\/wp-content\/uploads\/2019\/01\/21-768x509.jpg 768w, https:\/\/wmzpn.pl\/wp-content\/uploads\/2019\/01\/21-696x461.jpg 696w, https:\/\/wmzpn.pl\/wp-content\/uploads\/2019\/01\/21-634x420.jpg 634w\" sizes=\"auto, (max-width: 900px) 100vw, 900px\" \/><\/p>\n<p><strong>Gdyby\u015b mia\u0142 wskaza\u0107 kt\u00f3rego\u015b z zawodnik\u00f3w, z kt\u00f3rym gra\u0142e\u015b w Turcji w jednej dru\u017cynie, to kto by nim by\u0142?<\/strong><\/p>\n<p>Najlepszy by\u0142 Mehmet \u00d6zdilek, nazywany \u201eSchifo\u201d. \u015arodkowy pomocnik, nie za wysoki, dobry drybling, umiej\u0119tno\u015b\u0107 gry jeden na jeden. Bardzo dobry zawodnik. W mi\u0119dzyczasie \u201ewyskoczy\u0142\u201d taki m\u0142ody zawodnik &#8211; Sergen Yal\u00e7\u0131n. Zosta\u0142 on potem sprzedany do innego tureckiego zespo\u0142u za kilka milion\u00f3w euro. Og\u00f3lnie ca\u0142a dru\u017cyna by\u0142a bardzo silna \u2013 przecie\u017c to mistrzowie Turcji. Tam by\u0142o sze\u015bciu reprezentant\u00f3w kraju.<\/p>\n<p><img loading=\"lazy\" decoding=\"async\" class=\"alignnone size-full wp-image-4727\" src=\"http:\/\/wmzpn.pl\/wp-content\/uploads\/2019\/01\/17.jpg\" alt=\"\" width=\"900\" height=\"606\" srcset=\"https:\/\/wmzpn.pl\/wp-content\/uploads\/2019\/01\/17.jpg 900w, https:\/\/wmzpn.pl\/wp-content\/uploads\/2019\/01\/17-300x202.jpg 300w, https:\/\/wmzpn.pl\/wp-content\/uploads\/2019\/01\/17-768x517.jpg 768w, https:\/\/wmzpn.pl\/wp-content\/uploads\/2019\/01\/17-696x469.jpg 696w, https:\/\/wmzpn.pl\/wp-content\/uploads\/2019\/01\/17-624x420.jpg 624w\" sizes=\"auto, (max-width: 900px) 100vw, 900px\" \/><\/p>\n<p><strong>A z rywali?<\/strong><\/p>\n<p>By\u0142 Okan Buruk z Galatasaray, by\u0142 tak\u017ce Tugay Kerimo\u011flu r\u00f3wnie\u017c z Galatasaray oraz wielu innych dobrych zawodnik\u00f3w.<\/p>\n<p><img loading=\"lazy\" decoding=\"async\" class=\"alignnone size-full wp-image-4741\" src=\"http:\/\/wmzpn.pl\/wp-content\/uploads\/2019\/01\/A.jpg\" alt=\"\" width=\"1157\" height=\"878\" srcset=\"https:\/\/wmzpn.pl\/wp-content\/uploads\/2019\/01\/A.jpg 1157w, https:\/\/wmzpn.pl\/wp-content\/uploads\/2019\/01\/A-300x228.jpg 300w, https:\/\/wmzpn.pl\/wp-content\/uploads\/2019\/01\/A-768x583.jpg 768w, https:\/\/wmzpn.pl\/wp-content\/uploads\/2019\/01\/A-1024x777.jpg 1024w, https:\/\/wmzpn.pl\/wp-content\/uploads\/2019\/01\/A-80x60.jpg 80w, https:\/\/wmzpn.pl\/wp-content\/uploads\/2019\/01\/A-696x528.jpg 696w, https:\/\/wmzpn.pl\/wp-content\/uploads\/2019\/01\/A-1068x810.jpg 1068w, https:\/\/wmzpn.pl\/wp-content\/uploads\/2019\/01\/A-553x420.jpg 553w\" sizes=\"auto, (max-width: 1157px) 100vw, 1157px\" \/><\/p>\n<p><strong>Po Tureckich woja\u017cach trafi\u0142e\u015b do Niemiec.<\/strong><\/p>\n<p>Tak, to by\u0142a dru\u017cyna VfL Herzlake, wyst\u0119puj\u0105ca w trzeciej lidze niemieckiej. Trafi\u0142em tam w wieku 30 lat. Chcia\u0142em ju\u017c wr\u00f3ci\u0107 do Stomilu. Za\u0142o\u017cy\u0142em sobie taki plan wcze\u015bniej, \u017ce wr\u00f3c\u0119 do Olsztyna, co ostatecznie mi si\u0119 uda\u0142o. Aczkolwiek nie spodziewa\u0142em si\u0119 tego, \u017ce w Olsztynie b\u0119dzie I liga, bo przecie\u017c kiedy odchodzi\u0142em, to Stomil by\u0142 w III lidze. By\u0142em pod wra\u017ceniem. Ale zanim wr\u00f3ci\u0142em do Olsztyna, to pojecha\u0142em jeszcze na rok do Niemiec. Totalna amatorka, cztery treningi w tygodniu od 18:00 do 20:00, za\u015b w weekend mecz. Nie czu\u0142em si\u0119 tam zbyt dobrze.<\/p>\n<p><img loading=\"lazy\" decoding=\"async\" class=\"alignnone size-full wp-image-4728\" src=\"http:\/\/wmzpn.pl\/wp-content\/uploads\/2019\/01\/26.jpg\" alt=\"\" width=\"900\" height=\"623\" srcset=\"https:\/\/wmzpn.pl\/wp-content\/uploads\/2019\/01\/26.jpg 900w, https:\/\/wmzpn.pl\/wp-content\/uploads\/2019\/01\/26-300x208.jpg 300w, https:\/\/wmzpn.pl\/wp-content\/uploads\/2019\/01\/26-768x532.jpg 768w, https:\/\/wmzpn.pl\/wp-content\/uploads\/2019\/01\/26-100x70.jpg 100w, https:\/\/wmzpn.pl\/wp-content\/uploads\/2019\/01\/26-218x150.jpg 218w, https:\/\/wmzpn.pl\/wp-content\/uploads\/2019\/01\/26-696x482.jpg 696w, https:\/\/wmzpn.pl\/wp-content\/uploads\/2019\/01\/26-607x420.jpg 607w\" sizes=\"auto, (max-width: 900px) 100vw, 900px\" \/><\/p>\n<p><strong>Potem wr\u00f3ci\u0142e\u015b do Stomilu.<\/strong><\/p>\n<p>Tak, trenerem w\u00f3wczas by\u0142 Bogus\u0142aw Kaczmarek. To by\u0142 pierwszy sezon w I lidze Stomilu. Chcia\u0142em wr\u00f3ci\u0107, trener mnie chcia\u0142, klub tak\u017ce, wi\u0119c dogadali\u015bmy si\u0119 bardzo sprawnie. W tym czasie tak\u017ce moja c\u00f3rka musia\u0142a zosta\u0107 zapisana do szko\u0142y, tak\u017ce wszystko fajnie \u201ezatrybi\u0142o\u201d. Po roku trenera Kaczmarka zast\u0105pi\u0142 Ryszard Polak. U obu szkoleniowc\u00f3w gra\u0142em regularnie. W trzecim moim sezonie po powrocie zesp\u00f3\u0142 obj\u0105\u0142 Jerzy Masztaler i przesta\u0142em gra\u0107. Te pierwsze dwa lata b\u0119d\u0119 bardzo fajnie wspomina\u0142. Prawie wszyscy gracze, kt\u00f3rzy wywalczyli awans, pochodzili z Olsztyna i okolic. Z niekt\u00f3rymi si\u0119 zna\u0142em, niekt\u00f3rych pami\u0119ta\u0142em, np. Andrzeja Jankowskiego, Andrzeja Biedrzyckiego, Waldka Z\u0105beckiego, tak\u017ce nie mia\u0142em \u017cadnych problem\u00f3w z aklimatyzacj\u0105. Na szczyt wchodzili w\u00f3wczas Tomek Soko\u0142owski i Sylwek Czereszewski. W ataku by\u0142 Czarek Baca, Jasiu Pruche\u0144ski czy Andrzej Jasi\u0144ski. Bardzo fajny zesp\u00f3\u0142. Bardzo urzek\u0142o mnie to, \u017ce na mecze chodzi\u0142o wiele os\u00f3b. By\u0142o dla kogo gra\u0107.<\/p>\n<p><img loading=\"lazy\" decoding=\"async\" class=\"alignnone size-full wp-image-4729\" src=\"http:\/\/wmzpn.pl\/wp-content\/uploads\/2019\/01\/25.jpg\" alt=\"\" width=\"900\" height=\"584\" srcset=\"https:\/\/wmzpn.pl\/wp-content\/uploads\/2019\/01\/25.jpg 900w, https:\/\/wmzpn.pl\/wp-content\/uploads\/2019\/01\/25-300x195.jpg 300w, https:\/\/wmzpn.pl\/wp-content\/uploads\/2019\/01\/25-768x498.jpg 768w, https:\/\/wmzpn.pl\/wp-content\/uploads\/2019\/01\/25-696x452.jpg 696w, https:\/\/wmzpn.pl\/wp-content\/uploads\/2019\/01\/25-647x420.jpg 647w\" sizes=\"auto, (max-width: 900px) 100vw, 900px\" \/><\/p>\n<p><strong>P\u00f3\u017aniej jednak odszed\u0142e\u015b ze Stomilu.<\/strong><\/p>\n<p>Tak, po konflikcie z Jerzym Masztalerem, odszed\u0142em do Warmii Olsztyn, wyst\u0119puj\u0105cej wtedy w III lidze, jednak wywalczyli\u015bmy potem awans do drugiej ligi. Potem gra\u0142em dla \u015awitu Nowy Dw\u00f3r Mazowiecki, z kt\u00f3rym tak\u017ce awansowa\u0142em z trzeciej ligi. Nast\u0119pnie wyst\u0119powa\u0142em w barwach Polonii Lidzbark Warmi\u0144ski. Wygrali\u015bmy wojew\u00f3dzki puchar, w finale pokonuj\u0105c Granic\u0119 K\u0119trzyn 1:0 po mojej bramce z rzutu wolnego, kt\u00f3ra by\u0142a jedn\u0105 z pi\u0119kniejszych zdobytych przeze mnie. Z Poloni\u0105 tak\u017ce wywalczyli\u015bmy awans. Trenerami w Lidzbarku Warmi\u0144skim byli\u015bmy Czes\u0142aw \u017bukowski i ja, natomiast potem zesp\u00f3\u0142 obj\u0105\u0142 Jerzy Budzi\u0142ek. Po zwyci\u0119stwie w pucharze wojew\u00f3dztwa mieli\u015bmy okazj\u0119 zmierzy\u0107 si\u0119 z Lechi\u0105 Gda\u0144sk. No i co? Adam Zejer, ponad 30 metr\u00f3w do bramki i 1:0! Uderzenie lew\u0105 nog\u0105, pi\u0142ka wpad\u0142a idealnie. Prowadzili\u015bmy 1:0, jednak ostatecznie ulegli\u015bmy 1:3 i ostatecznie odpadli\u015bmy, ale by\u0142y emocje. Bardzo mile wspominam ten czas, dobrze si\u0119 tam czu\u0142em. Zreszt\u0105 mam dobre wspomnienia z ka\u017cdego z klub\u00f3w, w kt\u00f3rym gra\u0142em. Po awansie z Poloni\u0105 do III ligi, zagra\u0142em w niej rund\u0119 jesienn\u0105. Na wiosn\u0119 za\u015b, maj\u0105c 39 lat Stomil \u015bci\u0105gn\u0105\u0142 mnie z powrotem. Ca\u0142y czas my\u015bla\u0142em o tym powrocie i bardzo chcia\u0142em go zrealizowa\u0107. Niestety, wraz ze Stomilem spadli\u015bmy z ligi. Wchodzi\u0142em cz\u0119sto tylko na ko\u0144c\u00f3wki spotka\u0144, natomiast nie dali\u015bmy rady si\u0119 utrzyma\u0107.<\/p>\n<p><img loading=\"lazy\" decoding=\"async\" class=\"alignnone size-full wp-image-4731\" src=\"http:\/\/wmzpn.pl\/wp-content\/uploads\/2019\/01\/24.jpg\" alt=\"\" width=\"900\" height=\"1072\" srcset=\"https:\/\/wmzpn.pl\/wp-content\/uploads\/2019\/01\/24.jpg 900w, https:\/\/wmzpn.pl\/wp-content\/uploads\/2019\/01\/24-252x300.jpg 252w, https:\/\/wmzpn.pl\/wp-content\/uploads\/2019\/01\/24-768x915.jpg 768w, https:\/\/wmzpn.pl\/wp-content\/uploads\/2019\/01\/24-860x1024.jpg 860w, https:\/\/wmzpn.pl\/wp-content\/uploads\/2019\/01\/24-696x829.jpg 696w, https:\/\/wmzpn.pl\/wp-content\/uploads\/2019\/01\/24-353x420.jpg 353w\" sizes=\"auto, (max-width: 900px) 100vw, 900px\" \/><\/p>\n<p><strong>Gra\u0142e\u015b w europejskich pucharach?<\/strong><\/p>\n<p>Tak, mam cztery wyst\u0119py. Gra\u0142em w Pucharze UEFA jako zawodnik Zag\u0142\u0119bia z Bologn\u0105, przegrali\u015bmy dwukrotnie 0:1, ale wstydu nie przynie\u015bli\u015bmy. Grali\u015bmy z nimi niemal\u017ce jak r\u00f3wny z r\u00f3wnym, jednak kluczowe okaza\u0142o si\u0119 to do\u015bwiadczenie W\u0142och\u00f3w. Wtedy na lewej obronie w dru\u017cynie w\u0142oskiej gra\u0142 Antonio Cabrini \u2013 Mistrz \u015awiata z 1982 roku, tak\u017ce to by\u0142a przyjemno\u015b\u0107 gra\u0107 przeciwko takiemu zawodnikowi. By\u0142o tak\u017ce wielu innych, znakomitych pi\u0142karzy. Opowiem mo\u017ce o takiej sytuacji, kt\u00f3ra wydarzy\u0142a si\u0119 podczas tego dwumeczu. \u015aciga\u0142em si\u0119 z dwoma \u015brodkowymi obro\u0144cami, mia\u0142em pi\u0142k\u0119 przy lewej nodze, oni \u201ewzi\u0119li mnie w kleszcze\u201d. Jeden z nich uderzy\u0142 mnie \u0142okciem w brzuch. Zgi\u0105\u0142em si\u0119 w p\u00f3\u0142, zabrak\u0142o mi oddechu, obr\u00f3ci\u0142em si\u0119 w kierunku arbitra. Roz\u0142o\u017cy\u0142em r\u0119ce, on tak\u017ce roz\u0142o\u017cy\u0142 r\u0119ce i kaza\u0142 gra\u0107 dalej. Tak\u017ce te cwaniactwo w\u0142oskich zawodnik\u00f3w by\u0142o ju\u017c wtedy na wysokim poziomie. Pozosta\u0142e dwa spotkania zagra\u0142em ju\u017c w barwach Besiktasu. Mierzyli\u015bmy si\u0119 z PSV Eindhoven w rozgrywkach Champions League, ze wzgl\u0119du na to, \u017ce Besiktas zdoby\u0142 sezon wcze\u015bniej Mistrzostwo Turcji. By\u0142 to dwumecz, poniewa\u017c wtedy nie by\u0142o fazy grupowej, tylko od razu by\u0142a faza play-off. U siebie zremisowali\u015bmy 1:1, natomiast na wyje\u017adzie przegrali\u015bmy 1:2. W PSV grali wtedy zawodnicy tacy jak: Eric Gerets, Gerald Vanenburg, a przede wszystkim Brazylijczyk Romario \u2013 Mistrz \u015awiata z 1994 roku. Patrzy\u0142em na niego z podziwem i szacunkiem. Cztery wyst\u0119py, cztery przyzwoite, pomimo przegranych dwumecz\u00f3w. S\u0105 wspomnienia.<\/p>\n<p><img loading=\"lazy\" decoding=\"async\" class=\"alignnone size-full wp-image-4730\" src=\"http:\/\/wmzpn.pl\/wp-content\/uploads\/2019\/01\/19.jpg\" alt=\"\" width=\"900\" height=\"680\" srcset=\"https:\/\/wmzpn.pl\/wp-content\/uploads\/2019\/01\/19.jpg 900w, https:\/\/wmzpn.pl\/wp-content\/uploads\/2019\/01\/19-300x227.jpg 300w, https:\/\/wmzpn.pl\/wp-content\/uploads\/2019\/01\/19-768x580.jpg 768w, https:\/\/wmzpn.pl\/wp-content\/uploads\/2019\/01\/19-80x60.jpg 80w, https:\/\/wmzpn.pl\/wp-content\/uploads\/2019\/01\/19-696x526.jpg 696w, https:\/\/wmzpn.pl\/wp-content\/uploads\/2019\/01\/19-556x420.jpg 556w\" sizes=\"auto, (max-width: 900px) 100vw, 900px\" \/><\/p>\n<p><strong>Uwa\u017casz, \u017ce wycisn\u0105\u0142e\u015b maksimum ze swojej kariery?<\/strong><\/p>\n<p>Mog\u0142em wycisn\u0105\u0107 troch\u0119 wi\u0119cej. Mo\u017ce mam taki charakter, mo\u017ce jestem zbyt pazerny na te puchary, na te medale, ale wydaje mi si\u0119, \u017ce pi\u0142karz powinien taki by\u0107 po prostu, \u017ceby ca\u0142y czas prze\u0107. Niewa\u017cne, czy masz 12 lat, 18 czy 30, to musisz mie\u0107 parcie na granie, na zdobywanie laur\u00f3w, bo gra\u0107 byleby gra\u0107, to mo\u017cna i\u015b\u0107 na podw\u00f3rko czy na orlik. Jak ju\u017c gra\u0107 to \u201ena maksa\u201d, gra\u0107 o co\u015b i jako trener r\u00f3wnie\u017c mam takie podej\u015bcie, poniewa\u017c motywuj\u0119 dzieci, \u017ce nie ma bezcelowych gierek. Oczywi\u015bcie staramy si\u0119 tak\u017ce wygrywa\u0107 mecze, ale wa\u017cniejsza jest realizacja celu i na razie nie\u017ale to wychodzi, je\u017celi bierzemy pod uwag\u0119 szczebel naszego wojew\u00f3dztwa.<\/p>\n<p><strong>Czy jaka\u015b szczeg\u00f3lna cecha charakteru pozwoli\u0142a Tobie zrobi\u0107 tak\u0105 karier\u0119?<\/strong><\/p>\n<p>Up\u00f3r w d\u0105\u017ceniu do celu \u2013 to chyba najbardziej mi pomog\u0142o. Nie da rady normaln\u0105 drog\u0105 osi\u0105gn\u0105\u0107 cel, to trzeba szuka\u0107 drugiej. Czasem szcz\u0119\u015bcie dopomo\u017ce, czasem kto\u015b zauwa\u017cy. Tak\u017ce pomocna jest my\u015bl, \u017ce nie ma przegranych mecz\u00f3w. Je\u015bli co\u015b z\u0142ego si\u0119 przydarzy, to trzeba po prostu wyci\u0105gn\u0105\u0107 wnioski.<\/p>\n<p><strong>Masz jakie\u015b niespe\u0142nione pi\u0142karskie marzenie?<\/strong><\/p>\n<p>Besiktas. Do tego bym wr\u00f3ci\u0142, bo Turcja to fajny kraj do \u017cycia, zainteresowanie futbolem przez media i kibic\u00f3w jest ogromne. Zabrak\u0142o mi tam bycia takim prawdziwym liderem. By\u0142em wtedy przygotowany na to, by pe\u0142ni\u0107 tak\u0105 rol\u0119.<\/p>\n<p><strong>Masz jakie\u015b rady dla m\u0142odych pi\u0142karzy z naszego regionu?<\/strong><\/p>\n<p>Przede wszystkim systematyczno\u015b\u0107 w treningu. Nie mo\u017ce by\u0107 tak, \u017ce jest si\u0119 na treningu w poniedzia\u0142ek, natomiast w \u015brod\u0119 i pi\u0105tek ju\u017c nie. Up\u00f3r w d\u0105\u017ceniu do celu, \u017ceby tak\u017ce mie\u0107 marzenia i chcie\u0107 je realizowa\u0107. Potrzebna jest taka automotywacja, bo trener nie mo\u017ce by\u0107 takim \u201epoganiaczem lw\u00f3w, czy tygrys\u00f3w\u201d, bo nie chodzi o to, by tego dzieciaka ci\u0105gle motywowa\u0107, tylko \u017ceby on sam to robi\u0142. \u017bycz\u0119 wszystkim m\u0142odym adeptom futbolu, aby mieli w sobie tak\u0105 automotywacj\u0119, \u017ceby obrali sobie cel i z uporem d\u0105\u017cyli do jego osi\u0105gni\u0119cia a tak\u017ce, by mieli marzenia oraz byli pracowici, a na pewno kto\u015b ich zauwa\u017cy.<\/p>\n<hr \/>\n<p><em><strong>Rozmawiali:<\/strong> Mariusz Bojarowski i Emil Wojda.<br \/>\n<\/em><em><strong>Fotografie:<\/strong> Archiwum prywatne Adama Zejera, archiwum WMZPN.<\/em><\/p>\n","protected":false},"excerpt":{"rendered":"<p>S\u0105 zawodnicy, kt\u00f3rych pi\u0142karskim \u017cyciorysem mo\u017cna obdzieli\u0107 kilka innych os\u00f3b. S\u0105 historie i opowie\u015bci, kt\u00f3re &#8220;wgniataj\u0105 w fotel&#8221;. Tak b\u0119dzie w tym przypadku &#8211; tu zaczyna\u0142 Adam Zejer!<\/p>\n","protected":false},"author":2,"featured_media":4712,"comment_status":"open","ping_status":"open","sticky":false,"template":"","format":"standard","meta":{"footnotes":""},"categories":[93],"tags":[],"class_list":["post-4710","post","type-post","status-publish","format-standard","has-post-thumbnail","hentry","category-tuzaczynalem"],"_links":{"self":[{"href":"https:\/\/wmzpn.pl\/index.php?rest_route=\/wp\/v2\/posts\/4710","targetHints":{"allow":["GET"]}}],"collection":[{"href":"https:\/\/wmzpn.pl\/index.php?rest_route=\/wp\/v2\/posts"}],"about":[{"href":"https:\/\/wmzpn.pl\/index.php?rest_route=\/wp\/v2\/types\/post"}],"author":[{"embeddable":true,"href":"https:\/\/wmzpn.pl\/index.php?rest_route=\/wp\/v2\/users\/2"}],"replies":[{"embeddable":true,"href":"https:\/\/wmzpn.pl\/index.php?rest_route=%2Fwp%2Fv2%2Fcomments&post=4710"}],"version-history":[{"count":6,"href":"https:\/\/wmzpn.pl\/index.php?rest_route=\/wp\/v2\/posts\/4710\/revisions"}],"predecessor-version":[{"id":4743,"href":"https:\/\/wmzpn.pl\/index.php?rest_route=\/wp\/v2\/posts\/4710\/revisions\/4743"}],"wp:featuredmedia":[{"embeddable":true,"href":"https:\/\/wmzpn.pl\/index.php?rest_route=\/wp\/v2\/media\/4712"}],"wp:attachment":[{"href":"https:\/\/wmzpn.pl\/index.php?rest_route=%2Fwp%2Fv2%2Fmedia&parent=4710"}],"wp:term":[{"taxonomy":"category","embeddable":true,"href":"https:\/\/wmzpn.pl\/index.php?rest_route=%2Fwp%2Fv2%2Fcategories&post=4710"},{"taxonomy":"post_tag","embeddable":true,"href":"https:\/\/wmzpn.pl\/index.php?rest_route=%2Fwp%2Fv2%2Ftags&post=4710"}],"curies":[{"name":"wp","href":"https:\/\/api.w.org\/{rel}","templated":true}]}}