{"id":47096,"date":"2025-09-24T06:05:57","date_gmt":"2025-09-24T06:05:57","guid":{"rendered":"https:\/\/wmzpn.pl\/?p=47096"},"modified":"2025-09-24T06:06:50","modified_gmt":"2025-09-24T06:06:50","slug":"zapraszamy-na-iii-edycje-forum-wokol-pilki","status":"publish","type":"post","link":"https:\/\/wmzpn.pl\/?p=47096","title":{"rendered":"Zapraszamy na III edycj\u0119 Forum Wok\u00f3\u0142 Pi\u0142ki &#8211; Olsztyn, 10.10.2025r."},"content":{"rendered":"<p><strong>Zapraszamy na III edycj\u0119 konferencji <span style=\"color: #000080;\">FORUM WOK\u00d3\u0141 PI\u0141KI<span style=\"color: #000000;\">, kt\u00f3ra<\/span><\/span> skierowana jest do przedstawicieli klub\u00f3w, samorz\u0105d\u00f3w, firm i podmiot\u00f3w zwi\u0105zanych z pi\u0142k\u0105 no\u017cn\u0105. Wydarzenie, kt\u00f3re opiera si\u0119 g\u0142\u00f3wnie na specjalne przygotowanych, eksperckich panelach dyskusyjnych i networkingu, zawiera r\u00f3wnie\u017c elementy targ\u00f3w.<\/strong><\/p>\n<p>G\u0142\u00f3wnym organizatorem wydarzenia jest <strong><span style=\"color: #000080;\"><em>\u00a0Warmi\u0144sko-Mazurski Zwi\u0105zek Pi\u0142ki No\u017cnej<\/em>.<\/span> <\/strong>Wsp\u00f3\u0142organizatorem jest <strong><span style=\"color: #000080;\"><em>Samorz\u0105d Wojew\u00f3dztwa Warmi\u0144sko-Mazurskiego.<\/em><\/span><\/strong><\/p>\n<p>Patronat honorowy nad wydarzeniem obj\u0119\u0142o <strong><span style=\"color: #000080;\"><em>Ministerstwo Sportu i Turystyki, <\/em><\/span><\/strong><span style=\"color: #000080;\"><em><strong>Wojewoda Warmi\u0144sko-Mazurski Rados\u0142aw Kr\u00f3l oraz<\/strong><\/em>\u00a0<\/span><span style=\"color: #000080;\"><em><strong>Marsza\u0142ek Wojew\u00f3dztwa Warmi\u0144sko-Mazurskiego Marcin Kuchci\u0144ski.<\/strong><\/em><\/span>\u00a0<\/p>\n<p><span style=\"color: #ffffff; background-color: #000080;\"><strong>\u00a0FORUM WOK\u00d3\u0141 PI\u0141KI <\/strong><\/span>\u00a0to unikalna platforma dialogu i wsp\u00f3\u0142pracy, gromadz\u0105ca lider\u00f3w samorz\u0105dowych, przedstawicieli administracji pa\u0144stwowej, dzia\u0142aczy sportowych, organizacje pozarz\u0105dowe oraz biznes. Wydarzenie skupia si\u0119 na kluczowym zagadnieniu: rozwoju i udost\u0119pnianiu infrastruktury sportowej poprzez wsp\u00f3\u0142prac\u0119 pomi\u0119dzy samorz\u0105dami a klubami pi\u0142karskimi, co znacz\u0105co wp\u0142ywa na \u017cycie lokalnych spo\u0142eczno\u015bci.<\/p>\n<p>Podczas trzeciej edycji Forum, uczestnicy b\u0119d\u0105 mieli okazj\u0119 wys\u0142ucha\u0107 prelekcji ekspert\u00f3w z do\u015bwiadczeniem w pozyskiwaniu funduszy z r\u00f3\u017cnych \u017ar\u00f3de\u0142, takich jak samorz\u0105dy, programy ministerialne czy Fundusze Europejskie. Naszym celem jest nie tylko dzielenie si\u0119 wiedz\u0105, ale tak\u017ce inspirowanie do skutecznego zdobywania inwestycji, budowania sieci kontakt\u00f3w oraz tworzenia pozytywnego klimatu wok\u00f3\u0142 pi\u0142ki no\u017cnej w regionie Warmii, Mazur i Powi\u015bla.<\/p>\n<p><span style=\"background-color: #000080; color: #ffffff;\"><strong>\u00a0Data:\u00a0<\/strong><\/span> <br \/>10 pa\u017adziernika 2025 (pi\u0105tek)<\/p>\n<p><span style=\"background-color: #000080; color: #ffffff;\"><strong>\u00a0Miejsce:\u00a0<\/strong><\/span> <br \/>Park Naukowo-Technologiczny w Olsztynie, <br \/>ul. W\u0142adys\u0142awa Tryli\u0144skiego 2<\/p>\n<p><span style=\"background-color: #000080; color: #ffffff;\"><strong>\u00a0Konferencja skierowana do:\u00a0<\/strong><\/span><\/p>\n<ul>\n<li>Przedstawicieli lokalnych samorz\u0105d\u00f3w (w tym osoby odpowiedzialne za sport).<\/li>\n<li>Przedstawicieli klub\u00f3w.<\/li>\n<li>Sponsor\u00f3w klub\u00f3w.<\/li>\n<li>Firm \u015bwiadcz\u0105cych us\u0142ugi dla \u015brodowiska sportowego (np. renowacje boisk, sprz\u0119t sportowy.<\/li>\n<\/ul>\n<p><strong><span style=\"background-color: #000080; color: #ffffff;\">\u00a0Program:\u00a0<\/span><\/strong><\/p>\n<p>Wst\u0119pny program konferencji dost\u0119pny tutaj -&gt; <strong><a href=\"https:\/\/wmzpn.pl\/?page_id=37562\">TUTAJ<\/a><\/strong><\/p>\n<p><strong><span style=\"background-color: #000080; color: #ffffff;\">\u00a0Wst\u0119p:\u00a0<\/span><\/strong><\/p>\n<p>Udzia\u0142 w konferencji jest darmowy. Rejestracji nale\u017cy dokona\u0107 poprzez formularz rejestracyjny dost\u0119pny <span style=\"color: #000080;\"><strong><a href=\"http:\/\/wmzpn.pl\/?page_id=37474\">TUTAJ.<\/a>\u00a0<\/strong><span style=\"color: #000000;\">Ilo\u015b\u0107 miejsc jest ograniczona &#8211; decyduje kolejno\u015b\u0107 prawid\u0142owych zg\u0142osze\u0144. Zapisy trwaj\u0105 do 8 pa\u017adziernika 2025 r. (do godz. 23:59).<\/span><\/span><\/p>\n\n\n<p><\/p>\n","protected":false},"excerpt":{"rendered":"<p>Zapraszamy na III edycj\u0119 konferencji FORUM WOK\u00d3\u0141 PI\u0141KI, kt\u00f3ra skierowana jest do przedstawicieli klub\u00f3w, samorz\u0105d\u00f3w, firm i podmiot\u00f3w zwi\u0105zanych z pi\u0142k\u0105 no\u017cn\u0105. Wydarzenie, kt\u00f3re opiera si\u0119 g\u0142\u00f3wnie na specjalne przygotowanych, eksperckich panelach dyskusyjnych i networkingu, zawiera r\u00f3wnie\u017c elementy targ\u00f3w. G\u0142\u00f3wnym organizatorem wydarzenia jest \u00a0Warmi\u0144sko-Mazurski Zwi\u0105zek Pi\u0142ki No\u017cnej. Wsp\u00f3\u0142organizatorem jest Samorz\u0105d Wojew\u00f3dztwa Warmi\u0144sko-Mazurskiego. Patronat honorowy nad [&hellip;]<\/p>\n","protected":false},"author":2,"featured_media":47098,"comment_status":"open","ping_status":"open","sticky":false,"template":"","format":"standard","meta":{"footnotes":""},"categories":[12,26],"tags":[],"class_list":["post-47096","post","type-post","status-publish","format-standard","has-post-thumbnail","hentry","category-aktualnosci","category-zwiazek-news"],"_links":{"self":[{"href":"https:\/\/wmzpn.pl\/index.php?rest_route=\/wp\/v2\/posts\/47096","targetHints":{"allow":["GET"]}}],"collection":[{"href":"https:\/\/wmzpn.pl\/index.php?rest_route=\/wp\/v2\/posts"}],"about":[{"href":"https:\/\/wmzpn.pl\/index.php?rest_route=\/wp\/v2\/types\/post"}],"author":[{"embeddable":true,"href":"https:\/\/wmzpn.pl\/index.php?rest_route=\/wp\/v2\/users\/2"}],"replies":[{"embeddable":true,"href":"https:\/\/wmzpn.pl\/index.php?rest_route=%2Fwp%2Fv2%2Fcomments&post=47096"}],"version-history":[{"count":3,"href":"https:\/\/wmzpn.pl\/index.php?rest_route=\/wp\/v2\/posts\/47096\/revisions"}],"predecessor-version":[{"id":47101,"href":"https:\/\/wmzpn.pl\/index.php?rest_route=\/wp\/v2\/posts\/47096\/revisions\/47101"}],"wp:featuredmedia":[{"embeddable":true,"href":"https:\/\/wmzpn.pl\/index.php?rest_route=\/wp\/v2\/media\/47098"}],"wp:attachment":[{"href":"https:\/\/wmzpn.pl\/index.php?rest_route=%2Fwp%2Fv2%2Fmedia&parent=47096"}],"wp:term":[{"taxonomy":"category","embeddable":true,"href":"https:\/\/wmzpn.pl\/index.php?rest_route=%2Fwp%2Fv2%2Fcategories&post=47096"},{"taxonomy":"post_tag","embeddable":true,"href":"https:\/\/wmzpn.pl\/index.php?rest_route=%2Fwp%2Fv2%2Ftags&post=47096"}],"curies":[{"name":"wp","href":"https:\/\/api.w.org\/{rel}","templated":true}]}}