{"id":46936,"date":"2025-09-11T11:12:20","date_gmt":"2025-09-11T11:12:20","guid":{"rendered":"https:\/\/wmzpn.pl\/?p=46936"},"modified":"2025-09-11T11:13:56","modified_gmt":"2025-09-11T11:13:56","slug":"kacik-historyczny-wojciecha-linowa-gimnazjalny-i-licealny-osrodek-szkolenia-sportowego-mlodziezy-w-pilce-noznej","status":"publish","type":"post","link":"https:\/\/wmzpn.pl\/?p=46936","title":{"rendered":"K\u0105cik historyczny Wojciecha Linowa &#8211; Gimnazjalny i Licealny O\u015brodek Szkolenia Sportowego M\u0142odzie\u017cy w pi\u0142ce no\u017cnej"},"content":{"rendered":"<p>Dnia 22 kwietnia 2004 roku na podstawie porozumienia podpisanego przez Ministerstwo Edukacji i Ministerstwo Sportu powsta\u0142a koncepcja funkcjonowania 16 wojew\u00f3dzkich o\u015brodk\u00f3w szkolenia sportowego m\u0142odzie\u017cy w pi\u0142ce no\u017cnej.<\/p>\n<p><img loading=\"lazy\" decoding=\"async\" class=\"aligncenter wp-image-46937 size-large\" src=\"https:\/\/wmzpn.pl\/wp-content\/uploads\/2025\/09\/11-778x1024.jpeg\" alt=\"\" width=\"640\" height=\"842\" srcset=\"https:\/\/wmzpn.pl\/wp-content\/uploads\/2025\/09\/11-778x1024.jpeg 778w, https:\/\/wmzpn.pl\/wp-content\/uploads\/2025\/09\/11-228x300.jpeg 228w, https:\/\/wmzpn.pl\/wp-content\/uploads\/2025\/09\/11-768x1011.jpeg 768w, https:\/\/wmzpn.pl\/wp-content\/uploads\/2025\/09\/11-696x916.jpeg 696w, https:\/\/wmzpn.pl\/wp-content\/uploads\/2025\/09\/11-319x420.jpeg 319w, https:\/\/wmzpn.pl\/wp-content\/uploads\/2025\/09\/11.jpeg 1014w\" sizes=\"auto, (max-width: 640px) 100vw, 640px\" \/><\/p>\n<p>Od 1 wrze\u015bnia 2004 roku na postawie porozumienia podpisanego przez Miasto Olsztyn i W-MZPN powsta\u0142 OSSM w pi\u0142ce no\u017cnej przy Gimnazjum nr 12 w Olsztynie.<\/p>\n<p>W szkole tej ju\u017c rok wcze\u015bniej istnia\u0142a klasa pi\u0142karska, zainicjowana przez Prezesa KKS Warmia Olsztyn Wojciecha Linowa i trenera Janusza Czerniewicza.<\/p>\n<p>Tak wi\u0119c z chwil\u0105 powstania O\u015brodka uzupe\u0142niono klasy II o zawodnik\u00f3w z innych klub\u00f3w i przeprowadzono nab\u00f3r z ca\u0142ego wojew\u00f3dztwa do klasy I \u2013 rocznik 1991.<\/p>\n<p>Szkolenie w O\u015brodku oparte by\u0142o na sprawdzonych wzorcach i do\u015bwiadczeniach zagranicznych o\u015brodk\u00f3w oraz bie\u017c\u0105cych wytycznych Wydzia\u0142u Szkolenia PZPN.<\/p>\n<p>Model kszta\u0142cenia i szkolenia m\u0142odych pi\u0142karzy w o\u015brodkach polega\u0142 na selekcjonowaniu uzdolnionych pi\u0142karsko ch\u0142opc\u00f3w oraz zgrupowanie ich w klasach sportowych.<\/p>\n<p>Polski Zwi\u0105zek Pi\u0142ki No\u017cnej ju\u017c w pa\u017adzierniku 2004 roku zorganizowa\u0142 oficjalne otwarcie o\u015brodk\u00f3w podczas turnieju w Bydgoszczy.<\/p>\n<p>Nasz zesp\u00f3\u0142 z\u0142o\u017cony z rocznik\u00f3w 1990 i 1991 wygra\u0142 te zawody. A najlepszym zawodnikiem zosta\u0142 Karol Janik. Trener Budzi\u0142ek przeprowadzi\u0142 pokazowy trening.<\/p>\n<p><img loading=\"lazy\" decoding=\"async\" class=\"aligncenter wp-image-46938 size-full\" src=\"https:\/\/wmzpn.pl\/wp-content\/uploads\/2025\/09\/4.jpg\" alt=\"\" width=\"1808\" height=\"1175\" srcset=\"https:\/\/wmzpn.pl\/wp-content\/uploads\/2025\/09\/4.jpg 1808w, https:\/\/wmzpn.pl\/wp-content\/uploads\/2025\/09\/4-300x195.jpg 300w, https:\/\/wmzpn.pl\/wp-content\/uploads\/2025\/09\/4-1024x665.jpg 1024w, https:\/\/wmzpn.pl\/wp-content\/uploads\/2025\/09\/4-768x499.jpg 768w, https:\/\/wmzpn.pl\/wp-content\/uploads\/2025\/09\/4-1536x998.jpg 1536w, https:\/\/wmzpn.pl\/wp-content\/uploads\/2025\/09\/4-696x452.jpg 696w, https:\/\/wmzpn.pl\/wp-content\/uploads\/2025\/09\/4-1068x694.jpg 1068w, https:\/\/wmzpn.pl\/wp-content\/uploads\/2025\/09\/4-646x420.jpg 646w\" sizes=\"auto, (max-width: 1808px) 100vw, 1808px\" \/><\/p>\n<p><img loading=\"lazy\" decoding=\"async\" class=\"aligncenter wp-image-46939 size-full\" src=\"https:\/\/wmzpn.pl\/wp-content\/uploads\/2025\/09\/5.jpg\" alt=\"\" width=\"1685\" height=\"1133\" srcset=\"https:\/\/wmzpn.pl\/wp-content\/uploads\/2025\/09\/5.jpg 1685w, https:\/\/wmzpn.pl\/wp-content\/uploads\/2025\/09\/5-300x202.jpg 300w, https:\/\/wmzpn.pl\/wp-content\/uploads\/2025\/09\/5-1024x689.jpg 1024w, https:\/\/wmzpn.pl\/wp-content\/uploads\/2025\/09\/5-768x516.jpg 768w, https:\/\/wmzpn.pl\/wp-content\/uploads\/2025\/09\/5-1536x1033.jpg 1536w, https:\/\/wmzpn.pl\/wp-content\/uploads\/2025\/09\/5-696x468.jpg 696w, https:\/\/wmzpn.pl\/wp-content\/uploads\/2025\/09\/5-1068x718.jpg 1068w, https:\/\/wmzpn.pl\/wp-content\/uploads\/2025\/09\/5-625x420.jpg 625w\" sizes=\"auto, (max-width: 1685px) 100vw, 1685px\" \/><\/p>\n<p>Program szkolenia realizowany by\u0142 w obj\u0119to\u015bci 10 godzin tygodniowo. Zawodnicy korzystali ze szkolnej sali gimnastycznej, 2 boisk trawiastych i hali na pobliskim (200 m) stadionie KKS Warmia.<\/p>\n<p>Wykorzystywano tak\u017ce obiekty Olszty\u0144skiej Szko\u0142y Wy\u017cszej przy ul. Bydgoskiej \u2013 sztucznie o\u015bwietlone niepe\u0142nowymiarowe boisko, specjalistyczna sala gimnastyczna i 25-metrowy basen p\u0142ywacki.<\/p>\n<p>Od 2007 roku w okresie zimowym spotkania kontrolne rozgrywano na boisku sztucznym SP nr 18.<\/p>\n<p>O\u015brodek korzysta\u0142 z odnowy w pobliskim szpitalu MSWiA oraz Laboratorium Badawczego Wy\u017cszej Szko\u0142y, gdzie przeprowadzano badania specjalistyczne.<\/p>\n<p>O\u015brodek zapewnia\u0142 opiek\u0119 medyczn\u0105 przez ca\u0142y okres dzia\u0142ania a\u017c do likwidacji w 2019 r.<\/p>\n<p>Opiek\u0119 medyczn\u0105 sprawowa\u0142 chirurg traumatolog lekarz Piotr Kulpaka.<\/p>\n<p><img loading=\"lazy\" decoding=\"async\" class=\"aligncenter wp-image-46940 size-full\" src=\"https:\/\/wmzpn.pl\/wp-content\/uploads\/2025\/09\/12.jpeg\" alt=\"\" width=\"244\" height=\"207\" \/><\/p>\n<p>Kierownikiem O\u015brodka by\u0142 w latach 2004-2013 trener Wojciech Linow, w latach 2014-2019 trener Marcin Przybyli\u0144ski.<\/p>\n<p>Trenerzy pracuj\u0105cy w O\u015brodku: Janusz Czerniewicz, Jerzy Budzi\u0142ek, Adam \u0141opatko, Zbigniew Wodniak, \u015bp. Zbigniew Kubelski, Adam Zejer, Piotr Skiba, Jaros\u0142aw Bako, Andrzej Kowalczyk.<\/p>\n<p><strong>Nale\u017cy podkre\u015bli\u0107 bardzo dobr\u0105 wsp\u00f3\u0142prac\u0119 O\u015brodka z nauczycielami Gimnazjum, a szczeg\u00f3lnie z Dyrektorem tej plac\u00f3wki \u2013 Andrzejem Tymeckim.<\/strong><\/p>\n<p>Problemy z boiskami w Olsztynie trwaj\u0105 od d\u0142ugiego czasu, dopiero po wygraniu konkursu z bud\u017cetu obywatelskiego, przy du\u017cym zaanga\u017cowaniu \u015brodowiska i rodzic\u00f3w \u2013 wybudowano w 2016 roku Orlika przy Gimnazjum nr 12.<\/p>\n<p><img loading=\"lazy\" decoding=\"async\" class=\"aligncenter wp-image-46941 size-full\" src=\"https:\/\/wmzpn.pl\/wp-content\/uploads\/2025\/09\/6-scaled.jpg\" alt=\"\" width=\"2560\" height=\"1806\" srcset=\"https:\/\/wmzpn.pl\/wp-content\/uploads\/2025\/09\/6-scaled.jpg 2560w, https:\/\/wmzpn.pl\/wp-content\/uploads\/2025\/09\/6-300x212.jpg 300w, https:\/\/wmzpn.pl\/wp-content\/uploads\/2025\/09\/6-1024x722.jpg 1024w, https:\/\/wmzpn.pl\/wp-content\/uploads\/2025\/09\/6-768x542.jpg 768w, https:\/\/wmzpn.pl\/wp-content\/uploads\/2025\/09\/6-1536x1083.jpg 1536w, https:\/\/wmzpn.pl\/wp-content\/uploads\/2025\/09\/6-2048x1445.jpg 2048w, https:\/\/wmzpn.pl\/wp-content\/uploads\/2025\/09\/6-100x70.jpg 100w, https:\/\/wmzpn.pl\/wp-content\/uploads\/2025\/09\/6-696x491.jpg 696w, https:\/\/wmzpn.pl\/wp-content\/uploads\/2025\/09\/6-1068x753.jpg 1068w, https:\/\/wmzpn.pl\/wp-content\/uploads\/2025\/09\/6-595x420.jpg 595w\" sizes=\"auto, (max-width: 2560px) 100vw, 2560px\" \/><\/p>\n<p>W okresie dzia\u0142ania 2004-2016 zawodnicy O\u015brodka stanowili cz\u0119sto 80% poszczeg\u00f3lnych reprezentacji Warmi\u0144sko-Mazurskiego ZPN.<\/p>\n<p>Wielokrotnie zdobywali tak\u017ce mistrzostwa wojew\u00f3dztwa warmi\u0144sko-mazurskiego w turnieju Coca-Cola Cup i grali 4 razy w fina\u0142ach tej imprezy w Warszawie.<\/p>\n<p><img loading=\"lazy\" decoding=\"async\" class=\"aligncenter wp-image-46942 size-full\" src=\"https:\/\/wmzpn.pl\/wp-content\/uploads\/2025\/09\/14.jpeg\" alt=\"\" width=\"894\" height=\"1187\" srcset=\"https:\/\/wmzpn.pl\/wp-content\/uploads\/2025\/09\/14.jpeg 894w, https:\/\/wmzpn.pl\/wp-content\/uploads\/2025\/09\/14-226x300.jpeg 226w, https:\/\/wmzpn.pl\/wp-content\/uploads\/2025\/09\/14-771x1024.jpeg 771w, https:\/\/wmzpn.pl\/wp-content\/uploads\/2025\/09\/14-768x1020.jpeg 768w, https:\/\/wmzpn.pl\/wp-content\/uploads\/2025\/09\/14-696x924.jpeg 696w, https:\/\/wmzpn.pl\/wp-content\/uploads\/2025\/09\/14-316x420.jpeg 316w\" sizes=\"auto, (max-width: 894px) 100vw, 894px\" \/><\/p>\n<p><img loading=\"lazy\" decoding=\"async\" class=\"aligncenter wp-image-46943 size-full\" src=\"https:\/\/wmzpn.pl\/wp-content\/uploads\/2025\/09\/13.jpeg\" alt=\"\" width=\"1948\" height=\"607\" srcset=\"https:\/\/wmzpn.pl\/wp-content\/uploads\/2025\/09\/13.jpeg 1948w, https:\/\/wmzpn.pl\/wp-content\/uploads\/2025\/09\/13-300x93.jpeg 300w, https:\/\/wmzpn.pl\/wp-content\/uploads\/2025\/09\/13-1024x319.jpeg 1024w, https:\/\/wmzpn.pl\/wp-content\/uploads\/2025\/09\/13-768x239.jpeg 768w, https:\/\/wmzpn.pl\/wp-content\/uploads\/2025\/09\/13-1536x479.jpeg 1536w, https:\/\/wmzpn.pl\/wp-content\/uploads\/2025\/09\/13-696x217.jpeg 696w, https:\/\/wmzpn.pl\/wp-content\/uploads\/2025\/09\/13-1068x333.jpeg 1068w, https:\/\/wmzpn.pl\/wp-content\/uploads\/2025\/09\/13-1348x420.jpeg 1348w\" sizes=\"auto, (max-width: 1948px) 100vw, 1948px\" \/><\/p>\n<p>Uczniowie i absolwenci O\u015brodka i Szko\u0142y reprezentowali barwy Polski w Kadrach:<\/p>\n<p>&#8211; Pawe\u0142 Dawidowicz \u2013 kadra na M\u015a 2018, uczestnik Mistrzostw Europy 2020 r.<\/p>\n<p>&#8211; Daniel \u0141ukasik \u2013 reprezentant na Mistrzostwa Europy 2012<\/p>\n<p>&#8211; Karol \u017bwir \u2013 reprezentant U-15, U16, br\u0105zowy medalista Mistrzostw Europy U-17 w 2012 r.<\/p>\n<p>&#8211; Filip Kurto \u2013 najlepszy bramkarz roku w Australii, kadra U-18 \u2013 U-21<\/p>\n<p>&#8211; Dominik Kun \u2013 kadra U-20 i U-21<\/p>\n<p>&#8211; Damian \u0141azicki \u2013 kadra U15, U-16, U-17<\/p>\n<p>&#8211; Artur Siemaszko \u2013 kadra U-17 \u2013 Stomil<\/p>\n<p>&#8211; Piotr Wypniewski, Arkadiusz Mroczkowski \u2013 kadra U-16<\/p>\n<p>&#8211; Patryk Kun \u2013 kadra U-18 i U-20<\/p>\n<p>&#8211; Tomasz We\u0142nicki \u2013 kadra olimpijska 2010<\/p>\n<p>&#8211; Damian Garbacik \u2013 U-16, U-18 i U-20<\/p>\n<p>&#8211; Dominik Wojciechowski \u2013 kadra U-15<\/p>\n<p>&#8211; Jakub Mosakowski \u2013 kadra U-19<\/p>\n<p>W zespo\u0142ach Ekstraklasy \u2013 Wojciech Dziemidowicz, Jonatan Straus, Piotr G\u0142owacki, Patryk Kun, Dominik Kun, Filip Dymerski, Mateusz Cegie\u0142ka, Jakub Serafin, Hubert Sobol.<\/p>\n<p>Ligi zagraniczne &#8211; Pawe\u0142 Dawidowicz (obecnie Arabia Saudyjska), Filip Kurto &#8211; liga Australii<\/p>\n<p>Wielu absolwent\u00f3w O\u015brodka wyst\u0119powa\u0142o lub nadal wyst\u0119puje w zespo\u0142ach I, II, III ligi.<\/p>\n<p>W czasie dzia\u0142alno\u015bci O\u015brodka zawodnicy wyje\u017cd\u017cali na zgrupowania w kraju i za granic\u0119: do Trok na Litwie. Poszczeg\u00f3lne klasy wyje\u017cd\u017ca\u0142y na turnieje halowe do Wilna, Mariampola na Litwie i Mi\u0144ska w Bia\u0142orusi.<\/p>\n<figure id=\"attachment_46944\" aria-describedby=\"caption-attachment-46944\" style=\"width: 1173px\" class=\"wp-caption aligncenter\"><img loading=\"lazy\" decoding=\"async\" class=\"wp-image-46944 size-full\" src=\"https:\/\/wmzpn.pl\/wp-content\/uploads\/2025\/09\/budzilek.jpg\" alt=\"\" width=\"1173\" height=\"873\" srcset=\"https:\/\/wmzpn.pl\/wp-content\/uploads\/2025\/09\/budzilek.jpg 1173w, https:\/\/wmzpn.pl\/wp-content\/uploads\/2025\/09\/budzilek-300x223.jpg 300w, https:\/\/wmzpn.pl\/wp-content\/uploads\/2025\/09\/budzilek-1024x762.jpg 1024w, https:\/\/wmzpn.pl\/wp-content\/uploads\/2025\/09\/budzilek-768x572.jpg 768w, https:\/\/wmzpn.pl\/wp-content\/uploads\/2025\/09\/budzilek-80x60.jpg 80w, https:\/\/wmzpn.pl\/wp-content\/uploads\/2025\/09\/budzilek-265x198.jpg 265w, https:\/\/wmzpn.pl\/wp-content\/uploads\/2025\/09\/budzilek-696x518.jpg 696w, https:\/\/wmzpn.pl\/wp-content\/uploads\/2025\/09\/budzilek-1068x795.jpg 1068w, https:\/\/wmzpn.pl\/wp-content\/uploads\/2025\/09\/budzilek-564x420.jpg 564w\" sizes=\"auto, (max-width: 1173px) 100vw, 1173px\" \/><figcaption id=\"caption-attachment-46944\" class=\"wp-caption-text\"><\/em> <em>Trener Jerzy Budzi\u0142ek z Pucharem za Turniej w Mi\u0144sku<\/em><\/figcaption><\/figure>\n<p>Klasy pi\u0142karskie Gimnazjum nr 12 by\u0142y demonstratorami zaj\u0119\u0107 specjalistycznych podczas kursokonferencji trener\u00f3w WMZPN.<\/p>\n<p><img loading=\"lazy\" decoding=\"async\" class=\"aligncenter wp-image-46945 size-full\" src=\"https:\/\/wmzpn.pl\/wp-content\/uploads\/2025\/09\/7-1-scaled.jpg\" alt=\"\" width=\"2560\" height=\"1205\" srcset=\"https:\/\/wmzpn.pl\/wp-content\/uploads\/2025\/09\/7-1-scaled.jpg 2560w, https:\/\/wmzpn.pl\/wp-content\/uploads\/2025\/09\/7-1-300x141.jpg 300w, https:\/\/wmzpn.pl\/wp-content\/uploads\/2025\/09\/7-1-1024x482.jpg 1024w, https:\/\/wmzpn.pl\/wp-content\/uploads\/2025\/09\/7-1-768x362.jpg 768w, https:\/\/wmzpn.pl\/wp-content\/uploads\/2025\/09\/7-1-1536x723.jpg 1536w, https:\/\/wmzpn.pl\/wp-content\/uploads\/2025\/09\/7-1-2048x964.jpg 2048w, https:\/\/wmzpn.pl\/wp-content\/uploads\/2025\/09\/7-1-696x328.jpg 696w, https:\/\/wmzpn.pl\/wp-content\/uploads\/2025\/09\/7-1-1068x503.jpg 1068w, https:\/\/wmzpn.pl\/wp-content\/uploads\/2025\/09\/7-1-892x420.jpg 892w\" sizes=\"auto, (max-width: 2560px) 100vw, 2560px\" \/><\/p>\n<p>W ostatnim okresie dzia\u0142alno\u015bci O\u015brodka \u2013 Gimnazjum nr 12 nawi\u0105za\u0142o kontakty z Osnabruck w Niemczech.<\/p>\n<p><img loading=\"lazy\" decoding=\"async\" class=\"aligncenter wp-image-46946 size-full\" src=\"https:\/\/wmzpn.pl\/wp-content\/uploads\/2025\/09\/1.jpg\" alt=\"\" width=\"1821\" height=\"1183\" srcset=\"https:\/\/wmzpn.pl\/wp-content\/uploads\/2025\/09\/1.jpg 1821w, https:\/\/wmzpn.pl\/wp-content\/uploads\/2025\/09\/1-300x195.jpg 300w, https:\/\/wmzpn.pl\/wp-content\/uploads\/2025\/09\/1-1024x665.jpg 1024w, https:\/\/wmzpn.pl\/wp-content\/uploads\/2025\/09\/1-768x499.jpg 768w, https:\/\/wmzpn.pl\/wp-content\/uploads\/2025\/09\/1-1536x998.jpg 1536w, https:\/\/wmzpn.pl\/wp-content\/uploads\/2025\/09\/1-696x452.jpg 696w, https:\/\/wmzpn.pl\/wp-content\/uploads\/2025\/09\/1-1068x694.jpg 1068w, https:\/\/wmzpn.pl\/wp-content\/uploads\/2025\/09\/1-647x420.jpg 647w\" sizes=\"auto, (max-width: 1821px) 100vw, 1821px\" \/><\/p>\n<p><img loading=\"lazy\" decoding=\"async\" class=\"aligncenter wp-image-46947 size-full\" src=\"https:\/\/wmzpn.pl\/wp-content\/uploads\/2025\/09\/2.jpg\" alt=\"\" width=\"2093\" height=\"1439\" srcset=\"https:\/\/wmzpn.pl\/wp-content\/uploads\/2025\/09\/2.jpg 2093w, https:\/\/wmzpn.pl\/wp-content\/uploads\/2025\/09\/2-300x206.jpg 300w, https:\/\/wmzpn.pl\/wp-content\/uploads\/2025\/09\/2-1024x704.jpg 1024w, https:\/\/wmzpn.pl\/wp-content\/uploads\/2025\/09\/2-768x528.jpg 768w, https:\/\/wmzpn.pl\/wp-content\/uploads\/2025\/09\/2-1536x1056.jpg 1536w, https:\/\/wmzpn.pl\/wp-content\/uploads\/2025\/09\/2-2048x1408.jpg 2048w, https:\/\/wmzpn.pl\/wp-content\/uploads\/2025\/09\/2-100x70.jpg 100w, https:\/\/wmzpn.pl\/wp-content\/uploads\/2025\/09\/2-218x150.jpg 218w, https:\/\/wmzpn.pl\/wp-content\/uploads\/2025\/09\/2-696x479.jpg 696w, https:\/\/wmzpn.pl\/wp-content\/uploads\/2025\/09\/2-1068x734.jpg 1068w, https:\/\/wmzpn.pl\/wp-content\/uploads\/2025\/09\/2-611x420.jpg 611w\" sizes=\"auto, (max-width: 2093px) 100vw, 2093px\" \/><\/p>\n<figure id=\"attachment_46948\" aria-describedby=\"caption-attachment-46948\" style=\"width: 1812px\" class=\"wp-caption aligncenter\"><img loading=\"lazy\" decoding=\"async\" class=\"wp-image-46948 size-full\" src=\"https:\/\/wmzpn.pl\/wp-content\/uploads\/2025\/09\/3.jpg\" alt=\"\" width=\"1812\" height=\"1204\" srcset=\"https:\/\/wmzpn.pl\/wp-content\/uploads\/2025\/09\/3.jpg 1812w, https:\/\/wmzpn.pl\/wp-content\/uploads\/2025\/09\/3-300x199.jpg 300w, https:\/\/wmzpn.pl\/wp-content\/uploads\/2025\/09\/3-1024x680.jpg 1024w, https:\/\/wmzpn.pl\/wp-content\/uploads\/2025\/09\/3-768x510.jpg 768w, https:\/\/wmzpn.pl\/wp-content\/uploads\/2025\/09\/3-1536x1021.jpg 1536w, https:\/\/wmzpn.pl\/wp-content\/uploads\/2025\/09\/3-696x462.jpg 696w, https:\/\/wmzpn.pl\/wp-content\/uploads\/2025\/09\/3-1068x710.jpg 1068w, https:\/\/wmzpn.pl\/wp-content\/uploads\/2025\/09\/3-632x420.jpg 632w\" sizes=\"auto, (max-width: 1812px) 100vw, 1812px\" \/><figcaption id=\"caption-attachment-46948\" class=\"wp-caption-text\"><em>Zdj\u0119cia ze zgrupowa\u0144 w Niemczech<\/em><\/figcaption><\/figure>\n<p>Na turnieje wyje\u017cd\u017ca\u0142y roczniki 2000, 2001 i 2004.<\/p>\n<p>Rocznik 2000 a\u017c 3 razy gra\u0142 w fina\u0142ach og\u00f3lnopolskich w latach 2014-2016.<\/p>\n<figure id=\"attachment_46949\" aria-describedby=\"caption-attachment-46949\" style=\"width: 2560px\" class=\"wp-caption alignnone\"><img loading=\"lazy\" decoding=\"async\" class=\"wp-image-46949 size-full\" src=\"https:\/\/wmzpn.pl\/wp-content\/uploads\/2025\/09\/8-scaled.jpg\" alt=\"\" width=\"2560\" height=\"1783\" srcset=\"https:\/\/wmzpn.pl\/wp-content\/uploads\/2025\/09\/8-scaled.jpg 2560w, https:\/\/wmzpn.pl\/wp-content\/uploads\/2025\/09\/8-300x209.jpg 300w, https:\/\/wmzpn.pl\/wp-content\/uploads\/2025\/09\/8-1024x713.jpg 1024w, https:\/\/wmzpn.pl\/wp-content\/uploads\/2025\/09\/8-768x535.jpg 768w, https:\/\/wmzpn.pl\/wp-content\/uploads\/2025\/09\/8-1536x1070.jpg 1536w, https:\/\/wmzpn.pl\/wp-content\/uploads\/2025\/09\/8-2048x1426.jpg 2048w, https:\/\/wmzpn.pl\/wp-content\/uploads\/2025\/09\/8-100x70.jpg 100w, https:\/\/wmzpn.pl\/wp-content\/uploads\/2025\/09\/8-696x485.jpg 696w, https:\/\/wmzpn.pl\/wp-content\/uploads\/2025\/09\/8-1068x744.jpg 1068w, https:\/\/wmzpn.pl\/wp-content\/uploads\/2025\/09\/8-603x420.jpg 603w\" sizes=\"auto, (max-width: 2560px) 100vw, 2560px\" \/><figcaption id=\"caption-attachment-46949\" class=\"wp-caption-text\"><em>Zgrupowanie w Go\u0142dapi<\/em><\/figcaption><\/figure>\n<p>W okresie 2004-2019 szkolono 344 zawodnik\u00f3w.<\/p>\n<p>Po uko\u0144czeniu kariery pi\u0142karskiej ponad 10-ciu uko\u0144czy\u0142o kursy szkoleniowe i obecnie s\u0105 trenerami, kilku s\u0119dziuje spotkania pi\u0142karskie.<\/p>\n<p><strong>Licealny O\u015brodek Szkolenia Sportowego M\u0142odzie\u017cy<\/strong><\/p>\n<p>Kontynuacj\u0105 szkolenia i nauki po Gimnazjum by\u0142o powo\u0142anie w 2007 roku klas pi\u0142karskich w Szkole Mistrzostwa Sportowego \u2013 X Liceum Og\u00f3lnokszta\u0142c\u0105ce w Olsztynie.<\/p>\n<p>Cz\u0119\u015b\u0107 absolwent\u00f3w Gimnazjum nr 12 szuka\u0142a kontynuowania sportowej kariery, zg\u0142aszaj\u0105c si\u0119 do znanych klub\u00f3w Ekstraklasy: Jagiellonii Bia\u0142ystok, Lecha Pozna\u0144, Legii Warszawa, Cracovii i innych.<\/p>\n<figure id=\"attachment_46954\" aria-describedby=\"caption-attachment-46954\" style=\"width: 2560px\" class=\"wp-caption aligncenter\"><img loading=\"lazy\" decoding=\"async\" class=\"wp-image-46954 size-full\" src=\"https:\/\/wmzpn.pl\/wp-content\/uploads\/2025\/09\/16.jpg\" alt=\"\" width=\"2560\" height=\"1707\" srcset=\"https:\/\/wmzpn.pl\/wp-content\/uploads\/2025\/09\/16.jpg 2560w, https:\/\/wmzpn.pl\/wp-content\/uploads\/2025\/09\/16-300x200.jpg 300w, https:\/\/wmzpn.pl\/wp-content\/uploads\/2025\/09\/16-1024x683.jpg 1024w, https:\/\/wmzpn.pl\/wp-content\/uploads\/2025\/09\/16-768x512.jpg 768w, https:\/\/wmzpn.pl\/wp-content\/uploads\/2025\/09\/16-1536x1024.jpg 1536w, https:\/\/wmzpn.pl\/wp-content\/uploads\/2025\/09\/16-2048x1366.jpg 2048w, https:\/\/wmzpn.pl\/wp-content\/uploads\/2025\/09\/16-696x464.jpg 696w, https:\/\/wmzpn.pl\/wp-content\/uploads\/2025\/09\/16-1068x712.jpg 1068w, https:\/\/wmzpn.pl\/wp-content\/uploads\/2025\/09\/16-630x420.jpg 630w\" sizes=\"auto, (max-width: 2560px) 100vw, 2560px\" \/><figcaption id=\"caption-attachment-46954\" class=\"wp-caption-text\">Klasa IIId, kt\u00f3r\u0105 prowadzi\u0142 Jerzy Budzi\u0142ek<\/figcaption><\/figure>\n<p><img loading=\"lazy\" decoding=\"async\" class=\"aligncenter wp-image-46955 size-full\" src=\"https:\/\/wmzpn.pl\/wp-content\/uploads\/2025\/09\/17-scaled.jpg\" alt=\"\" width=\"2560\" height=\"1732\" srcset=\"https:\/\/wmzpn.pl\/wp-content\/uploads\/2025\/09\/17-scaled.jpg 2560w, https:\/\/wmzpn.pl\/wp-content\/uploads\/2025\/09\/17-300x203.jpg 300w, https:\/\/wmzpn.pl\/wp-content\/uploads\/2025\/09\/17-1024x693.jpg 1024w, https:\/\/wmzpn.pl\/wp-content\/uploads\/2025\/09\/17-768x520.jpg 768w, https:\/\/wmzpn.pl\/wp-content\/uploads\/2025\/09\/17-1536x1039.jpg 1536w, https:\/\/wmzpn.pl\/wp-content\/uploads\/2025\/09\/17-2048x1386.jpg 2048w, https:\/\/wmzpn.pl\/wp-content\/uploads\/2025\/09\/17-696x471.jpg 696w, https:\/\/wmzpn.pl\/wp-content\/uploads\/2025\/09\/17-1068x723.jpg 1068w, https:\/\/wmzpn.pl\/wp-content\/uploads\/2025\/09\/17-621x420.jpg 621w\" sizes=\"auto, (max-width: 2560px) 100vw, 2560px\" \/><\/p>\n<p>Pozostali kontynuowali nauk\u0119 w Liceum przy ul. Jagiello\u0144czyka w Olsztynie.<\/p>\n<p>System finansowania i szkolenia by\u0142 podobny do gimnazjalnego.<\/p>\n<p>Zawodnicy korzystali z orlika szko\u0142y, sztucznego boiska na Dajtkach (dobry dojazd) i obiekt\u00f3w Warmii oraz Wy\u017cszej Szko\u0142y przy ul. Bydgoskiej.<\/p>\n<p>Kadra trenerska identyczna jak w Gimnazjum.<\/p>\n<figure id=\"attachment_46953\" aria-describedby=\"caption-attachment-46953\" style=\"width: 2048px\" class=\"wp-caption aligncenter\"><img loading=\"lazy\" decoding=\"async\" class=\"wp-image-46953 size-full\" src=\"https:\/\/wmzpn.pl\/wp-content\/uploads\/2025\/09\/15.jpg\" alt=\"\" width=\"2048\" height=\"1365\" srcset=\"https:\/\/wmzpn.pl\/wp-content\/uploads\/2025\/09\/15.jpg 2048w, https:\/\/wmzpn.pl\/wp-content\/uploads\/2025\/09\/15-300x200.jpg 300w, https:\/\/wmzpn.pl\/wp-content\/uploads\/2025\/09\/15-1024x683.jpg 1024w, https:\/\/wmzpn.pl\/wp-content\/uploads\/2025\/09\/15-768x512.jpg 768w, https:\/\/wmzpn.pl\/wp-content\/uploads\/2025\/09\/15-1536x1024.jpg 1536w, https:\/\/wmzpn.pl\/wp-content\/uploads\/2025\/09\/15-696x464.jpg 696w, https:\/\/wmzpn.pl\/wp-content\/uploads\/2025\/09\/15-1068x712.jpg 1068w, https:\/\/wmzpn.pl\/wp-content\/uploads\/2025\/09\/15-630x420.jpg 630w\" sizes=\"auto, (max-width: 2048px) 100vw, 2048px\" \/><figcaption id=\"caption-attachment-46953\" class=\"wp-caption-text\">Kadra zarz\u0105dzaj\u0105ca i szkoleniowa olszty\u0144skiego Liceum<\/figcaption><\/figure>\n<p>O\u015brodek Licealny dzia\u0142a\u0142 w latach 2007-2019, szkoli\u0142o si\u0119 189 zawodnik\u00f3w.<\/p>\n<p>Nowy Zarz\u0105d PZPN \u2013 Prezes Zbigniew Boniek postawi\u0142 na Akademie Klubowe, dzia\u0142aj\u0105ce przy zespo\u0142ach Ekstraklasy i Akademie M\u0142odych Or\u0142\u00f3w.<\/p>\n<p>Po likwidacji O\u015brodk\u00f3w \u2013 gimnazjalnego i licealnego w\u0142adze Olsztyna kontynuuj\u0105 szkolenie pi\u0142karskie w Szkole Podstawowej nr 5 i Liceum nr 10 Szko\u0142y Mistrzostwa Sportowego.<\/p>\n<p>Brakuje tylko \u015brodk\u00f3w centralnych na lepsze warunki szkolenia.<\/p>\n<p>W licealnym O\u015brodku \u2013 X Liceum Mistrzostwa Sportowego w Olsztynie \u2013 Dyrektor Barbara Rapi\u0144czuk \u2013 szkoli\u0142o si\u0119 189 zawodnik\u00f3w.<\/p>\n<p>Zdecydowana wi\u0119kszo\u015b\u0107 z nich zda\u0142o matur\u0119 i studiuj\u0105 lub pracuj\u0105.<\/p>\n<p>Swoje kariery sportowe kontynuowali lub jeszcze graj\u0105 w zespo\u0142ach wojew\u00f3dztwa warmi\u0144sko-mazurskiego lub w klubach wy\u017cszej klasy \u2013 Ekstraklasie, I i II ligi.<\/p>\n<p><strong>Gimnazjalny O\u015brodek w Elbl\u0105gu dzia\u0142a\u0142 w latach 2013-2019<\/strong> \u2013 zawodnicy uczyli si\u0119 w Gimnazjum nr 5 \u2013 Dyrektor Hanna Szuszkiewicz.<\/p>\n<p>Kierownikiem O\u015brodka by\u0142 trener Lech Strembski.<\/p>\n<figure id=\"attachment_46952\" aria-describedby=\"caption-attachment-46952\" style=\"width: 692px\" class=\"wp-caption aligncenter\"><img loading=\"lazy\" decoding=\"async\" class=\"wp-image-46952 size-full\" src=\"https:\/\/wmzpn.pl\/wp-content\/uploads\/2025\/09\/IIIc-1.jpg\" alt=\"\" width=\"692\" height=\"367\" srcset=\"https:\/\/wmzpn.pl\/wp-content\/uploads\/2025\/09\/IIIc-1.jpg 692w, https:\/\/wmzpn.pl\/wp-content\/uploads\/2025\/09\/IIIc-1-300x159.jpg 300w\" sizes=\"auto, (max-width: 692px) 100vw, 692px\" \/><figcaption id=\"caption-attachment-46952\" class=\"wp-caption-text\">GOSSM Elbl\u0105g. Klasa III c Gimnazjum Nr 5. Ch\u0142opcy urodzeni w 2003 roku. W g\u00f3rnym rz\u0119dzie pierwszy z lewej trener W\u0142adys\u0142aw Obr\u0119bski a pierwszy z prawej trener Lech Strembski.<\/figcaption><\/figure>\n<p>W okresie dzia\u0142ania szkolono 102 zawodnik\u00f3w, wi\u0119kszo\u015b\u0107 gra\u0142o lub gra jeszcze w Olimpii i Concordii Elbl\u0105g.<\/p>\n<p>Likwidacja O\u015brodk\u00f3w w 2019 roku by\u0142a bardzo dotkliwa\u00a0 dla wojew\u00f3dztwa warmi\u0144sko-mazurskiego. Poziom sportowy naszych czo\u0142owych zespo\u0142\u00f3w \u2013 Stomilu Olsztyn i Olimpii Elbl\u0105g o tym \u015bwiadczy.<\/p>\n","protected":false},"excerpt":{"rendered":"<p>Dnia 22 kwietnia 2004 roku na podstawie porozumienia podpisanego przez Ministerstwo Edukacji i Ministerstwo Sportu powsta\u0142a koncepcja funkcjonowania 16 wojew\u00f3dzkich o\u015brodk\u00f3w szkolenia sportowego m\u0142odzie\u017cy w pi\u0142ce no\u017cnej. Od 1 wrze\u015bnia 2004 roku na postawie porozumienia podpisanego przez Miasto Olsztyn i W-MZPN powsta\u0142 OSSM w pi\u0142ce no\u017cnej przy Gimnazjum nr 12 w Olsztynie. W szkole tej [&hellip;]<\/p>\n","protected":false},"author":11,"featured_media":46957,"comment_status":"open","ping_status":"open","sticky":false,"template":"","format":"standard","meta":{"footnotes":""},"categories":[12,288],"tags":[],"class_list":["post-46936","post","type-post","status-publish","format-standard","has-post-thumbnail","hentry","category-aktualnosci","category-kacik-historyczny-wojciecha-linowa"],"_links":{"self":[{"href":"https:\/\/wmzpn.pl\/index.php?rest_route=\/wp\/v2\/posts\/46936","targetHints":{"allow":["GET"]}}],"collection":[{"href":"https:\/\/wmzpn.pl\/index.php?rest_route=\/wp\/v2\/posts"}],"about":[{"href":"https:\/\/wmzpn.pl\/index.php?rest_route=\/wp\/v2\/types\/post"}],"author":[{"embeddable":true,"href":"https:\/\/wmzpn.pl\/index.php?rest_route=\/wp\/v2\/users\/11"}],"replies":[{"embeddable":true,"href":"https:\/\/wmzpn.pl\/index.php?rest_route=%2Fwp%2Fv2%2Fcomments&post=46936"}],"version-history":[{"count":3,"href":"https:\/\/wmzpn.pl\/index.php?rest_route=\/wp\/v2\/posts\/46936\/revisions"}],"predecessor-version":[{"id":46958,"href":"https:\/\/wmzpn.pl\/index.php?rest_route=\/wp\/v2\/posts\/46936\/revisions\/46958"}],"wp:featuredmedia":[{"embeddable":true,"href":"https:\/\/wmzpn.pl\/index.php?rest_route=\/wp\/v2\/media\/46957"}],"wp:attachment":[{"href":"https:\/\/wmzpn.pl\/index.php?rest_route=%2Fwp%2Fv2%2Fmedia&parent=46936"}],"wp:term":[{"taxonomy":"category","embeddable":true,"href":"https:\/\/wmzpn.pl\/index.php?rest_route=%2Fwp%2Fv2%2Fcategories&post=46936"},{"taxonomy":"post_tag","embeddable":true,"href":"https:\/\/wmzpn.pl\/index.php?rest_route=%2Fwp%2Fv2%2Ftags&post=46936"}],"curies":[{"name":"wp","href":"https:\/\/api.w.org\/{rel}","templated":true}]}}