{"id":46698,"date":"2025-08-27T09:31:03","date_gmt":"2025-08-27T09:31:03","guid":{"rendered":"https:\/\/wmzpn.pl\/?p=46698"},"modified":"2025-08-27T09:51:47","modified_gmt":"2025-08-27T09:51:47","slug":"powolania-na-konsultacje-szkoleniowa-kadry-wmzpn-dziewczat-u15-5","status":"publish","type":"post","link":"https:\/\/wmzpn.pl\/?p=46698","title":{"rendered":"Powo\u0142ania na konsultacje szkoleniowe Kadry WMZPN dziewcz\u0105t U15"},"content":{"rendered":"\n<p>3 wrze\u015bnia w Olsztynie odb\u0119d\u0105 si\u0119 konsultacje szkoleniowe Kadry WMZPN dziewcz\u0105t U15. <\/p>\n\n\n\n<div class=\"wp-block-file\"><a id=\"wp-block-file--media-2eeceb01-3456-4a27-976e-86b9e598b309\" href=\"https:\/\/wmzpn.pl\/wp-content\/uploads\/2025\/08\/powolanie_03_09_2025_OLSZTYN_U15_GRUPA_I.pdf\">Lista powo\u0142anych grupa I<\/a><a href=\"https:\/\/wmzpn.pl\/wp-content\/uploads\/2025\/08\/powolanie_03_09_2025_OLSZTYN_U15_GRUPA_I.pdf\" class=\"wp-block-file__button wp-element-button\" download aria-describedby=\"wp-block-file--media-2eeceb01-3456-4a27-976e-86b9e598b309\">Pobierz<\/a><\/div>\n\n\n\n<div class=\"wp-block-file\"><a id=\"wp-block-file--media-648edcb1-051c-4cc9-9265-f94f12df151a\" href=\"https:\/\/wmzpn.pl\/wp-content\/uploads\/2025\/08\/powolanie_03_09_2025_OLSZTYN_U15_GRUPA_II.pdf\">Lista powo\u0142anych grupa II<\/a><a href=\"https:\/\/wmzpn.pl\/wp-content\/uploads\/2025\/08\/powolanie_03_09_2025_OLSZTYN_U15_GRUPA_II.pdf\" class=\"wp-block-file__button wp-element-button\" download aria-describedby=\"wp-block-file--media-648edcb1-051c-4cc9-9265-f94f12df151a\">Pobierz<\/a><\/div>\n\n\n\n<p>Zbi\u00f3rka zawodniczek grupy I dnia 3 wrze\u015bnia br. (\u015broda) o godzinie 9:00, boisko przy ul. Tuwima 22 w Olsztynie.<\/p>\n\n\n\n<p>Zbi\u00f3rka zawodniczek grupy II dnia 3 wrze\u015bnia br. (\u015broda) o godzinie 11:30, boisko przy ul. Tuwima 22 w Olsztynie.<\/p>\n","protected":false},"excerpt":{"rendered":"<p>3 wrze\u015bnia w Olsztynie odb\u0119d\u0105 si\u0119 konsultacje szkoleniowe Kadry WMZPN dziewcz\u0105t U15. Zbi\u00f3rka zawodniczek grupy I dnia 3 wrze\u015bnia br. (\u015broda) o godzinie 9:00, boisko przy ul. Tuwima 22 w Olsztynie. Zbi\u00f3rka zawodniczek grupy II dnia 3 wrze\u015bnia br. (\u015broda) o godzinie 11:30, boisko przy ul. Tuwima 22 w Olsztynie.<\/p>\n","protected":false},"author":11,"featured_media":46704,"comment_status":"open","ping_status":"open","sticky":false,"template":"","format":"standard","meta":{"footnotes":""},"categories":[12,67],"tags":[],"class_list":["post-46698","post","type-post","status-publish","format-standard","has-post-thumbnail","hentry","category-aktualnosci","category-kadry-wmzpn"],"_links":{"self":[{"href":"https:\/\/wmzpn.pl\/index.php?rest_route=\/wp\/v2\/posts\/46698","targetHints":{"allow":["GET"]}}],"collection":[{"href":"https:\/\/wmzpn.pl\/index.php?rest_route=\/wp\/v2\/posts"}],"about":[{"href":"https:\/\/wmzpn.pl\/index.php?rest_route=\/wp\/v2\/types\/post"}],"author":[{"embeddable":true,"href":"https:\/\/wmzpn.pl\/index.php?rest_route=\/wp\/v2\/users\/11"}],"replies":[{"embeddable":true,"href":"https:\/\/wmzpn.pl\/index.php?rest_route=%2Fwp%2Fv2%2Fcomments&post=46698"}],"version-history":[{"count":2,"href":"https:\/\/wmzpn.pl\/index.php?rest_route=\/wp\/v2\/posts\/46698\/revisions"}],"predecessor-version":[{"id":46703,"href":"https:\/\/wmzpn.pl\/index.php?rest_route=\/wp\/v2\/posts\/46698\/revisions\/46703"}],"wp:featuredmedia":[{"embeddable":true,"href":"https:\/\/wmzpn.pl\/index.php?rest_route=\/wp\/v2\/media\/46704"}],"wp:attachment":[{"href":"https:\/\/wmzpn.pl\/index.php?rest_route=%2Fwp%2Fv2%2Fmedia&parent=46698"}],"wp:term":[{"taxonomy":"category","embeddable":true,"href":"https:\/\/wmzpn.pl\/index.php?rest_route=%2Fwp%2Fv2%2Fcategories&post=46698"},{"taxonomy":"post_tag","embeddable":true,"href":"https:\/\/wmzpn.pl\/index.php?rest_route=%2Fwp%2Fv2%2Ftags&post=46698"}],"curies":[{"name":"wp","href":"https:\/\/api.w.org\/{rel}","templated":true}]}}