{"id":46660,"date":"2025-08-21T09:16:32","date_gmt":"2025-08-21T09:16:32","guid":{"rendered":"https:\/\/wmzpn.pl\/?p=46660"},"modified":"2025-08-21T09:16:45","modified_gmt":"2025-08-21T09:16:45","slug":"powolania-na-konsultacje-szkoleniowa-kadry-wmzpn-2013","status":"publish","type":"post","link":"https:\/\/wmzpn.pl\/?p=46660","title":{"rendered":"Powo\u0142ania na konsultacj\u0119 szkoleniow\u0105 Kadry WMZPN 2013"},"content":{"rendered":"<p>26 sierpnia w Ostr\u00f3dzie odb\u0119dzie si\u0119 konsultacja szkoleniowa Kadry WMZPN rocznika 2013.<\/p>\n\n\n<div class=\"wp-block-file\"><a id=\"wp-block-file--media-cbd2a84b-d701-4917-b07e-f66de4e916b0\" href=\"https:\/\/wmzpn.pl\/wp-content\/uploads\/2025\/08\/KSZ_powolanie_2013_26.08.2025_ostroda_A.pdf\">Powo\u0142ania grupa 1<\/a><a href=\"https:\/\/wmzpn.pl\/wp-content\/uploads\/2025\/08\/KSZ_powolanie_2013_26.08.2025_ostroda_A.pdf\" class=\"wp-block-file__button wp-element-button\" download aria-describedby=\"wp-block-file--media-cbd2a84b-d701-4917-b07e-f66de4e916b0\">Pobierz<\/a><\/div>\n\n\n\n<div class=\"wp-block-file\"><a id=\"wp-block-file--media-07dc3a80-1120-41b2-98f5-c63efc7d3409\" href=\"https:\/\/wmzpn.pl\/wp-content\/uploads\/2025\/08\/KSZ_powolanie_2013_26.08.2025_ostroda_B.pdf\">Powo\u0142ania grupa 2<\/a><a href=\"https:\/\/wmzpn.pl\/wp-content\/uploads\/2025\/08\/KSZ_powolanie_2013_26.08.2025_ostroda_B.pdf\" class=\"wp-block-file__button wp-element-button\" download aria-describedby=\"wp-block-file--media-07dc3a80-1120-41b2-98f5-c63efc7d3409\">Pobierz<\/a><\/div>\n\n\n\n<p>Zbi\u00f3rka zawodnik\u00f3w grupy 1 dnia 26 sierpnia br. (wtorek) o godzinie 9:00, boisko przy ul. Wyszy\u0144skiego 11 w Ostr\u00f3dzie.<\/p>\n\n\n\n<p>Zbi\u00f3rka zawodnik\u00f3w grupy 2 dnia 26 sierpnia br. (wtorek) o godzinie 12:30, boisko przy ul. Wyszy\u0144skiego 11 w Ostr\u00f3dzie.<\/p>\n","protected":false},"excerpt":{"rendered":"<p>26 sierpnia w Ostr\u00f3dzie odb\u0119dzie si\u0119 konsultacja szkoleniowa Kadry WMZPN rocznika 2013. Zbi\u00f3rka zawodnik\u00f3w grupy 1 dnia 26 sierpnia br. (wtorek) o godzinie 9:00, boisko przy ul. Wyszy\u0144skiego 11 w Ostr\u00f3dzie. Zbi\u00f3rka zawodnik\u00f3w grupy 2 dnia 26 sierpnia br. (wtorek) o godzinie 12:30, boisko przy ul. Wyszy\u0144skiego 11 w Ostr\u00f3dzie.<\/p>\n","protected":false},"author":11,"featured_media":46663,"comment_status":"open","ping_status":"open","sticky":false,"template":"","format":"standard","meta":{"footnotes":""},"categories":[12],"tags":[],"class_list":["post-46660","post","type-post","status-publish","format-standard","has-post-thumbnail","hentry","category-aktualnosci"],"_links":{"self":[{"href":"https:\/\/wmzpn.pl\/index.php?rest_route=\/wp\/v2\/posts\/46660","targetHints":{"allow":["GET"]}}],"collection":[{"href":"https:\/\/wmzpn.pl\/index.php?rest_route=\/wp\/v2\/posts"}],"about":[{"href":"https:\/\/wmzpn.pl\/index.php?rest_route=\/wp\/v2\/types\/post"}],"author":[{"embeddable":true,"href":"https:\/\/wmzpn.pl\/index.php?rest_route=\/wp\/v2\/users\/11"}],"replies":[{"embeddable":true,"href":"https:\/\/wmzpn.pl\/index.php?rest_route=%2Fwp%2Fv2%2Fcomments&post=46660"}],"version-history":[{"count":2,"href":"https:\/\/wmzpn.pl\/index.php?rest_route=\/wp\/v2\/posts\/46660\/revisions"}],"predecessor-version":[{"id":46665,"href":"https:\/\/wmzpn.pl\/index.php?rest_route=\/wp\/v2\/posts\/46660\/revisions\/46665"}],"wp:featuredmedia":[{"embeddable":true,"href":"https:\/\/wmzpn.pl\/index.php?rest_route=\/wp\/v2\/media\/46663"}],"wp:attachment":[{"href":"https:\/\/wmzpn.pl\/index.php?rest_route=%2Fwp%2Fv2%2Fmedia&parent=46660"}],"wp:term":[{"taxonomy":"category","embeddable":true,"href":"https:\/\/wmzpn.pl\/index.php?rest_route=%2Fwp%2Fv2%2Fcategories&post=46660"},{"taxonomy":"post_tag","embeddable":true,"href":"https:\/\/wmzpn.pl\/index.php?rest_route=%2Fwp%2Fv2%2Ftags&post=46660"}],"curies":[{"name":"wp","href":"https:\/\/api.w.org\/{rel}","templated":true}]}}