{"id":46081,"date":"2025-07-18T11:45:03","date_gmt":"2025-07-18T11:45:03","guid":{"rendered":"https:\/\/wmzpn.pl\/?p=46081"},"modified":"2025-07-18T16:36:55","modified_gmt":"2025-07-18T16:36:55","slug":"kacik-historyczny-wojciecha-linowa-srebrne-medale-pucharu-im-kazimierza-deyny-w-2011-roku-w-plocku","status":"publish","type":"post","link":"https:\/\/wmzpn.pl\/?p=46081","title":{"rendered":"K\u0105cik historyczny Wojciecha Linowa &#8211; Srebrne medale Pucharu im. Kazimierza Deyny w 2011 roku w P\u0142ocku"},"content":{"rendered":"<p>Reprezentacja wojew\u00f3dztwa warmi\u0144sko-mazurskiego rocznika 1995 w sezonie 2009\/10 uczestniczy\u0142a w rozgrywkach im. dr. Jerzego Micha\u0142owicza.<\/p>\n<p>Rywalizacja w makroregionie by\u0142a bardzo wyr\u00f3wnana. Do fina\u0142u awansowa\u0142a z pierwszego miejsca dru\u017cyna wojew\u00f3dztwa \u0142\u00f3dzkiego.<\/p>\n<p>W walce o drug\u0105 lokat\u0119 Warmia i Mazury oraz Mazowsze posiada\u0142y r\u00f3wn\u0105 ilo\u015b\u0107 punkt\u00f3w. O miejscu w finale zadecydowa\u0142a r\u00f3\u017cnica jednej bramki, zdobytej w bezpo\u015brednich spotkaniach.<\/p>\n<p>W latach 2008-2011 jednym z element\u00f3w przed\u0142u\u017cenia sezonu pi\u0142karskiego by\u0142y wyjazdy w grudniu lub styczniu na turnieje na Litwie. Zesp\u00f3\u0142 tego rocznika wyje\u017cd\u017ca\u0142 do Wilna i Marianpola i wygrywa\u0142 tam turnieje.<\/p>\n<p>W sezonie 2010\/11 rywalizacja o awans do turnieju im. K. Deyny toczy\u0142a si\u0119 z Mazowszem. W ostatnim spotkaniu w Bia\u0142ymstoku nasz zesp\u00f3\u0142 pokona\u0142 dru\u017cyn\u0119 Podlasia 2:0 \u2013 bramki Patryk Kun i Karol \u017bwir.<\/p>\n<p><img loading=\"lazy\" decoding=\"async\" class=\"aligncenter wp-image-46089 size-full\" src=\"https:\/\/wmzpn.pl\/wp-content\/uploads\/2025\/07\/1.jpeg\" alt=\"\" width=\"277\" height=\"1217\" srcset=\"https:\/\/wmzpn.pl\/wp-content\/uploads\/2025\/07\/1.jpeg 277w, https:\/\/wmzpn.pl\/wp-content\/uploads\/2025\/07\/1-68x300.jpeg 68w, https:\/\/wmzpn.pl\/wp-content\/uploads\/2025\/07\/1-233x1024.jpeg 233w\" sizes=\"auto, (max-width: 277px) 100vw, 277px\" \/><\/p>\n<p><strong>Tabela Makroregionu<\/strong><\/p>\n<ol>\n<li>Mazowsze 13 pkt 15:3<\/li>\n<li>Warmia i Mazury 11 pkt 9:2<\/li>\n<li>\u0141\u00f3d\u017a 6 pkt 4:5<\/li>\n<li>Podlasie 1 pkt 4:20<\/li>\n<\/ol>\n<p><img loading=\"lazy\" decoding=\"async\" class=\"aligncenter wp-image-46090 size-large\" src=\"https:\/\/wmzpn.pl\/wp-content\/uploads\/2025\/07\/2-692x1024.jpeg\" alt=\"\" width=\"640\" height=\"947\" srcset=\"https:\/\/wmzpn.pl\/wp-content\/uploads\/2025\/07\/2-692x1024.jpeg 692w, https:\/\/wmzpn.pl\/wp-content\/uploads\/2025\/07\/2-203x300.jpeg 203w, https:\/\/wmzpn.pl\/wp-content\/uploads\/2025\/07\/2-768x1136.jpeg 768w, https:\/\/wmzpn.pl\/wp-content\/uploads\/2025\/07\/2-696x1030.jpeg 696w, https:\/\/wmzpn.pl\/wp-content\/uploads\/2025\/07\/2-284x420.jpeg 284w, https:\/\/wmzpn.pl\/wp-content\/uploads\/2025\/07\/2.jpeg 797w\" sizes=\"auto, (max-width: 640px) 100vw, 640px\" \/><\/p>\n<p>Przed fina\u0142ami, kt\u00f3re mia\u0142y odby\u0107 si\u0119 w ramach Og\u00f3lnopolskiej Olimpiady M\u0142odzie\u017cy w P\u0142ocku okaza\u0142o si\u0119, \u017ce w podobnym terminie PZPN zorganizowa\u0142 fina\u0142y Mistrzostw Polski junior\u00f3w m\u0142odszych do 17 lat.<\/p>\n<p>Zdecydowano, \u017ce na fina\u0142y mistrzostw Polski do Gdyni pojedzie cz\u0119\u015b\u0107 dru\u017cyny 1994 r. oraz pozostali zawodnicy OKS 1945 Olsztyn rocznik 1995, kt\u00f3rzy nie s\u0105 w kadrze.<\/p>\n<p><img loading=\"lazy\" decoding=\"async\" class=\"aligncenter wp-image-46091 size-large\" src=\"https:\/\/wmzpn.pl\/wp-content\/uploads\/2025\/07\/3-907x1024.jpeg\" alt=\"\" width=\"640\" height=\"723\" srcset=\"https:\/\/wmzpn.pl\/wp-content\/uploads\/2025\/07\/3-907x1024.jpeg 907w, https:\/\/wmzpn.pl\/wp-content\/uploads\/2025\/07\/3-266x300.jpeg 266w, https:\/\/wmzpn.pl\/wp-content\/uploads\/2025\/07\/3-768x867.jpeg 768w, https:\/\/wmzpn.pl\/wp-content\/uploads\/2025\/07\/3-696x786.jpeg 696w, https:\/\/wmzpn.pl\/wp-content\/uploads\/2025\/07\/3-1068x1206.jpeg 1068w, https:\/\/wmzpn.pl\/wp-content\/uploads\/2025\/07\/3-372x420.jpeg 372w, https:\/\/wmzpn.pl\/wp-content\/uploads\/2025\/07\/3.jpeg 1284w\" sizes=\"auto, (max-width: 640px) 100vw, 640px\" \/><\/p>\n<p><em>Rezultaty klubowe OKS Stomil 1945 opisz\u0119 w nast\u0119pnym odcinku.<\/em><\/p>\n<p>Turniej odbywa\u0142 si\u0119 w P\u0142ocku, nasza dru\u017cyna rywalizowa\u0142a w grupie z reprezentacjami Pomorza, Ma\u0142opolski i \u015al\u0105ska.<\/p>\n<p>Ju\u017c pierwsze spotkanie z dru\u017cyn\u0105 Pomorza wykaza\u0142o, \u017ce Warmia i Mazury b\u0119dzie jednym z faworyt\u00f3w tego turnieju.<\/p>\n<p>Pami\u0119tam, \u017ce spotkanie odbyte na stadionie miejskim rozgrywane by\u0142o w deszczu. Nasz zesp\u00f3\u0142 dominowa\u0142 i po 3 bramkach Karola \u017bwira m\u00f3g\u0142 cieszy\u0107 si\u0119 ze zwyci\u0119stwa 3:1.<\/p>\n<p>Drugie spotkanie z Ma\u0142opolsk\u0105 rozegrane na bocznym, ma\u0142ym boisku stadionu Wis\u0142y P\u0142ock zako\u0144czy\u0142o si\u0119 ponownie wygran\u0105 3:1. Tym razem bramki zdobyli: Patryk Kun i Karol \u017bwir.<\/p>\n<p><img loading=\"lazy\" decoding=\"async\" class=\"aligncenter wp-image-46092 size-large\" src=\"https:\/\/wmzpn.pl\/wp-content\/uploads\/2025\/07\/4-929x1024.jpeg\" alt=\"\" width=\"640\" height=\"705\" srcset=\"https:\/\/wmzpn.pl\/wp-content\/uploads\/2025\/07\/4-929x1024.jpeg 929w, https:\/\/wmzpn.pl\/wp-content\/uploads\/2025\/07\/4-272x300.jpeg 272w, https:\/\/wmzpn.pl\/wp-content\/uploads\/2025\/07\/4-768x847.jpeg 768w, https:\/\/wmzpn.pl\/wp-content\/uploads\/2025\/07\/4-696x767.jpeg 696w, https:\/\/wmzpn.pl\/wp-content\/uploads\/2025\/07\/4-381x420.jpeg 381w, https:\/\/wmzpn.pl\/wp-content\/uploads\/2025\/07\/4.jpeg 1042w\" sizes=\"auto, (max-width: 640px) 100vw, 640px\" \/><\/p>\n<p>Po dniu przerwy kolejny mecz ponownie by\u0142 rozgrywany na bocznym boisku. Nasz zesp\u00f3\u0142 dominowa\u0142 nad zawodnikami ze \u015al\u0105ska. Zawodnicy Adama \u0141opatki i Zbigniewa Wodniaka wygrali 3:1. Bramki: Pawe\u0142 Dawidowicz, Karol \u017bwir i Patryk Kun.<\/p>\n<p><img loading=\"lazy\" decoding=\"async\" class=\"aligncenter wp-image-46093 size-full\" src=\"https:\/\/wmzpn.pl\/wp-content\/uploads\/2025\/07\/5.jpeg\" alt=\"\" width=\"1736\" height=\"1394\" srcset=\"https:\/\/wmzpn.pl\/wp-content\/uploads\/2025\/07\/5.jpeg 1736w, https:\/\/wmzpn.pl\/wp-content\/uploads\/2025\/07\/5-300x241.jpeg 300w, https:\/\/wmzpn.pl\/wp-content\/uploads\/2025\/07\/5-1024x822.jpeg 1024w, https:\/\/wmzpn.pl\/wp-content\/uploads\/2025\/07\/5-768x617.jpeg 768w, https:\/\/wmzpn.pl\/wp-content\/uploads\/2025\/07\/5-1536x1233.jpeg 1536w, https:\/\/wmzpn.pl\/wp-content\/uploads\/2025\/07\/5-696x559.jpeg 696w, https:\/\/wmzpn.pl\/wp-content\/uploads\/2025\/07\/5-1068x858.jpeg 1068w, https:\/\/wmzpn.pl\/wp-content\/uploads\/2025\/07\/5-523x420.jpeg 523w\" sizes=\"auto, (max-width: 1736px) 100vw, 1736px\" \/><\/p>\n<p>Patrz\u0105c na gr\u0119 i oceniaj\u0105c poszczeg\u00f3lnych zawodnik\u00f3w po meczu tym stwierdzi\u0142em, \u017ce Pawe\u0142 Dawidowicz na pewno zagra w Kadrze Polski. Koledzy trenerzy troch\u0119 pow\u0105tpiewali w to, ale po kilku latach Pawe\u0142 dosta\u0142 si\u0119 do Kadry i dalej w niej gra.<\/p>\n<p>Fina\u0142 tego turnieju rozegrany zosta\u0142 na g\u0142\u00f3wnym boisku stadionu im. Kazimierza G\u00f3rskiego w P\u0142ocku. Rywalem by\u0142a reprezentacja Dolnego \u015al\u0105ska.<\/p>\n<p>Nasi zawodnicy rozegrali jedno ze s\u0142abszych spotka\u0144 tego turnieju. By\u0107 mo\u017ce ogrom tego stadionu i brak publiczno\u015bci mia\u0142y wp\u0142yw na niewykorzystane sytuacje bramkowe.<\/p>\n<p>Nasz rywal prawdopodobnie dobrze obserwowa\u0142 gr\u0119 naszej dru\u017cyny i wyci\u0105gn\u0105\u0142 w\u0142a\u015bciwe wnioski taktyczne.<\/p>\n<p>Spotkanie zako\u0144czy\u0142o si\u0119 wynikiem 1:0 dla Dolnego \u015al\u0105ska, a o ko\u0144cowym wyniku zadecydowa\u0142a nieskuteczno\u015b\u0107 czo\u0142owych zawodnik\u00f3w w tym dniu.<\/p>\n<p>Po spotkaniu nasi zawodnicy byli za\u0142amani, jednak srebrne medale Olimpiady M\u0142odzie\u017cy i Puchar im. K. Deyny os\u0142odzi\u0142y t\u0119 pora\u017ck\u0119.<\/p>\n<p>\u00a0<img loading=\"lazy\" decoding=\"async\" class=\"aligncenter wp-image-46098 size-full\" src=\"https:\/\/wmzpn.pl\/wp-content\/uploads\/2025\/07\/8.jpeg\" alt=\"\" width=\"482\" height=\"642\" srcset=\"https:\/\/wmzpn.pl\/wp-content\/uploads\/2025\/07\/8.jpeg 482w, https:\/\/wmzpn.pl\/wp-content\/uploads\/2025\/07\/8-225x300.jpeg 225w, https:\/\/wmzpn.pl\/wp-content\/uploads\/2025\/07\/8-315x420.jpeg 315w\" sizes=\"auto, (max-width: 482px) 100vw, 482px\" \/><\/p>\n<p><img loading=\"lazy\" decoding=\"async\" class=\"aligncenter wp-image-46099 size-full\" src=\"https:\/\/wmzpn.pl\/wp-content\/uploads\/2025\/07\/9.jpeg\" alt=\"\" width=\"350\" height=\"468\" srcset=\"https:\/\/wmzpn.pl\/wp-content\/uploads\/2025\/07\/9.jpeg 350w, https:\/\/wmzpn.pl\/wp-content\/uploads\/2025\/07\/9-224x300.jpeg 224w, https:\/\/wmzpn.pl\/wp-content\/uploads\/2025\/07\/9-314x420.jpeg 314w\" sizes=\"auto, (max-width: 350px) 100vw, 350px\" \/><\/p>\n<p><img loading=\"lazy\" decoding=\"async\" class=\"aligncenter wp-image-46104 size-full\" src=\"https:\/\/wmzpn.pl\/wp-content\/uploads\/2025\/07\/IMG_20250718_183552.jpg\" alt=\"\" width=\"350\" height=\"468\" srcset=\"https:\/\/wmzpn.pl\/wp-content\/uploads\/2025\/07\/IMG_20250718_183552.jpg 350w, https:\/\/wmzpn.pl\/wp-content\/uploads\/2025\/07\/IMG_20250718_183552-224x300.jpg 224w, https:\/\/wmzpn.pl\/wp-content\/uploads\/2025\/07\/IMG_20250718_183552-314x420.jpg 314w\" sizes=\"auto, (max-width: 350px) 100vw, 350px\" \/><\/p>\n<p>Nasz zesp\u00f3\u0142 zdoby\u0142 Puchar Fair Play, a Karol \u017bwir znowu zosta\u0142 kr\u00f3lem strzelc\u00f3w \u2013 5 bramek.<\/p>\n<p>Wi\u0119kszo\u015b\u0107 zawodnik\u00f3w tego rocznika, po zako\u0144czeniu nauki w gimnazjum, kontynuowa\u0142a szkolenie w licealnym o\u015brodku szkolenia sportowego m\u0142odzie\u017cy i nauk\u0119 w Liceum Og\u00f3lnokszta\u0142c\u0105cym SMS w Olsztynie.<\/p>\n<p><img loading=\"lazy\" decoding=\"async\" class=\"aligncenter wp-image-46094 size-full\" src=\"https:\/\/wmzpn.pl\/wp-content\/uploads\/2025\/07\/6.jpeg\" alt=\"\" width=\"1809\" height=\"1132\" srcset=\"https:\/\/wmzpn.pl\/wp-content\/uploads\/2025\/07\/6.jpeg 1809w, https:\/\/wmzpn.pl\/wp-content\/uploads\/2025\/07\/6-300x188.jpeg 300w, https:\/\/wmzpn.pl\/wp-content\/uploads\/2025\/07\/6-1024x641.jpeg 1024w, https:\/\/wmzpn.pl\/wp-content\/uploads\/2025\/07\/6-768x481.jpeg 768w, https:\/\/wmzpn.pl\/wp-content\/uploads\/2025\/07\/6-1536x961.jpeg 1536w, https:\/\/wmzpn.pl\/wp-content\/uploads\/2025\/07\/6-696x436.jpeg 696w, https:\/\/wmzpn.pl\/wp-content\/uploads\/2025\/07\/6-1068x668.jpeg 1068w, https:\/\/wmzpn.pl\/wp-content\/uploads\/2025\/07\/6-671x420.jpeg 671w\" sizes=\"auto, (max-width: 1809px) 100vw, 1809px\" \/><\/p>\n<p><img loading=\"lazy\" decoding=\"async\" class=\"aligncenter wp-image-46096 size-full\" src=\"https:\/\/wmzpn.pl\/wp-content\/uploads\/2025\/07\/DSC00927-tr-wodniak-scaled.jpg\" alt=\"\" width=\"2560\" height=\"1920\" srcset=\"https:\/\/wmzpn.pl\/wp-content\/uploads\/2025\/07\/DSC00927-tr-wodniak-scaled.jpg 2560w, https:\/\/wmzpn.pl\/wp-content\/uploads\/2025\/07\/DSC00927-tr-wodniak-300x225.jpg 300w, https:\/\/wmzpn.pl\/wp-content\/uploads\/2025\/07\/DSC00927-tr-wodniak-1024x768.jpg 1024w, https:\/\/wmzpn.pl\/wp-content\/uploads\/2025\/07\/DSC00927-tr-wodniak-768x576.jpg 768w, https:\/\/wmzpn.pl\/wp-content\/uploads\/2025\/07\/DSC00927-tr-wodniak-1536x1152.jpg 1536w, https:\/\/wmzpn.pl\/wp-content\/uploads\/2025\/07\/DSC00927-tr-wodniak-2048x1536.jpg 2048w, https:\/\/wmzpn.pl\/wp-content\/uploads\/2025\/07\/DSC00927-tr-wodniak-80x60.jpg 80w, https:\/\/wmzpn.pl\/wp-content\/uploads\/2025\/07\/DSC00927-tr-wodniak-265x198.jpg 265w, https:\/\/wmzpn.pl\/wp-content\/uploads\/2025\/07\/DSC00927-tr-wodniak-696x522.jpg 696w, https:\/\/wmzpn.pl\/wp-content\/uploads\/2025\/07\/DSC00927-tr-wodniak-1068x801.jpg 1068w, https:\/\/wmzpn.pl\/wp-content\/uploads\/2025\/07\/DSC00927-tr-wodniak-560x420.jpg 560w\" sizes=\"auto, (max-width: 2560px) 100vw, 2560px\" \/><\/p>\n<p>Dobrym duchem tego utalentowanego rocznika by\u0142 kierownik dru\u017cyny mgr \u00a0Mariusz Kawecki. Nauczyciel wychowania fizycznego w Szkole Podstawowej w Lubominie. Przez 4 lata by\u0142 na spotkaniach towarzyskich i mistrzowskich \u00a0oraz zgrupowaniach. Swoim humorem i \u017cyczliwo\u015bci\u0105 zaskarbi\u0142 zaufanie m\u0142odych pi\u0142karzy. By\u0142 ich powiernikiem w ka\u017cdej sprawie. Potrafi\u0142 \u00a0za\u0142agodzi\u0107 najdrobniejszy konflikt. Mariusz -jeste\u015b dla mnie wzorem spo\u0142ecznego zaanga\u017cowania w wychowanie sportowej m\u0142odzie\u017cy. \u017bycz\u0119 Ci zwyci\u0119skiej walki z gro\u017an\u0105 chorob\u0105.<\/p>\n<p><img loading=\"lazy\" decoding=\"async\" class=\"aligncenter wp-image-46097 size-full\" src=\"https:\/\/wmzpn.pl\/wp-content\/uploads\/2025\/07\/11.jpeg\" alt=\"\" width=\"720\" height=\"960\" srcset=\"https:\/\/wmzpn.pl\/wp-content\/uploads\/2025\/07\/11.jpeg 720w, https:\/\/wmzpn.pl\/wp-content\/uploads\/2025\/07\/11-225x300.jpeg 225w, https:\/\/wmzpn.pl\/wp-content\/uploads\/2025\/07\/11-696x928.jpeg 696w, https:\/\/wmzpn.pl\/wp-content\/uploads\/2025\/07\/11-315x420.jpeg 315w\" sizes=\"auto, (max-width: 720px) 100vw, 720px\" \/><\/p>\n\n\n<p class=\"has-text-align-right\">\u0179r\u00f3d\u0142o: W\u0142asne\/Gazeta Olszty\u0144ska<\/p>\n\n\n\n<p class=\"has-text-align-right\">Wojciech Linow <\/p>\n","protected":false},"excerpt":{"rendered":"<p>Reprezentacja wojew\u00f3dztwa warmi\u0144sko-mazurskiego rocznika 1995 w sezonie 2009\/10 uczestniczy\u0142a w rozgrywkach im. dr. Jerzego Micha\u0142owicza. Rywalizacja w makroregionie by\u0142a bardzo wyr\u00f3wnana. Do fina\u0142u awansowa\u0142a z pierwszego miejsca dru\u017cyna wojew\u00f3dztwa \u0142\u00f3dzkiego. W walce o drug\u0105 lokat\u0119 Warmia i Mazury oraz Mazowsze posiada\u0142y r\u00f3wn\u0105 ilo\u015b\u0107 punkt\u00f3w. O miejscu w finale zadecydowa\u0142a r\u00f3\u017cnica jednej bramki, zdobytej w bezpo\u015brednich [&hellip;]<\/p>\n","protected":false},"author":11,"featured_media":46101,"comment_status":"open","ping_status":"open","sticky":false,"template":"","format":"standard","meta":{"footnotes":""},"categories":[12,288],"tags":[],"class_list":["post-46081","post","type-post","status-publish","format-standard","has-post-thumbnail","hentry","category-aktualnosci","category-kacik-historyczny-wojciecha-linowa"],"_links":{"self":[{"href":"https:\/\/wmzpn.pl\/index.php?rest_route=\/wp\/v2\/posts\/46081","targetHints":{"allow":["GET"]}}],"collection":[{"href":"https:\/\/wmzpn.pl\/index.php?rest_route=\/wp\/v2\/posts"}],"about":[{"href":"https:\/\/wmzpn.pl\/index.php?rest_route=\/wp\/v2\/types\/post"}],"author":[{"embeddable":true,"href":"https:\/\/wmzpn.pl\/index.php?rest_route=\/wp\/v2\/users\/11"}],"replies":[{"embeddable":true,"href":"https:\/\/wmzpn.pl\/index.php?rest_route=%2Fwp%2Fv2%2Fcomments&post=46081"}],"version-history":[{"count":4,"href":"https:\/\/wmzpn.pl\/index.php?rest_route=\/wp\/v2\/posts\/46081\/revisions"}],"predecessor-version":[{"id":46105,"href":"https:\/\/wmzpn.pl\/index.php?rest_route=\/wp\/v2\/posts\/46081\/revisions\/46105"}],"wp:featuredmedia":[{"embeddable":true,"href":"https:\/\/wmzpn.pl\/index.php?rest_route=\/wp\/v2\/media\/46101"}],"wp:attachment":[{"href":"https:\/\/wmzpn.pl\/index.php?rest_route=%2Fwp%2Fv2%2Fmedia&parent=46081"}],"wp:term":[{"taxonomy":"category","embeddable":true,"href":"https:\/\/wmzpn.pl\/index.php?rest_route=%2Fwp%2Fv2%2Fcategories&post=46081"},{"taxonomy":"post_tag","embeddable":true,"href":"https:\/\/wmzpn.pl\/index.php?rest_route=%2Fwp%2Fv2%2Ftags&post=46081"}],"curies":[{"name":"wp","href":"https:\/\/api.w.org\/{rel}","templated":true}]}}