{"id":45940,"date":"2025-06-27T11:05:35","date_gmt":"2025-06-27T11:05:35","guid":{"rendered":"https:\/\/wmzpn.pl\/?p=45940"},"modified":"2025-06-27T11:07:02","modified_gmt":"2025-06-27T11:07:02","slug":"kacik-historyczny-wojciecha-linowa-brazowy-medal-kadry-1995-w-pucharze-im-waclawa-kuchara-w-2009-r","status":"publish","type":"post","link":"https:\/\/wmzpn.pl\/?p=45940","title":{"rendered":"K\u0105cik historyczny Wojciecha Linowa: Br\u0105zowy medal Kadry 1995 w Pucharze im. Wac\u0142awa Kuchara w 2009 r."},"content":{"rendered":"<p>Kadra 1995 przesz\u0142a podobn\u0105 selekcj\u0119 jak o rok m\u0142odsi zawodnicy.<\/p>\n<p>W maju 2007 roku 32 ch\u0142opc\u00f3w tego rocznika pojecha\u0142o na mi\u0119dzynarodowy turniej do zaprzyja\u017anionego z wojew\u00f3dztwem warmi\u0144sko-mazurskim departamentu Cotes-d\u2019Armor. W dalekiej Bretanii trener Adam \u0141opatko m\u00f3g\u0142 przyjrze\u0107 si\u0119 wyszkoleniu i radzeniu sobie w grze z zagranicznymi rywalami. Z turnieju tego przywie\u017ali kilka okaza\u0142ych puchar\u00f3w.<\/p>\n<p>Do pomocy w pracy z kadr\u0105 trener \u0141opatko dobra\u0142 trenera Armena Akopiana \u2013 emigranta z Armenii.<\/p>\n<p>W czerwcu 2007 roku wyselekcjonowany zesp\u00f3\u0142 reprezentacji wojew\u00f3dztwa wyjecha\u0142 na doroczny turniej organizowany dla 12-latk\u00f3w przez \u0141\u00f3dzki Zwi\u0105zek Pi\u0142ki No\u017cnej.<\/p>\n<p>W Turnieju im. Leszka Jezierskiego startowa\u0142o 16 reprezentacji wojew\u00f3dzkich.<\/p>\n<p>Nasza dru\u017cyna spisa\u0142a si\u0119 doskonale i awansowa\u0142a do fina\u0142u. W Piotrkowie Trybunalskim spotka\u0142a si\u0119 z faworyzowan\u0105 reprezentacj\u0105 Mazowsza. Po wyr\u00f3wnanym spotkaniu nasz zesp\u00f3\u0142 przegra\u0142 0:2, a zawodnicy zostali nagrodzeni srebrnymi medalami.<\/p>\n<p><img loading=\"lazy\" decoding=\"async\" class=\"aligncenter wp-image-45941 size-full\" src=\"https:\/\/wmzpn.pl\/wp-content\/uploads\/2025\/06\/opoczno.jpg\" alt=\"\" width=\"1772\" height=\"1265\" srcset=\"https:\/\/wmzpn.pl\/wp-content\/uploads\/2025\/06\/opoczno.jpg 1772w, https:\/\/wmzpn.pl\/wp-content\/uploads\/2025\/06\/opoczno-300x214.jpg 300w, https:\/\/wmzpn.pl\/wp-content\/uploads\/2025\/06\/opoczno-1024x731.jpg 1024w, https:\/\/wmzpn.pl\/wp-content\/uploads\/2025\/06\/opoczno-768x548.jpg 768w, https:\/\/wmzpn.pl\/wp-content\/uploads\/2025\/06\/opoczno-1536x1097.jpg 1536w, https:\/\/wmzpn.pl\/wp-content\/uploads\/2025\/06\/opoczno-100x70.jpg 100w, https:\/\/wmzpn.pl\/wp-content\/uploads\/2025\/06\/opoczno-696x497.jpg 696w, https:\/\/wmzpn.pl\/wp-content\/uploads\/2025\/06\/opoczno-1068x762.jpg 1068w, https:\/\/wmzpn.pl\/wp-content\/uploads\/2025\/06\/opoczno-588x420.jpg 588w\" sizes=\"auto, (max-width: 1772px) 100vw, 1772px\" \/><\/p>\n<p>Jesieni\u0105 2007 r. rozpocz\u0119\u0142y si\u0119 spotkania eliminacyjne Pucharu im. Kazimierza G\u00f3rskiego.<\/p>\n<p>Nasz zas\u0142u\u017cony trener zmar\u0142 29 maja 2006 r.<\/p>\n<p>Zgodnie z przewidywaniami o awans do fina\u0142u nasz zesp\u00f3\u0142 rywalizowa\u0142 ze znanym sobie zespo\u0142em kadry Mazowsza.<\/p>\n<p><strong>Tabela Makroregionu <\/strong><\/p>\n<ol>\n<li>Mazowsze 18 pkt 21:2<\/li>\n<li>Warmia i Mazury 12 pkt 12:5<\/li>\n<li>\u0141\u00f3d\u017a 6 pkt 7:11<\/li>\n<li>Podlasie 0 pkt 1:23<\/li>\n<\/ol>\n<p>\u00a0<\/p>\n<p>Fina\u0142 turnieju zosta\u0142 zorganizowany przez Ciechanowski Okr\u0119gowy Zwi\u0105zek Pi\u0142ki No\u017cnej w ko\u0144cu czerwca 2008 r. Rywalami w grupie by\u0142y dru\u017cyny z Wielkopolski, Lubuskiego i \u015al\u0105ska.<\/p>\n<p>W pierwszym spotkaniu w Ciechanowie kontuzji podczas rozgrzewki dozna\u0142 najlepszy strzelec zespo\u0142u Karol \u017bwir. Os\u0142abiona dru\u017cyna przegra\u0142a 0:2 z Wielkopolsk\u0105.<\/p>\n<p>W nast\u0119pnym spotkaniu, kt\u00f3re si\u0119 odby\u0142o w Makowie Mazowieckim kadra Warmii i Mazur pokona\u0142a dru\u017cyn\u0119 wojew\u00f3dztwa lubuskiego 2:0. Bramki: Wojciech Dziemidowicz \u2013 DKS Dobre Miasto i Bartosz Borowski \u2013 B\u0142\u0119kitni Orneta.<\/p>\n<p><img loading=\"lazy\" decoding=\"async\" class=\"aligncenter wp-image-45942 size-full\" src=\"https:\/\/wmzpn.pl\/wp-content\/uploads\/2025\/06\/2-2.jpeg\" alt=\"\" width=\"560\" height=\"1553\" srcset=\"https:\/\/wmzpn.pl\/wp-content\/uploads\/2025\/06\/2-2.jpeg 560w, https:\/\/wmzpn.pl\/wp-content\/uploads\/2025\/06\/2-2-108x300.jpeg 108w, https:\/\/wmzpn.pl\/wp-content\/uploads\/2025\/06\/2-2-369x1024.jpeg 369w, https:\/\/wmzpn.pl\/wp-content\/uploads\/2025\/06\/2-2-554x1536.jpeg 554w, https:\/\/wmzpn.pl\/wp-content\/uploads\/2025\/06\/2-2-151x420.jpeg 151w\" sizes=\"auto, (max-width: 560px) 100vw, 560px\" \/><\/p>\n<p>Niestety w trzecim spotkaniu, pomimo przewagi w polu, pad\u0142 wynik remisowy 1:1 z reprezentacj\u0105 \u015al\u0105ska. Bramka: Kamil Jaworski \u2013 Warmia Olsztyn.<\/p>\n<p><img loading=\"lazy\" decoding=\"async\" class=\"aligncenter wp-image-45943 size-full\" src=\"https:\/\/wmzpn.pl\/wp-content\/uploads\/2025\/06\/1-2.jpeg\" alt=\"\" width=\"1514\" height=\"1020\" srcset=\"https:\/\/wmzpn.pl\/wp-content\/uploads\/2025\/06\/1-2.jpeg 1514w, https:\/\/wmzpn.pl\/wp-content\/uploads\/2025\/06\/1-2-300x202.jpeg 300w, https:\/\/wmzpn.pl\/wp-content\/uploads\/2025\/06\/1-2-1024x690.jpeg 1024w, https:\/\/wmzpn.pl\/wp-content\/uploads\/2025\/06\/1-2-768x517.jpeg 768w, https:\/\/wmzpn.pl\/wp-content\/uploads\/2025\/06\/1-2-696x469.jpeg 696w, https:\/\/wmzpn.pl\/wp-content\/uploads\/2025\/06\/1-2-1068x720.jpeg 1068w, https:\/\/wmzpn.pl\/wp-content\/uploads\/2025\/06\/1-2-623x420.jpeg 623w\" sizes=\"auto, (max-width: 1514px) 100vw, 1514px\" \/><\/p>\n<p>Po uzyskaniu 4 punkt\u00f3w Warmia i Mazury sklasyfikowane zosta\u0142y na 5-6 miejscu w kraju. Turniej ten wykaza\u0142 du\u017ce mo\u017cliwo\u015bci tej reprezentacji.<\/p>\n<p>W lipcu 2008 roku zesp\u00f3\u0142 wyjecha\u0142 na mi\u0119dzynarodowy turniej zorganizowany w miejscowo\u015bci Taurogi na Litwie. W finale turnieju przegra\u0142 0:1 z reprezentacj\u0105 Kaliningradu (Rosja), kt\u00f3ra gra\u0142a zawodnikami o rok starszymi.<\/p>\n<p>We wrze\u015bniu 2008 roku prawie ca\u0142y zesp\u00f3\u0142 rozpocz\u0105\u0142 nauk\u0119 w Gimnazjum nr 12 w Olsztynie i szkolenie w Gimnazjalnym O\u015brodku Szkolenia Sportowego M\u0142odzie\u017cy.<\/p>\n<p>Trener Adam \u0141opatko zosta\u0142 w Gimnazjum nauczycielem tej klasy. Zawodnicy zostali poddani specjalistycznym badaniom przez Doktora Tomasza Boraczy\u0144skiego, pracownika Wy\u017cszej Szko\u0142y przy ul. Bydgoskiej w Olsztynie.<\/p>\n<p>W sezonie 2008\/2009 rywalizacja w Makroregionie rozstrzyga\u0142a si\u0119 pomi\u0119dzy nasz\u0105 reprezentacj\u0105 a dru\u017cyn\u0105 wojew\u00f3dztwa \u0142\u00f3dzkiego.<\/p>\n<p><strong>Tabela Makroregionu<\/strong><\/p>\n<ol>\n<li>Warmi\u0144sko-Mazurskie \u2013 15 pkt bramki 12:5<\/li>\n<li>\u0141\u00f3dzkie &#8211; 15 pkt 10:5<\/li>\n<li>Mazowsze &#8211; 4 pkt 10:12<\/li>\n<li>Podlasie &#8211; 0 pkt 2:12<\/li>\n<\/ol>\n<p><img loading=\"lazy\" decoding=\"async\" class=\"aligncenter wp-image-45944 size-full\" src=\"https:\/\/wmzpn.pl\/wp-content\/uploads\/2025\/06\/3-1.jpeg\" alt=\"\" width=\"1483\" height=\"1524\" srcset=\"https:\/\/wmzpn.pl\/wp-content\/uploads\/2025\/06\/3-1.jpeg 1483w, https:\/\/wmzpn.pl\/wp-content\/uploads\/2025\/06\/3-1-292x300.jpeg 292w, https:\/\/wmzpn.pl\/wp-content\/uploads\/2025\/06\/3-1-996x1024.jpeg 996w, https:\/\/wmzpn.pl\/wp-content\/uploads\/2025\/06\/3-1-768x789.jpeg 768w, https:\/\/wmzpn.pl\/wp-content\/uploads\/2025\/06\/3-1-696x715.jpeg 696w, https:\/\/wmzpn.pl\/wp-content\/uploads\/2025\/06\/3-1-1068x1098.jpeg 1068w, https:\/\/wmzpn.pl\/wp-content\/uploads\/2025\/06\/3-1-409x420.jpeg 409w\" sizes=\"auto, (max-width: 1483px) 100vw, 1483px\" \/><\/p>\n<p>\u00a0<\/p>\n<p>Turniej fina\u0142owy Pucharu im. Wac\u0142awa Kuchara odby\u0142 si\u0119 w S\u0142ubicach woj. lubuskie.<\/p>\n<p>Po raz kolejny okaza\u0142o si\u0119, \u017ce pierwsze spotkanie w turnieju jest bardzo wa\u017cne. Remis 2:2 uzyskany z faworytem turnieju, dru\u017cyn\u0105 z Wielkopolski, mocno ograniczy\u0142 walk\u0119 o z\u0142oty medal.<\/p>\n<p>Bramki: Wojciech Dziemidowicz \u2013 OKS Dobre Miasto i Micha\u0142 Suchan \u2013 Stomil \u2013 wychowanek K\u0142obuk Miko\u0142ajki.<\/p>\n<p>W kolejnym spotkaniu Warmia i Mazury pokona\u0142a reprezentacj\u0119 Ma\u0142opolski 4:0. Bramki: 2 Karol \u017bwir MKS Korsze i po jednej Piotr Wypniewski i Konrad Cichowski \u2013 Stomil \u2013 wychowanek Startu Dzia\u0142dowo.<\/p>\n<p><img loading=\"lazy\" decoding=\"async\" class=\"aligncenter wp-image-45945 size-full\" src=\"https:\/\/wmzpn.pl\/wp-content\/uploads\/2025\/06\/4.jpeg\" alt=\"\" width=\"1475\" height=\"1631\" srcset=\"https:\/\/wmzpn.pl\/wp-content\/uploads\/2025\/06\/4.jpeg 1475w, https:\/\/wmzpn.pl\/wp-content\/uploads\/2025\/06\/4-271x300.jpeg 271w, https:\/\/wmzpn.pl\/wp-content\/uploads\/2025\/06\/4-926x1024.jpeg 926w, https:\/\/wmzpn.pl\/wp-content\/uploads\/2025\/06\/4-768x849.jpeg 768w, https:\/\/wmzpn.pl\/wp-content\/uploads\/2025\/06\/4-1389x1536.jpeg 1389w, https:\/\/wmzpn.pl\/wp-content\/uploads\/2025\/06\/4-696x770.jpeg 696w, https:\/\/wmzpn.pl\/wp-content\/uploads\/2025\/06\/4-1068x1181.jpeg 1068w, https:\/\/wmzpn.pl\/wp-content\/uploads\/2025\/06\/4-380x420.jpeg 380w\" sizes=\"auto, (max-width: 1475px) 100vw, 1475px\" \/><\/p>\n<p>W trzecim spotkaniu z dru\u017cyn\u0105 gospodarzy, wojew\u00f3dztwem lubuskim, pad\u0142 remis 0:0. By\u0142o to spotkanie niewykorzystanych wielu szans bramkowych, kt\u00f3re pozwoli\u0142o tylko o gr\u0119 o br\u0105zowy medal.<\/p>\n<p>Spotkanie o 3 miejsce w kraju nasza reprezentacja gra\u0142a z dru\u017cyn\u0105 wojew\u00f3dztwa zachodniopomorskiego. Wygrana 4:2 po bramkach 3 Karola \u017bwira i 1 Suchana pozwoli\u0142a naszym zawodnikom zdoby\u0107 medal br\u0105zowy.<\/p>\n<p><img loading=\"lazy\" decoding=\"async\" class=\"aligncenter wp-image-45948 size-large\" src=\"https:\/\/wmzpn.pl\/wp-content\/uploads\/2025\/06\/5-769x1024.jpeg\" alt=\"\" width=\"640\" height=\"852\" srcset=\"https:\/\/wmzpn.pl\/wp-content\/uploads\/2025\/06\/5-769x1024.jpeg 769w, https:\/\/wmzpn.pl\/wp-content\/uploads\/2025\/06\/5-225x300.jpeg 225w, https:\/\/wmzpn.pl\/wp-content\/uploads\/2025\/06\/5-768x1023.jpeg 768w, https:\/\/wmzpn.pl\/wp-content\/uploads\/2025\/06\/5-1153x1536.jpeg 1153w, https:\/\/wmzpn.pl\/wp-content\/uploads\/2025\/06\/5-696x927.jpeg 696w, https:\/\/wmzpn.pl\/wp-content\/uploads\/2025\/06\/5-1068x1423.jpeg 1068w, https:\/\/wmzpn.pl\/wp-content\/uploads\/2025\/06\/5-315x420.jpeg 315w, https:\/\/wmzpn.pl\/wp-content\/uploads\/2025\/06\/5.jpeg 1537w\" sizes=\"auto, (max-width: 640px) 100vw, 640px\" \/><\/p>\n<p>Kr\u00f3lem strzelc\u00f3w zosta\u0142 Karol \u017bwir &#8211; 6 bramek. Nasza dru\u017cyna otrzyma\u0142a tak\u017ce Puchar Fair Play za najmniejsz\u0105 ilo\u015b\u0107 kar w turnieju.<\/p>\n<p><img loading=\"lazy\" decoding=\"async\" class=\"aligncenter wp-image-45946 size-full\" src=\"https:\/\/wmzpn.pl\/wp-content\/uploads\/2025\/06\/6.jpeg\" alt=\"\" width=\"1160\" height=\"2048\" srcset=\"https:\/\/wmzpn.pl\/wp-content\/uploads\/2025\/06\/6.jpeg 1160w, https:\/\/wmzpn.pl\/wp-content\/uploads\/2025\/06\/6-170x300.jpeg 170w, https:\/\/wmzpn.pl\/wp-content\/uploads\/2025\/06\/6-580x1024.jpeg 580w, https:\/\/wmzpn.pl\/wp-content\/uploads\/2025\/06\/6-768x1356.jpeg 768w, https:\/\/wmzpn.pl\/wp-content\/uploads\/2025\/06\/6-870x1536.jpeg 870w, https:\/\/wmzpn.pl\/wp-content\/uploads\/2025\/06\/6-696x1229.jpeg 696w, https:\/\/wmzpn.pl\/wp-content\/uploads\/2025\/06\/6-1068x1886.jpeg 1068w, https:\/\/wmzpn.pl\/wp-content\/uploads\/2025\/06\/6-238x420.jpeg 238w\" sizes=\"auto, (max-width: 1160px) 100vw, 1160px\" \/><\/p>\n<p><img loading=\"lazy\" decoding=\"async\" class=\"aligncenter wp-image-45947 size-full\" src=\"https:\/\/wmzpn.pl\/wp-content\/uploads\/2025\/06\/2009-scaled.jpg\" alt=\"\" width=\"2560\" height=\"1580\" srcset=\"https:\/\/wmzpn.pl\/wp-content\/uploads\/2025\/06\/2009-scaled.jpg 2560w, https:\/\/wmzpn.pl\/wp-content\/uploads\/2025\/06\/2009-300x185.jpg 300w, https:\/\/wmzpn.pl\/wp-content\/uploads\/2025\/06\/2009-1024x632.jpg 1024w, https:\/\/wmzpn.pl\/wp-content\/uploads\/2025\/06\/2009-768x474.jpg 768w, https:\/\/wmzpn.pl\/wp-content\/uploads\/2025\/06\/2009-1536x948.jpg 1536w, https:\/\/wmzpn.pl\/wp-content\/uploads\/2025\/06\/2009-2048x1264.jpg 2048w, https:\/\/wmzpn.pl\/wp-content\/uploads\/2025\/06\/2009-356x220.jpg 356w, https:\/\/wmzpn.pl\/wp-content\/uploads\/2025\/06\/2009-696x429.jpg 696w, https:\/\/wmzpn.pl\/wp-content\/uploads\/2025\/06\/2009-1068x659.jpg 1068w, https:\/\/wmzpn.pl\/wp-content\/uploads\/2025\/06\/2009-681x420.jpg 681w\" sizes=\"auto, (max-width: 2560px) 100vw, 2560px\" \/><\/p>\n<p><strong>Rocznik 1995 by\u0142 jednym z najzdolniejszych w XXI wieku. Kariery reprezentant\u00f3w Polski<\/strong><\/p>\n<p>&#8211; Paw\u0142a Dawidowicza i Karola \u017bwira opisz\u0119 szczeg\u00f3\u0142owo<\/p>\n<p>&#8211; Patryk Kun \u2013 gra w warszawskiej Legii i by\u0142 w Kadrze<\/p>\n<p>&#8211; Dawid Szymonowicz \u2013 w Ekstraklasie 166 spotka\u0144 \u2013 w tym odcinku.<\/p>\n<p>Wi\u0119kszo\u015b\u0107 gra\u0142a lub gra jeszcze na poziomie III i IV ligi. Nie wszyscy byli cierpliwi w d\u0105\u017ceniu do dotarcia do I ligi lub mieli pecha w wyniku kontuzji<\/p>\n<p>&#8211; Bartosz Maternik po powa\u017cnej kontuzji uko\u0144czy\u0142 studia i jest mgr. fizjoterapeut\u0105 \u2013 pomaga m\u0142odszym pi\u0142karzom.<\/p>\n<p>S\u0105dz\u0119, \u017ce swojego talentu nie wykorzysta\u0142 do ko\u0144ca Arkadiusz Mroczkowski \u2013 wychowanek UKS Kosza\u0142ek Opa\u0142ek W\u0119gorzewo.<\/p>\n<figure style=\"width: 996px\" class=\"wp-caption alignnone\"><img loading=\"lazy\" decoding=\"async\" src=\"https:\/\/dwadozera.pl\/m\/a\/n\/5460-10.jpg\" alt=\"Arkadiusz Mroczkowski czuje si\u0119 w pierwszym zespole coraz pewniej. Fot. Artur Szczepa\u0144ski\" width=\"996\" height=\"1200\" \/><figcaption class=\"wp-caption-text\">Fot. Artur Szczepa\u0144ski<\/figcaption><\/figure>\n<p>W Stomilu Olsztyn \u2013 26 spotka\u0144 w II lidze, w Olimpii Zambr\u00f3w \u2013 20 spotka\u0144 w II lidze, Huragan Mor\u0105g III liga \u2013 6 i 14 miejsce w tej klasie, Mamry Gi\u017cycko IV liga i awans do III ligi. W sezonie 2024\/25 z dru\u017cyn\u0105 Znicza Bia\u0142a Piska awansowa\u0142 do III ligi.<\/p>\n<p><strong>Dawid Szymonowicz ur. 7.07.1995 w Lidzbarku Warmi\u0144skim. Pomocnik-Obro\u0144ca 194 cm.<\/strong><\/p>\n<p>Wychowanek MKS Polonia Lidzbark Warmi\u0144ski. Adam \u0141opatko, trener rocznika 1995 reprezentacji Warmii i Mazur, przekona\u0142 Dawida do gry w DKS Dobre Miasto, a nast\u0119pnie OKS 1945 Olsztyn.<\/p>\n<p>Wraz z kadr\u0105 tego rocznika zdoby\u0142 2 medale w Pucharach m\u0142odzie\u017cowych, w 2009 roku \u2013 br\u0105zowy w Pucharze im. Wac\u0142awa Kuchara i w 2011 roku \u2013 srebrny w Pucharze im. Kazimierza Deyny.<\/p>\n<p>Uczy\u0142 si\u0119 w Gimnazjum nr 12 w Olsztynie oraz Liceum Og\u00f3lnokszta\u0142c\u0105cym nr 10 \u2013 Szko\u0142a Mistrzostwa Sportowego. Z dru\u017cyn\u0105 junior\u00f3w m\u0142odszych OKS 1945 Olsztyn w 2012 roku zdoby\u0142 4-te miejsca w Mistrzostwach Polski junior\u00f3w m\u0142odszych.<\/p>\n<p>W latach 2013\/16 trenowa\u0142 i gra\u0142 w OKS 1945 Olsztyn. W I Lidze zadebiutowa\u0142 29 maja 2013 r. w spotkaniu Stomil \u2013 Arka Gdynia 1:0.<\/p>\n<figure style=\"width: 478px\" class=\"wp-caption aligncenter\"><img loading=\"lazy\" decoding=\"async\" src=\"https:\/\/stomil.olsztyn.pl\/m\/a\/n\/6218-0.jpg\" alt=\"Dawid Szymonowicz, fot. Artur Szczepa\u0144ski\" width=\"478\" height=\"600\" \/><figcaption class=\"wp-caption-text\">fot. Artur Szczepa\u0144ski<\/figcaption><\/figure>\n<p>W sezonie 2014\/15 rozegra\u0142 25 mecz\u00f3w i zdoby\u0142 2 bramki, natomiast jesieni\u0105 2015 roku 17 spotka\u0144 i zdoby\u0142 2 bramki.<\/p>\n<p><strong>We wrze\u015bniu i pa\u017adzierniku 2015 wyst\u0105pi\u0142 w 4 meczach reprezentacji U-20 w ramach Turnieju 4 narod\u00f3w.<\/strong><\/p>\n<p>W grudniu 2015 roku przeszed\u0142 do Jagiellonii Bia\u0142ystok. Podpisa\u0142 kontrakt na 4 lata.<\/p>\n<figure style=\"width: 640px\" class=\"wp-caption aligncenter\"><img loading=\"lazy\" decoding=\"async\" src=\"https:\/\/d-art.ppstatic.pl\/kadry\/k\/r\/1\/c7\/1d\/599d986e001f8_o_medium.jpg\" alt=\"Dawid Szymonowicz (w \u015brodku) od p\u00f3\u0142tora roku pr\u00f3buje si\u0119 przebi\u0107 do pierwszego sk\u0142adu Jagi\" width=\"640\" height=\"447\" \/><figcaption class=\"wp-caption-text\">\u017ar\u00f3d\u0142o Kurier Poranny<\/figcaption><\/figure>\n<p><strong>W sezonie 2015\/17 rozegra\u0142 w Ekstraklasie 15 spotka\u0144.<\/strong><\/p>\n<p>W sezonie 2017\/18 zosta\u0142 wypo\u017cyczony do klubu FC Vion Zlate Morawce na S\u0142owacji <strong>\u2013 rozegra\u0142 w Extraklasie S\u0142owacji 12 spotka\u0144.<\/strong><\/p>\n<p>Po powrocie do Jagiellonii nie zdo\u0142a\u0142 przekona\u0107 trener\u00f3w do gry w Ekstraklasie i przeszed\u0142 w sezonie 2018\/19 do I-ligowej Termaliki Nieciecza \u2013 24 mecze i 1 bramka.<\/p>\n<p>Kolejnym klubem Dawida na wypo\u017cyczeniu by\u0142 zesp\u00f3\u0142 Rakowa Cz\u0119stochowa \u2013 w sezonie 2019\/20 \u2013 <strong>13 spotka\u0144 w Ekstraklasie<\/strong><\/p>\n<p><strong>W Jagiellonii Bia\u0142ystok \u2013 7 spotka\u0144 w Ekstraklasie.<\/strong><\/p>\n<p>20 sierpnia 2020 Jagiellonia Bia\u0142ystok wypo\u017cyczy\u0142a Szymonowicza do Cracovii Krak\u00f3w<strong>, rozegra\u0142 w Krakowie 24 spotkania, zdoby\u0142 1 bramk\u0119 i zdoby\u0142 Superpuchar Polski.<\/strong><\/p>\n<figure style=\"width: 1440px\" class=\"wp-caption alignnone\"><img loading=\"lazy\" decoding=\"async\" src=\"https:\/\/cracovia.pl\/files-app\/file_570\/News_szymonowicz.jpg\" alt=\"Dawid Szymonowicz is the new player of Pasy!\" width=\"1440\" height=\"768\" \/><figcaption class=\"wp-caption-text\">fot. Cracovia<\/figcaption><\/figure>\n<p>W pa\u017adzierniku 2021 roku zosta\u0142 zawodnikiem Warty Pozna\u0144. W sezonach 2021\/24 rozegra\u0142 <strong>81 spotka\u0144 w Ekstraklasie i zdoby\u0142 4 bramki.<\/strong><\/p>\n<figure style=\"width: 1001px\" class=\"wp-caption alignnone\"><img loading=\"lazy\" decoding=\"async\" src=\"https:\/\/wartapoznan.pl\/wp-content\/uploads\/2021\/10\/IMG_3834-www.jpg\" alt=\"Dawid Szymonowicz z koszulk\u0105 Warty Pozna\u0144\" width=\"1001\" height=\"667\" \/><figcaption class=\"wp-caption-text\">fot. Warta Pozna\u0144<\/figcaption><\/figure>\n<p>Po spadku Warty Pozna\u0144 do I ligi przeszed\u0142 do klubu Ekstraklasy \u2013 Puszcza Niepo\u0142omice, <strong>rozegra\u0142 23 spotkania i zdoby\u0142 2 bramki.<\/strong><\/p>\n<p><strong>W Ekstraklasie rozegra\u0142 dotychczas 166 spotka\u0144, w kt\u00f3rych zdoby\u0142 8 bramek.<\/strong><\/p>\n<p>Obecnie podpisa\u0142 kontrakt z dru\u017cyn\u0105 Wieczysta Krak\u00f3w, kt\u00f3ra awansowa\u0142a do I ligi.<\/p>\n\n\n<p class=\"has-text-align-right\">\u0179r\u00f3d\u0142o: w\u0142asne &#8211; Wojciech Linow\/Gazeta Olszty\u0144ska<\/p>\n","protected":false},"excerpt":{"rendered":"<p>Kadra 1995 przesz\u0142a podobn\u0105 selekcj\u0119 jak o rok m\u0142odsi zawodnicy. W maju 2007 roku 32 ch\u0142opc\u00f3w tego rocznika pojecha\u0142o na mi\u0119dzynarodowy turniej do zaprzyja\u017anionego z wojew\u00f3dztwem warmi\u0144sko-mazurskim departamentu Cotes-d\u2019Armor. W dalekiej Bretanii trener Adam \u0141opatko m\u00f3g\u0142 przyjrze\u0107 si\u0119 wyszkoleniu i radzeniu sobie w grze z zagranicznymi rywalami. Z turnieju tego przywie\u017ali kilka okaza\u0142ych puchar\u00f3w. Do [&hellip;]<\/p>\n","protected":false},"author":11,"featured_media":45950,"comment_status":"open","ping_status":"open","sticky":false,"template":"","format":"standard","meta":{"footnotes":""},"categories":[12,288,1],"tags":[],"class_list":["post-45940","post","type-post","status-publish","format-standard","has-post-thumbnail","hentry","category-aktualnosci","category-kacik-historyczny-wojciecha-linowa","category-uncategorized"],"_links":{"self":[{"href":"https:\/\/wmzpn.pl\/index.php?rest_route=\/wp\/v2\/posts\/45940","targetHints":{"allow":["GET"]}}],"collection":[{"href":"https:\/\/wmzpn.pl\/index.php?rest_route=\/wp\/v2\/posts"}],"about":[{"href":"https:\/\/wmzpn.pl\/index.php?rest_route=\/wp\/v2\/types\/post"}],"author":[{"embeddable":true,"href":"https:\/\/wmzpn.pl\/index.php?rest_route=\/wp\/v2\/users\/11"}],"replies":[{"embeddable":true,"href":"https:\/\/wmzpn.pl\/index.php?rest_route=%2Fwp%2Fv2%2Fcomments&post=45940"}],"version-history":[{"count":3,"href":"https:\/\/wmzpn.pl\/index.php?rest_route=\/wp\/v2\/posts\/45940\/revisions"}],"predecessor-version":[{"id":45952,"href":"https:\/\/wmzpn.pl\/index.php?rest_route=\/wp\/v2\/posts\/45940\/revisions\/45952"}],"wp:featuredmedia":[{"embeddable":true,"href":"https:\/\/wmzpn.pl\/index.php?rest_route=\/wp\/v2\/media\/45950"}],"wp:attachment":[{"href":"https:\/\/wmzpn.pl\/index.php?rest_route=%2Fwp%2Fv2%2Fmedia&parent=45940"}],"wp:term":[{"taxonomy":"category","embeddable":true,"href":"https:\/\/wmzpn.pl\/index.php?rest_route=%2Fwp%2Fv2%2Fcategories&post=45940"},{"taxonomy":"post_tag","embeddable":true,"href":"https:\/\/wmzpn.pl\/index.php?rest_route=%2Fwp%2Fv2%2Ftags&post=45940"}],"curies":[{"name":"wp","href":"https:\/\/api.w.org\/{rel}","templated":true}]}}