{"id":45822,"date":"2025-06-18T18:25:47","date_gmt":"2025-06-18T18:25:47","guid":{"rendered":"https:\/\/wmzpn.pl\/?p=45822"},"modified":"2025-06-18T18:25:48","modified_gmt":"2025-06-18T18:25:48","slug":"ostateczne-spadki-i-pary-barazowe-w-forbet-iv-lidze-klasie-okregowej-i-a-klasie","status":"publish","type":"post","link":"https:\/\/wmzpn.pl\/?p=45822","title":{"rendered":"Ostateczne spadki i pary bara\u017cowe w forBET IV Lidze, Klasie Okr\u0119gowej i A Klasie"},"content":{"rendered":"\n<p>Dzi\u015b <a href=\"https:\/\/www.facebook.com\/startnidzicaofficial?__cft__[0]=AZUIVDNi4-6l7moCAp_111G3vdCg1TO2Hs-1e1w_ABzl4jHPQU1gFZr2ghhjg3iZzYnfRtYvpiXMjBpOsbkQQuNXzbsAXifCscKI6j-bjxe-qhLUkC24viZmYAF0iDNHfDvkm75eTNJHcWG2Jvs39yRLBN8twGqzvfIZsACFUJV49FHTd-y5xDzzzbCPBhEF8KytEUXrouiuX21v_DmXAnC6rvAilx64bOfZTdbc7Vdsmg&amp;__tn__=-]K-R\">MKS Start Nidzica<\/a> po niezwykle zaci\u0119tym i emocjonuj\u0105cym meczu przegra\u0142 z Olimpi\u0105 Zambr\u00f3w po 120 minutach 2-4 i odpad\u0142 z dalszej walki w bara\u017cach o III Lig\u0119.<\/p>\n\n\n\n<p><a><\/a>Jakie to ma konsekwencje dla dru\u017cyn <a href=\"https:\/\/www.facebook.com\/forBETBukmacher?__cft__[0]=AZUIVDNi4-6l7moCAp_111G3vdCg1TO2Hs-1e1w_ABzl4jHPQU1gFZr2ghhjg3iZzYnfRtYvpiXMjBpOsbkQQuNXzbsAXifCscKI6j-bjxe-qhLUkC24viZmYAF0iDNHfDvkm75eTNJHcWG2Jvs39yRLBN8twGqzvfIZsACFUJV49FHTd-y5xDzzzbCPBhEF8KytEUXrouiuX21v_DmXAnC6rvAilx64bOfZTdbc7Vdsmg&amp;__tn__=-]K-R\">forBET<\/a> IV Ligi, Klasy Okr\u0119gowej i A Klasy?<\/p>\n\n\n\n<p>&#8212;<\/p>\n\n\n\n<p><img loading=\"lazy\" decoding=\"async\" height=\"16\" width=\"16\" alt=\"&#x27a1;&#xfe0f;\" src=\"https:\/\/static.xx.fbcdn.net\/images\/emoji.php\/v9\/t9e\/1\/16\/27a1.png\">z IV ligi spadaj\u0105 3 ostatnie dru\u017cyny (14-16 miejsce), czyli <a href=\"https:\/\/www.facebook.com\/olimpiaolsztynek?__cft__[0]=AZUIVDNi4-6l7moCAp_111G3vdCg1TO2Hs-1e1w_ABzl4jHPQU1gFZr2ghhjg3iZzYnfRtYvpiXMjBpOsbkQQuNXzbsAXifCscKI6j-bjxe-qhLUkC24viZmYAF0iDNHfDvkm75eTNJHcWG2Jvs39yRLBN8twGqzvfIZsACFUJV49FHTd-y5xDzzzbCPBhEF8KytEUXrouiuX21v_DmXAnC6rvAilx64bOfZTdbc7Vdsmg&amp;__tn__=-]K-R\">MKS &#8220;Olimpia&#8221; Olsztynek<\/a>, rezerwy <a href=\"https:\/\/www.facebook.com\/stomilolsztynsa?__cft__[0]=AZUIVDNi4-6l7moCAp_111G3vdCg1TO2Hs-1e1w_ABzl4jHPQU1gFZr2ghhjg3iZzYnfRtYvpiXMjBpOsbkQQuNXzbsAXifCscKI6j-bjxe-qhLUkC24viZmYAF0iDNHfDvkm75eTNJHcWG2Jvs39yRLBN8twGqzvfIZsACFUJV49FHTd-y5xDzzzbCPBhEF8KytEUXrouiuX21v_DmXAnC6rvAilx64bOfZTdbc7Vdsmg&amp;__tn__=-]K-R\">Stomil Olsztyn<\/a> i <a href=\"https:\/\/www.facebook.com\/jeziorakilawa?__cft__[0]=AZUIVDNi4-6l7moCAp_111G3vdCg1TO2Hs-1e1w_ABzl4jHPQU1gFZr2ghhjg3iZzYnfRtYvpiXMjBpOsbkQQuNXzbsAXifCscKI6j-bjxe-qhLUkC24viZmYAF0iDNHfDvkm75eTNJHcWG2Jvs39yRLBN8twGqzvfIZsACFUJV49FHTd-y5xDzzzbCPBhEF8KytEUXrouiuX21v_DmXAnC6rvAilx64bOfZTdbc7Vdsmg&amp;__tn__=-]K-R\">Jeziorak I\u0142awa<\/a><\/p>\n\n\n\n<p><img loading=\"lazy\" decoding=\"async\" height=\"16\" width=\"16\" alt=\"&#x27a1;&#xfe0f;\" src=\"https:\/\/static.xx.fbcdn.net\/images\/emoji.php\/v9\/t9e\/1\/16\/27a1.png\">kolejne 2 dru\u017cyny z IV ligi (12 i 13 miejsce), czyli <a href=\"https:\/\/www.facebook.com\/mksmazurelk?__cft__[0]=AZUIVDNi4-6l7moCAp_111G3vdCg1TO2Hs-1e1w_ABzl4jHPQU1gFZr2ghhjg3iZzYnfRtYvpiXMjBpOsbkQQuNXzbsAXifCscKI6j-bjxe-qhLUkC24viZmYAF0iDNHfDvkm75eTNJHcWG2Jvs39yRLBN8twGqzvfIZsACFUJV49FHTd-y5xDzzzbCPBhEF8KytEUXrouiuX21v_DmXAnC6rvAilx64bOfZTdbc7Vdsmg&amp;__tn__=-]K-R\">MKS Mazur E\u0142k<\/a> i <a href=\"https:\/\/www.facebook.com\/gkspisabarczewo?__cft__[0]=AZUIVDNi4-6l7moCAp_111G3vdCg1TO2Hs-1e1w_ABzl4jHPQU1gFZr2ghhjg3iZzYnfRtYvpiXMjBpOsbkQQuNXzbsAXifCscKI6j-bjxe-qhLUkC24viZmYAF0iDNHfDvkm75eTNJHcWG2Jvs39yRLBN8twGqzvfIZsACFUJV49FHTd-y5xDzzzbCPBhEF8KytEUXrouiuX21v_DmXAnC6rvAilx64bOfZTdbc7Vdsmg&amp;__tn__=-]K-R\">Pisa Primavera Barczewo<\/a> zagraj\u0105 w bara\u017cach z wicemistrzami klas okr\u0119gowych<\/p>\n\n\n\n<p><img loading=\"lazy\" decoding=\"async\" height=\"16\" width=\"16\" alt=\"&#x27a1;&#xfe0f;\" src=\"https:\/\/static.xx.fbcdn.net\/images\/emoji.php\/v9\/t9e\/1\/16\/27a1.png\">bara\u017ce mi\u0119dzy IV lig\u0105 a Klas\u0105 Okr\u0119gow\u0105 (pierwszy mecz sobota 21 czerwca u IV-ligowca, rewan\u017c \u015broda 25 czerwca na boisku dru\u017cyny Klasy Okr\u0119gowej)<\/p>\n\n\n\n<p><img loading=\"lazy\" decoding=\"async\" height=\"16\" width=\"16\" alt=\"&#x26bd;\" src=\"https:\/\/static.xx.fbcdn.net\/images\/emoji.php\/v9\/taf\/1\/16\/26bd.png\">mecz <a href=\"https:\/\/www.facebook.com\/mksmazurelk?__cft__[0]=AZUIVDNi4-6l7moCAp_111G3vdCg1TO2Hs-1e1w_ABzl4jHPQU1gFZr2ghhjg3iZzYnfRtYvpiXMjBpOsbkQQuNXzbsAXifCscKI6j-bjxe-qhLUkC24viZmYAF0iDNHfDvkm75eTNJHcWG2Jvs39yRLBN8twGqzvfIZsACFUJV49FHTd-y5xDzzzbCPBhEF8KytEUXrouiuX21v_DmXAnC6rvAilx64bOfZTdbc7Vdsmg&amp;__tn__=-]K-R\">MKS Mazur E\u0142k<\/a> vs <a href=\"https:\/\/www.facebook.com\/CzarniOlecko?__cft__[0]=AZUIVDNi4-6l7moCAp_111G3vdCg1TO2Hs-1e1w_ABzl4jHPQU1gFZr2ghhjg3iZzYnfRtYvpiXMjBpOsbkQQuNXzbsAXifCscKI6j-bjxe-qhLUkC24viZmYAF0iDNHfDvkm75eTNJHcWG2Jvs39yRLBN8twGqzvfIZsACFUJV49FHTd-y5xDzzzbCPBhEF8KytEUXrouiuX21v_DmXAnC6rvAilx64bOfZTdbc7Vdsmg&amp;__tn__=-]K-R\">MLKS Czarni Olecko<\/a> (21.06, g. 17:00)<\/p>\n\n\n\n<p><img loading=\"lazy\" decoding=\"async\" height=\"16\" width=\"16\" alt=\"&#x26bd;\" src=\"https:\/\/static.xx.fbcdn.net\/images\/emoji.php\/v9\/taf\/1\/16\/26bd.png\">mecz <a href=\"https:\/\/www.facebook.com\/gkspisabarczewo?__cft__[0]=AZUIVDNi4-6l7moCAp_111G3vdCg1TO2Hs-1e1w_ABzl4jHPQU1gFZr2ghhjg3iZzYnfRtYvpiXMjBpOsbkQQuNXzbsAXifCscKI6j-bjxe-qhLUkC24viZmYAF0iDNHfDvkm75eTNJHcWG2Jvs39yRLBN8twGqzvfIZsACFUJV49FHTd-y5xDzzzbCPBhEF8KytEUXrouiuX21v_DmXAnC6rvAilx64bOfZTdbc7Vdsmg&amp;__tn__=-]K-R\">Pisa Primavera Barczewo<\/a> vs <a href=\"https:\/\/www.facebook.com\/GKSOssaBiskupiec?__cft__[0]=AZUIVDNi4-6l7moCAp_111G3vdCg1TO2Hs-1e1w_ABzl4jHPQU1gFZr2ghhjg3iZzYnfRtYvpiXMjBpOsbkQQuNXzbsAXifCscKI6j-bjxe-qhLUkC24viZmYAF0iDNHfDvkm75eTNJHcWG2Jvs39yRLBN8twGqzvfIZsACFUJV49FHTd-y5xDzzzbCPBhEF8KytEUXrouiuX21v_DmXAnC6rvAilx64bOfZTdbc7Vdsmg&amp;__tn__=-]K-R\">GKS OSSA Biskupiec<\/a> (21.06, g. 17:00)<\/p>\n\n\n\n<p><img loading=\"lazy\" decoding=\"async\" height=\"16\" width=\"16\" alt=\"&#x26bd;\" src=\"https:\/\/static.xx.fbcdn.net\/images\/emoji.php\/v9\/taf\/1\/16\/26bd.png\">mecz MLKS Czarni Olecko vs MKS Mazur E\u0142k (25.06, g. 17:00)<\/p>\n\n\n\n<p><img loading=\"lazy\" decoding=\"async\" height=\"16\" width=\"16\" alt=\"&#x26bd;\" src=\"https:\/\/static.xx.fbcdn.net\/images\/emoji.php\/v9\/taf\/1\/16\/26bd.png\">mecz GKS OSSA Biskupiec vs Pisa Primavera Barczewo (25.06, g. 17:00)<\/p>\n\n\n\n<p>&#8212;<\/p>\n\n\n\n<p><img loading=\"lazy\" decoding=\"async\" height=\"16\" width=\"16\" alt=\"&#x27a1;&#xfe0f;\" src=\"https:\/\/static.xx.fbcdn.net\/images\/emoji.php\/v9\/t9e\/1\/16\/27a1.png\">z ka\u017cdej grupy Klasy Okr\u0119gowej spadaj\u0105 po 2 ostatniej dru\u017cyny (15-16 miejsca), czyli z grupy I <a href=\"https:\/\/www.facebook.com\/PerkunOrzyny?__cft__[0]=AZUIVDNi4-6l7moCAp_111G3vdCg1TO2Hs-1e1w_ABzl4jHPQU1gFZr2ghhjg3iZzYnfRtYvpiXMjBpOsbkQQuNXzbsAXifCscKI6j-bjxe-qhLUkC24viZmYAF0iDNHfDvkm75eTNJHcWG2Jvs39yRLBN8twGqzvfIZsACFUJV49FHTd-y5xDzzzbCPBhEF8KytEUXrouiuX21v_DmXAnC6rvAilx64bOfZTdbc7Vdsmg&amp;__tn__=-]K-R\">TS Perkun Or\u017cyny<\/a> i <a href=\"https:\/\/www.facebook.com\/MKSKorsze?__cft__[0]=AZUIVDNi4-6l7moCAp_111G3vdCg1TO2Hs-1e1w_ABzl4jHPQU1gFZr2ghhjg3iZzYnfRtYvpiXMjBpOsbkQQuNXzbsAXifCscKI6j-bjxe-qhLUkC24viZmYAF0iDNHfDvkm75eTNJHcWG2Jvs39yRLBN8twGqzvfIZsACFUJV49FHTd-y5xDzzzbCPBhEF8KytEUXrouiuX21v_DmXAnC6rvAilx64bOfZTdbc7Vdsmg&amp;__tn__=-]K-R\">Miejski Klub Sportowy w Korszach<\/a>, a z grupy II rezerwy <a href=\"https:\/\/www.facebook.com\/MMKSConcordia?__cft__[0]=AZUIVDNi4-6l7moCAp_111G3vdCg1TO2Hs-1e1w_ABzl4jHPQU1gFZr2ghhjg3iZzYnfRtYvpiXMjBpOsbkQQuNXzbsAXifCscKI6j-bjxe-qhLUkC24viZmYAF0iDNHfDvkm75eTNJHcWG2Jvs39yRLBN8twGqzvfIZsACFUJV49FHTd-y5xDzzzbCPBhEF8KytEUXrouiuX21v_DmXAnC6rvAilx64bOfZTdbc7Vdsmg&amp;__tn__=-]K-R\">MMKS Concordia Elbl\u0105g<\/a> i <a href=\"https:\/\/www.facebook.com\/uwaga.lidzbark?__cft__[0]=AZUIVDNi4-6l7moCAp_111G3vdCg1TO2Hs-1e1w_ABzl4jHPQU1gFZr2ghhjg3iZzYnfRtYvpiXMjBpOsbkQQuNXzbsAXifCscKI6j-bjxe-qhLUkC24viZmYAF0iDNHfDvkm75eTNJHcWG2Jvs39yRLBN8twGqzvfIZsACFUJV49FHTd-y5xDzzzbCPBhEF8KytEUXrouiuX21v_DmXAnC6rvAilx64bOfZTdbc7Vdsmg&amp;__tn__=-]K-R\">LKS WEL Lidzbark<\/a><\/p>\n\n\n\n<p><img loading=\"lazy\" decoding=\"async\" height=\"16\" width=\"16\" alt=\"&#x27a1;&#xfe0f;\" src=\"https:\/\/static.xx.fbcdn.net\/images\/emoji.php\/v9\/t9e\/1\/16\/27a1.png\">kolejne dru\u017cyny z obu grup Klasy Okr\u0119gowej (14 miejsca), czyli <a href=\"https:\/\/www.facebook.com\/gkscresovia?__cft__[0]=AZUIVDNi4-6l7moCAp_111G3vdCg1TO2Hs-1e1w_ABzl4jHPQU1gFZr2ghhjg3iZzYnfRtYvpiXMjBpOsbkQQuNXzbsAXifCscKI6j-bjxe-qhLUkC24viZmYAF0iDNHfDvkm75eTNJHcWG2Jvs39yRLBN8twGqzvfIZsACFUJV49FHTd-y5xDzzzbCPBhEF8KytEUXrouiuX21v_DmXAnC6rvAilx64bOfZTdbc7Vdsmg&amp;__tn__=-]K-R\">GKS Cresovia G\u00f3rowo I\u0142aweckie<\/a> vs trzeci zesp\u00f3\u0142 <a href=\"https:\/\/www.facebook.com\/zksolimpiaelblag?__cft__[0]=AZUIVDNi4-6l7moCAp_111G3vdCg1TO2Hs-1e1w_ABzl4jHPQU1gFZr2ghhjg3iZzYnfRtYvpiXMjBpOsbkQQuNXzbsAXifCscKI6j-bjxe-qhLUkC24viZmYAF0iDNHfDvkm75eTNJHcWG2Jvs39yRLBN8twGqzvfIZsACFUJV49FHTd-y5xDzzzbCPBhEF8KytEUXrouiuX21v_DmXAnC6rvAilx64bOfZTdbc7Vdsmg&amp;__tn__=-]K-R\">Olimpia Elbl\u0105g<\/a>, zagraj\u0105 mi\u0119dzy sob\u0105 bara\u017c (jeden mecz) o to, kt\u00f3ra z nich spadnie do A Klasy, a kt\u00f3ra b\u0119dzie uczestniczy\u0107 w dalszych bara\u017cach z wicemistrzami A Klas (na boisku dru\u017cyny, kt\u00f3ra ma w lidze wy\u017cszy wsp\u00f3\u0142czynnik zdobytych punkt\u00f3w na liczb\u0119 mecz\u00f3w)<\/p>\n\n\n\n<p><img loading=\"lazy\" decoding=\"async\" height=\"16\" width=\"16\" alt=\"&#x26bd;\" src=\"https:\/\/static.xx.fbcdn.net\/images\/emoji.php\/v9\/taf\/1\/16\/26bd.png\">mecz <a href=\"https:\/\/www.facebook.com\/gkscresovia?__cft__[0]=AZUIVDNi4-6l7moCAp_111G3vdCg1TO2Hs-1e1w_ABzl4jHPQU1gFZr2ghhjg3iZzYnfRtYvpiXMjBpOsbkQQuNXzbsAXifCscKI6j-bjxe-qhLUkC24viZmYAF0iDNHfDvkm75eTNJHcWG2Jvs39yRLBN8twGqzvfIZsACFUJV49FHTd-y5xDzzzbCPBhEF8KytEUXrouiuX21v_DmXAnC6rvAilx64bOfZTdbc7Vdsmg&amp;__tn__=-]K-R\">GKS Cresovia G\u00f3rowo I\u0142aweckie<\/a> vs Olimpia III Elbl\u0105g (21.06, g. 17:00)<\/p>\n\n\n\n<p><img loading=\"lazy\" decoding=\"async\" height=\"16\" width=\"16\" alt=\"&#x27a1;&#xfe0f;\" src=\"https:\/\/static.xx.fbcdn.net\/images\/emoji.php\/v9\/t9e\/1\/16\/27a1.png\">dru\u017cyny z 13 miejsc obu grup Klasy Okr\u0119gowej, czyli <a href=\"https:\/\/www.facebook.com\/UniaSusz?__cft__[0]=AZUIVDNi4-6l7moCAp_111G3vdCg1TO2Hs-1e1w_ABzl4jHPQU1gFZr2ghhjg3iZzYnfRtYvpiXMjBpOsbkQQuNXzbsAXifCscKI6j-bjxe-qhLUkC24viZmYAF0iDNHfDvkm75eTNJHcWG2Jvs39yRLBN8twGqzvfIZsACFUJV49FHTd-y5xDzzzbCPBhEF8KytEUXrouiuX21v_DmXAnC6rvAilx64bOfZTdbc7Vdsmg&amp;__tn__=-]K-R\">KS Unia Susz<\/a> i <a href=\"https:\/\/www.facebook.com\/narzym.iskra?__cft__[0]=AZUIVDNi4-6l7moCAp_111G3vdCg1TO2Hs-1e1w_ABzl4jHPQU1gFZr2ghhjg3iZzYnfRtYvpiXMjBpOsbkQQuNXzbsAXifCscKI6j-bjxe-qhLUkC24viZmYAF0iDNHfDvkm75eTNJHcWG2Jvs39yRLBN8twGqzvfIZsACFUJV49FHTd-y5xDzzzbCPBhEF8KytEUXrouiuX21v_DmXAnC6rvAilx64bOfZTdbc7Vdsmg&amp;__tn__=-]K-R\">Iskra Narzym<\/a> zagraj\u0105 w bara\u017cach bezpo\u015brednio z wicemistrzami A klas<\/p>\n\n\n\n<p><img loading=\"lazy\" decoding=\"async\" height=\"16\" width=\"16\" alt=\"&#x27a1;&#xfe0f;\" src=\"https:\/\/static.xx.fbcdn.net\/images\/emoji.php\/v9\/t9e\/1\/16\/27a1.png\">dru\u017cyny z 12 miejsc, czyli <a href=\"https:\/\/www.facebook.com\/sksszczytnosenior?__cft__[0]=AZUIVDNi4-6l7moCAp_111G3vdCg1TO2Hs-1e1w_ABzl4jHPQU1gFZr2ghhjg3iZzYnfRtYvpiXMjBpOsbkQQuNXzbsAXifCscKI6j-bjxe-qhLUkC24viZmYAF0iDNHfDvkm75eTNJHcWG2Jvs39yRLBN8twGqzvfIZsACFUJV49FHTd-y5xDzzzbCPBhEF8KytEUXrouiuX21v_DmXAnC6rvAilx64bOfZTdbc7Vdsmg&amp;__tn__=-]K-R\">SKS &#8220;Gwardia&#8221; Szczytno<\/a> i <a href=\"https:\/\/www.facebook.com\/profile.php?id=100057429948908&amp;__cft__[0]=AZUIVDNi4-6l7moCAp_111G3vdCg1TO2Hs-1e1w_ABzl4jHPQU1gFZr2ghhjg3iZzYnfRtYvpiXMjBpOsbkQQuNXzbsAXifCscKI6j-bjxe-qhLUkC24viZmYAF0iDNHfDvkm75eTNJHcWG2Jvs39yRLBN8twGqzvfIZsACFUJV49FHTd-y5xDzzzbCPBhEF8KytEUXrouiuX21v_DmXAnC6rvAilx64bOfZTdbc7Vdsmg&amp;__tn__=-]K-R\">Czarni Rudzienice<\/a> zagraj\u0105 mi\u0119dzy sob\u0105 bara\u017c (jeden mecz) o to, kt\u00f3ra z nich si\u0119 utrzyma, a kt\u00f3ra b\u0119dzie musia\u0142a zagra\u0107 w bara\u017cach z wicemistrzami A klas (na boisku dru\u017cyny, kt\u00f3ra ma w lidze wy\u017cszy wsp\u00f3\u0142czynnik zdobytych punkt\u00f3w na liczb\u0119 mecz\u00f3w)<\/p>\n\n\n\n<p><img loading=\"lazy\" decoding=\"async\" height=\"16\" width=\"16\" alt=\"&#x26bd;\" src=\"https:\/\/static.xx.fbcdn.net\/images\/emoji.php\/v9\/taf\/1\/16\/26bd.png\">mecz SKS &#8220;Gwardia&#8221; Szczytno vs Czarni Rudzienice (21.06, g. 17:00<\/p>\n\n\n\n<p><img loading=\"lazy\" decoding=\"async\" height=\"16\" width=\"16\" alt=\"&#x27a1;&#xfe0f;\" src=\"https:\/\/static.xx.fbcdn.net\/images\/emoji.php\/v9\/t9e\/1\/16\/27a1.png\">bara\u017ce w\u0142a\u015bciwe mi\u0119dzy Klas\u0105 Okr\u0119gow\u0105 a A Klas\u0105 zostan\u0105 rozegrane w terminach &#8211; pierwszy mecz \u015broda 25 czerwca, rewan\u017c sobota 28 czerwca (losowanie par zostanie przeprowadzone 20 czerwca w siedzibie WMZPN)<\/p>\n\n\n\n<p>&#8212;<\/p>\n\n\n\n<p><img loading=\"lazy\" decoding=\"async\" height=\"16\" width=\"16\" alt=\"&#x27a1;&#xfe0f;\" src=\"https:\/\/static.xx.fbcdn.net\/images\/emoji.php\/v9\/t9e\/1\/16\/27a1.png\">z ka\u017cdej grupy A klasy spadaj\u0105 po dwie ostatnie dru\u017cyny (13-14 miejsca), czyli z grupy I <a href=\"https:\/\/www.facebook.com\/mksrucianenida?__cft__[0]=AZUIVDNi4-6l7moCAp_111G3vdCg1TO2Hs-1e1w_ABzl4jHPQU1gFZr2ghhjg3iZzYnfRtYvpiXMjBpOsbkQQuNXzbsAXifCscKI6j-bjxe-qhLUkC24viZmYAF0iDNHfDvkm75eTNJHcWG2Jvs39yRLBN8twGqzvfIZsACFUJV49FHTd-y5xDzzzbCPBhEF8KytEUXrouiuX21v_DmXAnC6rvAilx64bOfZTdbc7Vdsmg&amp;__tn__=-]K-R\">MKS Ruciane-Nida<\/a> i \u0141yna S\u0119popol, z grupy II <a href=\"https:\/\/www.facebook.com\/KSPIAST?__cft__[0]=AZUIVDNi4-6l7moCAp_111G3vdCg1TO2Hs-1e1w_ABzl4jHPQU1gFZr2ghhjg3iZzYnfRtYvpiXMjBpOsbkQQuNXzbsAXifCscKI6j-bjxe-qhLUkC24viZmYAF0iDNHfDvkm75eTNJHcWG2Jvs39yRLBN8twGqzvfIZsACFUJV49FHTd-y5xDzzzbCPBhEF8KytEUXrouiuX21v_DmXAnC6rvAilx64bOfZTdbc7Vdsmg&amp;__tn__=-]K-R\">KS Piast Wilcz\u0119ta<\/a> i <a href=\"https:\/\/www.facebook.com\/profile.php?id=100057609512303&amp;__cft__[0]=AZUIVDNi4-6l7moCAp_111G3vdCg1TO2Hs-1e1w_ABzl4jHPQU1gFZr2ghhjg3iZzYnfRtYvpiXMjBpOsbkQQuNXzbsAXifCscKI6j-bjxe-qhLUkC24viZmYAF0iDNHfDvkm75eTNJHcWG2Jvs39yRLBN8twGqzvfIZsACFUJV49FHTd-y5xDzzzbCPBhEF8KytEUXrouiuX21v_DmXAnC6rvAilx64bOfZTdbc7Vdsmg&amp;__tn__=-]K-R\">Zalew Frombork<\/a>, z grupy III GKS Gietrzwa\u0142d-Unieszewo i <a href=\"https:\/\/www.facebook.com\/profile.php?id=100047024154919&amp;__cft__[0]=AZUIVDNi4-6l7moCAp_111G3vdCg1TO2Hs-1e1w_ABzl4jHPQU1gFZr2ghhjg3iZzYnfRtYvpiXMjBpOsbkQQuNXzbsAXifCscKI6j-bjxe-qhLUkC24viZmYAF0iDNHfDvkm75eTNJHcWG2Jvs39yRLBN8twGqzvfIZsACFUJV49FHTd-y5xDzzzbCPBhEF8KytEUXrouiuX21v_DmXAnC6rvAilx64bOfZTdbc7Vdsmg&amp;__tn__=-]K-R\">GLKS Jonkowo<\/a> i z grupy IV <a href=\"https:\/\/www.facebook.com\/avista.lazyn?__cft__[0]=AZUIVDNi4-6l7moCAp_111G3vdCg1TO2Hs-1e1w_ABzl4jHPQU1gFZr2ghhjg3iZzYnfRtYvpiXMjBpOsbkQQuNXzbsAXifCscKI6j-bjxe-qhLUkC24viZmYAF0iDNHfDvkm75eTNJHcWG2Jvs39yRLBN8twGqzvfIZsACFUJV49FHTd-y5xDzzzbCPBhEF8KytEUXrouiuX21v_DmXAnC6rvAilx64bOfZTdbc7Vdsmg&amp;__tn__=-]K-R\">Avista \u0141\u0105\u017cyn<\/a> i <a href=\"https:\/\/www.facebook.com\/profile.php?id=100063524951537&amp;__cft__[0]=AZUIVDNi4-6l7moCAp_111G3vdCg1TO2Hs-1e1w_ABzl4jHPQU1gFZr2ghhjg3iZzYnfRtYvpiXMjBpOsbkQQuNXzbsAXifCscKI6j-bjxe-qhLUkC24viZmYAF0iDNHfDvkm75eTNJHcWG2Jvs39yRLBN8twGqzvfIZsACFUJV49FHTd-y5xDzzzbCPBhEF8KytEUXrouiuX21v_DmXAnC6rvAilx64bOfZTdbc7Vdsmg&amp;__tn__=-]K-R\">GKS VEL D\u0105br\u00f3wno<\/a><\/p>\n\n\n\n<p><img loading=\"lazy\" decoding=\"async\" height=\"16\" width=\"16\" alt=\"&#x27a1;&#xfe0f;\" src=\"https:\/\/static.xx.fbcdn.net\/images\/emoji.php\/v9\/t9e\/1\/16\/27a1.png\">dru\u017cyny z 12-tych miejsc ka\u017cdej grupy A Klasy, czyli GLKS Jurand Barciany (grupa I), Zag\u0142ada Lis\u00f3w (grupa II), <a href=\"https:\/\/www.facebook.com\/MKSJeziorany?__cft__[0]=AZUIVDNi4-6l7moCAp_111G3vdCg1TO2Hs-1e1w_ABzl4jHPQU1gFZr2ghhjg3iZzYnfRtYvpiXMjBpOsbkQQuNXzbsAXifCscKI6j-bjxe-qhLUkC24viZmYAF0iDNHfDvkm75eTNJHcWG2Jvs39yRLBN8twGqzvfIZsACFUJV49FHTd-y5xDzzzbCPBhEF8KytEUXrouiuX21v_DmXAnC6rvAilx64bOfZTdbc7Vdsmg&amp;__tn__=-]K-R\">MKS Jeziorany<\/a> (grupa III) i <a href=\"https:\/\/www.facebook.com\/OsaZabrowoFanPage?__cft__[0]=AZUIVDNi4-6l7moCAp_111G3vdCg1TO2Hs-1e1w_ABzl4jHPQU1gFZr2ghhjg3iZzYnfRtYvpiXMjBpOsbkQQuNXzbsAXifCscKI6j-bjxe-qhLUkC24viZmYAF0iDNHfDvkm75eTNJHcWG2Jvs39yRLBN8twGqzvfIZsACFUJV49FHTd-y5xDzzzbCPBhEF8KytEUXrouiuX21v_DmXAnC6rvAilx64bOfZTdbc7Vdsmg&amp;__tn__=-]K-R\">Osa Z\u0105browo<\/a> (grupa IV) rozegraj\u0105 mi\u0119dzy sob\u0105 bara\u017ce, w wyniku kt\u00f3rych 3 dru\u017cyny spadn\u0105 do B Klasy, a 1 utrzyma si\u0119 w A Klasie (po jednym meczu p\u00f3\u0142fina\u0142 i fina\u0142 na boisku dru\u017cyny, kt\u00f3ra ma w lidze wy\u017cszy wsp\u00f3\u0142czynnik zdobytych punkt\u00f3w na liczb\u0119 mecz\u00f3w)<\/p>\n\n\n\n<p><img loading=\"lazy\" decoding=\"async\" height=\"16\" width=\"16\" alt=\"&#x26bd;\" src=\"https:\/\/static.xx.fbcdn.net\/images\/emoji.php\/v9\/taf\/1\/16\/26bd.png\">mecz 1: MKS Jeziorany vs GLKS Jurand Barciany (22.06, g.17:00)<\/p>\n\n\n\n<p><img loading=\"lazy\" decoding=\"async\" height=\"16\" width=\"16\" alt=\"&#x26bd;\" src=\"https:\/\/static.xx.fbcdn.net\/images\/emoji.php\/v9\/taf\/1\/16\/26bd.png\">mecz 2: Zag\u0142ada Lis\u00f3w vs Osa Z\u0105browo (22.06, g.17:00)<\/p>\n\n\n\n<p><img loading=\"lazy\" decoding=\"async\" height=\"16\" width=\"16\" alt=\"&#x26bd;\" src=\"https:\/\/static.xx.fbcdn.net\/images\/emoji.php\/v9\/taf\/1\/16\/26bd.png\">mecz 3: zwyci\u0119zca meczu 1 vs zwyci\u0119zca meczu 2 (29.06, g. 17:00) &#8211; na boisku dru\u017cyny, kt\u00f3ra ma w lidze wy\u017cszy wsp\u00f3\u0142czynnik zdobytych punkt\u00f3w na liczb\u0119 mecz\u00f3w<\/p>\n\n\n\n<p>&#8212;<\/p>\n\n\n\n<p>Terminy (dni i godziny) mecz\u00f3w bara\u017cowych mog\u0105 ulec zmianie na zgodny wniosek obu klub\u00f3w graj\u0105cych w danym meczu.<\/p>\n","protected":false},"excerpt":{"rendered":"<p>Dzi\u015b MKS Start Nidzica po niezwykle zaci\u0119tym i emocjonuj\u0105cym meczu przegra\u0142 z Olimpi\u0105 Zambr\u00f3w po 120 minutach 2-4 i odpad\u0142 z dalszej walki w bara\u017cach o III Lig\u0119. Jakie to ma konsekwencje dla dru\u017cyn forBET IV Ligi, Klasy Okr\u0119gowej i A Klasy? &#8212; z IV ligi spadaj\u0105 3 ostatnie dru\u017cyny (14-16 miejsce), czyli MKS &#8220;Olimpia&#8221; [&hellip;]<\/p>\n","protected":false},"author":7,"featured_media":41462,"comment_status":"open","ping_status":"open","sticky":false,"template":"","format":"standard","meta":{"footnotes":""},"categories":[13],"tags":[],"class_list":["post-45822","post","type-post","status-publish","format-standard","has-post-thumbnail","hentry","category-rozgrywki"],"_links":{"self":[{"href":"https:\/\/wmzpn.pl\/index.php?rest_route=\/wp\/v2\/posts\/45822","targetHints":{"allow":["GET"]}}],"collection":[{"href":"https:\/\/wmzpn.pl\/index.php?rest_route=\/wp\/v2\/posts"}],"about":[{"href":"https:\/\/wmzpn.pl\/index.php?rest_route=\/wp\/v2\/types\/post"}],"author":[{"embeddable":true,"href":"https:\/\/wmzpn.pl\/index.php?rest_route=\/wp\/v2\/users\/7"}],"replies":[{"embeddable":true,"href":"https:\/\/wmzpn.pl\/index.php?rest_route=%2Fwp%2Fv2%2Fcomments&post=45822"}],"version-history":[{"count":1,"href":"https:\/\/wmzpn.pl\/index.php?rest_route=\/wp\/v2\/posts\/45822\/revisions"}],"predecessor-version":[{"id":45823,"href":"https:\/\/wmzpn.pl\/index.php?rest_route=\/wp\/v2\/posts\/45822\/revisions\/45823"}],"wp:featuredmedia":[{"embeddable":true,"href":"https:\/\/wmzpn.pl\/index.php?rest_route=\/wp\/v2\/media\/41462"}],"wp:attachment":[{"href":"https:\/\/wmzpn.pl\/index.php?rest_route=%2Fwp%2Fv2%2Fmedia&parent=45822"}],"wp:term":[{"taxonomy":"category","embeddable":true,"href":"https:\/\/wmzpn.pl\/index.php?rest_route=%2Fwp%2Fv2%2Fcategories&post=45822"},{"taxonomy":"post_tag","embeddable":true,"href":"https:\/\/wmzpn.pl\/index.php?rest_route=%2Fwp%2Fv2%2Ftags&post=45822"}],"curies":[{"name":"wp","href":"https:\/\/api.w.org\/{rel}","templated":true}]}}