{"id":45760,"date":"2025-06-20T09:21:21","date_gmt":"2025-06-20T09:21:21","guid":{"rendered":"https:\/\/wmzpn.pl\/?p=45760"},"modified":"2025-06-27T07:32:09","modified_gmt":"2025-06-27T07:32:09","slug":"kacik-historyczny-wojciecha-linowa-daniel-lukasik","status":"publish","type":"post","link":"https:\/\/wmzpn.pl\/?p=45760","title":{"rendered":"K\u0105cik historyczny Wojciecha Linowa &#8211; Daniel \u0141ukasik"},"content":{"rendered":"<p>Daniel \u0141ukasik \u2013 Reprezentant Polski. Urodzony 28.04.1991 w Gi\u017cycku, pomocnik 179 cm<\/p>\n<p>Wychowanek Klubu Sportowego \u201eOlimpia\u201d Mi\u0142ki. Mi\u0142ki to miejscowo\u015b\u0107 gminna 19 km od Gi\u017cycka.<\/p>\n<p>Tak wspomina Daniel \u2013 pi\u0142ka no\u017cna od najm\u0142odszych lat by\u0142a jego wielk\u0105 pasj\u0105. Gra\u0142 z r\u00f3wie\u015bnikami i starszymi wiekiem kolegami ca\u0142e dnie na podw\u00f3rku.<\/p>\n<p>W wieku 10 lat zapisa\u0142 si\u0119 do klubu Olimpia. Gra\u0142 z ch\u0142opakami o 4 lata starszymi w zespole junior\u00f3w m\u0142odszych. Antoni Lenar zabiera\u0142 Daniela na wyjazdowe spotkania Olimpii Mi\u0142ki, graj\u0105cej w klasie okr\u0119gowej. By\u0142 zawodnikiem i wielkim kibicem miejscowego klubu. Mo\u017cna go uzna\u0107 za dziecko tego zespo\u0142u.<\/p>\n<p>W\u015br\u00f3d zawodnik\u00f3w wyr\u00f3\u017cnia\u0142 si\u0119 umiej\u0119tno\u015bciami i zosta\u0142 w wieku 12 lat zg\u0142oszony do Kadry Pucharu Kazimierz G\u00f3rskiego rocznika 1991.<\/p>\n<p>W 2004 roku utworzony zosta\u0142 w Olsztynie Gimnazjalny O\u015brodek Szkolenia M\u0142odzie\u017cy.<\/p>\n<p>Daniel \u0141ukasik, jako wyr\u00f3\u017cniaj\u0105cy si\u0119 zawodnik Kadry, nie zg\u0142osi\u0142 si\u0119 do O\u015brodka. Dopiero kilka tygodni po rozpocz\u0119ciu roku szkolnego, po rozmowie trenera \u015bp. Zbigniewa Kubelskiego z babci\u0105 Daniela \u2013 da\u0142 si\u0119 przekona\u0107 i przyjecha\u0142 do Olsztyna.<\/p>\n<p>W czasie nauki i szkolenia w O\u015brodku gra\u0142 w latach 2004-2007 w zespole junior\u00f3w KKS \u201eWarmia\u201d Olsztyn. Z dru\u017cyn\u0105 t\u0105 w 2007 roku zdoby\u0142 mistrzostwo wojew\u00f3dztwa warmi\u0144sko-mazurskiego junior\u00f3w m\u0142odszych.<\/p>\n<p>W rozgrywkach og\u00f3lnopolskich Warmia Olsztyn gra\u0142a z juniorami Stali Mielec. W dwumeczu wygra\u0142a Stal Mielec i zosta\u0142a Mistrzem Polski Junior\u00f3w M\u0142odszych.<\/p>\n<p>W tych spotkaniach oraz w dobrych wyst\u0119pach w kadrze wojew\u00f3dztwa w Pucharze im. K. Deyny by\u0142 wyr\u00f3\u017cniaj\u0105cym si\u0119 zawodnikiem.<\/p>\n<p>Jak wspomina w Olsztynie nauczy\u0142 si\u0119 du\u017co i nabra\u0142 pewno\u015bci i wiary w swoje umiej\u0119tno\u015bci. Pojecha\u0142 na turniej z Legi\u0105 i po zako\u0144czeniu nauki w Gimnazjum przeszed\u0142 do warszawskiego klubu. Uczy\u0142 si\u0119 w Liceum i w sezonie 2007\/09 gra\u0142 w juniorach Legii Warszawa.<\/p>\n<p>W sezonie 2007\/08 gra\u0142 w zespole junior\u00f3w Legii Warszawa, natomiast w sezonie 2008\/09 gra\u0142 w juniorach, a tak\u017ce w dru\u017cynie m\u0142odej ekstraklasy Legii.<\/p>\n<p>Trener Maciej Skor\u017ca powo\u0142a\u0142 Daniela do kadry senior\u00f3w Legii. Debiutowa\u0142 w Ekstraklasie 24.wrze\u015bnia 2011 roku w Be\u0142chatowie w wygranym przez Legi\u0119 meczu 2:0 z GKS. Nast\u0119pne spotkanie rozegra\u0142 w spotkaniu Legia \u2013 Ruch Chorz\u00f3w 2:0.<\/p>\n<p><strong>W 2012 roku \u015bwi\u0119towa\u0142 zdobycie Pucharu Polski.<\/strong><\/p>\n<p>Dobra gra Daniela \u0141ukasika w Legii zaowocowa\u0142a powo\u0142aniem do kadry m\u0142odzie\u017cowej U-21 trenera Stefana Majewskiego. <strong>Rozegra\u0142 w tej kadrze 2 spotkania.<\/strong><\/p>\n<p>Gra\u0142 w zespole Gwiazd podczas Memoria\u0142u J\u00f3zefa \u0141obockiego w spotkaniu z dru\u017cyn\u0105 m\u0142odzie\u017cow\u0105 Warmii i Mazur.<\/p>\n<p><img loading=\"lazy\" decoding=\"async\" class=\"aligncenter wp-image-45769 size-full\" src=\"https:\/\/wmzpn.pl\/wp-content\/uploads\/2025\/06\/2-1.jpeg\" alt=\"\" width=\"1237\" height=\"1468\" srcset=\"https:\/\/wmzpn.pl\/wp-content\/uploads\/2025\/06\/2-1.jpeg 1237w, https:\/\/wmzpn.pl\/wp-content\/uploads\/2025\/06\/2-1-253x300.jpeg 253w, https:\/\/wmzpn.pl\/wp-content\/uploads\/2025\/06\/2-1-863x1024.jpeg 863w, https:\/\/wmzpn.pl\/wp-content\/uploads\/2025\/06\/2-1-768x911.jpeg 768w, https:\/\/wmzpn.pl\/wp-content\/uploads\/2025\/06\/2-1-696x826.jpeg 696w, https:\/\/wmzpn.pl\/wp-content\/uploads\/2025\/06\/2-1-1068x1267.jpeg 1068w, https:\/\/wmzpn.pl\/wp-content\/uploads\/2025\/06\/2-1-354x420.jpeg 354w\" sizes=\"auto, (max-width: 1237px) 100vw, 1237px\" \/><\/p>\n<p>Trener selekcjoner Waldemar Fornalik powo\u0142a\u0142 Daniela do Kadry. Debiutowa\u0142 14.12.2012 roku w Kundu (Turcja) w spotkaniu Polska-Macedonia 4:1. Gra\u0142 w pierwszej po\u0142owie. Po przerwie zmieni\u0142 go Dominik Furman. W spotkaniu tym debiutowa\u0142 tak\u017ce pochodz\u0105cy z Gi\u017cycka \u0141ukasz Bro\u017a. Bramki w tym spotkaniu zdobyli Milik, Paw\u0142owski, J\u0119drzejczyk i Sobota.<\/p>\n<p>Drugie spotkanie w Kadrze Daniel rozegra\u0142 2.02.2013 r. w Maladze (Hiszpania) w spotkaniu Polska \u2013 Rumunia 4:1. Zagra\u0142 od pocz\u0105tku spotkania. W 66\u2019 zmieni\u0142 go Dominik Furman. Gra\u0142 tak\u017ce \u0141ukasz Bro\u017a. Bramki zdobyli: Teodorczyk 2, oraz Paw\u0142owski i <strong>Daniel \u0141ukasik w 32\u2019 na 4:0.<\/strong><\/p>\n<p>Spotkanie to opisa\u0142a tak\u017ce Gazeta Olszty\u0144ska:<\/p>\n<p><img loading=\"lazy\" decoding=\"async\" class=\"aligncenter wp-image-45762 size-full\" src=\"https:\/\/wmzpn.pl\/wp-content\/uploads\/2025\/06\/1-1.jpeg\" alt=\"\" width=\"640\" height=\"1537\" srcset=\"https:\/\/wmzpn.pl\/wp-content\/uploads\/2025\/06\/1-1.jpeg 640w, https:\/\/wmzpn.pl\/wp-content\/uploads\/2025\/06\/1-1-125x300.jpeg 125w, https:\/\/wmzpn.pl\/wp-content\/uploads\/2025\/06\/1-1-426x1024.jpeg 426w, https:\/\/wmzpn.pl\/wp-content\/uploads\/2025\/06\/1-1-175x420.jpeg 175w\" sizes=\"auto, (max-width: 640px) 100vw, 640px\" \/><\/p>\n<p>Trzecie spotkanie rozegra\u0142 6.02.2013 w Dublinie Irlandia \u2013 Polska 2:0 (43 tys. widz\u00f3w). Daniel \u0141ukasik gra\u0142 do 75\u2019. Zmieni\u0142 go olsztyniak Adrian Mierzejewski.<\/p>\n<p><img loading=\"lazy\" decoding=\"async\" class=\"aligncenter wp-image-45763 size-full\" src=\"https:\/\/wmzpn.pl\/wp-content\/uploads\/2025\/06\/8.jpg\" alt=\"\" width=\"2527\" height=\"1180\" srcset=\"https:\/\/wmzpn.pl\/wp-content\/uploads\/2025\/06\/8.jpg 2527w, https:\/\/wmzpn.pl\/wp-content\/uploads\/2025\/06\/8-300x140.jpg 300w, https:\/\/wmzpn.pl\/wp-content\/uploads\/2025\/06\/8-1024x478.jpg 1024w, https:\/\/wmzpn.pl\/wp-content\/uploads\/2025\/06\/8-768x359.jpg 768w, https:\/\/wmzpn.pl\/wp-content\/uploads\/2025\/06\/8-1536x717.jpg 1536w, https:\/\/wmzpn.pl\/wp-content\/uploads\/2025\/06\/8-2048x956.jpg 2048w, https:\/\/wmzpn.pl\/wp-content\/uploads\/2025\/06\/8-696x325.jpg 696w, https:\/\/wmzpn.pl\/wp-content\/uploads\/2025\/06\/8-1068x499.jpg 1068w, https:\/\/wmzpn.pl\/wp-content\/uploads\/2025\/06\/8-899x420.jpg 899w\" sizes=\"auto, (max-width: 2527px) 100vw, 2527px\" \/><\/p>\n<p>Jednym z najwa\u017cniejszych spotka\u0144 w Kadrze Polski by\u0142 mecz w ramach eliminacji do Mistrzostw \u015awiata, rozegrany na Stadionie Narodowym w Warszawie 22 marca 2013 r. Polska \u2013 Ukraina 1:3 (widz\u00f3w 55 tys.), bramka \u0141ukasz Piszczek. Daniel \u0141ukasik gra\u0142 od pocz\u0105tku spotkania. W 58\u2019 zmieni\u0142 go Ludovic Obraniak.<\/p>\n<p><img loading=\"lazy\" decoding=\"async\" class=\"aligncenter wp-image-45764 size-full\" src=\"https:\/\/wmzpn.pl\/wp-content\/uploads\/2025\/06\/9.jpg\" alt=\"\" width=\"2514\" height=\"1201\" srcset=\"https:\/\/wmzpn.pl\/wp-content\/uploads\/2025\/06\/9.jpg 2514w, https:\/\/wmzpn.pl\/wp-content\/uploads\/2025\/06\/9-300x143.jpg 300w, https:\/\/wmzpn.pl\/wp-content\/uploads\/2025\/06\/9-1024x489.jpg 1024w, https:\/\/wmzpn.pl\/wp-content\/uploads\/2025\/06\/9-768x367.jpg 768w, https:\/\/wmzpn.pl\/wp-content\/uploads\/2025\/06\/9-1536x734.jpg 1536w, https:\/\/wmzpn.pl\/wp-content\/uploads\/2025\/06\/9-2048x978.jpg 2048w, https:\/\/wmzpn.pl\/wp-content\/uploads\/2025\/06\/9-696x332.jpg 696w, https:\/\/wmzpn.pl\/wp-content\/uploads\/2025\/06\/9-1068x510.jpg 1068w, https:\/\/wmzpn.pl\/wp-content\/uploads\/2025\/06\/9-879x420.jpg 879w\" sizes=\"auto, (max-width: 2514px) 100vw, 2514px\" \/><\/p>\n<p>Jak wspomina Daniel \u2013 ca\u0142y zesp\u00f3\u0142 zagra\u0142 s\u0142abe spotkanie.<\/p>\n<p>Pi\u0105te spotkanie w Kadrze Daniel \u0141ukasik rozegra\u0142 4.06.2013 r. na Stadionie Cracovii Krak\u00f3w Polska \u2013 Liechtenstein 2:0, bramki zdobyli Sobiech i Rybus. Daniel wszed\u0142 na boisko w 78\u2019 za Macieja Rybusa. By\u0142 to po\u017cegnalny mecz bramkarza Jerzego Dudka.<\/p>\n<p>W sezonie 2012\/13 w barwach Legii Warszawa rozegra\u0142 22 spotkania. <strong>Legia zosta\u0142a Mistrzem Polski i zdoby\u0142 Puchar Polski. <\/strong>W sezonie 2013\/14 w barwach Legii rozegra\u0142 jesieni\u0105 13 spotka\u0144.<\/p>\n<figure style=\"width: 806px\" class=\"wp-caption aligncenter\"><img loading=\"lazy\" decoding=\"async\" src=\"https:\/\/legia.net\/dynamic-assets\/news2\/970\/115037\/1544277625_lukasik_daniel_1373783463.jpg\" alt=\"News: Daniel \u0141ukasik odchodzi do Lechii\" width=\"806\" height=\"1200\" \/><figcaption class=\"wp-caption-text\">fot. Legia Warszawa<\/figcaption><\/figure>\n<p>W pucharach europejskich zadebiutowa\u0142 w Tel-Awiwie w meczu Ligi Europy Hapoel \u2013 Legia 2:0. Gra\u0142 w spotkaniach: Rapid Bukareszt \u2013 Legia 1:3 i 0:1 oraz Legia W-wa \u2013 Metalurg Liepaja.<\/p>\n<p>Podczas gry kontrolnej jesieni\u0105 w starciu z koleg\u0105 z dru\u017cyny zosta\u0142 brutalnie sfaulowany i odni\u00f3s\u0142 gro\u017an\u0105 kontuzj\u0119 kolana. Po operacji prawie p\u00f3\u0142 roku rehabilitowa\u0142 si\u0119. Uwa\u017ca, \u017ce kontuzja ta mia\u0142a du\u017cy wp\u0142yw na dalsz\u0105 karier\u0119.<\/p>\n<p>W maju 2014 roku \u015bwi\u0119towa\u0142 z zespo\u0142em Legii zdobycie po raz drugi Mistrzostwa Polski i Pucharu Polski.<\/p>\n<p><img loading=\"lazy\" decoding=\"async\" class=\"aligncenter wp-image-45765 size-full\" src=\"https:\/\/wmzpn.pl\/wp-content\/uploads\/2025\/06\/3-1.jpg\" alt=\"\" width=\"736\" height=\"460\" srcset=\"https:\/\/wmzpn.pl\/wp-content\/uploads\/2025\/06\/3-1.jpg 736w, https:\/\/wmzpn.pl\/wp-content\/uploads\/2025\/06\/3-1-300x188.jpg 300w, https:\/\/wmzpn.pl\/wp-content\/uploads\/2025\/06\/3-1-696x435.jpg 696w, https:\/\/wmzpn.pl\/wp-content\/uploads\/2025\/06\/3-1-672x420.jpg 672w\" sizes=\"auto, (max-width: 736px) 100vw, 736px\" \/><\/p>\n<p>M\u00f3g\u0142 zosta\u0107 w Legii, gdy\u017c mia\u0142 wa\u017cny kontrakt, ale chcia\u0142 gra\u0107 wi\u0119cej i by\u0107 wa\u017cn\u0105 postaci\u0105 w zespole. Za namow\u0105 managera Mariusza Piekarskiego przeszed\u0142 do Lechii Gda\u0144sk. 17 czerwca 2014 roku podpisa\u0142 z tym klubem kontrakt. W sezonie 2014\/15 rozegra\u0142 w ekstraklasie 27 spotka\u0144. Natomiast w kolejnym 2015\/16 \u2013 20 spotka\u0144.<\/p>\n<figure id=\"attachment_45766\" aria-describedby=\"caption-attachment-45766\" style=\"width: 346px\" class=\"wp-caption aligncenter\"><img loading=\"lazy\" decoding=\"async\" class=\"wp-image-45766 size-full\" src=\"https:\/\/wmzpn.pl\/wp-content\/uploads\/2025\/06\/5.jpg\" alt=\"\" width=\"346\" height=\"492\" srcset=\"https:\/\/wmzpn.pl\/wp-content\/uploads\/2025\/06\/5.jpg 346w, https:\/\/wmzpn.pl\/wp-content\/uploads\/2025\/06\/5-211x300.jpg 211w, https:\/\/wmzpn.pl\/wp-content\/uploads\/2025\/06\/5-295x420.jpg 295w\" sizes=\"auto, (max-width: 346px) 100vw, 346px\" \/><figcaption id=\"caption-attachment-45766\" class=\"wp-caption-text\">fot. Wikipedia<\/figcaption><\/figure>\n<p>Postanowi\u0142 spr\u00f3bowa\u0107 gry w Niemczech i wyjecha\u0142 do klubu Sandhausen w Badenii-Wirtembergii. W sezonie 2016\/17 w II Bundeslidze rozegra\u0142 19 spotka\u0144 i zdoby\u0142 1 bramk\u0119.<\/p>\n<p>Uwa\u017ca, \u017ce poziom gry w tej klasie rozgrywkowej jest wy\u017cszy ni\u017c w polskiej ekstraklasie. Po powrocie do Lechii Gda\u0144sk przez 3 lata by\u0142 czo\u0142owym zawodnikiem tego klubu.<\/p>\n<p>W sezonie 2017\/18 \u2013 32 spotkania, 2018\/19 \u2013 34 spotkania i 1 bramka. W swoim ostatnim sezonie w Lechii Gda\u0144sk 2019\/20 \u2013 15 spotka\u0144 i Puchar Polski oraz Superpuchar Polski.<\/p>\n<p>\u015aladem swoich koleg\u00f3w z Legii Warszawa chcia\u0142 gra\u0107 w wy\u017cszej lidze. Szykowa\u0142 si\u0119 transfer do Rosji, ale manager za\u0142atwi\u0142 kontrakt z zespo\u0142em tureckim, kt\u00f3ry wszed\u0142 do ekstraklasy \u2013 Ankaragucu SK ze stolicy Turcji, Ankary.<\/p>\n<p><img decoding=\"async\" class=\"aligncenter\" src=\"https:\/\/futbol.pl\/images\/1644416363_lukasikankaragucu.jpg\" alt=\"Daniel \u0141ukasik wr\u00f3ci do Polski? Jest ju\u017c wolnym zawodnikiem ...\" \/><\/p>\n<p>W sezonie 2019\/20 rozegra\u0142 w tej ekstraklasie 14 spotka\u0144. Natomiast w latach 2020\/22 \u2013 24 spotkania i zdoby\u0142 1 bramk\u0119. Pi\u0142karzem tego zespo\u0142u by\u0142 Micha\u0142 Pazdan. W sezonie 2020\/21 rozegra\u0142 23 spotkania \u2013 2 bramki. W Turcji nauczy\u0142 si\u0119 negocjacji o obiecywane w kontrakcie \u015brodki finansowe.<\/p>\n<p>Po powrocie do Polski w latach 2021\/23 gra\u0142 w Radomiaku Radom \u2013 21 spotka\u0144 w ekstraklasie.<\/p>\n<p>Karier\u0119 pi\u0142karza zawodowego zako\u0144czy\u0142 w \u015al\u0105sku Wroc\u0142aw. W sezonie 2023\/24 \u2013 6 spotka\u0144 w ekstraklasie i wicemistrzostwo Polski.<\/p>\n<figure id=\"attachment_45767\" aria-describedby=\"caption-attachment-45767\" style=\"width: 800px\" class=\"wp-caption aligncenter\"><img loading=\"lazy\" decoding=\"async\" class=\"wp-image-45767 size-full\" src=\"https:\/\/wmzpn.pl\/wp-content\/uploads\/2025\/06\/6.jpg\" alt=\"\" width=\"800\" height=\"533\" srcset=\"https:\/\/wmzpn.pl\/wp-content\/uploads\/2025\/06\/6.jpg 800w, https:\/\/wmzpn.pl\/wp-content\/uploads\/2025\/06\/6-300x200.jpg 300w, https:\/\/wmzpn.pl\/wp-content\/uploads\/2025\/06\/6-768x512.jpg 768w, https:\/\/wmzpn.pl\/wp-content\/uploads\/2025\/06\/6-696x464.jpg 696w, https:\/\/wmzpn.pl\/wp-content\/uploads\/2025\/06\/6-630x420.jpg 630w\" sizes=\"auto, (max-width: 800px) 100vw, 800px\" \/><figcaption id=\"caption-attachment-45767\" class=\"wp-caption-text\">fot. Slask Wroc\u0142aw<\/figcaption><\/figure>\n<p><strong>Og\u00f3\u0142em w ekstraklasie w Polsce 192 mecze \u2013 2 bramki.<\/strong><\/p>\n<p>Puchar Polski \u2013 20 spotka\u0144 \u2013 1 bramka.<\/p>\n<p>Kwalifikacje do Ligi Europy\u00a0 &#8211; 8 spotka\u0144<\/p>\n<p>Liga Europy \u2013 1 spotkanie<\/p>\n<p>Og\u00f3\u0142em 246 spotka\u0144 ligowych \u2013 5 bramek, 44 \u017c\u00f3\u0142te kartki i tylko 1 czerwona.<\/p>\n<p>Daniel \u0141ukasik chce zosta\u0107 trenerem. Chce wykorzysta\u0107 fakt, \u017ce w swojej karierze by\u0142 trenowany przez wybitnych szkoleniowc\u00f3w: Jana Urbana, kt\u00f3remu zawdzi\u0119cza bardzo du\u017co oraz Jacka Magier\u0119, z kt\u00f3rym wsp\u00f3\u0142pracowa\u0142 jako analityk gry w \u015al\u0105sku Wroc\u0142aw.<\/p>\n<p>Wraz z \u017con\u0105 Aleksandr\u0105, kt\u00f3ra jest absolwentk\u0105 Szko\u0142y G\u0142\u00f3wnej Handlowej i mgr. finans\u00f3w zadbali o dobre zarz\u0105dzanie \u015brodkami finansowymi zdobytymi w trakcie kariery pi\u0142karskiej. Zainwestowa\u0142 w budynki, w tym tak\u017ce na Warmii i Mazurach, kt\u00f3re przynosz\u0105 doch\u00f3d, a Daniel mo\u017ce spokojnie zaj\u0105\u0107 si\u0119 treningami \u2013 po zako\u0144czeniu kursu UEFA.<\/p>\n<p>Wys\u0142ucha\u0142em wszystkich wywiad\u00f3w Daniela i znaj\u0105c jego pracowito\u015b\u0107 i zdobyte do\u015bwiadczenie s\u0105dz\u0119, \u017ce b\u0119dzie dobrym szkoleniowcem.<\/p>\n<p>Powodzenia<\/p>\n<p><strong>Pierwszy trener Daniela \u0141ukasika<\/strong><\/p>\n<p><strong>Antoni Lenar ur. 5.03.1960 r. w Kruklankach<\/strong><\/p>\n<p>Gr\u0119 w futbol rozpocz\u0105\u0142 w Gi\u017cycku w klubie Mamry w 1970 roku. Gra\u0142 w zespo\u0142ach m\u0142odzie\u017cowych. Powo\u0142any do wojska \u2013 w latach 1980\/81 gra\u0142 w \u015aniardwach Orzysz w III lidze.<\/p>\n<p>Po powrocie z wojska gra\u0142 w Mamrach Gi\u017cycko i w 1983 roku wraz z dru\u017cyn\u0105 awansowa\u0142 do III ligi. W sezonach 1984\/86 gra\u0142 w Olimpii Mi\u0142ki w klasie A.<\/p>\n<p>Instruktor pi\u0142ki no\u017cnej. Od 1999 roku trener II klasy.<\/p>\n<figure id=\"attachment_45792\" aria-describedby=\"caption-attachment-45792\" style=\"width: 481px\" class=\"wp-caption aligncenter\"><img loading=\"lazy\" decoding=\"async\" class=\"wp-image-45792 size-full\" src=\"https:\/\/wmzpn.pl\/wp-content\/uploads\/2025\/06\/zdjecie-1.jpg\" alt=\"\" width=\"481\" height=\"494\" srcset=\"https:\/\/wmzpn.pl\/wp-content\/uploads\/2025\/06\/zdjecie-1.jpg 481w, https:\/\/wmzpn.pl\/wp-content\/uploads\/2025\/06\/zdjecie-1-292x300.jpg 292w, https:\/\/wmzpn.pl\/wp-content\/uploads\/2025\/06\/zdjecie-1-409x420.jpg 409w\" sizes=\"auto, (max-width: 481px) 100vw, 481px\" \/><figcaption id=\"caption-attachment-45792\" class=\"wp-caption-text\">Antoni Lenar i Kazimierz G\u00f3rski<\/figcaption><\/figure>\n<p>Pracuj\u0105c w Olimpii Mi\u0142ki trenowa\u0142 ten zesp\u00f3\u0142 przez 14 lat i powoli awansowa\u0142 z Klasy B przez Klas\u0119 A, a\u017c w sezonie 2001\/02 Olimpia uzyska\u0142a awans do klasy okr\u0119gowej wojew\u00f3dztwa warmi\u0144sko-mazurskiego.<\/p>\n<p>Ewenementem by\u0142o, \u017ce z ma\u0142ej miejscowo\u015bci o liczbie mieszka\u0144c\u00f3w oko\u0142o 600 os\u00f3b przez 6 lat Olimpia Mi\u0142ki gra\u0142a w klasie okr\u0119gowej. Opr\u00f3cz wielkiego zaanga\u017cowania trenera Antoniego Lenara, zesp\u00f3\u0142 ten wspiera\u0142 wieloletni W\u00f3jt gminy Mi\u0142ki \u2013 Wies\u0142aw Sadok.<\/p>\n<figure id=\"attachment_45793\" aria-describedby=\"caption-attachment-45793\" style=\"width: 640px\" class=\"wp-caption aligncenter\"><img loading=\"lazy\" decoding=\"async\" class=\"wp-image-45793 size-large\" src=\"https:\/\/wmzpn.pl\/wp-content\/uploads\/2025\/06\/zdjecie-3-1024x725.jpg\" alt=\"\" width=\"640\" height=\"453\" srcset=\"https:\/\/wmzpn.pl\/wp-content\/uploads\/2025\/06\/zdjecie-3-1024x725.jpg 1024w, https:\/\/wmzpn.pl\/wp-content\/uploads\/2025\/06\/zdjecie-3-300x212.jpg 300w, https:\/\/wmzpn.pl\/wp-content\/uploads\/2025\/06\/zdjecie-3-768x544.jpg 768w, https:\/\/wmzpn.pl\/wp-content\/uploads\/2025\/06\/zdjecie-3-1536x1088.jpg 1536w, https:\/\/wmzpn.pl\/wp-content\/uploads\/2025\/06\/zdjecie-3-2048x1451.jpg 2048w, https:\/\/wmzpn.pl\/wp-content\/uploads\/2025\/06\/zdjecie-3-100x70.jpg 100w, https:\/\/wmzpn.pl\/wp-content\/uploads\/2025\/06\/zdjecie-3-696x493.jpg 696w, https:\/\/wmzpn.pl\/wp-content\/uploads\/2025\/06\/zdjecie-3-1068x756.jpg 1068w, https:\/\/wmzpn.pl\/wp-content\/uploads\/2025\/06\/zdjecie-3-593x420.jpg 593w\" sizes=\"auto, (max-width: 640px) 100vw, 640px\" \/><figcaption id=\"caption-attachment-45793\" class=\"wp-caption-text\">Olimpia Mi\u0142ki &#8211; \u0141ukasik czwarty z prawej w dolnym rz\u0119dzie, trzeci z prawej Bochenek<\/figcaption><\/figure>\n<p>Antoni Lenar w latach 1998\/2004 pracowa\u0142 tak\u017ce w klubie ABC Bugbad Gi\u017cycko. To w tym klubie\u00a0 pierwsze kroki do swoich karier sportowych stawiali:<\/p>\n<p>\u0141ukasz Bro\u017a \u2013 reprezentant Polski,<\/p>\n<p>Mateusz Bro\u017a \u2013 zawodnik Widzewa \u0141\u00f3d\u017a i innych klub\u00f3w w kraju.<\/p>\n<p>Przemys\u0142aw \u0141api\u0144ski \u2013 zawodnik a obecnie czo\u0142owy trener wojew\u00f3dztwa.<\/p>\n<figure id=\"attachment_45794\" aria-describedby=\"caption-attachment-45794\" style=\"width: 1490px\" class=\"wp-caption aligncenter\"><img loading=\"lazy\" decoding=\"async\" class=\"wp-image-45794 size-full\" src=\"https:\/\/wmzpn.pl\/wp-content\/uploads\/2025\/06\/zdjecie-2.jpg\" alt=\"\" width=\"1490\" height=\"1032\" srcset=\"https:\/\/wmzpn.pl\/wp-content\/uploads\/2025\/06\/zdjecie-2.jpg 1490w, https:\/\/wmzpn.pl\/wp-content\/uploads\/2025\/06\/zdjecie-2-300x208.jpg 300w, https:\/\/wmzpn.pl\/wp-content\/uploads\/2025\/06\/zdjecie-2-1024x709.jpg 1024w, https:\/\/wmzpn.pl\/wp-content\/uploads\/2025\/06\/zdjecie-2-768x532.jpg 768w, https:\/\/wmzpn.pl\/wp-content\/uploads\/2025\/06\/zdjecie-2-100x70.jpg 100w, https:\/\/wmzpn.pl\/wp-content\/uploads\/2025\/06\/zdjecie-2-218x150.jpg 218w, https:\/\/wmzpn.pl\/wp-content\/uploads\/2025\/06\/zdjecie-2-696x482.jpg 696w, https:\/\/wmzpn.pl\/wp-content\/uploads\/2025\/06\/zdjecie-2-1068x740.jpg 1068w, https:\/\/wmzpn.pl\/wp-content\/uploads\/2025\/06\/zdjecie-2-606x420.jpg 606w\" sizes=\"auto, (max-width: 1490px) 100vw, 1490px\" \/><figcaption id=\"caption-attachment-45794\" class=\"wp-caption-text\">Od lewej: Antoni Lenar, Micha\u0142 Globisz i Mariusz Bochenek<\/figcaption><\/figure>\n<p>Podczas pracy w Olimpii Mi\u0142ki by\u0142 wychowawc\u0105 i trenerem:<\/p>\n<p>&#8211; Mariusza Bochenka \u00a0\u2013 wielokrotnego reprezentanta m\u0142odzie\u017cowego Polski \u2013 opisa\u0142em karier\u0119 tego zawodnika;<\/p>\n<p>&#8211; przez 7 lat opiekowa\u0142 si\u0119 i szkoli\u0142 w Mi\u0142kach m\u0142odego Daniela \u0141ukasika;<\/p>\n<p>&#8211; w reprezentacji\u00a0 wojew\u00f3dztwa warmi\u0144sko-mazurskiego gra\u0142 Daniel \u015awito\u0144 \u2013 z\u0142oty medalista Pucharu Deyny z 2003 r.<\/p>\n<p>Antoni Lenar pracowa\u0142 w V\u0119gorii W\u0119gorzewo w klasie okr\u0119gowej, Mazurze Wydminy, Czarnych Olecko.<\/p>\n<figure id=\"attachment_45768\" aria-describedby=\"caption-attachment-45768\" style=\"width: 1864px\" class=\"wp-caption alignnone\"><img loading=\"lazy\" decoding=\"async\" class=\"wp-image-45768 size-full\" src=\"https:\/\/wmzpn.pl\/wp-content\/uploads\/2025\/06\/7.jpeg\" alt=\"\" width=\"1864\" height=\"1050\" srcset=\"https:\/\/wmzpn.pl\/wp-content\/uploads\/2025\/06\/7.jpeg 1864w, https:\/\/wmzpn.pl\/wp-content\/uploads\/2025\/06\/7-300x169.jpeg 300w, https:\/\/wmzpn.pl\/wp-content\/uploads\/2025\/06\/7-1024x577.jpeg 1024w, https:\/\/wmzpn.pl\/wp-content\/uploads\/2025\/06\/7-768x433.jpeg 768w, https:\/\/wmzpn.pl\/wp-content\/uploads\/2025\/06\/7-1536x865.jpeg 1536w, https:\/\/wmzpn.pl\/wp-content\/uploads\/2025\/06\/7-696x392.jpeg 696w, https:\/\/wmzpn.pl\/wp-content\/uploads\/2025\/06\/7-1068x602.jpeg 1068w, https:\/\/wmzpn.pl\/wp-content\/uploads\/2025\/06\/7-746x420.jpeg 746w\" sizes=\"auto, (max-width: 1864px) 100vw, 1864px\" \/><figcaption id=\"caption-attachment-45768\" class=\"wp-caption-text\">Antoni Lenar z prawej<\/figcaption><\/figure>\n<p>Obecnie pracuje z zespo\u0142ami m\u0142odzie\u017cowymi Mamry Gi\u017cycko. Jest tak\u017ce spo\u0142ecznym dzia\u0142aczem tego klubu. Natomiast w Mi\u0142kach klub ju\u017c nie istnieje.<\/p>\n<p>* \u0179r\u00f3d\u0142o zdj\u0119\u0107 reprezentacji Polski \u2013 PZPN. Bia\u0142o-Czerwoni. 1921\u20132018<\/p>\n<p style=\"text-align: right;\">Wojciech Linow<\/p>\n","protected":false},"excerpt":{"rendered":"<p>Daniel \u0141ukasik \u2013 Reprezentant Polski. Urodzony 28.04.1991 w Gi\u017cycku, pomocnik 179 cm Wychowanek Klubu Sportowego \u201eOlimpia\u201d Mi\u0142ki. Mi\u0142ki to miejscowo\u015b\u0107 gminna 19 km od Gi\u017cycka. Tak wspomina Daniel \u2013 pi\u0142ka no\u017cna od najm\u0142odszych lat by\u0142a jego wielk\u0105 pasj\u0105. Gra\u0142 z r\u00f3wie\u015bnikami i starszymi wiekiem kolegami ca\u0142e dnie na podw\u00f3rku. W wieku 10 lat zapisa\u0142 si\u0119 [&hellip;]<\/p>\n","protected":false},"author":11,"featured_media":45771,"comment_status":"open","ping_status":"open","sticky":false,"template":"","format":"standard","meta":{"footnotes":""},"categories":[12,288],"tags":[],"class_list":["post-45760","post","type-post","status-publish","format-standard","has-post-thumbnail","hentry","category-aktualnosci","category-kacik-historyczny-wojciecha-linowa"],"_links":{"self":[{"href":"https:\/\/wmzpn.pl\/index.php?rest_route=\/wp\/v2\/posts\/45760","targetHints":{"allow":["GET"]}}],"collection":[{"href":"https:\/\/wmzpn.pl\/index.php?rest_route=\/wp\/v2\/posts"}],"about":[{"href":"https:\/\/wmzpn.pl\/index.php?rest_route=\/wp\/v2\/types\/post"}],"author":[{"embeddable":true,"href":"https:\/\/wmzpn.pl\/index.php?rest_route=\/wp\/v2\/users\/11"}],"replies":[{"embeddable":true,"href":"https:\/\/wmzpn.pl\/index.php?rest_route=%2Fwp%2Fv2%2Fcomments&post=45760"}],"version-history":[{"count":12,"href":"https:\/\/wmzpn.pl\/index.php?rest_route=\/wp\/v2\/posts\/45760\/revisions"}],"predecessor-version":[{"id":45924,"href":"https:\/\/wmzpn.pl\/index.php?rest_route=\/wp\/v2\/posts\/45760\/revisions\/45924"}],"wp:featuredmedia":[{"embeddable":true,"href":"https:\/\/wmzpn.pl\/index.php?rest_route=\/wp\/v2\/media\/45771"}],"wp:attachment":[{"href":"https:\/\/wmzpn.pl\/index.php?rest_route=%2Fwp%2Fv2%2Fmedia&parent=45760"}],"wp:term":[{"taxonomy":"category","embeddable":true,"href":"https:\/\/wmzpn.pl\/index.php?rest_route=%2Fwp%2Fv2%2Fcategories&post=45760"},{"taxonomy":"post_tag","embeddable":true,"href":"https:\/\/wmzpn.pl\/index.php?rest_route=%2Fwp%2Fv2%2Ftags&post=45760"}],"curies":[{"name":"wp","href":"https:\/\/api.w.org\/{rel}","templated":true}]}}