{"id":45526,"date":"2025-06-02T10:47:28","date_gmt":"2025-06-02T10:47:28","guid":{"rendered":"https:\/\/wmzpn.pl\/?p=45526"},"modified":"2025-06-02T10:48:38","modified_gmt":"2025-06-02T10:48:38","slug":"podsumowanie-makroregionalnego-zgrupowania-kadr-wojewodzkich-u13","status":"publish","type":"post","link":"https:\/\/wmzpn.pl\/?p=45526","title":{"rendered":"Podsumowanie Makroregionalnego Zgrupowania Kadr Wojew\u00f3dzkich U13"},"content":{"rendered":"<p>W okresie od 12-16.05 kadra wojew\u00f3dzka Warmi\u0144sko Mazurskiego Zwi\u0105zku Pi\u0142ki No\u017cnej rocznika 2012 ch\u0142opc\u00f3w przebywa\u0142a na drugim ju\u017c Makroregionalnym Zgrupowaniu Kadr Wojew\u00f3dzkich w Ostr\u00f3dzie.<\/p>\n<p>W zako\u0144czonej wiosennej edycji poza trzema meczami mistrzowskimi ch\u0142opcy realizowali r\u00f3wnie\u017c dodatkowe jednostki treningowe: zespo\u0142owe oraz pozycyjne pod okiem trener\u00f3w kadr wojew\u00f3dzkich jak r\u00f3wnie\u017c trener\u00f3w-mentor\u00f3w z Polskiego Zwi\u0105zku Pi\u0142ki No\u017cnej. Zawodnicy wzi\u0119li r\u00f3wnie\u017c udzia\u0142 w zaj\u0119ciach z psychologiem oraz z trenerami analitykami. Przez ca\u0142y okres zgrupowania do swojej dyspozycji mieli r\u00f3wnie\u017c fizjoterapeut\u00f3w.<\/p>\n<p>W zgrupowaniu w naszym zespole wzi\u0119\u0142o udzia\u0142 18 zawodnik\u00f3w z \u0142\u0105cznie 7 klub\u00f3w z Warmii i Mazur. Wzgl\u0119dem jesiennej edycji turnieju w grupie powo\u0142anych zawodnik\u00f3w dosz\u0142o do 7 zmian w kadrze i tym samym pojawienia si\u0119 i mo\u017cliwo\u015bci zaprezentowania przez nowych ch\u0142opc\u00f3w.<\/p>\n<p><strong>Zestawienie wynikowej oraz liczbowe w obydwu turniejach prezentuje si\u0119 nast\u0119puj\u0105co:\u00a0<\/strong><\/p>\n<p><img loading=\"lazy\" decoding=\"async\" class=\"aligncenter wp-image-45527 size-full\" src=\"https:\/\/wmzpn.pl\/wp-content\/uploads\/2025\/06\/Obraz1.jpg\" alt=\"\" width=\"770\" height=\"891\" srcset=\"https:\/\/wmzpn.pl\/wp-content\/uploads\/2025\/06\/Obraz1.jpg 770w, https:\/\/wmzpn.pl\/wp-content\/uploads\/2025\/06\/Obraz1-259x300.jpg 259w, https:\/\/wmzpn.pl\/wp-content\/uploads\/2025\/06\/Obraz1-768x889.jpg 768w, https:\/\/wmzpn.pl\/wp-content\/uploads\/2025\/06\/Obraz1-696x805.jpg 696w, https:\/\/wmzpn.pl\/wp-content\/uploads\/2025\/06\/Obraz1-363x420.jpg 363w\" sizes=\"auto, (max-width: 770px) 100vw, 770px\" \/><\/p>\n<p><img loading=\"lazy\" decoding=\"async\" class=\"aligncenter wp-image-45528 size-full\" src=\"https:\/\/wmzpn.pl\/wp-content\/uploads\/2025\/06\/Obraz2.jpg\" alt=\"\" width=\"759\" height=\"903\" srcset=\"https:\/\/wmzpn.pl\/wp-content\/uploads\/2025\/06\/Obraz2.jpg 759w, https:\/\/wmzpn.pl\/wp-content\/uploads\/2025\/06\/Obraz2-252x300.jpg 252w, https:\/\/wmzpn.pl\/wp-content\/uploads\/2025\/06\/Obraz2-696x828.jpg 696w, https:\/\/wmzpn.pl\/wp-content\/uploads\/2025\/06\/Obraz2-353x420.jpg 353w\" sizes=\"auto, (max-width: 759px) 100vw, 759px\" \/><\/p>\n<p>Uzyskane wyniki w obydwu zgrupowaniach pozwoli\u0142y na zaj\u0119cie II miejsca w Polsce pod wzgl\u0119dem liczby zdobytych punkt\u00f3w (15) co tym samym sprawi\u0142o, \u017ce nasz zesp\u00f3\u0142 zosta\u0142 rozstawiony w losowaniu grup do Fina\u0142owego Turnieju Pucharu im. Kazimierza G\u00f3rskiego w I koszyku. <strong>Po odbytym losowaniu fazie grupowej zmierzymy si\u0119 z zespo\u0142ami: Dolno\u015bl\u0105skiego ZPN, \u0141\u00f3dzkiego ZPN oraz Lubelskiego ZPN.<\/strong><\/p>\n<p>Udzia\u0142 dru\u017cyny w turnieju by\u0142 kolejnym etapem preselekcji i przegl\u0105du zawodnik\u00f3w organizowanego przez Polski Zwi\u0105zek Pi\u0142ki No\u017cnej do najm\u0142odszych kadr narodowych oraz jednocze\u015bnie dla nas \u2013 trener\u00f3w kadry &#8211; przygotowaniem do zaplanowanego na prze\u0142om czerwca i lipca Fina\u0142u Turnieju o Puchar im. Kazimierza G\u00f3rskiego kategorii U13 kt\u00f3ry odb\u0119dzie si\u0119 w Policach.<\/p>\n<p>Za dru\u017cyn\u0119 podczas zgrupowania odpowiadali trenerzy: Rados\u0142aw Rogowski (I trener), Mateusz Rodziewicz (Trener Asystent-Analityk), Damian Jaroszewicz (Trener Asystent).<\/p>\n<p style=\"text-align: right;\"><em>Podsumowanie przygotowa\u0142 trener Rados\u0142aw Rogowski<\/em><\/p>\n","protected":false},"excerpt":{"rendered":"<p>W okresie od 12-16.05 kadra wojew\u00f3dzka Warmi\u0144sko Mazurskiego Zwi\u0105zku Pi\u0142ki No\u017cnej rocznika 2012 ch\u0142opc\u00f3w przebywa\u0142a na drugim ju\u017c Makroregionalnym Zgrupowaniu Kadr Wojew\u00f3dzkich w Ostr\u00f3dzie. W zako\u0144czonej wiosennej edycji poza trzema meczami mistrzowskimi ch\u0142opcy realizowali r\u00f3wnie\u017c dodatkowe jednostki treningowe: zespo\u0142owe oraz pozycyjne pod okiem trener\u00f3w kadr wojew\u00f3dzkich jak r\u00f3wnie\u017c trener\u00f3w-mentor\u00f3w z Polskiego Zwi\u0105zku Pi\u0142ki No\u017cnej. Zawodnicy [&hellip;]<\/p>\n","protected":false},"author":11,"featured_media":45529,"comment_status":"open","ping_status":"open","sticky":false,"template":"","format":"standard","meta":{"footnotes":""},"categories":[67],"tags":[],"class_list":["post-45526","post","type-post","status-publish","format-standard","has-post-thumbnail","hentry","category-kadry-wmzpn"],"_links":{"self":[{"href":"https:\/\/wmzpn.pl\/index.php?rest_route=\/wp\/v2\/posts\/45526","targetHints":{"allow":["GET"]}}],"collection":[{"href":"https:\/\/wmzpn.pl\/index.php?rest_route=\/wp\/v2\/posts"}],"about":[{"href":"https:\/\/wmzpn.pl\/index.php?rest_route=\/wp\/v2\/types\/post"}],"author":[{"embeddable":true,"href":"https:\/\/wmzpn.pl\/index.php?rest_route=\/wp\/v2\/users\/11"}],"replies":[{"embeddable":true,"href":"https:\/\/wmzpn.pl\/index.php?rest_route=%2Fwp%2Fv2%2Fcomments&post=45526"}],"version-history":[{"count":2,"href":"https:\/\/wmzpn.pl\/index.php?rest_route=\/wp\/v2\/posts\/45526\/revisions"}],"predecessor-version":[{"id":45532,"href":"https:\/\/wmzpn.pl\/index.php?rest_route=\/wp\/v2\/posts\/45526\/revisions\/45532"}],"wp:featuredmedia":[{"embeddable":true,"href":"https:\/\/wmzpn.pl\/index.php?rest_route=\/wp\/v2\/media\/45529"}],"wp:attachment":[{"href":"https:\/\/wmzpn.pl\/index.php?rest_route=%2Fwp%2Fv2%2Fmedia&parent=45526"}],"wp:term":[{"taxonomy":"category","embeddable":true,"href":"https:\/\/wmzpn.pl\/index.php?rest_route=%2Fwp%2Fv2%2Fcategories&post=45526"},{"taxonomy":"post_tag","embeddable":true,"href":"https:\/\/wmzpn.pl\/index.php?rest_route=%2Fwp%2Fv2%2Ftags&post=45526"}],"curies":[{"name":"wp","href":"https:\/\/api.w.org\/{rel}","templated":true}]}}