{"id":45518,"date":"2025-05-30T10:33:00","date_gmt":"2025-05-30T10:33:00","guid":{"rendered":"https:\/\/wmzpn.pl\/?p=45518"},"modified":"2025-06-02T10:34:59","modified_gmt":"2025-06-02T10:34:59","slug":"rekrutacja-do-wojewodzkich-osrodkow-szkolenia-pilkarskiego-wmzpn-4","status":"publish","type":"post","link":"https:\/\/wmzpn.pl\/?p=45518","title":{"rendered":"Rekrutacja do Wojew\u00f3dzkich O\u015brodk\u00f3w Szkolenia Pi\u0142karskiego WMZPN"},"content":{"rendered":"<p>Wojew\u00f3dzki O\u015brodek Szkolenia Pi\u0142karskiego, rozpocz\u0105\u0142 swoje funkcjonowanie w 2018 roku przy Zespole Szk\u00f3\u0142 i Plac\u00f3wek Sportowych w <strong>Elbl\u0105gu. <\/strong>W 2022 oku WOSP zosta\u0142 rozszerzony o trzy dodatkowe lokalizacje:<\/p>\n<p><strong>&#8211; Olsztyn<\/strong> (X Liceum Og\u00f3lnokszta\u0142c\u0105ce Mistrzostwa Sportowego),<br \/>\n<strong>&#8211; Gi\u017cycko<\/strong> (II Liceum Og\u00f3lnokszta\u0142c\u0105ce),<br \/>\n<strong>&#8211; E\u0142k<\/strong> (Zesp\u00f3\u0142 Szk\u00f3\u0142 Sportowych w E\u0142ku).<\/p>\n<p>W 2023 roku WOSP zosta\u0142 rozszerzony o kolejne dwie dodatkowe lokalizacje:<br \/>\n<strong>&#8211; I\u0142awa<\/strong> (Zesp\u00f3\u0142 Szk\u00f3\u0142 im. Bohater\u00f3w Wrze\u015bnia 1939 Roku)<br \/>\n<strong>&#8211; Mr\u0105gowo<\/strong> (1 Liceum Og\u00f3lnokszta\u0142c\u0105ce im. Obro\u0144c\u00f3w Westerplatte)<\/p>\n<p><span style=\"color: #808080;\"><img loading=\"lazy\" decoding=\"async\" class=\"wp-image-4927 size-thumbnail alignleft\" src=\"http:\/\/wmzpn.pl\/wp-content\/uploads\/2018\/02\/warmia_mazury-logo-rgb-150x150.jpg\" alt=\"\" width=\"150\" height=\"150\" srcset=\"https:\/\/wmzpn.pl\/wp-content\/uploads\/2018\/02\/warmia_mazury-logo-rgb-150x150.jpg 150w, https:\/\/wmzpn.pl\/wp-content\/uploads\/2018\/02\/warmia_mazury-logo-rgb-300x300.jpg 300w, https:\/\/wmzpn.pl\/wp-content\/uploads\/2018\/02\/warmia_mazury-logo-rgb-768x768.jpg 768w, https:\/\/wmzpn.pl\/wp-content\/uploads\/2018\/02\/warmia_mazury-logo-rgb-1024x1024.jpg 1024w, https:\/\/wmzpn.pl\/wp-content\/uploads\/2018\/02\/warmia_mazury-logo-rgb-696x696.jpg 696w, https:\/\/wmzpn.pl\/wp-content\/uploads\/2018\/02\/warmia_mazury-logo-rgb-1068x1069.jpg 1068w, https:\/\/wmzpn.pl\/wp-content\/uploads\/2018\/02\/warmia_mazury-logo-rgb-420x420.jpg 420w, https:\/\/wmzpn.pl\/wp-content\/uploads\/2018\/02\/warmia_mazury-logo-rgb.jpg 1697w\" sizes=\"auto, (max-width: 150px) 100vw, 150px\" \/> <img loading=\"lazy\" decoding=\"async\" class=\"alignnone  wp-image-44229\" src=\"https:\/\/wmzpn.pl\/wp-content\/uploads\/2024\/05\/LOGO-PZPN-Bordowe.jpg\" alt=\"\" width=\"104\" height=\"157\" srcset=\"https:\/\/wmzpn.pl\/wp-content\/uploads\/2024\/05\/LOGO-PZPN-Bordowe.jpg 697w, https:\/\/wmzpn.pl\/wp-content\/uploads\/2024\/05\/LOGO-PZPN-Bordowe-199x300.jpg 199w, https:\/\/wmzpn.pl\/wp-content\/uploads\/2024\/05\/LOGO-PZPN-Bordowe-679x1024.jpg 679w, https:\/\/wmzpn.pl\/wp-content\/uploads\/2024\/05\/LOGO-PZPN-Bordowe-696x1049.jpg 696w, https:\/\/wmzpn.pl\/wp-content\/uploads\/2024\/05\/LOGO-PZPN-Bordowe-279x420.jpg 279w\" sizes=\"auto, (max-width: 104px) 100vw, 104px\" \/><\/span><\/p>\n<p><span style=\"color: #808080;\">Wojew\u00f3dzkie O\u015brodki Szkolenia Pi\u0142karskiego WMZPN s\u0105 wsp\u00f3\u0142finansowane ze \u015brodk\u00f3w samorz\u0105du wojew\u00f3dztwa warmi\u0144sko-mazurskiego w ramach realizacji przez WMZPN zadania publicznego pt. \u201cWojew\u00f3dzki O\u015brodek Szkolenia Pi\u0142karskiego<em>\u201d oraz ze \u015brodk\u00f3w Polskiego Zwi\u0105zku Pi\u0142ki No\u017cnej.<\/em><\/span><\/p>\n<p><strong>Poni\u017cej przedstawiamy zasady i terminy nabor\u00f3w do Wojew\u00f3dzkich O\u015brodk\u00f3w Szkolenia Pi\u0142karskiego dla uczni\u00f3w, kt\u00f3rzy 1 wrze\u015bnia 2025 zamierzaj\u0105 rozpocz\u0105\u0107 nauk\u0119 w szkole ponadpodstawowej:<\/strong><\/p>\n<p><a href=\"http:\/\/www.liceum.elblag.pl\/rekrutacja.html\" target=\"_blank\" rel=\"noopener noreferrer\"><img loading=\"lazy\" decoding=\"async\" class=\"alignnone size-full wp-image-26075\" src=\"http:\/\/wmzpn.pl\/wp-content\/uploads\/2022\/05\/wosp_elblag.png\" alt=\"\" width=\"2000\" height=\"324\" srcset=\"https:\/\/wmzpn.pl\/wp-content\/uploads\/2022\/05\/wosp_elblag.png 2000w, https:\/\/wmzpn.pl\/wp-content\/uploads\/2022\/05\/wosp_elblag-300x49.png 300w, https:\/\/wmzpn.pl\/wp-content\/uploads\/2022\/05\/wosp_elblag-1024x166.png 1024w, https:\/\/wmzpn.pl\/wp-content\/uploads\/2022\/05\/wosp_elblag-768x124.png 768w, https:\/\/wmzpn.pl\/wp-content\/uploads\/2022\/05\/wosp_elblag-1536x249.png 1536w, https:\/\/wmzpn.pl\/wp-content\/uploads\/2022\/05\/wosp_elblag-696x113.png 696w, https:\/\/wmzpn.pl\/wp-content\/uploads\/2022\/05\/wosp_elblag-1068x173.png 1068w\" sizes=\"auto, (max-width: 2000px) 100vw, 2000px\" \/><\/a><\/p>\n<p><span style=\"color: #333333; background-color: #ccffcc;\"><strong>\u00a0IV Liceum Og\u00f3lnokszta\u0142c\u0105ce w Elbl\u0105gu\u00a0<\/strong><\/span><\/p>\n<p><strong>Termin przeprowadzenia pr\u00f3b sprawno\u015bci fizycznej z pi\u0142ki no\u017cnej:<\/strong><\/p>\n<p>02.06.2025 r. godz. 10.00 &#8211; boisko przy ul. Moniuszki 29\u00a0w Elbl\u0105gu<\/p>\n<p>Termin dodatkowy: 09.06.2025 r godz. 10.00 &#8211; boisko przy ul. Moniuszki 29 w Elbl\u0105gu<\/p>\n<p>Wszystkie informacje na stronie: <a href=\"http:\/\/www.liceum.elblag.pl\/rekrutacja.html\">http:\/\/www.liceum.elblag.pl\/rekrutacja.html<\/a><\/p>\n<p><strong><em>Koordynator: <\/em><\/strong><em>Karol Przyby\u0142a, tel. 500 167 363<\/em><\/p>\n<p><a href=\"https:\/\/www.zss.elk.pl\/news\/#news-438\" target=\"_blank\" rel=\"noopener noreferrer\"><img loading=\"lazy\" decoding=\"async\" class=\"alignnone size-full wp-image-26077\" src=\"http:\/\/wmzpn.pl\/wp-content\/uploads\/2022\/05\/wosp_elk.png\" alt=\"\" width=\"2000\" height=\"324\" srcset=\"https:\/\/wmzpn.pl\/wp-content\/uploads\/2022\/05\/wosp_elk.png 2000w, https:\/\/wmzpn.pl\/wp-content\/uploads\/2022\/05\/wosp_elk-300x49.png 300w, https:\/\/wmzpn.pl\/wp-content\/uploads\/2022\/05\/wosp_elk-1024x166.png 1024w, https:\/\/wmzpn.pl\/wp-content\/uploads\/2022\/05\/wosp_elk-768x124.png 768w, https:\/\/wmzpn.pl\/wp-content\/uploads\/2022\/05\/wosp_elk-1536x249.png 1536w, https:\/\/wmzpn.pl\/wp-content\/uploads\/2022\/05\/wosp_elk-696x113.png 696w, https:\/\/wmzpn.pl\/wp-content\/uploads\/2022\/05\/wosp_elk-1068x173.png 1068w\" sizes=\"auto, (max-width: 2000px) 100vw, 2000px\" \/><\/a><\/p>\n<p><span style=\"color: #333333; background-color: #ccffcc;\"><strong>\u00a0Zesp\u00f3\u0142 Szk\u00f3\u0142 Sportowych w E\u0142ku\u00a0<\/strong><\/span><\/p>\n<p><strong>Termin przeprowadzenia pr\u00f3b sprawno\u015bci fizycznej z pi\u0142ki no\u017cnej:<\/strong><\/p>\n<p>07.06.2025 r. godz. 10.00 &#8211; Zesp\u00f3\u0142 Szk\u00f3\u0142 Sportowych, ul. Suwalska 15 \u2013 boisko ORLIK<\/p>\n<p>Termin dodatkowy: 13.06.2025 r godz. 17.00 &#8211; Zesp\u00f3\u0142 Szk\u00f3\u0142 Sportowych, ul. Suwalska 15 \u2013 boisko ORLIK<\/p>\n<p><span style=\"font-size: revert; color: initial;\">Wi\u0119cej o rekrutacji na stronie: <a href=\"https:\/\/www.zss.elk.pl\/news\/#news-438\">https:\/\/www.zss.elk.pl\/news\/#news-438<\/a><\/span><\/p>\n<p><em><strong>Koordynator:<\/strong> Marcin Ryszkiewicz tel. 608\u00a0370\u00a0467<\/em><\/p>\n<p><a href=\"http:\/\/zso5olsztyn.edu.pl\/rekrutacja_new\/\" target=\"_blank\" rel=\"noopener noreferrer\"><img loading=\"lazy\" decoding=\"async\" class=\"alignnone size-full wp-image-26079\" src=\"http:\/\/wmzpn.pl\/wp-content\/uploads\/2022\/05\/wosp_olsztyn.png\" alt=\"\" width=\"2000\" height=\"324\" srcset=\"https:\/\/wmzpn.pl\/wp-content\/uploads\/2022\/05\/wosp_olsztyn.png 2000w, https:\/\/wmzpn.pl\/wp-content\/uploads\/2022\/05\/wosp_olsztyn-300x49.png 300w, https:\/\/wmzpn.pl\/wp-content\/uploads\/2022\/05\/wosp_olsztyn-1024x166.png 1024w, https:\/\/wmzpn.pl\/wp-content\/uploads\/2022\/05\/wosp_olsztyn-768x124.png 768w, https:\/\/wmzpn.pl\/wp-content\/uploads\/2022\/05\/wosp_olsztyn-1536x249.png 1536w, https:\/\/wmzpn.pl\/wp-content\/uploads\/2022\/05\/wosp_olsztyn-696x113.png 696w, https:\/\/wmzpn.pl\/wp-content\/uploads\/2022\/05\/wosp_olsztyn-1068x173.png 1068w\" sizes=\"auto, (max-width: 2000px) 100vw, 2000px\" \/><\/a><\/p>\n<p><span style=\"color: #333333; background-color: #ccffcc;\"><strong>\u00a0X Liceum Og\u00f3lnokszta\u0142c\u0105ce Mistrzostwa Sportowego w Olsztynie\u00a0<\/strong><\/span><\/p>\n<p><strong>Termin przeprowadzenia pr\u00f3b sprawno\u015bci fizycznej z pi\u0142ki no\u017cnej:<\/strong><\/p>\n<p>02.06.2025 r. godz. 10.00 &#8211; Orlik przy X Liceum Og\u00f3lnokszta\u0142c\u0105cym w Olsztynie, ul. Jagiello\u0144czyka 32,<\/p>\n<p>Termin dodatkowy: 09.06.2025 r godz. 10.00 &#8211; Orlik przy X Liceum Og\u00f3lnokszta\u0142c\u0105cym w Olsztynie, ul. Jagiello\u0144czyka 32,<\/p>\n<p>Wi\u0119cej o rekrutacji do szko\u0142y na stronie:\u00a0\u00a0<a href=\"http:\/\/zso5olsztyn.edu.pl\/rekrutacja_new\/\" target=\"_blank\" rel=\"noreferrer noopener\">http:\/\/zso5olsztyn.edu.pl\/rekrutacja_new\/<\/a><\/p>\n<p><em><strong>Koordynator:<\/strong> Kamil Koz\u0142owski tel. 513 869 305<\/em><\/p>\n<p><img loading=\"lazy\" decoding=\"async\" class=\"alignnone size-full wp-image-36289\" src=\"http:\/\/wmzpn.pl\/wp-content\/uploads\/2023\/05\/ILAKA-BELKA.png\" alt=\"\" width=\"2000\" height=\"324\" srcset=\"https:\/\/wmzpn.pl\/wp-content\/uploads\/2023\/05\/ILAKA-BELKA.png 2000w, https:\/\/wmzpn.pl\/wp-content\/uploads\/2023\/05\/ILAKA-BELKA-300x49.png 300w, https:\/\/wmzpn.pl\/wp-content\/uploads\/2023\/05\/ILAKA-BELKA-1024x166.png 1024w, https:\/\/wmzpn.pl\/wp-content\/uploads\/2023\/05\/ILAKA-BELKA-768x124.png 768w, https:\/\/wmzpn.pl\/wp-content\/uploads\/2023\/05\/ILAKA-BELKA-1536x249.png 1536w, https:\/\/wmzpn.pl\/wp-content\/uploads\/2023\/05\/ILAKA-BELKA-696x113.png 696w, https:\/\/wmzpn.pl\/wp-content\/uploads\/2023\/05\/ILAKA-BELKA-1068x173.png 1068w\" sizes=\"auto, (max-width: 2000px) 100vw, 2000px\" \/><\/p>\n<p><span style=\"background-color: #ccffcc;\"><strong>Zesp\u00f3\u0142 Szk\u00f3\u0142 im. Bohater\u00f3w Wrze\u015bnia 1939 roku w I\u0142awie\u00a0<\/strong><\/span><\/p>\n<p><strong>Termin przeprowadzenia pr\u00f3b sprawno\u015bci fizycznej z pi\u0142ki no\u017cnej:<\/strong><\/p>\n<p>05.06.2025 r. godz. 12.00 \u2013 boisko sztuczne, ul. Sienkiewicza 1 w I\u0142awie<\/p>\n<p>Termin dodatkowy: 12.06.2025 r godz. 12.00 \u2013 boisko sztuczne, ul. Sienkiewicza 1 w I\u0142awie<\/p>\n<p>Wi\u0119cej o rekrutacji na stronie:\u00a0\u00a0<a href=\"https:\/\/zsilawa.pl\/rekrutacja\">https:\/\/zsilawa.pl\/rekrutacja<\/a><\/p>\n<p><em><strong>Koordynator:<\/strong>\u00a0Wojciech Tarnowski, tel. 793 701 875<\/em><\/p>\n<hr \/>\n<p><strong>1 Liceum Og\u00f3lnokszta\u0142c\u0105ce im. Obro\u0144c\u00f3w Westerplatte w Mr\u0105gowie i\u00a0<\/strong><span style=\"color: #333333;\"><strong> II Liceum Og\u00f3lnokszta\u0142c\u0105ce im. G. Gizewiusza w Gi\u017cycku ze wzgl\u0119du na ma\u0142\u0105 ilo\u015b\u0107 ch\u0119tnych uczni\u00f3w, nie prowadz\u0105 nabor\u00f3w na rok szkolny 2025\/26.<\/strong><\/span><\/p>\n<hr \/>\n<p><em>Wszelkich informacji o Wojew\u00f3dzkich O\u015brodkach Szkolenia Pi\u0142karskiego udzieli Pa\u0144stwu r\u00f3wnie\u017c:<br \/>\n<strong>Marcin Przybyli\u0144ski, tel. 697-727-033, e-mail: marcin.przybylinski@wmzpn.pl<\/strong><\/em><\/p>\n","protected":false},"excerpt":{"rendered":"<p>Wojew\u00f3dzki O\u015brodek Szkolenia Pi\u0142karskiego, rozpocz\u0105\u0142 swoje funkcjonowanie w 2018 roku przy Zespole Szk\u00f3\u0142 i Plac\u00f3wek Sportowych w Elbl\u0105gu. W 2022 oku WOSP zosta\u0142 rozszerzony o trzy dodatkowe lokalizacje: &#8211; Olsztyn (X Liceum Og\u00f3lnokszta\u0142c\u0105ce Mistrzostwa Sportowego), &#8211; Gi\u017cycko (II Liceum Og\u00f3lnokszta\u0142c\u0105ce), &#8211; E\u0142k (Zesp\u00f3\u0142 Szk\u00f3\u0142 Sportowych w E\u0142ku). W 2023 roku WOSP zosta\u0142 rozszerzony o kolejne [&hellip;]<\/p>\n","protected":false},"author":2,"featured_media":40877,"comment_status":"open","ping_status":"open","sticky":false,"template":"","format":"standard","meta":{"footnotes":""},"categories":[12,26],"tags":[],"class_list":["post-45518","post","type-post","status-publish","format-standard","has-post-thumbnail","hentry","category-aktualnosci","category-zwiazek-news"],"_links":{"self":[{"href":"https:\/\/wmzpn.pl\/index.php?rest_route=\/wp\/v2\/posts\/45518","targetHints":{"allow":["GET"]}}],"collection":[{"href":"https:\/\/wmzpn.pl\/index.php?rest_route=\/wp\/v2\/posts"}],"about":[{"href":"https:\/\/wmzpn.pl\/index.php?rest_route=\/wp\/v2\/types\/post"}],"author":[{"embeddable":true,"href":"https:\/\/wmzpn.pl\/index.php?rest_route=\/wp\/v2\/users\/2"}],"replies":[{"embeddable":true,"href":"https:\/\/wmzpn.pl\/index.php?rest_route=%2Fwp%2Fv2%2Fcomments&post=45518"}],"version-history":[{"count":2,"href":"https:\/\/wmzpn.pl\/index.php?rest_route=\/wp\/v2\/posts\/45518\/revisions"}],"predecessor-version":[{"id":45525,"href":"https:\/\/wmzpn.pl\/index.php?rest_route=\/wp\/v2\/posts\/45518\/revisions\/45525"}],"wp:featuredmedia":[{"embeddable":true,"href":"https:\/\/wmzpn.pl\/index.php?rest_route=\/wp\/v2\/media\/40877"}],"wp:attachment":[{"href":"https:\/\/wmzpn.pl\/index.php?rest_route=%2Fwp%2Fv2%2Fmedia&parent=45518"}],"wp:term":[{"taxonomy":"category","embeddable":true,"href":"https:\/\/wmzpn.pl\/index.php?rest_route=%2Fwp%2Fv2%2Fcategories&post=45518"},{"taxonomy":"post_tag","embeddable":true,"href":"https:\/\/wmzpn.pl\/index.php?rest_route=%2Fwp%2Fv2%2Ftags&post=45518"}],"curies":[{"name":"wp","href":"https:\/\/api.w.org\/{rel}","templated":true}]}}