{"id":45187,"date":"2025-05-13T08:01:42","date_gmt":"2025-05-13T08:01:42","guid":{"rendered":"https:\/\/wmzpn.pl\/?p=45187"},"modified":"2025-05-13T08:01:42","modified_gmt":"2025-05-13T08:01:42","slug":"komunikat-z-posiedzenia-zarzadu-wmzpn-z-dnia-12-maja-2025-roku","status":"publish","type":"post","link":"https:\/\/wmzpn.pl\/?p=45187","title":{"rendered":"Komunikat z posiedzenia Zarz\u0105du WMZPN z dnia 12 maja 2025 roku"},"content":{"rendered":"\n<p>W poniedzia\u0142ek 12 maja odby\u0142o si\u0119 posiedzenie Zarz\u0105du WMZPN, kt\u00f3rym uczestniczyli Cz\u0142onkowie Zarzadu, Komisji Rewizyjnej, Przewodnicz\u0105cy Komisji oraz Dyrektor i Kierownicy Dzia\u0142\u00f3w Biura WMZPN.<\/p>\n\n\n\n<p>Poni\u017cej g\u0142\u00f3wne tematy i decyzje.<\/p>\n\n\n\n<p>Zarz\u0105d najpierw zatwierdzi\u0142 protoko\u0142y ze Sprawodawczo-Wyborczego Walnego Zebrania Delegat\u00f3w z dnia 25 kwietnia i pierwszego posiedzenia Zarz\u0105du, r\u00f3wnie\u017c z dnia 25 kwietnia.<\/p>\n\n\n\n<p>Nast\u0119pnie uczestnicy zebrania zapoznali si\u0119 z prezentacj\u0105 dotycz\u0105c\u0105 funkcjonowania WMZPN, w tym jego zada\u0144, struktury organizacyjnej i finans\u00f3w oraz rozpocz\u0119li dyskusj\u0119 o planie pracy na rok 2025 oraz na ca\u0142\u0105 kadencj\u0119 2025-2029. Zarz\u0105d zdecydowa\u0142 o rozpocz\u0119ciu prac nad d\u0142ugoterminow\u0105 strategi\u0105 na lata 2026-2035. <\/p>\n\n\n\n<p>Powo\u0142ano Komisj\u0119 Marketingu i Komunikacji (<a href=\"https:\/\/wmzpn.pl\/?p=45177\">https:\/\/wmzpn.pl\/?p=45177<\/a>) oraz nowy sk\u0142ad Kolegium S\u0119dzi\u00f3w (<a href=\"https:\/\/wmzpn.pl\/?p=45181\">https:\/\/wmzpn.pl\/?p=45181<\/a>). Sk\u0142ady pozosta\u0142ych Komisji b\u0119d\u0105 zatwierdzanie na kolejnym posiedzeniu Zarz\u0105du, zaplanowanym na 16 czerwca. Zach\u0119camy Kluby do zg\u0142aszania Prezesowi os\u00f3b ch\u0119tnych do dzia\u0142ania w komisjach WMZPN w kadencji 2025-2029.<\/p>\n\n\n\n<p>Zarz\u0105d dokona\u0142 wst\u0119pnej akceptacji kierunk\u00f3w zmian do regulamin\u00f3w rozgrywek na sezon 2025\/2026. W ci\u0105gu tygodnia zostan\u0105 przygotowane szczeg\u00f3\u0142owe projekty regulamin\u00f3w i rozpoczn\u0105 si\u0119 konsultacje ze \u015brodowiskiem pi\u0142karskim naszego wojew\u00f3dztwa. G\u0142\u00f3wnie zmiany, kt\u00f3re Zarz\u0105d chce zaproponowa\u0107 to wi\u0119ksza elastyczno\u015b\u0107 w systemie rozgrywek dzieci\u0119cych i m\u0142odzie\u017cowych, nad kt\u00f3rym b\u0119dzie czuwa\u0107 powstaj\u0105ca Komisja Pi\u0142karstwa M\u0142odzie\u017cowego WMZPN, a tak\u017ce odej\u015bcie od obowi\u0105zku skanowania deklaracji gry amatora i do\u0142\u0105czania jej w systemie Extranet do wniosku o uprawnienie zawodnik\u00f3w.<\/p>\n\n\n\n<p>Rozmawiano o kalendarzu rozgrywek na sezon 2025\/2026. Zdecydowano, \u017ce 26-27 lipca odb\u0119d\u0105 si\u0119 mecze Bank Sp\u00f3\u0142dzielczy w Szczytnie Wojew\u00f3dzkiego Pucharu Polski, a 2-3 sierpnia wystartuje forBET IV Ligi i Klasa Okr\u0119gowa. Pozosta\u0142e klasy rozgrywkowe i kategorie wiekowe b\u0119d\u0105 rusza\u0107 sukcesywnie w sierpniu i z pocz\u0105tkiem wrze\u015bnia. Szczeg\u00f3\u0142owy kalendarz wszystkich klas rozgrywkowych i kategorii wiekowych zostanie zatwierdzony na kolejnym posiedzeniu Zarz\u0105du w dniu 16 czerwca. To, co ju\u017c teraz wiemy, to na pewno wszystkie rozgrywki b\u0119d\u0105 mia\u0142y w tym sezonie wolne w weekend 1-2 listopada, gdy\u017c w sobot\u0119 przypada \u015awi\u0119to Zmar\u0142ych.<\/p>\n\n\n\n<p>Zarz\u0105d zatwierdzi\u0142 r\u00f3wnie\u017c kandydat\u00f3w na delegat\u00f3w meczowych szczebla centralnego na sezon 2025\/2026. Zosta\u0142a nimi dotychczasowa tr\u00f3jka: Mariusz Perlejewski, Sebastian Wo\u017aniak i Marcin \u017by\u0142ka oraz Jaros\u0142aw Sielski, kt\u00f3ry zast\u0119puje ko\u0144cz\u0105cego limit wieku Marka Sztera.<\/p>\n","protected":false},"excerpt":{"rendered":"<p>W poniedzia\u0142ek 12 maja odby\u0142o si\u0119 posiedzenie Zarz\u0105du WMZPN, kt\u00f3rym uczestniczyli Cz\u0142onkowie Zarzadu, Komisji Rewizyjnej, Przewodnicz\u0105cy Komisji oraz Dyrektor i Kierownicy Dzia\u0142\u00f3w Biura WMZPN. Poni\u017cej g\u0142\u00f3wne tematy i decyzje. Zarz\u0105d najpierw zatwierdzi\u0142 protoko\u0142y ze Sprawodawczo-Wyborczego Walnego Zebrania Delegat\u00f3w z dnia 25 kwietnia i pierwszego posiedzenia Zarz\u0105du, r\u00f3wnie\u017c z dnia 25 kwietnia. Nast\u0119pnie uczestnicy zebrania zapoznali [&hellip;]<\/p>\n","protected":false},"author":7,"featured_media":45189,"comment_status":"open","ping_status":"open","sticky":false,"template":"","format":"standard","meta":{"footnotes":""},"categories":[12],"tags":[],"class_list":["post-45187","post","type-post","status-publish","format-standard","has-post-thumbnail","hentry","category-aktualnosci"],"_links":{"self":[{"href":"https:\/\/wmzpn.pl\/index.php?rest_route=\/wp\/v2\/posts\/45187","targetHints":{"allow":["GET"]}}],"collection":[{"href":"https:\/\/wmzpn.pl\/index.php?rest_route=\/wp\/v2\/posts"}],"about":[{"href":"https:\/\/wmzpn.pl\/index.php?rest_route=\/wp\/v2\/types\/post"}],"author":[{"embeddable":true,"href":"https:\/\/wmzpn.pl\/index.php?rest_route=\/wp\/v2\/users\/7"}],"replies":[{"embeddable":true,"href":"https:\/\/wmzpn.pl\/index.php?rest_route=%2Fwp%2Fv2%2Fcomments&post=45187"}],"version-history":[{"count":1,"href":"https:\/\/wmzpn.pl\/index.php?rest_route=\/wp\/v2\/posts\/45187\/revisions"}],"predecessor-version":[{"id":45188,"href":"https:\/\/wmzpn.pl\/index.php?rest_route=\/wp\/v2\/posts\/45187\/revisions\/45188"}],"wp:featuredmedia":[{"embeddable":true,"href":"https:\/\/wmzpn.pl\/index.php?rest_route=\/wp\/v2\/media\/45189"}],"wp:attachment":[{"href":"https:\/\/wmzpn.pl\/index.php?rest_route=%2Fwp%2Fv2%2Fmedia&parent=45187"}],"wp:term":[{"taxonomy":"category","embeddable":true,"href":"https:\/\/wmzpn.pl\/index.php?rest_route=%2Fwp%2Fv2%2Fcategories&post=45187"},{"taxonomy":"post_tag","embeddable":true,"href":"https:\/\/wmzpn.pl\/index.php?rest_route=%2Fwp%2Fv2%2Ftags&post=45187"}],"curies":[{"name":"wp","href":"https:\/\/api.w.org\/{rel}","templated":true}]}}