{"id":44991,"date":"2025-04-28T13:24:15","date_gmt":"2025-04-28T13:24:15","guid":{"rendered":"https:\/\/wmzpn.pl\/?p=44991"},"modified":"2025-04-28T13:24:16","modified_gmt":"2025-04-28T13:24:16","slug":"konsultacja-szkoleniowa-kadry-wmzpn-rocznika-2013-5","status":"publish","type":"post","link":"https:\/\/wmzpn.pl\/?p=44991","title":{"rendered":"Konsultacja szkoleniowa Kadry WMZPN rocznika 2013"},"content":{"rendered":"\n<p>5 maja w Olsztynie odb\u0119d\u0105 si\u0119 dwie konsultacje Kadry WMZPN rocznika 2013. <\/p>\n\n\n\n<div class=\"wp-block-file\"><a id=\"wp-block-file--media-62e2b622-1ee8-4b3e-bd57-ac49bf7ed491\" href=\"https:\/\/wmzpn.pl\/wp-content\/uploads\/2025\/04\/powolanie_2013_05.05.2025_olsztyn_A.pdf\">Lista powo\u0142anych grupy 1<\/a><a href=\"https:\/\/wmzpn.pl\/wp-content\/uploads\/2025\/04\/powolanie_2013_05.05.2025_olsztyn_A.pdf\" class=\"wp-block-file__button wp-element-button\" download aria-describedby=\"wp-block-file--media-62e2b622-1ee8-4b3e-bd57-ac49bf7ed491\">Pobierz<\/a><\/div>\n\n\n\n<div class=\"wp-block-file\"><a id=\"wp-block-file--media-c07d360e-c1c2-4ddd-a7d8-f0dd680bd692\" href=\"https:\/\/wmzpn.pl\/wp-content\/uploads\/2025\/04\/powolanie_2013_05.05.2025_olsztyn_B.pdf\">Lista powo\u0142anych grupy 2<\/a><a href=\"https:\/\/wmzpn.pl\/wp-content\/uploads\/2025\/04\/powolanie_2013_05.05.2025_olsztyn_B.pdf\" class=\"wp-block-file__button wp-element-button\" download aria-describedby=\"wp-block-file--media-c07d360e-c1c2-4ddd-a7d8-f0dd680bd692\">Pobierz<\/a><\/div>\n\n\n\n<p>Zbi\u00f3rka zawodnik\u00f3w grupy 1, dnia 5 maja br. (poniedzia\u0142ek) o godzinie 8:45, boisko Naki ul. Tuwima 22 w Olsztynie.<\/p>\n\n\n\n<p>Zbi\u00f3rka zawodnik\u00f3w grupy 2, dnia 5 maja br. (poniedzia\u0142ek) o godzinie 11:00, boisko Naki ul. Tuwima 22 w Olsztynie.<\/p>\n","protected":false},"excerpt":{"rendered":"<p>5 maja w Olsztynie odb\u0119d\u0105 si\u0119 dwie konsultacje Kadry WMZPN rocznika 2013. Zbi\u00f3rka zawodnik\u00f3w grupy 1, dnia 5 maja br. (poniedzia\u0142ek) o godzinie 8:45, boisko Naki ul. Tuwima 22 w Olsztynie. Zbi\u00f3rka zawodnik\u00f3w grupy 2, dnia 5 maja br. (poniedzia\u0142ek) o godzinie 11:00, boisko Naki ul. Tuwima 22 w Olsztynie.<\/p>\n","protected":false},"author":11,"featured_media":44994,"comment_status":"open","ping_status":"open","sticky":false,"template":"","format":"standard","meta":{"footnotes":""},"categories":[12,67],"tags":[],"class_list":["post-44991","post","type-post","status-publish","format-standard","has-post-thumbnail","hentry","category-aktualnosci","category-kadry-wmzpn"],"_links":{"self":[{"href":"https:\/\/wmzpn.pl\/index.php?rest_route=\/wp\/v2\/posts\/44991","targetHints":{"allow":["GET"]}}],"collection":[{"href":"https:\/\/wmzpn.pl\/index.php?rest_route=\/wp\/v2\/posts"}],"about":[{"href":"https:\/\/wmzpn.pl\/index.php?rest_route=\/wp\/v2\/types\/post"}],"author":[{"embeddable":true,"href":"https:\/\/wmzpn.pl\/index.php?rest_route=\/wp\/v2\/users\/11"}],"replies":[{"embeddable":true,"href":"https:\/\/wmzpn.pl\/index.php?rest_route=%2Fwp%2Fv2%2Fcomments&post=44991"}],"version-history":[{"count":1,"href":"https:\/\/wmzpn.pl\/index.php?rest_route=\/wp\/v2\/posts\/44991\/revisions"}],"predecessor-version":[{"id":44995,"href":"https:\/\/wmzpn.pl\/index.php?rest_route=\/wp\/v2\/posts\/44991\/revisions\/44995"}],"wp:featuredmedia":[{"embeddable":true,"href":"https:\/\/wmzpn.pl\/index.php?rest_route=\/wp\/v2\/media\/44994"}],"wp:attachment":[{"href":"https:\/\/wmzpn.pl\/index.php?rest_route=%2Fwp%2Fv2%2Fmedia&parent=44991"}],"wp:term":[{"taxonomy":"category","embeddable":true,"href":"https:\/\/wmzpn.pl\/index.php?rest_route=%2Fwp%2Fv2%2Fcategories&post=44991"},{"taxonomy":"post_tag","embeddable":true,"href":"https:\/\/wmzpn.pl\/index.php?rest_route=%2Fwp%2Fv2%2Ftags&post=44991"}],"curies":[{"name":"wp","href":"https:\/\/api.w.org\/{rel}","templated":true}]}}