{"id":44901,"date":"2025-04-22T10:34:26","date_gmt":"2025-04-22T10:34:26","guid":{"rendered":"https:\/\/wmzpn.pl\/?p=44901"},"modified":"2025-05-11T18:56:21","modified_gmt":"2025-05-11T18:56:21","slug":"biskupiec-i-ketrzyn-gospodarzami-turnieju-uefa-development-u16-2","status":"publish","type":"post","link":"https:\/\/wmzpn.pl\/?p=44901","title":{"rendered":"Biskupiec i K\u0119trzyn gospodarzami turnieju UEFA Development U16!"},"content":{"rendered":"<div class=\"container-article news-article__lead border-bottom-diagonal fw-bold\">\n<p><b>W dniach 12-18 maja 2025 Reprezentacja Polski do lat 16 we\u017amie udzia\u0142 w mi\u0119dzynarodowym turnieju &#8220;UEFA DEVELOPMENT U16&#8221;, a miastami gospodarzami b\u0119d\u0105 ponownie Biskupiec i K\u0119trzyn.<\/b><\/p>\n<p>Bia\u0142o-czerwoni w ramach rozgrywek rywalizowa\u0107 b\u0119d\u0105 z r\u00f3wie\u015bnikami z <strong>Irlandii, Kanady i Egiptu.<\/strong> Dlaczego w turnieju UEFA zagraj\u0105 dru\u017cyny spoza Europy? Jest to mo\u017cliwe dzi\u0119ki programowi <strong>UEFA Together<\/strong>, <em>kt\u00f3ry ma<span class=\"relative -mx-px my-[-0.2rem] rounded px-px py-[0.2rem] transition-colors duration-100 ease-in-out\">\u00a0na celu globalny rozw\u00f3j pi\u0142ki no\u017cnej poprzez wsp\u00f3\u0142prac\u0119 UEFA z pi\u0119cioma siostrzanymi konfederacjami: AFC (Azja), CAF (Afryka), CONCACAF (Ameryka P\u00f3\u0142nocna i \u015arodkowa), CONMEBOL (Ameryka Po\u0142udniowa) oraz OFC (Oceania).<\/span> <\/em><span class=\"relative -mx-px my-[-0.2rem] rounded px-px py-[0.2rem] transition-colors duration-100 ease-in-out\"><em>Program ten opiera si\u0119 na wymianie wiedzy, do\u015bwiadcze\u0144 i wsp\u00f3lnych projektach, wspieraj\u0105c rozw\u00f3j pi\u0142ki no\u017cnej na ca\u0142ym \u015bwiecie<\/em>. <\/span><\/p>\n<p><span class=\"relative -mx-px my-[-0.2rem] rounded px-px py-[0.2rem] transition-colors duration-100 ease-in-out\">Jednym z tych projekt\u00f3w b\u0119dzie w\u0142a\u015bnie turniej rozgrywany w Biskupcu i K\u0119trzynie. <\/span>Baza noclegowa wszystkich reprezentacji zostanie zorganizowana w Mr\u0105gowie<b>. Wst\u0119p na mecze b\u0119dzie bezp\u0142atny. Serdecznie zapraszamy szczeg\u00f3lnie szko\u0142y oraz grupy zorganizowane!<\/b><\/p>\n<\/div>\n<div class=\"container-article news-article__lead border-bottom-diagonal fw-bold\">\n<p><span style=\"color: #ffffff; background-color: #ff0000;\"><strong>\u00a0TERMINARZ\u00a0<\/strong><\/span><\/p>\n<p><strong>13.05.2025 (wtorek)<\/strong><br \/>\nPolska &#8211; Irlandia | g. 11:00 &#8211; K\u0119trzyn<br \/>\nEgipt- Kanada | g. 14:00 &#8211; Biskupiec<\/p>\n<p><strong>15.05.2025 (czwartek)<\/strong><br \/>\nPolska &#8211; Egipt | g. 11:00 &#8211; K\u0119trzyn<br \/>\nKanada &#8211; Irlandia | g. 14:00 &#8211; Biskupiec<\/p>\n<p><strong>18.05.2025 (niedziela)<\/strong><br \/>\nIrlandia &#8211; Egipt | g. 10:00 &#8211; K\u0119trzyn<br \/>\nKanada &#8211; Polska | g. 10:00 \u2013 Biskupiec<\/p>\n<\/div>\n<div>\n<div class=\"news-section\">\n<div class=\"article-simple container-article\">\n<div class=\"article-simple__text\">\n<p><span style=\"color: #ffffff; background-color: #ff0000;\"><strong>\u00a0BILETY\u00a0<\/strong><\/span><\/p>\n<p>Wst\u0119p na mecze jest bezp\u0142atny, ale trzeba posiada\u0107 darmow\u0105 wej\u015bci\u00f3wk\u0119.<br \/>\nBilety mo\u017cna odbiera\u0107 w nast\u0119puj\u0105cych lokalizacjach:<\/p>\n<p><strong><span style=\"color: #ffffff; background-color: #333333;\">\u00a0K\u0118TRZYN\u00a0<\/span> \u2013 bilety dost\u0119pne od <span style=\"text-decoration: underline;\">5 maja 2025 r.<\/span><\/strong><br \/>\n&#8211; PIK K\u0119trzyn, Plac marsza\u0142ka J\u00f3zefa Pi\u0142sudskiego 10\/1 | <strong>pn-pt <\/strong>w godz. 8.00 &#8211; 15.00<br \/>\n&#8211; Kompleks Rekreacyjno-Sportowy &#8220;K\u0118TRZYNIANKA&#8221; ul. Szpitalna 1 | <strong>pn-pt<\/strong> w godz. 7.00 &#8211; 15.00<br \/>\n&#8211; Stadion Miejski u. Bydgoska 20 | <strong>pn-pt<\/strong> w godz. 7:00 &#8211; 15:00<br \/>\nOsoba odpowiedzialna za dystrybucj\u0119 bilet\u00f3w <strong>Krystian Kosik tel. 797 512 331<\/strong><\/p>\n<p><em><strong>Je\u015bli Tw\u00f3j klub, szko\u0142a lub klasa<\/strong> <\/em>jest zainteresowana wej\u015bciem grupowym na mecz, napisz wiadomo\u015b\u0107 na adres <em><strong>biuro@mosir-ketrzyn.pl<\/strong><\/em><\/p>\n<p><strong><span style=\"color: #ffffff; background-color: #333333;\">\u00a0BISKUPIEC\u00a0<\/span> \u2013 bilety dost\u0119pne od <span style=\"text-decoration: underline;\">5 maja 2025 r.<\/span><\/strong><br \/>\n\u2013 Punkt Informacji Turystycznej w Biskupcu , Pl. Wolno\u015bci 5c. |<br \/>\n<strong>wt-nd<\/strong> w godz. 10:00-18:00<br \/>\nOsoba odpowiedzialna za dystrybucj\u0119 bilet\u00f3w <strong>Janusz Szczawi\u0144ski tel. 667 772 695<\/strong><\/p>\n<p><em><strong>Je\u015bli Tw\u00f3j klub, szko\u0142a lub klasa<\/strong><\/em> jest zainteresowana wej\u015bciem grupowym na mecz, napisz wiadomo\u015b\u0107 na adres <strong>cktis<\/strong><em><strong>@biskupiec.pl<\/strong><\/em><\/p>\n<p><span style=\"background-color: #ff0000; color: #ffffff;\"><strong>\u00a0AKREDYTACJE\u00a0<\/strong><\/span><\/p>\n<p>Udzia\u0142 medi\u00f3w w meczach b\u0119dzie mo\u017cliwy po \u00f3wczesnym z\u0142o\u017ceniu wniosku o akredytacj\u0119. Akredytacje przyznawane b\u0119d\u0105 na wszystkie mecze rozgrywane w danej miejscowo\u015bci, jednak ich ilo\u015b\u0107 b\u0119dzie ograniczona.<\/p>\n<p>Wnioski mo\u017cna sk\u0142ada\u0107<strong> do 12 maja<\/strong>\u00a0<strong>2025, do godz. 16:00<\/strong> wy\u0142\u0105cznie poprzez formularz dost\u0119pny <a href=\"http:\/\/wmzpn.pl\/?page_id=37937\" target=\"_blank\" rel=\"noopener\">-&gt;\u00a0TUTAJ<\/a><\/p>\n<p>Akredytacje b\u0119d\u0105 rozdawane kasach biletowych w dniach meczowych na 1,5 h przed meczem \u2013 do rozpocz\u0119cia meczu.<\/p>\n<p><span style=\"background-color: #ff0000; color: #ffffff;\"><strong>\u00a0WSP\u00d3\u0141ORGANIZATORZY\u00a0<\/strong><\/span><\/p>\n<p>Wsp\u00f3\u0142organizatorami turnieju <strong>UEFA Development<\/strong> <strong>U16<\/strong> s\u0105:<br \/>\n<strong>Centrum Kultury, Turystyki i Sportu w Biskupcu<br \/>\nBKS T\u0119cza Biskupiec<br \/>\n<\/strong><strong>Miejski O\u015brodek Sportu i Rekreacji w K\u0119trzynie<br \/>\nGranica K\u0119trzyn.<\/strong><\/p>\n<p><img loading=\"lazy\" decoding=\"async\" class=\"alignnone size-full wp-image-44905\" src=\"https:\/\/wmzpn.pl\/wp-content\/uploads\/2025\/04\/Warstwa-1.jpg\" alt=\"\" width=\"1920\" height=\"328\" srcset=\"https:\/\/wmzpn.pl\/wp-content\/uploads\/2025\/04\/Warstwa-1.jpg 1920w, https:\/\/wmzpn.pl\/wp-content\/uploads\/2025\/04\/Warstwa-1-300x51.jpg 300w, https:\/\/wmzpn.pl\/wp-content\/uploads\/2025\/04\/Warstwa-1-1024x175.jpg 1024w, https:\/\/wmzpn.pl\/wp-content\/uploads\/2025\/04\/Warstwa-1-768x131.jpg 768w, https:\/\/wmzpn.pl\/wp-content\/uploads\/2025\/04\/Warstwa-1-1536x262.jpg 1536w, https:\/\/wmzpn.pl\/wp-content\/uploads\/2025\/04\/Warstwa-1-696x119.jpg 696w, https:\/\/wmzpn.pl\/wp-content\/uploads\/2025\/04\/Warstwa-1-1068x182.jpg 1068w\" sizes=\"auto, (max-width: 1920px) 100vw, 1920px\" \/><\/p>\n<\/div>\n<\/div>\n<\/div>\n<\/div>\n","protected":false},"excerpt":{"rendered":"<p>W dniach 12-18 maja 2025 Reprezentacja Polski do lat 16 we\u017amie udzia\u0142 w mi\u0119dzynarodowym turnieju &#8220;UEFA DEVELOPMENT U16&#8221;, a miastami gospodarzami b\u0119d\u0105 ponownie Biskupiec i K\u0119trzyn. Bia\u0142o-czerwoni w ramach rozgrywek rywalizowa\u0107 b\u0119d\u0105 z r\u00f3wie\u015bnikami z Irlandii, Kanady i Egiptu. Dlaczego w turnieju UEFA zagraj\u0105 dru\u017cyny spoza Europy? Jest to mo\u017cliwe dzi\u0119ki programowi UEFA Together, kt\u00f3ry [&hellip;]<\/p>\n","protected":false},"author":2,"featured_media":44906,"comment_status":"open","ping_status":"open","sticky":false,"template":"","format":"standard","meta":{"footnotes":""},"categories":[12,26],"tags":[],"class_list":["post-44901","post","type-post","status-publish","format-standard","has-post-thumbnail","hentry","category-aktualnosci","category-zwiazek-news"],"_links":{"self":[{"href":"https:\/\/wmzpn.pl\/index.php?rest_route=\/wp\/v2\/posts\/44901","targetHints":{"allow":["GET"]}}],"collection":[{"href":"https:\/\/wmzpn.pl\/index.php?rest_route=\/wp\/v2\/posts"}],"about":[{"href":"https:\/\/wmzpn.pl\/index.php?rest_route=\/wp\/v2\/types\/post"}],"author":[{"embeddable":true,"href":"https:\/\/wmzpn.pl\/index.php?rest_route=\/wp\/v2\/users\/2"}],"replies":[{"embeddable":true,"href":"https:\/\/wmzpn.pl\/index.php?rest_route=%2Fwp%2Fv2%2Fcomments&post=44901"}],"version-history":[{"count":5,"href":"https:\/\/wmzpn.pl\/index.php?rest_route=\/wp\/v2\/posts\/44901\/revisions"}],"predecessor-version":[{"id":48677,"href":"https:\/\/wmzpn.pl\/index.php?rest_route=\/wp\/v2\/posts\/44901\/revisions\/48677"}],"wp:featuredmedia":[{"embeddable":true,"href":"https:\/\/wmzpn.pl\/index.php?rest_route=\/wp\/v2\/media\/44906"}],"wp:attachment":[{"href":"https:\/\/wmzpn.pl\/index.php?rest_route=%2Fwp%2Fv2%2Fmedia&parent=44901"}],"wp:term":[{"taxonomy":"category","embeddable":true,"href":"https:\/\/wmzpn.pl\/index.php?rest_route=%2Fwp%2Fv2%2Fcategories&post=44901"},{"taxonomy":"post_tag","embeddable":true,"href":"https:\/\/wmzpn.pl\/index.php?rest_route=%2Fwp%2Fv2%2Ftags&post=44901"}],"curies":[{"name":"wp","href":"https:\/\/api.w.org\/{rel}","templated":true}]}}