{"id":44845,"date":"2025-04-14T08:50:43","date_gmt":"2025-04-14T08:50:43","guid":{"rendered":"https:\/\/wmzpn.pl\/?p=44845"},"modified":"2025-04-14T08:50:44","modified_gmt":"2025-04-14T08:50:44","slug":"mobilna-akademia-mlodych-orlow-doceniona-przez-uefa","status":"publish","type":"post","link":"https:\/\/wmzpn.pl\/?p=44845","title":{"rendered":"Mobilna Akademia M\u0142odych Or\u0142\u00f3w doceniona przez UEFA"},"content":{"rendered":"\n<p><strong>Na kilka dni Sopot sta\u0142 si\u0119 stolic\u0105 amatorskiej pi\u0142ki no\u017cnej. Od 8 do 10 kwietnia, po raz pierwszy w&nbsp;historii, Polska by\u0142a gospodarzem presti\u017cowej konferencji UEFA Grassroots 2025 \u2013 najwa\u017cniejszego wydarzenia, po\u015bwi\u0119conego pi\u0142ce amatorskiej. Co szczeg\u00f3lne, podczas konferencji PZPN odebra\u0142 r\u00f3wnie\u017c presti\u017cow\u0105 nagrod\u0119 UEFA Grassroots Award za projekt Mobilnej Akademii M\u0142odych Or\u0142\u00f3w.<\/strong><\/p>\n\n\n\n<p><strong>Sopot centrum pi\u0142karskiego \u015bwiata<\/strong><\/p>\n\n\n\n<p>Przez trzy dni ok. 200 uczestnik\u00f3w reprezentuj\u0105cych wszystkie 55 federacji cz\u0142onkowskich UEFA, a tak\u017ce go\u015bcie z FIFA, CONMEBOL i organizacji pozarz\u0105dowych dyskutowa\u0142o nt. mo\u017cliwych \u015bcie\u017cek rozwoju pi\u0142ki amatorskiej podczas XIV edycji UEFA Grassroots Conference. Tematem przewodnim wydarzenia by\u0142o has\u0142o \u201eZawodnik na pierwszym miejscu\u201d (\u201ePlayer First\u201d), co oddaje ducha pi\u0142ki amatorskiej \u2013 futbolu dost\u0119pnego dla ka\u017cdego, niezale\u017cnie od wieku, p\u0142ci, poziomu umiej\u0119tno\u015bci czy sprawno\u015bci.<\/p>\n\n\n\n<p>Przyznanie Polsce roli gospodarza nie by\u0142o przypadkiem. Nasz kraj od lat wyr\u00f3\u017cnia si\u0119 konsekwentnym zaanga\u017cowaniem w rozw\u00f3j pi\u0142ki amatorskiej, dzieci\u0119cej i inkluzyjnej. Projekty PZPN \u2013 takie jak UEFA Playmakers, Puchar Tymbarku, Futbol Plus, football3 czy Mobilna Akademia M\u0142odych Or\u0142\u00f3w \u2013 s\u0105 dzi\u015b inspiracj\u0105 dla wielu federacji w Europie.<em> \u2013 To dla nas fantastyczna okazja, \u017ceby nie tylko zaprezentowa\u0107 to, co uda\u0142o si\u0119 wypracowa\u0107 przez ostatnie lata, ale tak\u017ce by uczy\u0107 si\u0119 od innych federacji i inspirowa\u0107 si\u0119 ich rozwi\u0105zaniami. Futbol amatorski to praca zespo\u0142owa \u2013 w skali lokalnej, krajowej i mi\u0119dzynarodowej \u2013 <\/em>m\u00f3wi Przemys\u0142aw Pr\u0119tkiewicz, dyrektor Departamentu Pi\u0142ki Amatorskiej PZPN. Jak podkre\u015blaj\u0105 przedstawiciele UEFA, Polska nie tylko wdra\u017ca wytyczne organizacji, ale cz\u0119sto je wsp\u00f3\u0142tworzy i wyznacza nowe standardy.<\/p>\n\n\n\n<p><strong>Mobilna Akademia M\u0142odych Or\u0142\u00f3w doceniona przez UEFA<\/strong><\/p>\n\n\n\n<p>Podczas konferencji Polska odebra\u0142a presti\u017cow\u0105 nagrod\u0119 UEFA Grassroots Award w kategorii \u201eNajlepsza inicjatywa edukacyjna\u201d za projekt Mobilnej Akademii M\u0142odych Or\u0142\u00f3w \u2013 to jeden z pi\u0119ciu projekt\u00f3w w ca\u0142ej Europie uhonorowanych w sezonie 2024\/25.<\/p>\n\n\n\n<p>Mobilna Akademia dzia\u0142a od 2018 roku i zapewnia wsparcie szkoleniowe trenerom dzieci w wieku 6\u201313 lat poprzez warsztaty, treningi pokazowe i edukacj\u0119 rodzic\u00f3w. <em>\u2013 Zacz\u0119li\u015bmy od podstaw, bo to w\u0142a\u015bnie tam brakowa\u0142o najwi\u0119cej jako\u015bciowego wsparcia. Dzi\u015b mamy 32 trener\u00f3w, kt\u00f3rzy codziennie pracuj\u0105 w regionach. To projekt, kt\u00f3ry dzia\u0142a ju\u017c si\u00f3dmy rok z rz\u0119du i z kt\u00f3rego korzysta oko\u0142o 40 tysi\u0119cy dzieci rocznie \u2013<\/em> podkre\u015bli\u0142 Pr\u0119tkiewicz.<\/p>\n\n\n\n<figure class=\"wp-block-image size-large\"><img loading=\"lazy\" decoding=\"async\" width=\"1024\" height=\"683\" src=\"https:\/\/wmzpn.pl\/wp-content\/uploads\/2025\/04\/UEFA-Grassroots-Conference_4-1-1024x683.jpg\" alt=\"\" class=\"wp-image-44848\" srcset=\"https:\/\/wmzpn.pl\/wp-content\/uploads\/2025\/04\/UEFA-Grassroots-Conference_4-1-1024x683.jpg 1024w, https:\/\/wmzpn.pl\/wp-content\/uploads\/2025\/04\/UEFA-Grassroots-Conference_4-1-300x200.jpg 300w, https:\/\/wmzpn.pl\/wp-content\/uploads\/2025\/04\/UEFA-Grassroots-Conference_4-1-768x512.jpg 768w, https:\/\/wmzpn.pl\/wp-content\/uploads\/2025\/04\/UEFA-Grassroots-Conference_4-1-1536x1024.jpg 1536w, https:\/\/wmzpn.pl\/wp-content\/uploads\/2025\/04\/UEFA-Grassroots-Conference_4-1-2048x1366.jpg 2048w, https:\/\/wmzpn.pl\/wp-content\/uploads\/2025\/04\/UEFA-Grassroots-Conference_4-1-696x464.jpg 696w, https:\/\/wmzpn.pl\/wp-content\/uploads\/2025\/04\/UEFA-Grassroots-Conference_4-1-1068x712.jpg 1068w, https:\/\/wmzpn.pl\/wp-content\/uploads\/2025\/04\/UEFA-Grassroots-Conference_4-1-630x420.jpg 630w\" sizes=\"auto, (max-width: 1024px) 100vw, 1024px\" \/><\/figure>\n\n\n\n<p>Obok otwartych trening\u00f3w dost\u0119pnych dla wszystkich trener\u00f3w i nauczycieli wychowania fizycznego w danym regionie, Mobilna Akademia M\u0142odych Or\u0142\u00f3w k\u0142adzie szczeg\u00f3lny nacisk na wsparcie amatorskich trener\u00f3w w ich w\u0142asnym \u015brodowisku i z ich zawodnikami. <em>\u2013 Trenerzy, bior\u0105cy udzia\u0142 w programie, wykonuj\u0105 kilka rodzaj\u00f3w dzia\u0142a\u0144. Jednym z nich s\u0105 w\u0142a\u015bnie wizyty edukacyjne w klubach. Zapraszamy na nie wszystkich szkoleniowc\u00f3w z danego klubu, aby wsp\u00f3lnie obserwowa\u0107 treningi i wyci\u0105ga\u0107 wnioski, jak mo\u017cna jeszcze podnosi\u0107 jako\u015b\u0107 pracy z m\u0142odymi zawodnikami. Dzi\u0119ki po\u0142\u0105czenia teorii z praktyk\u0105 w realnym \u015brodowisku, osi\u0105gamy najlepsze efekty w edukacji trener\u00f3w \u2013 <\/em>t\u0142umaczy Mateusz Rozwadowski, koordynator Mobilnej Akademii M\u0142odych Or\u0142\u00f3w.<\/p>\n\n\n\n<p>Jednym z kluczowych element\u00f3w projektu jest tak\u017ce edukacja rodzic\u00f3w m\u0142odych zawodnik\u00f3w \u2013 obszar, na kt\u00f3ry PZPN k\u0142adzie coraz wi\u0119kszy nacisk. <em>\u2013 Pocz\u0105tkowo skupiali\u015bmy si\u0119 g\u0142\u00f3wnie na trenerach i zawodnikach, ale z czasem zrozumieli\u015bmy, \u017ce zachowanie rodzic\u00f3w odgrywa ogromn\u0105 rol\u0119 w rozwoju dzieci. Dlatego zdecydowali\u015bmy si\u0119 wprowadzi\u0107 dzia\u0142ania edukacyjne tak\u017ce dla nich, by lepiej wspierali swoje dzieci \u2013<\/em> m\u00f3wi Pr\u0119tkiewicz.<\/p>\n\n\n\n<p>W trakcie konferencji wyr\u00f3\u017cniono r\u00f3wnie\u017c inicjatywy z Danii (\u201eA part of the team\u201d \u2013 dla m\u0142odzie\u017cy z ADHD i autyzmem), Niemiec (VfL Bochum \u2013 zaj\u0119cia ruchowe dla dzieci), Norwegii (Sm\u00f8r\u00e5s IL \u2013 klub jako centrum lokalnej spo\u0142eczno\u015bci) oraz Szwajcarii (\u201ePlay More Football\u201d \u2013 elastyczne formy gry dla dzieci bez wynik\u00f3w i tabel).<\/p>\n\n\n\n<p><strong>Sopot \u2013 pi\u0142karska przestrze\u0144 otwarta dla wszystkich<\/strong><\/p>\n\n\n\n<p>Wyr\u00f3\u017cnikiem tegorocznej edycji konferencji by\u0142o otwarte boisko zlokalizowane na Skwerze Kuracyjnym, tu\u017c obok hotelu Sheraton. Przez trzy dni odbywa\u0142y si\u0119 tam r\u00f3\u017cnorodne aktywno\u015bci pi\u0142karskie: football3, UEFA Playmakers, walking football, turnieje dziewcz\u0105t i ch\u0142opc\u00f3w, strefa EA Skills Games czy bramka celno\u015bciowa. Dla mieszka\u0144c\u00f3w Tr\u00f3jmiasta przygotowano specjalne sesje otwarte \u2013 z nagrodami i mo\u017cliwo\u015bci\u0105 bezpo\u015bredniego udzia\u0142u w programie wydarzenia.<\/p>\n\n\n\n<figure class=\"wp-block-image size-large\"><img loading=\"lazy\" decoding=\"async\" width=\"1024\" height=\"682\" src=\"https:\/\/wmzpn.pl\/wp-content\/uploads\/2025\/04\/UEFA-Grassroots-Conference_2-1024x682.jpg\" alt=\"\" class=\"wp-image-44849\" srcset=\"https:\/\/wmzpn.pl\/wp-content\/uploads\/2025\/04\/UEFA-Grassroots-Conference_2-1024x682.jpg 1024w, https:\/\/wmzpn.pl\/wp-content\/uploads\/2025\/04\/UEFA-Grassroots-Conference_2-300x200.jpg 300w, https:\/\/wmzpn.pl\/wp-content\/uploads\/2025\/04\/UEFA-Grassroots-Conference_2-768x512.jpg 768w, https:\/\/wmzpn.pl\/wp-content\/uploads\/2025\/04\/UEFA-Grassroots-Conference_2-1536x1023.jpg 1536w, https:\/\/wmzpn.pl\/wp-content\/uploads\/2025\/04\/UEFA-Grassroots-Conference_2-2048x1364.jpg 2048w, https:\/\/wmzpn.pl\/wp-content\/uploads\/2025\/04\/UEFA-Grassroots-Conference_2-696x464.jpg 696w, https:\/\/wmzpn.pl\/wp-content\/uploads\/2025\/04\/UEFA-Grassroots-Conference_2-1068x712.jpg 1068w, https:\/\/wmzpn.pl\/wp-content\/uploads\/2025\/04\/UEFA-Grassroots-Conference_2-630x420.jpg 630w\" sizes=\"auto, (max-width: 1024px) 100vw, 1024px\" \/><\/figure>\n\n\n\n<p>Stref\u0119 odwiedzi\u0142y m.in. zawodniczki AP ORLEN Gda\u0144sk \u2013 Jolanta Siwi\u0144ska i Anna Skrzypczyk \u2013 a tak\u017ce prezes Pomorskiego ZPN, Rados\u0142aw Michalski. By\u0142o to wydarzenie nie tylko eksperckie, ale i spo\u0142eczne \u2013 \u0142\u0105cz\u0105ce \u015brodowiska pi\u0142karskie, lokalne spo\u0142eczno\u015bci i mi\u0119dzynarodowych partner\u00f3w.<\/p>\n\n\n\n<p><strong>Nowy etap dla polskiego grassroots<\/strong><\/p>\n\n\n\n<p>Konferencja UEFA Grassroots 2025 to symboliczny moment dla polskiej pi\u0142ki amatorskiej. Pokaza\u0142a, \u017ce grassroots to nie peryferia futbolu, lecz jego fundament \u2013 miejsce, w kt\u00f3rym zaczyna si\u0119 wszystko. Dzi\u0119ki systemowej pracy PZPN oraz partnerstwom z UEFA, szko\u0142ami, klubami i NGO-sami, Polska sta\u0142a si\u0119 liderem zmiany \u2013 zmiany, kt\u00f3ra stawia cz\u0142owieka, relacje i rado\u015b\u0107 z gry w centrum uwagi.<\/p>\n\n\n\n<figure class=\"wp-block-image size-large\"><img loading=\"lazy\" decoding=\"async\" width=\"1024\" height=\"683\" src=\"https:\/\/wmzpn.pl\/wp-content\/uploads\/2025\/04\/UEFA-Grassroots-Conference_1-1024x683.jpg\" alt=\"\" class=\"wp-image-44850\" srcset=\"https:\/\/wmzpn.pl\/wp-content\/uploads\/2025\/04\/UEFA-Grassroots-Conference_1-1024x683.jpg 1024w, https:\/\/wmzpn.pl\/wp-content\/uploads\/2025\/04\/UEFA-Grassroots-Conference_1-300x200.jpg 300w, https:\/\/wmzpn.pl\/wp-content\/uploads\/2025\/04\/UEFA-Grassroots-Conference_1-768x512.jpg 768w, https:\/\/wmzpn.pl\/wp-content\/uploads\/2025\/04\/UEFA-Grassroots-Conference_1-1536x1024.jpg 1536w, https:\/\/wmzpn.pl\/wp-content\/uploads\/2025\/04\/UEFA-Grassroots-Conference_1-2048x1366.jpg 2048w, https:\/\/wmzpn.pl\/wp-content\/uploads\/2025\/04\/UEFA-Grassroots-Conference_1-696x464.jpg 696w, https:\/\/wmzpn.pl\/wp-content\/uploads\/2025\/04\/UEFA-Grassroots-Conference_1-1068x712.jpg 1068w, https:\/\/wmzpn.pl\/wp-content\/uploads\/2025\/04\/UEFA-Grassroots-Conference_1-630x420.jpg 630w\" sizes=\"auto, (max-width: 1024px) 100vw, 1024px\" \/><\/figure>\n","protected":false},"excerpt":{"rendered":"<p>Na kilka dni Sopot sta\u0142 si\u0119 stolic\u0105 amatorskiej pi\u0142ki no\u017cnej. Od 8 do 10 kwietnia, po raz pierwszy w&nbsp;historii, Polska by\u0142a gospodarzem presti\u017cowej konferencji UEFA Grassroots 2025 \u2013 najwa\u017cniejszego wydarzenia, po\u015bwi\u0119conego pi\u0142ce amatorskiej. Co szczeg\u00f3lne, podczas konferencji PZPN odebra\u0142 r\u00f3wnie\u017c presti\u017cow\u0105 nagrod\u0119 UEFA Grassroots Award za projekt Mobilnej Akademii M\u0142odych Or\u0142\u00f3w. Sopot centrum pi\u0142karskiego \u015bwiata [&hellip;]<\/p>\n","protected":false},"author":11,"featured_media":44846,"comment_status":"open","ping_status":"open","sticky":false,"template":"","format":"standard","meta":{"footnotes":""},"categories":[12],"tags":[],"class_list":["post-44845","post","type-post","status-publish","format-standard","has-post-thumbnail","hentry","category-aktualnosci"],"_links":{"self":[{"href":"https:\/\/wmzpn.pl\/index.php?rest_route=\/wp\/v2\/posts\/44845","targetHints":{"allow":["GET"]}}],"collection":[{"href":"https:\/\/wmzpn.pl\/index.php?rest_route=\/wp\/v2\/posts"}],"about":[{"href":"https:\/\/wmzpn.pl\/index.php?rest_route=\/wp\/v2\/types\/post"}],"author":[{"embeddable":true,"href":"https:\/\/wmzpn.pl\/index.php?rest_route=\/wp\/v2\/users\/11"}],"replies":[{"embeddable":true,"href":"https:\/\/wmzpn.pl\/index.php?rest_route=%2Fwp%2Fv2%2Fcomments&post=44845"}],"version-history":[{"count":1,"href":"https:\/\/wmzpn.pl\/index.php?rest_route=\/wp\/v2\/posts\/44845\/revisions"}],"predecessor-version":[{"id":44851,"href":"https:\/\/wmzpn.pl\/index.php?rest_route=\/wp\/v2\/posts\/44845\/revisions\/44851"}],"wp:featuredmedia":[{"embeddable":true,"href":"https:\/\/wmzpn.pl\/index.php?rest_route=\/wp\/v2\/media\/44846"}],"wp:attachment":[{"href":"https:\/\/wmzpn.pl\/index.php?rest_route=%2Fwp%2Fv2%2Fmedia&parent=44845"}],"wp:term":[{"taxonomy":"category","embeddable":true,"href":"https:\/\/wmzpn.pl\/index.php?rest_route=%2Fwp%2Fv2%2Fcategories&post=44845"},{"taxonomy":"post_tag","embeddable":true,"href":"https:\/\/wmzpn.pl\/index.php?rest_route=%2Fwp%2Fv2%2Ftags&post=44845"}],"curies":[{"name":"wp","href":"https:\/\/api.w.org\/{rel}","templated":true}]}}