{"id":44758,"date":"2025-04-12T16:52:18","date_gmt":"2025-04-12T16:52:18","guid":{"rendered":"https:\/\/wmzpn.pl\/?p=44758"},"modified":"2025-04-13T08:50:46","modified_gmt":"2025-04-13T08:50:46","slug":"powstanie-podrecznik-dobrych-praktyk-z-zakresu-klubowego-marketingu-i-komunikacji","status":"publish","type":"post","link":"https:\/\/wmzpn.pl\/?p=44758","title":{"rendered":"Powstanie podr\u0119cznik dobrych praktyk z zakresu klubowego marketingu i komunikacji"},"content":{"rendered":"\n<p>Pod koniec marca z inicjatywy WMZPN odby\u0142o si\u0119 spotkanie os\u00f3b odpowiedzialnych w kilkunastu klubach naszego wojew\u00f3dztwa za obszar marketingu i komunikacji. Efektem tego spotkania jest rozpocz\u0119cie prac nad stworzeniem podr\u0119cznika dobrych praktyk z zakresu klubowego marketingu i komunikacji oraz zainicjowanie powstania przy WMZPN Komisji Marketingu i Komunikacji.<\/p>\n\n\n\n<p>Je\u015bli kto\u015b jest ch\u0119tny pom\u00f3c przy tworzeniu takiego podr\u0119cznika prosimy o kontakt z Emilem Wojd\u0105, Dyrektorem Biura WMZPN &#8211; <a href=\"mailto:emil.wojda@wmzpn.pl\">emil.wojda@wmzpn.pl<\/a><\/p>\n\n\n\n<p>W pierwszej kolejno\u015bci zamierzamy opracowa\u0107 porady w nast\u0119puj\u0105cych obszarach:<\/p>\n\n\n\n<ul class=\"wp-block-list\">\n<li>social media (facebook, youtube, instagram, titktok, X)<\/li>\n\n\n\n<li>gad\u017cety klubowe<\/li>\n\n\n\n<li>transmisje mecz\u00f3w i video tre\u015bci na sociale (np. wywiady, kulisy, pojedyncze akcje z mecz\u00f3w)<\/li>\n\n\n\n<li>tworzenie grafik<\/li>\n\n\n\n<li>strona www<\/li>\n\n\n\n<li>organizacja i promocja meczu, w szczeg\u00f3lno\u015bci &#8220;\u015bci\u0105gni\u0119cie kibic\u00f3w&#8221; i atrakcyjne otoczenie meczu (np. strefa cateringowa, strefa dla dzieci)<\/li>\n\n\n\n<li>organizacja pracy, pozyskiwanie ludzi z wewn\u0105trz klubu i z zewn\u0105trz<\/li>\n<\/ul>\n\n\n\n<p>Nast\u0119pnie zajmiemy si\u0119 kolejnymi tematami w szeroko poj\u0119tym obszarze marketingu klubowego i komunikacji.<\/p>\n\n\n\n<p>Osoby, kt\u00f3re do tej pory wyrazi\u0142y ch\u0119\u0107 zaanga\u017cowania si\u0119 w tworzenie podr\u0119cznika i udzia\u0142u w pracach Komisji Marketingu i Komunikacji WMZPN:<\/p>\n\n\n\n<ol class=\"wp-block-list\">\n<li>Emilia Nowicka \u2013 Olimpia Olsztynek<\/li>\n\n\n\n<li>Justyna Niedzielska \u2013 T\u0119cza Biskupiec<\/li>\n\n\n\n<li>Pawe\u0142 Jakubowski \u2013 Constract Lubawa<\/li>\n\n\n\n<li>Bartek Waszczuk \u2013 Rominta Go\u0142dap<\/li>\n\n\n\n<li>Max Rogalski \u2013 Drw\u0119ca NML<\/li>\n\n\n\n<li>Krystian Knobelzdorf \u2013 GKS Wikielec<\/li>\n\n\n\n<li>Maciej \u017bynda \u2013 Sok\u00f3\u0142 Ostr\u00f3da<\/li>\n\n\n\n<li>Pawe\u0142 Wicha \u2013 Zamek Kurz\u0119tnik<\/li>\n\n\n\n<li>Micha\u0142 Libuda \u2013 Concordia Elbl\u0105g<\/li>\n\n\n\n<li>Mateusz Fiodorowicz \u2013 B\u0142\u0119kitni Orneta<\/li>\n\n\n\n<li>\u0141ukasz Wietecha \u2013 Drewneks Samp\u0142awa<\/li>\n\n\n\n<li>Dawid Murawski \u2013 Mazur E\u0142k<\/li>\n\n\n\n<li>Rafa\u0142 Ba\u0142dyga \u2013 Gwardia Szczytno<\/li>\n\n\n\n<li>Piotr Lipski \u2013 GKS Stawiguda \/ WMZPN<\/li>\n\n\n\n<li>Rafa\u0142 Herman \u2013 WMZPN<\/li>\n\n\n\n<li>Emil Wojda \u2013 WMZPN<\/li>\n\n\n\n<li>Marek Kleitz \u2013 komentator sportowy, dziennikarz<\/li>\n<\/ol>\n","protected":false},"excerpt":{"rendered":"<p>Pod koniec marca z inicjatywy WMZPN odby\u0142o si\u0119 spotkanie os\u00f3b odpowiedzialnych w kilkunastu klubach naszego wojew\u00f3dztwa za obszar marketingu i komunikacji. Efektem tego spotkania jest rozpocz\u0119cie prac nad stworzeniem podr\u0119cznika dobrych praktyk z zakresu klubowego marketingu i komunikacji oraz zainicjowanie powstania przy WMZPN Komisji Marketingu i Komunikacji. Je\u015bli kto\u015b jest ch\u0119tny pom\u00f3c przy tworzeniu takiego [&hellip;]<\/p>\n","protected":false},"author":7,"featured_media":44836,"comment_status":"open","ping_status":"open","sticky":false,"template":"","format":"standard","meta":{"footnotes":""},"categories":[12,26],"tags":[],"class_list":["post-44758","post","type-post","status-publish","format-standard","has-post-thumbnail","hentry","category-aktualnosci","category-zwiazek-news"],"_links":{"self":[{"href":"https:\/\/wmzpn.pl\/index.php?rest_route=\/wp\/v2\/posts\/44758","targetHints":{"allow":["GET"]}}],"collection":[{"href":"https:\/\/wmzpn.pl\/index.php?rest_route=\/wp\/v2\/posts"}],"about":[{"href":"https:\/\/wmzpn.pl\/index.php?rest_route=\/wp\/v2\/types\/post"}],"author":[{"embeddable":true,"href":"https:\/\/wmzpn.pl\/index.php?rest_route=\/wp\/v2\/users\/7"}],"replies":[{"embeddable":true,"href":"https:\/\/wmzpn.pl\/index.php?rest_route=%2Fwp%2Fv2%2Fcomments&post=44758"}],"version-history":[{"count":6,"href":"https:\/\/wmzpn.pl\/index.php?rest_route=\/wp\/v2\/posts\/44758\/revisions"}],"predecessor-version":[{"id":44839,"href":"https:\/\/wmzpn.pl\/index.php?rest_route=\/wp\/v2\/posts\/44758\/revisions\/44839"}],"wp:featuredmedia":[{"embeddable":true,"href":"https:\/\/wmzpn.pl\/index.php?rest_route=\/wp\/v2\/media\/44836"}],"wp:attachment":[{"href":"https:\/\/wmzpn.pl\/index.php?rest_route=%2Fwp%2Fv2%2Fmedia&parent=44758"}],"wp:term":[{"taxonomy":"category","embeddable":true,"href":"https:\/\/wmzpn.pl\/index.php?rest_route=%2Fwp%2Fv2%2Fcategories&post=44758"},{"taxonomy":"post_tag","embeddable":true,"href":"https:\/\/wmzpn.pl\/index.php?rest_route=%2Fwp%2Fv2%2Ftags&post=44758"}],"curies":[{"name":"wp","href":"https:\/\/api.w.org\/{rel}","templated":true}]}}