{"id":44658,"date":"2025-03-28T19:56:37","date_gmt":"2025-03-28T19:56:37","guid":{"rendered":"https:\/\/wmzpn.pl\/?p=44658"},"modified":"2025-03-28T19:56:38","modified_gmt":"2025-03-28T19:56:38","slug":"powolania-na-konsultacje-szkoleniowa-kadry-wmzpn-rocznika-2014","status":"publish","type":"post","link":"https:\/\/wmzpn.pl\/?p=44658","title":{"rendered":"Powo\u0142ania na konsultacj\u0119 szkoleniow\u0105 Kadry WMZPN rocznika 2014"},"content":{"rendered":"\n<p>Rozpoczynamy konsultacje szkoleniowe Kadry WMZPN rocznika 2014. Pierwsze z nich odb\u0119d\u0105 si\u0119 3 kwietnia w Olsztynie.<\/p>\n\n\n\n<div class=\"wp-block-file\"><a id=\"wp-block-file--media-f996c9d3-00dd-4ef1-8272-cb1a51009931\" href=\"https:\/\/wmzpn.pl\/wp-content\/uploads\/2025\/03\/powolanie_2014_3.04.2024_olsztyn_grupa_1.pdf\">Lista powo\u0142anych grupa 1<\/a><a href=\"https:\/\/wmzpn.pl\/wp-content\/uploads\/2025\/03\/powolanie_2014_3.04.2024_olsztyn_grupa_1.pdf\" class=\"wp-block-file__button wp-element-button\" download aria-describedby=\"wp-block-file--media-f996c9d3-00dd-4ef1-8272-cb1a51009931\">Pobierz<\/a><\/div>\n\n\n\n<div class=\"wp-block-file\"><a id=\"wp-block-file--media-f596db79-4204-4b35-973f-c8ac7797e775\" href=\"https:\/\/wmzpn.pl\/wp-content\/uploads\/2025\/03\/powolanie_2014_3.04.2024_olsztyn_grupa_2.pdf\">Lista powo\u0142anych grupa 2<\/a><a href=\"https:\/\/wmzpn.pl\/wp-content\/uploads\/2025\/03\/powolanie_2014_3.04.2024_olsztyn_grupa_2.pdf\" class=\"wp-block-file__button wp-element-button\" download aria-describedby=\"wp-block-file--media-f596db79-4204-4b35-973f-c8ac7797e775\">Pobierz<\/a><\/div>\n\n\n\n<p>Zbi\u00f3rka zawodnik\u00f3w grupy 1, dnia 3 kwietnia br. (czwartek) o godzinie 9:15, boisko sztuczne przy ul. \u017bytniej 71 w Olsztynie,<\/p>\n\n\n\n<p>Zbi\u00f3rka zawodnik\u00f3w grupy 2, dnia 3 kwietnia br. (czwartek) o godzinie 11:30, boisko sztuczne przy ul. \u017bytniej 71 w Olsztynie.<\/p>\n","protected":false},"excerpt":{"rendered":"<p>Rozpoczynamy konsultacje szkoleniowe Kadry WMZPN rocznika 2014. Pierwsze z nich odb\u0119d\u0105 si\u0119 3 kwietnia w Olsztynie. Zbi\u00f3rka zawodnik\u00f3w grupy 1, dnia 3 kwietnia br. (czwartek) o godzinie 9:15, boisko sztuczne przy ul. \u017bytniej 71 w Olsztynie, Zbi\u00f3rka zawodnik\u00f3w grupy 2, dnia 3 kwietnia br. (czwartek) o godzinie 11:30, boisko sztuczne przy ul. \u017bytniej 71 w [&hellip;]<\/p>\n","protected":false},"author":11,"featured_media":44662,"comment_status":"open","ping_status":"open","sticky":false,"template":"","format":"standard","meta":{"footnotes":""},"categories":[12,67],"tags":[],"class_list":["post-44658","post","type-post","status-publish","format-standard","has-post-thumbnail","hentry","category-aktualnosci","category-kadry-wmzpn"],"_links":{"self":[{"href":"https:\/\/wmzpn.pl\/index.php?rest_route=\/wp\/v2\/posts\/44658","targetHints":{"allow":["GET"]}}],"collection":[{"href":"https:\/\/wmzpn.pl\/index.php?rest_route=\/wp\/v2\/posts"}],"about":[{"href":"https:\/\/wmzpn.pl\/index.php?rest_route=\/wp\/v2\/types\/post"}],"author":[{"embeddable":true,"href":"https:\/\/wmzpn.pl\/index.php?rest_route=\/wp\/v2\/users\/11"}],"replies":[{"embeddable":true,"href":"https:\/\/wmzpn.pl\/index.php?rest_route=%2Fwp%2Fv2%2Fcomments&post=44658"}],"version-history":[{"count":1,"href":"https:\/\/wmzpn.pl\/index.php?rest_route=\/wp\/v2\/posts\/44658\/revisions"}],"predecessor-version":[{"id":44661,"href":"https:\/\/wmzpn.pl\/index.php?rest_route=\/wp\/v2\/posts\/44658\/revisions\/44661"}],"wp:featuredmedia":[{"embeddable":true,"href":"https:\/\/wmzpn.pl\/index.php?rest_route=\/wp\/v2\/media\/44662"}],"wp:attachment":[{"href":"https:\/\/wmzpn.pl\/index.php?rest_route=%2Fwp%2Fv2%2Fmedia&parent=44658"}],"wp:term":[{"taxonomy":"category","embeddable":true,"href":"https:\/\/wmzpn.pl\/index.php?rest_route=%2Fwp%2Fv2%2Fcategories&post=44658"},{"taxonomy":"post_tag","embeddable":true,"href":"https:\/\/wmzpn.pl\/index.php?rest_route=%2Fwp%2Fv2%2Ftags&post=44658"}],"curies":[{"name":"wp","href":"https:\/\/api.w.org\/{rel}","templated":true}]}}