{"id":44550,"date":"2025-03-21T13:21:53","date_gmt":"2025-03-21T13:21:53","guid":{"rendered":"https:\/\/wmzpn.pl\/?p=44550"},"modified":"2025-03-26T10:09:10","modified_gmt":"2025-03-26T10:09:10","slug":"kacik-historyczny-wojciecha-linowa-brazowy-medal-pucharu-im-dr-jerzego-michalowicza-w-2004-roku","status":"publish","type":"post","link":"https:\/\/wmzpn.pl\/?p=44550","title":{"rendered":"K\u0105cik historyczny Wojciecha Linowa &#8211; Br\u0105zowy medal Pucharu im.dr. Jerzego Micha\u0142owicza w 2004 roku"},"content":{"rendered":"<p>Kadra wojew\u00f3dztwa Warmi\u0144sko-Mazurskiego rocznik 1989, w 2002 roku zaj\u0119\u0142a drugie miejsce w finale Pucharu Kazimierza G\u00f3rskiego w Szczecinie. Przegra\u0142a w finale rzutami karnymi z reprezentacj\u0105 wojew\u00f3dztwa Kujawsko-Pomorskiego. W sezonie 2002-2003 kadra gra\u0142a bardzo nier\u00f3wno i zaj\u0119\u0142a dopiero trzecie miejsce w makroregionie. Do fina\u0142u awansowa\u0142 zesp\u00f3\u0142 \u0141odzi, kt\u00f3ry wygra\u0142 wszystkie spotkania &#8211; 18 punkt\u00f3w oraz Mazowsze z siedmioma punktami. Nasza dru\u017cyna zdoby\u0142a 5 punkt\u00f3w, a Podlasie 3 punkty. W swoim trzecim sezonie gry rywalizowa\u0142a w turnieju o Puchar im. Jerzego Micha\u0142owicza dla 15 latk\u00f3w. Nasz zesp\u00f3\u0142 podobnie gra\u0142 nier\u00f3wno. Potrafi\u0142 wysoko pokona\u0107 zesp\u00f3\u0142 Mazowsza w Olsztynie 4:1. Gorzej by\u0142o na wyjazdach. Wygra\u0142 tak\u017ce dwa spotkania w Olsztynie wiosn\u0105 2004 roku z Podlasiem 4:1 i 3:2 z \u0141odzi\u0105.<\/p>\n<ol>\n<li>Mazowsze 13 pkt 18:8<\/li>\n<li>Warmia i Mazury 9 pkt 14:16<\/li>\n<li>\u0141\u00f3d\u017a 8 pkt 13:9<\/li>\n<li>Podlasie 4pkt 6:18<\/li>\n<\/ol>\n<p>Turniej fina\u0142owy odby\u0142 si\u0119 w Policach w dniach 5-10 lipca 2004 roku. Nasza reprezentacja pojecha\u0142a przed fina\u0142em na pi\u0119ciodniowe zgrupowanie. Zapozna\u0142a si\u0119 z obiektami oraz odby\u0142a kilka trening\u00f3w graj\u0105c nawet na sztucznej nawierzchni. W grupie rywalami by\u0142y zespo\u0142y Wielkopolski, \u015al\u0105ska oraz Podkarpacia. W pierwszym spotkaniu po doskona\u0142ej grze w drugiej po\u0142owie Warmia i Mazury pokona\u0142a Wielkopolsk\u0119 a\u017c 4:1 dwie bramki zdoby\u0142 Gizi\u0144ski, po bramce do\u0142o\u017cyli Chili\u0144ski i \u0141awryjaniec.<\/p>\n<p><img loading=\"lazy\" decoding=\"async\" class=\"aligncenter wp-image-44562 size-large\" src=\"https:\/\/wmzpn.pl\/wp-content\/uploads\/2025\/03\/3-1024x924.jpg\" alt=\"\" width=\"640\" height=\"578\" srcset=\"https:\/\/wmzpn.pl\/wp-content\/uploads\/2025\/03\/3-1024x924.jpg 1024w, https:\/\/wmzpn.pl\/wp-content\/uploads\/2025\/03\/3-300x271.jpg 300w, https:\/\/wmzpn.pl\/wp-content\/uploads\/2025\/03\/3-768x693.jpg 768w, https:\/\/wmzpn.pl\/wp-content\/uploads\/2025\/03\/3-696x628.jpg 696w, https:\/\/wmzpn.pl\/wp-content\/uploads\/2025\/03\/3-1068x964.jpg 1068w, https:\/\/wmzpn.pl\/wp-content\/uploads\/2025\/03\/3-465x420.jpg 465w, https:\/\/wmzpn.pl\/wp-content\/uploads\/2025\/03\/3.jpg 1537w\" sizes=\"auto, (max-width: 640px) 100vw, 640px\" \/><\/p>\n<p>Drugie spotkanie nasz zesp\u00f3\u0142 przegra\u0142 bardzo pechowo z dru\u017cyn\u0105 ze \u015al\u0105ska 1:2 &#8211; bramk\u0119 strzeli\u0142 Chili\u0144ski. Mimo przewagi o wygranej rywali zdecydowa\u0142 b\u0142\u0105d w \u015brodku boiska. Trzecie spotkanie w grupie z dru\u017cyn\u0105 z Podkarpacia zesp\u00f3\u0142 bez problemu wygra\u0142 2:0 &#8211; bramki Chili\u0144ski i Tomczyk.<\/p>\n<ol>\n<li>\u015al\u0105sk &#8211; 6 pkt &#8211; 6:5<\/li>\n<li>Warmia i Mazury &#8211; 6 pkt &#8211; 7:3<\/li>\n<li>Podkarpacie &#8211; 3 pkt &#8211; 2:5<\/li>\n<li>Wielkopolska &#8211; 3 pkt &#8211; 3:6<\/li>\n<\/ol>\n<p>W spotkaniu o br\u0105zowy medal, po dniu przerwy, Warmia i Mazury spotka\u0142a si\u0119 z dru\u017cyn\u0105 gospodarzy Zachodniopomorskiego Zwi\u0105zku Pi\u0142ki No\u017cnej. Dru\u017cyna ta zaj\u0119\u0142a drugie miejsce w swojej grupie. Przegra\u0142a z Mazowszem oraz pokona\u0142a Opole i Lublin.<\/p>\n<p><img loading=\"lazy\" decoding=\"async\" class=\"aligncenter wp-image-44552 size-large\" src=\"https:\/\/wmzpn.pl\/wp-content\/uploads\/2025\/03\/2-769x1024.jpg\" alt=\"\" width=\"640\" height=\"852\" srcset=\"https:\/\/wmzpn.pl\/wp-content\/uploads\/2025\/03\/2-769x1024.jpg 769w, https:\/\/wmzpn.pl\/wp-content\/uploads\/2025\/03\/2-225x300.jpg 225w, https:\/\/wmzpn.pl\/wp-content\/uploads\/2025\/03\/2-768x1023.jpg 768w, https:\/\/wmzpn.pl\/wp-content\/uploads\/2025\/03\/2-1153x1536.jpg 1153w, https:\/\/wmzpn.pl\/wp-content\/uploads\/2025\/03\/2-696x927.jpg 696w, https:\/\/wmzpn.pl\/wp-content\/uploads\/2025\/03\/2-1068x1423.jpg 1068w, https:\/\/wmzpn.pl\/wp-content\/uploads\/2025\/03\/2-315x420.jpg 315w, https:\/\/wmzpn.pl\/wp-content\/uploads\/2025\/03\/2.jpg 1537w\" sizes=\"auto, (max-width: 640px) 100vw, 640px\" \/><\/p>\n<p><strong>Zesp\u00f3\u0142 Warmii i Mazur zachowa\u0142 wi\u0119cej si\u0142, graj\u0105c w upale pokona\u0142 gospodarzy turnieju 2:0 &#8211;<\/strong> bramki zdobywali Gizi\u0144ski i Chili\u0144ski. Puchar Micha\u0142owicza zdoby\u0142a dru\u017cyna Mazowsza, kt\u00f3ra pokona\u0142a 3:1 \u015al\u0105sk. Adrian Gizi\u0144ski zosta\u0142 kr\u00f3lem strzelc\u00f3w w turnieju.<\/p>\n<p><img loading=\"lazy\" decoding=\"async\" class=\"aligncenter wp-image-44553 size-large\" src=\"https:\/\/wmzpn.pl\/wp-content\/uploads\/2025\/03\/4-769x1024.jpg\" alt=\"\" width=\"640\" height=\"852\" srcset=\"https:\/\/wmzpn.pl\/wp-content\/uploads\/2025\/03\/4-769x1024.jpg 769w, https:\/\/wmzpn.pl\/wp-content\/uploads\/2025\/03\/4-225x300.jpg 225w, https:\/\/wmzpn.pl\/wp-content\/uploads\/2025\/03\/4-768x1023.jpg 768w, https:\/\/wmzpn.pl\/wp-content\/uploads\/2025\/03\/4-1153x1536.jpg 1153w, https:\/\/wmzpn.pl\/wp-content\/uploads\/2025\/03\/4-696x927.jpg 696w, https:\/\/wmzpn.pl\/wp-content\/uploads\/2025\/03\/4-1068x1423.jpg 1068w, https:\/\/wmzpn.pl\/wp-content\/uploads\/2025\/03\/4-315x420.jpg 315w, https:\/\/wmzpn.pl\/wp-content\/uploads\/2025\/03\/4.jpg 1537w\" sizes=\"auto, (max-width: 640px) 100vw, 640px\" \/><\/p>\n<p>Gazeta Olszty\u0144ska bardzo skromnie potraktowa\u0142a na swoich \u0142amach medalist\u00f3w.<\/p>\n<p><img loading=\"lazy\" decoding=\"async\" class=\"aligncenter wp-image-44563 size-full\" src=\"https:\/\/wmzpn.pl\/wp-content\/uploads\/2025\/03\/1-1.jpg\" alt=\"\" width=\"908\" height=\"1542\" srcset=\"https:\/\/wmzpn.pl\/wp-content\/uploads\/2025\/03\/1-1.jpg 908w, https:\/\/wmzpn.pl\/wp-content\/uploads\/2025\/03\/1-1-177x300.jpg 177w, https:\/\/wmzpn.pl\/wp-content\/uploads\/2025\/03\/1-1-603x1024.jpg 603w, https:\/\/wmzpn.pl\/wp-content\/uploads\/2025\/03\/1-1-768x1304.jpg 768w, https:\/\/wmzpn.pl\/wp-content\/uploads\/2025\/03\/1-1-904x1536.jpg 904w, https:\/\/wmzpn.pl\/wp-content\/uploads\/2025\/03\/1-1-696x1182.jpg 696w, https:\/\/wmzpn.pl\/wp-content\/uploads\/2025\/03\/1-1-247x420.jpg 247w\" sizes=\"auto, (max-width: 908px) 100vw, 908px\" \/><\/p>\n<p>Kadra trenerska tej dru\u017cyny Edward Szmul &#8211; Reszel Andrzej Korku\u0107 -Biskupiec Janusz Czerniewicz &#8211; Olsztyn i Wojciech Linow trener koordynator i kierownik ekipy.<\/p>\n<p><strong>Zdj\u0119cie zespo\u0142u:<\/strong><\/p>\n<p><img loading=\"lazy\" decoding=\"async\" class=\"aligncenter wp-image-44555 size-full\" src=\"https:\/\/wmzpn.pl\/wp-content\/uploads\/2025\/03\/z9-scaled.jpg\" alt=\"\" width=\"2560\" height=\"1807\" srcset=\"https:\/\/wmzpn.pl\/wp-content\/uploads\/2025\/03\/z9-scaled.jpg 2560w, https:\/\/wmzpn.pl\/wp-content\/uploads\/2025\/03\/z9-300x212.jpg 300w, https:\/\/wmzpn.pl\/wp-content\/uploads\/2025\/03\/z9-1024x723.jpg 1024w, https:\/\/wmzpn.pl\/wp-content\/uploads\/2025\/03\/z9-768x542.jpg 768w, https:\/\/wmzpn.pl\/wp-content\/uploads\/2025\/03\/z9-1536x1084.jpg 1536w, https:\/\/wmzpn.pl\/wp-content\/uploads\/2025\/03\/z9-2048x1445.jpg 2048w, https:\/\/wmzpn.pl\/wp-content\/uploads\/2025\/03\/z9-100x70.jpg 100w, https:\/\/wmzpn.pl\/wp-content\/uploads\/2025\/03\/z9-696x491.jpg 696w, https:\/\/wmzpn.pl\/wp-content\/uploads\/2025\/03\/z9-1068x754.jpg 1068w, https:\/\/wmzpn.pl\/wp-content\/uploads\/2025\/03\/z9-595x420.jpg 595w\" sizes=\"auto, (max-width: 2560px) 100vw, 2560px\" \/><\/p>\n<p>R\u00f3\u017cnie uk\u0142ada\u0142y si\u0119 kariery tych zawodnik\u00f3w. By\u0142 to tak\u017ce ostatni rocznik, kt\u00f3ry nie przeszed\u0142 szkolenia w Gimnazjalnym O\u015brodku w Olsztynie. Kilku z tych ch\u0142opc\u00f3w pr\u00f3bowa\u0142o rozwija\u0107 sw\u00f3j talent w o\u015brodkach m\u0142odzie\u017cowych w innych wojew\u00f3dztwach. Wi\u0119kszo\u015b\u0107 pozosta\u0142a na Warmii i Mazura graj\u0105c w swoich klubach. Przedstawi\u0119 sylwetki kilku z tej utalentowanej kadry<\/p>\n<p><strong><img loading=\"lazy\" decoding=\"async\" class=\"alignnone size-full wp-image-44556\" src=\"https:\/\/wmzpn.pl\/wp-content\/uploads\/2025\/03\/alan.jpg\" alt=\"\" width=\"200\" height=\"282\" \/> Pawe\u0142 Alancewicz<\/strong> urodzony 17 czerwca 1989 roku w Olsztynie wychowanek Stomilu Olsztyn. W latach 2002-2005 gra\u0142 w Naki Olsztyn. Kapitan reprezentacji wojew\u00f3dztwa warmi\u0144sko-mazurskiego rocznika 1989. Z t\u0105 dru\u017cyn\u0105 w 2002 roku zdoby\u0142 srebrny medal Pucharu Kazimierza G\u00f3rskiego, natomiast w 2004 roku br\u0105zowy medal Pucharu imienia Jerzego Micha\u0142owicza w Policach. Swoj\u0105 charyzm\u0105 dawa\u0142 przyk\u0142ad kolegom z dru\u017cyny. Jeszcze jako Junior gra\u0142 w seniorskich zespo\u0142ach Warmiaka \u0141ukta i Mr\u0105gowii Mr\u0105gowo.<\/p>\n<p>W sezonach 2007-2011 by\u0142 podstawowym zawodnikiem OKS 1945 Olsztyn graj\u0105cej w III lidze. Rozegra\u0142 w tym czasie <strong>73 spotkania, w kt\u00f3rych zdoby\u0142 17 bramek oraz w drugiej lidze 23 spotkania i 8 bramek<\/strong>.<\/p>\n<p><img loading=\"lazy\" decoding=\"async\" class=\"aligncenter wp-image-44557 size-large\" src=\"https:\/\/wmzpn.pl\/wp-content\/uploads\/2025\/03\/5-945x1024.jpg\" alt=\"\" width=\"640\" height=\"694\" srcset=\"https:\/\/wmzpn.pl\/wp-content\/uploads\/2025\/03\/5-945x1024.jpg 945w, https:\/\/wmzpn.pl\/wp-content\/uploads\/2025\/03\/5-277x300.jpg 277w, https:\/\/wmzpn.pl\/wp-content\/uploads\/2025\/03\/5-768x832.jpg 768w, https:\/\/wmzpn.pl\/wp-content\/uploads\/2025\/03\/5-696x754.jpg 696w, https:\/\/wmzpn.pl\/wp-content\/uploads\/2025\/03\/5-1068x1157.jpg 1068w, https:\/\/wmzpn.pl\/wp-content\/uploads\/2025\/03\/5-388x420.jpg 388w, https:\/\/wmzpn.pl\/wp-content\/uploads\/2025\/03\/5.jpg 1262w\" sizes=\"auto, (max-width: 640px) 100vw, 640px\" \/><\/p>\n<p>Awansowa\u0142 z dru\u017cyn\u0105 do pierwszej ligi. W sezonach 2011-2013 reprezentowa\u0142 barwy Polonii Bytom, w tym zespole rozegra\u0142 w pierwszej lidze <strong>16 spotka\u0144<\/strong>. Nast\u0119pnymi klubami Paw\u0142a by\u0142y: Stal Rzesz\u00f3w, w kt\u00f3rej zagra\u0142 sze\u015b\u0107 spotka\u0144. W latach 2014-18 gra\u0142 w czwartoligowych zespo\u0142ach Olimpii Olsztynek, M\u0142awianki M\u0142awa i B\u0142\u0119kitnych Pasym. Natomiast swoj\u0105 karier\u0119 ko\u0144czy\u0142 w latach 2018\/2023 w zespo\u0142ach DKS-u Dobre Miasto, GKS Stawiguda, Fortuna G\u0105g\u0142awki i Warmii Olsztyn. Og\u00f3\u0142em rozegra\u0142 w pierwszej lidze 39 spotka\u0144 i strzeli\u0142 dwie bramki.<\/p>\n<p>W drugiej lidze 7 spotka\u0144. W Pucharze Polski 5 mecz\u00f3w. Pawe\u0142 kontynuuje tradycje rodzinn\u0105 i prowadzi renomowany zak\u0142ad fryzjerski.<\/p>\n<p><strong><img loading=\"lazy\" decoding=\"async\" class=\"alignnone size-full wp-image-44558\" src=\"https:\/\/wmzpn.pl\/wp-content\/uploads\/2025\/03\/gizinski_adrian.jpg\" alt=\"\" width=\"140\" height=\"160\" \/>\u00a0Adrian Gizi\u0144ski<\/strong> urodzony 28 luty 1989 roku w Reszlu wychowanek UKS Orlik Reszel. Reprezentant wojew\u00f3dztwa warmi\u0144sko-mazurskiego w roczniku 1989. W 2002 roku zdoby\u0142 srebrny medal w Pucharze Kazimierza G\u00f3rskiego. <strong>Trener Dariusz Dziekanowski powo\u0142a\u0142 Adriana po tym turnieju do Kadry Polski junior\u00f3w U14<\/strong>. W 2004 roku zdoby\u0142 br\u0105zowy medal Pucharu im. Doktora Jerzego Micha\u0142owicza. Zosta\u0142 kr\u00f3lem strzelc\u00f3w tego turnieju. W sezonie 2004-2005 gra\u0142 w Orl\u0119tach Reszel. W latach 2005-2008 uczy\u0142 si\u0119 i gra\u0142 w Szk\u00f3\u0142ce Pi\u0142karskiej Amika Wronki. <strong>W sezonie 2005-2006 z dru\u017cyn\u0105 junior\u00f3w m\u0142odszych zaj\u0105\u0142 trzecie miejsce w finale Mistrzostw Polski<\/strong>. W sezonie 2007\/2008 podczas pobytu we Wronkach reprezentowa\u0142 barwy Lecha Pozna\u0144. W tym czasie rozegra\u0142 13 spotka\u0144 w m\u0142odej ekstraklasie. W sezonie 2008\/2009 gra\u0142 w zespole Sparta Szamotu\u0142y &#8211; 4 liga. Po zako\u0144czeniu szko\u0142y we Wronkach powr\u00f3ci\u0142 do Reszla i w latach 2009- 2023 reprezentowa\u0142 barwy rodzinnego miasta Reszel. Gra\u0142 w Orl\u0119tach w Klasie Okr\u0119gowej i IV lidze. Czo\u0142owy strzelec tego zespo\u0142u. Obecnie pracuje jako fizjoterapeuta.<\/p>\n<p><strong><img loading=\"lazy\" decoding=\"async\" class=\"alignnone size-full wp-image-44559\" src=\"https:\/\/wmzpn.pl\/wp-content\/uploads\/2025\/03\/przybylski_pawel.jpg\" alt=\"\" width=\"140\" height=\"160\" \/> Pawe\u0142 Przybylski<\/strong> urodzony 2 czerwca 1989 roku w Biskupcu. Wychowanek UKS Orlik Reszel, reprezentant wojew\u00f3dztwa w roczniku 1989- W 2002 roku srebrny medal w pucharze Kazimierza G\u00f3rskiego, a w 2004 roku br\u0105zowy medal Pucharu imienia Jerzego Micha\u0142owicza. W sezonie 2005\/2006 gra\u0142 w Orl\u0119tach Reszel. W latach 2005-2008 zosta\u0142 wypo\u017cyczony wraz z koleg\u0105 z Reszla, Adamem Gizi\u0144skim do Szk\u00f3\u0142ki Pi\u0142karskiej Amika Wronki. <strong>Powo\u0142any do kadry Polski junior\u00f3w U15 na turniej w Hiszpanii. Zagra\u0142 w meczu Polska \u2013 Rumunia. Powo\u0142any zosta\u0142 tak\u017ce do kadry U19, ale nie pojecha\u0142 z powodu kontuzji<\/strong>. <strong>W sezonie 2005\/2006 z dru\u017cyn\u0105 junior\u00f3w m\u0142odszych Amiki Wronki zaj\u0105\u0142 trzecie miejsce w Mistrzostwach Polski.<\/strong> W sezonach 2007-2009 reprezentowa\u0142 graj\u0105c\u0105 we Wronkach dru\u017cyn\u0119 junior\u00f3w Lecha Pozna\u0144 w m\u0142odej ekstraklasie. Nast\u0119pnie gra\u0142 w zespole Tur Turek w II lidze. W sezonie 2010\/2011 wyst\u0119powa\u0142 w klubie Luborzanin Trzcianka. Po powrocie na Warmi\u0119 i Mazury w latach 2010-2017 reprezentowa\u0142 barwy Huragana Mor\u0105g. W 2010 roku by\u0142 sprawdzany w OKS 1945 Olsztyn. Karier\u0119 pi\u0142karsk\u0105 zako\u0144czy\u0142 graj\u0105c w sezonach 2017-20 w Orl\u0119tach Reszel.<\/p>\n<p><strong><img loading=\"lazy\" decoding=\"async\" class=\"alignnone size-full wp-image-44560\" src=\"https:\/\/wmzpn.pl\/wp-content\/uploads\/2025\/03\/kowalski_dawid.jpg\" alt=\"\" width=\"140\" height=\"160\" \/> Dawid Kowalski<\/strong> urodzony 3 lutego 1989 roku w I\u0142awie. Wychowanek Jezioraka I\u0142awa, reprezentant Warmii i Mazur &#8211; br\u0105zowy medal Pucharu im. Jerzego Micha\u0142owicza w 2004 roku w Policach. W latach 2005-2012 zawodnik Jezioraka I\u0142awa. Gra\u0142 w Klasie Okr\u0119gowej, IV Lidze, a tak\u017ce III lidze. <strong>W sezonach 2008\/2011 by\u0142 czo\u0142owym zawodnikiem drugoligowego Jezioraka<\/strong>. W 2009 roku \u2013 15 miejsce. W 2010 i 2011 \u2013 9 miejsce, W 2012 \u2013 15 miejsce i spadek.<\/p>\n<p>Po spadku przez rok gra\u0142 w Motorze Lubawa. W latach 2013-16 reprezentowa\u0142 barwy Soko\u0142a Ostr\u00f3da &#8211; pierwsze miejsce w III lidze i gra w bara\u017cach o II lig\u0119. Po powrocie do I\u0142awy w latach 2016-22 rozegra\u0142 84 spotkania. Zas\u0142u\u017cony zawodnik i\u0142awskiego klubu.<\/p>\n<p><strong style=\"color: initial; font-size: revert;\"><img loading=\"lazy\" decoding=\"async\" class=\"alignnone size-full wp-image-44561\" src=\"https:\/\/wmzpn.pl\/wp-content\/uploads\/2025\/03\/tomczyk_kamil_II.jpg\" alt=\"\" width=\"140\" height=\"160\" \/> Kamil Tomczyk<\/strong><span style=\"color: initial; font-size: revert;\"> urodzony 18 marca 1989 roku w Biskupcu Pomorskim &#8211; wychowanek klubu Ossa Biskupiec Pomorski. Reprezentant wojew\u00f3dztwa &#8211; Srebrny medal Pucharu Kazimierza G\u00f3rskiego w 2002 roku i br\u0105zowy medal Pucharu Micha\u0142owicza w 2004. W latach 2007-2008 gra\u0142 w zespole junior\u00f3w \u00a0Lechii Gda\u0144sk. Nast\u0119pnie w trzecioligowym Jezioraku I\u0142awa. Sezon 2008\/2009 sp\u0119dzi\u0142 w GKS Wikielec. <\/span><strong style=\"color: initial; font-size: revert;\">Po powrocie do Jezioraka I\u0142awa w sezonie 2009\/2010 rozegra\u0142 23 spotkania w drugiej lidze. <\/strong><span style=\"color: initial; font-size: revert;\">Kolejny sezon sp\u0119dzi\u0142 w Lechu Rypin. Karier\u0119 ko\u0144czy\u0142 w GKS-ie Wikielec w latach 2011-2019.<\/span><\/p>\n<p style=\"text-align: right;\">Wojciech Linow<\/p>\n<p>\u0179r\u00f3d\u0142o w\u0142asne\/Gazeta Olszty\u0144ska\/ 90minut<\/p>\n","protected":false},"excerpt":{"rendered":"<p>Kadra wojew\u00f3dztwa Warmi\u0144sko-Mazurskiego rocznik 1989, w 2002 roku zaj\u0119\u0142a drugie miejsce w finale Pucharu Kazimierza G\u00f3rskiego w Szczecinie. Przegra\u0142a w finale rzutami karnymi z reprezentacj\u0105 wojew\u00f3dztwa Kujawsko-Pomorskiego. W sezonie 2002-2003 kadra gra\u0142a bardzo nier\u00f3wno i zaj\u0119\u0142a dopiero trzecie miejsce w makroregionie. Do fina\u0142u awansowa\u0142 zesp\u00f3\u0142 \u0141odzi, kt\u00f3ry wygra\u0142 wszystkie spotkania &#8211; 18 punkt\u00f3w oraz Mazowsze [&hellip;]<\/p>\n","protected":false},"author":11,"featured_media":44570,"comment_status":"open","ping_status":"open","sticky":false,"template":"","format":"standard","meta":{"footnotes":""},"categories":[12,288],"tags":[],"class_list":["post-44550","post","type-post","status-publish","format-standard","has-post-thumbnail","hentry","category-aktualnosci","category-kacik-historyczny-wojciecha-linowa"],"_links":{"self":[{"href":"https:\/\/wmzpn.pl\/index.php?rest_route=\/wp\/v2\/posts\/44550","targetHints":{"allow":["GET"]}}],"collection":[{"href":"https:\/\/wmzpn.pl\/index.php?rest_route=\/wp\/v2\/posts"}],"about":[{"href":"https:\/\/wmzpn.pl\/index.php?rest_route=\/wp\/v2\/types\/post"}],"author":[{"embeddable":true,"href":"https:\/\/wmzpn.pl\/index.php?rest_route=\/wp\/v2\/users\/11"}],"replies":[{"embeddable":true,"href":"https:\/\/wmzpn.pl\/index.php?rest_route=%2Fwp%2Fv2%2Fcomments&post=44550"}],"version-history":[{"count":8,"href":"https:\/\/wmzpn.pl\/index.php?rest_route=\/wp\/v2\/posts\/44550\/revisions"}],"predecessor-version":[{"id":44605,"href":"https:\/\/wmzpn.pl\/index.php?rest_route=\/wp\/v2\/posts\/44550\/revisions\/44605"}],"wp:featuredmedia":[{"embeddable":true,"href":"https:\/\/wmzpn.pl\/index.php?rest_route=\/wp\/v2\/media\/44570"}],"wp:attachment":[{"href":"https:\/\/wmzpn.pl\/index.php?rest_route=%2Fwp%2Fv2%2Fmedia&parent=44550"}],"wp:term":[{"taxonomy":"category","embeddable":true,"href":"https:\/\/wmzpn.pl\/index.php?rest_route=%2Fwp%2Fv2%2Fcategories&post=44550"},{"taxonomy":"post_tag","embeddable":true,"href":"https:\/\/wmzpn.pl\/index.php?rest_route=%2Fwp%2Fv2%2Ftags&post=44550"}],"curies":[{"name":"wp","href":"https:\/\/api.w.org\/{rel}","templated":true}]}}