{"id":44198,"date":"2025-02-20T07:52:59","date_gmt":"2025-02-20T07:52:59","guid":{"rendered":"https:\/\/wmzpn.pl\/?p=44198"},"modified":"2025-02-21T10:48:17","modified_gmt":"2025-02-21T10:48:17","slug":"kacik-historyczny-wojciecha-linowa-bartosz-bialkowski","status":"publish","type":"post","link":"https:\/\/wmzpn.pl\/?p=44198","title":{"rendered":"K\u0105cik historyczny Wojciecha Linowa &#8211; Bartosz Bia\u0142kowski"},"content":{"rendered":"<p><strong>Bartosz Bia\u0142kowski urodzony 6 lipca 1987 roku w Braniewie<\/strong>. pierwsze lata sp\u0119dzi\u0142 w Braniewie, gdzie jego rodzice ojciec Marek i matka Malwina pracowali w Wojsku Polskim. W 1994 roku rodzina Bia\u0142kowskich z dw\u00f3jk\u0105 dzieci przeprowadzi\u0142a si\u0119 s\u0142u\u017cbowo do Elbl\u0105ga. Zamieszkali przy ul. Lotniczej, a z okien wida\u0107 by\u0142o boisko przy ulicy Skrzydlatej. Pierwsze lata pi\u0142karskie przygody Bartka szczeg\u00f3\u0142owo opisuje portal <a href=\"http:\/\/www.expresselbl\u0105ski.pl\">www.expresselblag.pl<\/a> &#8211; historia Bartka Bia\u0142kowskiego. Rozpocz\u0105\u0142 nauk\u0119 w szkole podstawowej w Elbl\u0105gu. Nauczycielem wychowania fizycznego, a tak\u017ce trenerem w Olimpii Elbl\u0105g by\u0142 od czwartej klasy szko\u0142y podstawowej <strong>Leszek Cylkowski<\/strong>. Absolwent AWF mia\u0142 du\u017cy wp\u0142yw w rozw\u00f3j fizyczny Bartka Bia\u0142kowskiego. Bartek by\u0142 dobrym uczniem, ale tak\u017ce szybko robi\u0142 post\u0119p w sporcie. By\u0142 silny, doskonale rzuca\u0142 oszczepem i pi\u0142eczk\u0105 palantow\u0105, nie lubi\u0142 du\u017co biega\u0107, dlatego zosta\u0142 bramkarzem.<\/p>\n<p>Szybko awansowa\u0142 w klubie Olimpia i gra\u0142 w zespole o 2 lata starszym. Bartka pozna\u0142em w 2000 roku gdy zosta\u0142 powo\u0142any do kadry wojew\u00f3dztwa warmi\u0144sko-mazurskiego. Z reprezentacj\u0105 Warmii i Mazur trzy razy wyst\u0119powa\u0142 w fina\u0142ach krajowych. W 2001 roku pi\u0105te miejsce w Pucharze Wac\u0142awa Kuchara, w 2002 roku srebrny medal pucharu imienia Jerzego Micha\u0142owicza, w 2003 roku z\u0142oty medal pucharu im Kazimierza Deyny. W finale Pucharu Deyny po wygranej 1:0 z reprezentacj\u0105 Mazowsza zosta\u0142 wybrany najlepszym bramkarzem turnieju.<\/p>\n<p><img loading=\"lazy\" decoding=\"async\" class=\"aligncenter wp-image-44199 size-large\" src=\"https:\/\/wmzpn.pl\/wp-content\/uploads\/2025\/02\/1-1-836x1024.jpg\" alt=\"\" width=\"640\" height=\"784\" srcset=\"https:\/\/wmzpn.pl\/wp-content\/uploads\/2025\/02\/1-1-836x1024.jpg 836w, https:\/\/wmzpn.pl\/wp-content\/uploads\/2025\/02\/1-1-245x300.jpg 245w, https:\/\/wmzpn.pl\/wp-content\/uploads\/2025\/02\/1-1-768x940.jpg 768w, https:\/\/wmzpn.pl\/wp-content\/uploads\/2025\/02\/1-1-696x852.jpg 696w, https:\/\/wmzpn.pl\/wp-content\/uploads\/2025\/02\/1-1-343x420.jpg 343w, https:\/\/wmzpn.pl\/wp-content\/uploads\/2025\/02\/1-1.jpg 1043w\" sizes=\"auto, (max-width: 640px) 100vw, 640px\" \/><\/p>\n<p><strong>Od 2002 roku by\u0142 powo\u0142any przez trenera Micha\u0142a Globisza do kadry polskiej junior\u00f3w U14, U15 i U16.<\/strong><\/p>\n<figure id=\"attachment_44200\" aria-describedby=\"caption-attachment-44200\" style=\"width: 799px\" class=\"wp-caption aligncenter\"><img loading=\"lazy\" decoding=\"async\" class=\"wp-image-44200 size-full\" src=\"https:\/\/wmzpn.pl\/wp-content\/uploads\/2025\/02\/eb2e6eae-44bc-4c27-a027-9c0bdd92a8da.jpeg\" alt=\"\" width=\"799\" height=\"547\" srcset=\"https:\/\/wmzpn.pl\/wp-content\/uploads\/2025\/02\/eb2e6eae-44bc-4c27-a027-9c0bdd92a8da.jpeg 799w, https:\/\/wmzpn.pl\/wp-content\/uploads\/2025\/02\/eb2e6eae-44bc-4c27-a027-9c0bdd92a8da-300x205.jpeg 300w, https:\/\/wmzpn.pl\/wp-content\/uploads\/2025\/02\/eb2e6eae-44bc-4c27-a027-9c0bdd92a8da-768x526.jpeg 768w, https:\/\/wmzpn.pl\/wp-content\/uploads\/2025\/02\/eb2e6eae-44bc-4c27-a027-9c0bdd92a8da-218x150.jpeg 218w, https:\/\/wmzpn.pl\/wp-content\/uploads\/2025\/02\/eb2e6eae-44bc-4c27-a027-9c0bdd92a8da-696x476.jpeg 696w, https:\/\/wmzpn.pl\/wp-content\/uploads\/2025\/02\/eb2e6eae-44bc-4c27-a027-9c0bdd92a8da-613x420.jpeg 613w\" sizes=\"auto, (max-width: 799px) 100vw, 799px\" \/><figcaption id=\"caption-attachment-44200\" class=\"wp-caption-text\">Pierwszy z prawej Czarnecki, drugi Bia\u0142kowski, pi\u0105ty Bochenek<\/figcaption><\/figure>\n<p>15 kwietnia 2003 roku debiutowa\u0142 w bramce III ligowej Olimpii Elbl\u0105g. W sezonie 2003-2004 jesieni\u0105 by\u0142 pierwszym bramkarzem tej dru\u017cyny trenera Adama Fedoruka.<\/p>\n<p><img loading=\"lazy\" decoding=\"async\" class=\"aligncenter wp-image-44202 size-full\" src=\"https:\/\/wmzpn.pl\/wp-content\/uploads\/2025\/02\/3da084b2-3b07-4f61-8df5-c4304f1e4c5b.jpeg\" alt=\"\" width=\"622\" height=\"580\" srcset=\"https:\/\/wmzpn.pl\/wp-content\/uploads\/2025\/02\/3da084b2-3b07-4f61-8df5-c4304f1e4c5b.jpeg 622w, https:\/\/wmzpn.pl\/wp-content\/uploads\/2025\/02\/3da084b2-3b07-4f61-8df5-c4304f1e4c5b-300x280.jpeg 300w, https:\/\/wmzpn.pl\/wp-content\/uploads\/2025\/02\/3da084b2-3b07-4f61-8df5-c4304f1e4c5b-450x420.jpeg 450w\" sizes=\"auto, (max-width: 622px) 100vw, 622px\" \/><\/p>\n<p>Ostatnie spotkanie w Olimpii rozegra\u0142 18 listopada 2003 roku Olimpia wygra\u0142a 2:1 w Mazowszem Gr\u00f3jec. W 2003 roku wraz z zespo\u0142em zdoby\u0142 Wojew\u00f3dzki Puchar Polski &#8211; Olimpia wygra\u0142a 2:1 z Warmia i Mazury Olsztyn. Mia\u0142 do wyboru kilka klub\u00f3w z ekstraklasy. W wieku 16 lat najwa\u017cniejsze z punktu utalentowanego zawodnika by\u0142a gra w bramce. W Legii by\u0142a du\u017ca konkurencja manager Jaros\u0142aw Ko\u0142akowski nam\u00f3wi\u0142 rodzic\u00f3w Bartka i jego samego do przej\u015bcia do G\u00f3rnika Zabrze. Gdzie u boku ko\u0144cz\u0105cego gr\u0119 Piotra Lecha mia\u0142 podnosi\u0107 swoje umiej\u0119tno\u015bci. <strong>1 stycznia 2004 roku przeszed\u0142 z Olimpii do G\u00f3rnika Zabrze<\/strong> podpisa\u0142 kontrakt na p\u00f3\u0142torej roku, w kt\u00f3rym mia\u0142 zabezpieczon\u0105 gr\u0119 w 10 meczach ekstraklasy.<\/p>\n<p>Adaptacja 16-latka w \u015al\u0105skim klubie by\u0142a trudna. Rodzice odwiedzali go bardzo cz\u0119sto, pomagali mu ludzie u kt\u00f3rych mieszka\u0142, a tak\u017ce kolega z reprezentacji junior\u00f3w Pawe\u0142 Kr\u00f3l. Wiosn\u0105 2004 roku zagra\u0142 tylko cztery razy. Trenowa\u0142 wsp\u00f3lnie z wychowankiem Granicy K\u0119trzyn Piotrem Lechem. <strong>W polskiej ekstraklasie debiutowa\u0142 30 lipca 2004 roku<\/strong> w spotkaniu \u00a0G\u00f3rnik Zabrze vs Dyskobolia Grodzisk Wielkopolski wynik 0:0. B<strong>y\u0142 najm\u0142odszym bramkarzem kt\u00f3ry rozegra\u0142 mecz w ekstraklasie w zespole G\u00f3rnika Zabrze. W polskiej ekstraklasie rozegra\u0142 siedem spotka\u0144<\/strong>.<\/p>\n<p>Latem 2005 roku sko\u0144czy\u0142 si\u0119 kontrakt z G\u00f3rnikiem Zabrze. Bartek chcia\u0142 gra\u0107 i pojecha\u0142 na dwa miesi\u0105ce do Edynburga w Szkocji. Trener George Burley pom\u00f3g\u0142 Bartkowi i skierowa\u0142 go do Southampton. <strong>9 stycznia 2006 roku 18-letni Bartosz Bia\u0142kowski zosta\u0142 transferowany do Ligi angielskiej w Southampton<\/strong> graj\u0105cym na drugim poziomie rozgrywek. Wyst\u0105pi\u0142 w 14 spotkaniach. W 2007 roku rozegra\u0142 wiosn\u0105 4 spotkania w kadrze U20. W lipcu polecia\u0142 na Mistrzostwa \u015awiata U21 odbywaj\u0105ce si\u0119 w Kanadzie. Rozegra\u0142 tam pi\u0119\u0107 spotka\u0144, by\u0142 kapitanem zespo\u0142u. Niestety zesp\u00f3\u0142 z Polski nie osi\u0105gn\u0105\u0142 \u017cadnego sukcesu. Ogl\u0105da\u0142em spotkanie Polska &#8211; Brazylia b\u0119d\u0105c na turnieju kadry 1991 w Policach. By\u0142em bardzo dumny, \u017ce m\u0142ody ch\u0142opak z Warmii i Mazur graj\u0105cy w Mistrzostwach \u015awiata dobrze sobie radzi.<\/p>\n<p><img loading=\"lazy\" decoding=\"async\" class=\"aligncenter wp-image-44201 size-full\" src=\"https:\/\/wmzpn.pl\/wp-content\/uploads\/2025\/02\/afa3e935-33b4-49e5-9a9c-407c6fbf38c1.jpeg\" alt=\"\" width=\"1302\" height=\"704\" srcset=\"https:\/\/wmzpn.pl\/wp-content\/uploads\/2025\/02\/afa3e935-33b4-49e5-9a9c-407c6fbf38c1.jpeg 1302w, https:\/\/wmzpn.pl\/wp-content\/uploads\/2025\/02\/afa3e935-33b4-49e5-9a9c-407c6fbf38c1-300x162.jpeg 300w, https:\/\/wmzpn.pl\/wp-content\/uploads\/2025\/02\/afa3e935-33b4-49e5-9a9c-407c6fbf38c1-1024x554.jpeg 1024w, https:\/\/wmzpn.pl\/wp-content\/uploads\/2025\/02\/afa3e935-33b4-49e5-9a9c-407c6fbf38c1-768x415.jpeg 768w, https:\/\/wmzpn.pl\/wp-content\/uploads\/2025\/02\/afa3e935-33b4-49e5-9a9c-407c6fbf38c1-696x376.jpeg 696w, https:\/\/wmzpn.pl\/wp-content\/uploads\/2025\/02\/afa3e935-33b4-49e5-9a9c-407c6fbf38c1-1068x577.jpeg 1068w, https:\/\/wmzpn.pl\/wp-content\/uploads\/2025\/02\/afa3e935-33b4-49e5-9a9c-407c6fbf38c1-777x420.jpeg 777w\" sizes=\"auto, (max-width: 1302px) 100vw, 1302px\" \/><\/p>\n<p>\u015awietna postawa m\u0142odego bramkarza z Polski zwr\u00f3ci\u0142a uwag\u0119 Wielkiego Liverpoolu niestety kontuzja i rehabilitacja pokrzy\u017cowa\u0142a plany Bartka gry w tym zespole. Bartek w 2009 roku zosta\u0142 wypo\u017cyczony do Ipswich Town, a nast\u0119pnie do Notts County. <strong>W latach 2012-14 rozegra\u0142 84 mecze. <\/strong><\/p>\n<p>Gwiazd\u0105 zespo\u0142u Ipswich Town zosta\u0142 w sezonach 2014\/19 i w tym czasie a\u017c trzy razy w 2017, 2018 i 2019 <strong>by\u0142 wybierany za najlepszego zawodnika graj\u0105cego w Anglii na drugim poziomie rozgrywkowym.<\/strong><\/p>\n<p>W polskiej dru\u017cynie narodowej <strong>Bartosz Bia\u0142kowski rozegra\u0142 jedno spotkanie na stadionie we Wroc\u0142awiu 23 marca Polska &#8211; Nigeria 0:1<\/strong> zmieni\u0142 w bramce \u0141ukasz Fabia\u0144skiego. W czerwcu 2018 roku zosta\u0142 powo\u0142any przez trenera Adama Nawa\u0142k\u0119 <strong>do 23 osobowej kadry na Mistrzostwa \u015awiata w Rosji.<\/strong> Na Mistrzostwach pe\u0142ni\u0142 rol\u0119 trzeciego bramkarza. Reprezentacja po\u017cegna\u0142a si\u0119 z mundialem ju\u017c \u00a0po fazie grupowej. Przegra\u0142a z Senegalem, Kolumbi\u0105 oraz wygra\u0142a z Japoni\u0105. W latach 2019\/2024 Bartosz gra\u0142 w londy\u0144skim zespole Millwall. Rozegra\u0142 w tym klubie 162 spotkania.<\/p>\n<figure id=\"attachment_44203\" aria-describedby=\"caption-attachment-44203\" style=\"width: 1408px\" class=\"wp-caption alignnone\"><img loading=\"lazy\" decoding=\"async\" class=\"wp-image-44203 size-full\" src=\"https:\/\/wmzpn.pl\/wp-content\/uploads\/2025\/02\/6-1.jpg\" alt=\"\" width=\"1408\" height=\"792\" srcset=\"https:\/\/wmzpn.pl\/wp-content\/uploads\/2025\/02\/6-1.jpg 1408w, https:\/\/wmzpn.pl\/wp-content\/uploads\/2025\/02\/6-1-300x169.jpg 300w, https:\/\/wmzpn.pl\/wp-content\/uploads\/2025\/02\/6-1-1024x576.jpg 1024w, https:\/\/wmzpn.pl\/wp-content\/uploads\/2025\/02\/6-1-768x432.jpg 768w, https:\/\/wmzpn.pl\/wp-content\/uploads\/2025\/02\/6-1-696x392.jpg 696w, https:\/\/wmzpn.pl\/wp-content\/uploads\/2025\/02\/6-1-1068x601.jpg 1068w, https:\/\/wmzpn.pl\/wp-content\/uploads\/2025\/02\/6-1-747x420.jpg 747w\" sizes=\"auto, (max-width: 1408px) 100vw, 1408px\" \/><figcaption id=\"caption-attachment-44203\" class=\"wp-caption-text\">Bia\u0142kowski w Millwall fot. itv.com<\/figcaption><\/figure>\n<p>27 sierpnia 2024 roku O\u015bwiadczy\u0142 \u017ce zako\u0144czy swoj\u0105 d\u0142ugoletni\u0105 pi\u0142karsk\u0105 karier\u0119. <strong>Jego bilans mecz\u00f3w Championship &#8211; drugi poziom rozgrywkowy w Anglii 347 spotka\u0144. <\/strong>League One trzeci poziom rozgrywkowy &#8211; 91 spotka\u0144. Puchar Anglii &#8211; 46 spotka\u0144. Polska ekstraklasa &#8211; 7 spotka\u0144 Puchar Polski \u2013 1 spotkanie og\u00f3\u0142em 492 mecze.<\/p>\n<p>Bartosz Bia\u0142kowski wraz z Adrianem Mierzejewskim w dniach 27 listopada &#8211; 7 grudnia 2024 roku uczestniczy\u0142 w Mistrzostwach \u015awiata dru\u017cyn 6 zespo\u0142owych w Omanie Socca. Polska przegra\u0142a w \u0107wier\u0107finale z Rumuni\u0105.<\/p>\n<figure id=\"attachment_44204\" aria-describedby=\"caption-attachment-44204\" style=\"width: 640px\" class=\"wp-caption aligncenter\"><img loading=\"lazy\" decoding=\"async\" class=\"wp-image-44204 size-large\" src=\"https:\/\/wmzpn.pl\/wp-content\/uploads\/2025\/02\/7-1024x683.jpg\" alt=\"\" width=\"640\" height=\"427\" srcset=\"https:\/\/wmzpn.pl\/wp-content\/uploads\/2025\/02\/7-1024x683.jpg 1024w, https:\/\/wmzpn.pl\/wp-content\/uploads\/2025\/02\/7-300x200.jpg 300w, https:\/\/wmzpn.pl\/wp-content\/uploads\/2025\/02\/7-768x512.jpg 768w, https:\/\/wmzpn.pl\/wp-content\/uploads\/2025\/02\/7-1536x1025.jpg 1536w, https:\/\/wmzpn.pl\/wp-content\/uploads\/2025\/02\/7-696x464.jpg 696w, https:\/\/wmzpn.pl\/wp-content\/uploads\/2025\/02\/7-1068x712.jpg 1068w, https:\/\/wmzpn.pl\/wp-content\/uploads\/2025\/02\/7-630x420.jpg 630w, https:\/\/wmzpn.pl\/wp-content\/uploads\/2025\/02\/7.jpg 2048w\" sizes=\"auto, (max-width: 640px) 100vw, 640px\" \/><figcaption id=\"caption-attachment-44204\" class=\"wp-caption-text\">Reprezentacja Polski w Socca &#8211; Bia\u0142kowski pierwszy z lewej<\/figcaption><\/figure>\n<p>Du\u017c\u0105 w rozwoju kariery pi\u0142karskiej Bartka Bia\u0142kowskiego odegra\u0142 \u015ap. ojciec Marek. Pozna\u0142em go podczas fina\u0142u w Deyny w 2003 roku.<\/p>\n<p><img loading=\"lazy\" decoding=\"async\" class=\"aligncenter wp-image-44205 size-large\" src=\"https:\/\/wmzpn.pl\/wp-content\/uploads\/2025\/02\/2-1-1024x702.jpg\" alt=\"\" width=\"640\" height=\"439\" srcset=\"https:\/\/wmzpn.pl\/wp-content\/uploads\/2025\/02\/2-1-1024x702.jpg 1024w, https:\/\/wmzpn.pl\/wp-content\/uploads\/2025\/02\/2-1-300x206.jpg 300w, https:\/\/wmzpn.pl\/wp-content\/uploads\/2025\/02\/2-1-768x527.jpg 768w, https:\/\/wmzpn.pl\/wp-content\/uploads\/2025\/02\/2-1-100x70.jpg 100w, https:\/\/wmzpn.pl\/wp-content\/uploads\/2025\/02\/2-1-218x150.jpg 218w, https:\/\/wmzpn.pl\/wp-content\/uploads\/2025\/02\/2-1-696x477.jpg 696w, https:\/\/wmzpn.pl\/wp-content\/uploads\/2025\/02\/2-1-1068x733.jpg 1068w, https:\/\/wmzpn.pl\/wp-content\/uploads\/2025\/02\/2-1-612x420.jpg 612w, https:\/\/wmzpn.pl\/wp-content\/uploads\/2025\/02\/2-1.jpg 1503w\" sizes=\"auto, (max-width: 640px) 100vw, 640px\" \/><\/p>\n<p>Bartosz po 20-letnim pobycie i grze w pi\u0142k\u0119 no\u017cn\u0105 w Anglii kupi\u0142 dom w Hiszpanii i przeprowadzi\u0142 si\u0119 tam wraz z rodzin\u0105. Obecnie wypoczywa i zastanawia si\u0119 w jaki spos\u00f3b mo\u017ce by\u0107 zwi\u0105zany dalej z futbolem. \u017bonaty z Inez, wychowuje dw\u00f3jk\u0119 dzieci &#8211; c\u00f3rk\u0119 Nadi\u0119 urodzon\u0105 w 2010 roku oraz syna Oscara urodzonego w 2012 roku.<\/p>\n<figure id=\"attachment_44206\" aria-describedby=\"caption-attachment-44206\" style=\"width: 469px\" class=\"wp-caption aligncenter\"><img loading=\"lazy\" decoding=\"async\" class=\"wp-image-44206 size-full\" src=\"https:\/\/wmzpn.pl\/wp-content\/uploads\/2025\/02\/bartosz-bialkowski-z-zona-inez.jpeg\" alt=\"\" width=\"469\" height=\"264\" srcset=\"https:\/\/wmzpn.pl\/wp-content\/uploads\/2025\/02\/bartosz-bialkowski-z-zona-inez.jpeg 469w, https:\/\/wmzpn.pl\/wp-content\/uploads\/2025\/02\/bartosz-bialkowski-z-zona-inez-300x169.jpeg 300w\" sizes=\"auto, (max-width: 469px) 100vw, 469px\" \/><figcaption id=\"caption-attachment-44206\" class=\"wp-caption-text\">Bartosz z \u017con\u0105 Inez<\/figcaption><\/figure>\n<p>Bartka serdecznie pozdrawiam od sympatyk\u00f3w futbolu z Warmii i Mazur.<\/p>\n","protected":false},"excerpt":{"rendered":"<p>Bartosz Bia\u0142kowski urodzony 6 lipca 1987 roku w Braniewie. pierwsze lata sp\u0119dzi\u0142 w Braniewie, gdzie jego rodzice ojciec Marek i matka Malwina pracowali w Wojsku Polskim. W 1994 roku rodzina Bia\u0142kowskich z dw\u00f3jk\u0105 dzieci przeprowadzi\u0142a si\u0119 s\u0142u\u017cbowo do Elbl\u0105ga. Zamieszkali przy ul. Lotniczej, a z okien wida\u0107 by\u0142o boisko przy ulicy Skrzydlatej. Pierwsze lata pi\u0142karskie [&hellip;]<\/p>\n","protected":false},"author":11,"featured_media":44208,"comment_status":"open","ping_status":"open","sticky":false,"template":"","format":"standard","meta":{"footnotes":""},"categories":[12,288],"tags":[],"class_list":["post-44198","post","type-post","status-publish","format-standard","has-post-thumbnail","hentry","category-aktualnosci","category-kacik-historyczny-wojciecha-linowa"],"_links":{"self":[{"href":"https:\/\/wmzpn.pl\/index.php?rest_route=\/wp\/v2\/posts\/44198","targetHints":{"allow":["GET"]}}],"collection":[{"href":"https:\/\/wmzpn.pl\/index.php?rest_route=\/wp\/v2\/posts"}],"about":[{"href":"https:\/\/wmzpn.pl\/index.php?rest_route=\/wp\/v2\/types\/post"}],"author":[{"embeddable":true,"href":"https:\/\/wmzpn.pl\/index.php?rest_route=\/wp\/v2\/users\/11"}],"replies":[{"embeddable":true,"href":"https:\/\/wmzpn.pl\/index.php?rest_route=%2Fwp%2Fv2%2Fcomments&post=44198"}],"version-history":[{"count":4,"href":"https:\/\/wmzpn.pl\/index.php?rest_route=\/wp\/v2\/posts\/44198\/revisions"}],"predecessor-version":[{"id":44234,"href":"https:\/\/wmzpn.pl\/index.php?rest_route=\/wp\/v2\/posts\/44198\/revisions\/44234"}],"wp:featuredmedia":[{"embeddable":true,"href":"https:\/\/wmzpn.pl\/index.php?rest_route=\/wp\/v2\/media\/44208"}],"wp:attachment":[{"href":"https:\/\/wmzpn.pl\/index.php?rest_route=%2Fwp%2Fv2%2Fmedia&parent=44198"}],"wp:term":[{"taxonomy":"category","embeddable":true,"href":"https:\/\/wmzpn.pl\/index.php?rest_route=%2Fwp%2Fv2%2Fcategories&post=44198"},{"taxonomy":"post_tag","embeddable":true,"href":"https:\/\/wmzpn.pl\/index.php?rest_route=%2Fwp%2Fv2%2Ftags&post=44198"}],"curies":[{"name":"wp","href":"https:\/\/api.w.org\/{rel}","templated":true}]}}