{"id":44109,"date":"2025-02-11T12:03:44","date_gmt":"2025-02-11T12:03:44","guid":{"rendered":"https:\/\/wmzpn.pl\/?p=44109"},"modified":"2025-02-14T10:32:47","modified_gmt":"2025-02-14T10:32:47","slug":"iv-miejsce-w-pucharze-im-dr-jerzego-michalowicza-w-2003-roku","status":"publish","type":"post","link":"https:\/\/wmzpn.pl\/?p=44109","title":{"rendered":"K\u0105cik historyczny Wojciecha Linowa &#8211; IV miejsce w Pucharze im. dr. Jerzego Micha\u0142owicza w 2003 roku"},"content":{"rendered":"<p>Zdobywcy pierwszego Pucharu Kazimierza G\u00f3rskiego w 2001 roku w sezonie 2001-2002 nie zdo\u0142ali awansowa\u0107 do fina\u0142u Pucharu imienia Wac\u0142awa Kuchara. Kadr\u0119 t\u0105 przej\u0119\u0142a, po rezygnacji trenera Janusza Czerniewicza, para m\u0142odych <strong>szkoleniowc\u00f3w Rados\u0142aw Wenta z Olsztyna i Dariusz Gergola z Ostr\u00f3dy.<\/strong><\/p>\n<p>W rundzie jesiennej dru\u017cyna tego rocznika w znacznie zmienionym sk\u0142adzie zdoby\u0142a cztery punkty. Pierwsze wyjazdowe spotkanie w \u0141odzi przegra\u0142a 0:1, w Olsztynie pokona\u0142a Podlasie 2:0 i zremisowa\u0142a 2:2 z Mazowszem. Walka o dwa miejsca awansuj\u0105ce do fina\u0142\u00f3w by\u0142a bardzo wyr\u00f3wnana. Wiosn\u0105 niespodziewanie trzy spotkania wygra\u0142a ekipa z Podlasia i awansowa\u0142a z pierwszego miejsca. Zesp\u00f3\u0142 Warmii i Mazur po wygraniu 2:0 z \u0141odzi\u0105, przegra\u0142 z Podlasiem 1:3 i w decyduj\u0105cym spotkaniu po wyr\u00f3wnanym meczu zosta\u0142 pokonany w Warszawie 0:1. Tabela wygl\u0105da\u0142a nast\u0119puj\u0105co Podlasie zdoby\u0142o 12 punkt\u00f3w, Mazowsze 10 punkt\u00f3w, Warmia i Mazury 7 punkt\u00f3w i \u0141\u00f3d\u017a 6 punkt\u00f3w.<\/p>\n<p>W sezonie 2002\/2003 dru\u017cyny rocznika 1988 walczy\u0142y o Puchar Dr. Jerzego Micha\u0142owicza. W rundzie jesiennej uzyskano nast\u0119puj\u0105ce wyniki: W Bia\u0142ymstoku Warmia i Mazury wygra\u0142a 1:0 &#8211; bramka Ku\u015bnierz. W drugim spotkaniu w Olsztynie po zaci\u0119tym meczu pokona\u0142a kadr\u0119 Mazowsza 2:1 &#8211; bramki Ku\u015bnierz i Wi\u015bniewski. W ostatnim spotkaniu tej rundy, w Olsztynie, w meczu z \u0141odzi\u0105 pad\u0142 remis 0:0. Wiosn\u0105 dru\u017cyna nasza wygra\u0142a pierwsze spotkanie w Olsztynie z Podlasiem 3:0 &#8211; bramki Dobro\u0144ski dwie i \u017bukowski.<\/p>\n<p>Warmia i Mazury mia\u0142a 10 punkt\u00f3w i po przegranej w Ciechanowie 3:4 sytuacja w grupie si\u0119 pogmatwa\u0142a. Przed wyjazdowym spotkaniem w \u0141odzi dwa zespo\u0142y posiada\u0142y po 10 punkt\u00f3w, ale \u0141\u00f3d\u017a mia\u0142a lepsz\u0105 r\u00f3\u017cnic\u0119 bramek. \u017beby awansowa\u0107 nasza dru\u017cyna musia\u0142a wygra\u0107. Spotkanie rozpocz\u0119\u0142a od straconej bramki, jednak walczy\u0142a o popraw\u0119 wyniku i wyr\u00f3wna\u0142a po rzucie karnym wykonywanym przez Bartosza Dobro\u0144skiego, <strong>a zwyci\u0119skiego gola w ostatnich minutach zdoby\u0142 Rafa\u0142 Kij.<\/strong><\/p>\n<p><img loading=\"lazy\" decoding=\"async\" class=\"aligncenter wp-image-44110 size-large\" src=\"https:\/\/wmzpn.pl\/wp-content\/uploads\/2025\/02\/6-770x1024.jpg\" alt=\"\" width=\"640\" height=\"851\" srcset=\"https:\/\/wmzpn.pl\/wp-content\/uploads\/2025\/02\/6-770x1024.jpg 770w, https:\/\/wmzpn.pl\/wp-content\/uploads\/2025\/02\/6-226x300.jpg 226w, https:\/\/wmzpn.pl\/wp-content\/uploads\/2025\/02\/6-768x1022.jpg 768w, https:\/\/wmzpn.pl\/wp-content\/uploads\/2025\/02\/6-1155x1536.jpg 1155w, https:\/\/wmzpn.pl\/wp-content\/uploads\/2025\/02\/6-1540x2048.jpg 1540w, https:\/\/wmzpn.pl\/wp-content\/uploads\/2025\/02\/6-696x926.jpg 696w, https:\/\/wmzpn.pl\/wp-content\/uploads\/2025\/02\/6-1068x1421.jpg 1068w, https:\/\/wmzpn.pl\/wp-content\/uploads\/2025\/02\/6-316x420.jpg 316w, https:\/\/wmzpn.pl\/wp-content\/uploads\/2025\/02\/6-scaled.jpg 1924w\" sizes=\"auto, (max-width: 640px) 100vw, 640px\" \/><\/p>\n<p>Fina\u0142y Pucharu Micha\u0142owicza organizowa\u0142 Lubuski Zwi\u0105zek Pi\u0142ki No\u017cnej. Odby\u0142y si\u0119 \u00a0one w dniach 23 czerwca &#8211; 5 lipca 2003 roku w Kostrzynie i S\u0142ubicach. Nasza grupa gra\u0142a w S\u0142ubicach. Reprezentacja wyjecha\u0142a na pi\u0119ciodniowe zgrupowanie, \u017ceby w dobrych warunkach przygotowa\u0107 si\u0119 do spotka\u0144. S\u0142ubice posiada\u0142y hotel na stadionie oraz trzy treningowe boiska. Za przeciwnik\u00f3w w grupie mieli\u015bmy dru\u017cyn\u0119 gospodarzy czyli Lubuskie, a tak\u017ce Wielkopolsk\u0119 i Ma\u0142opolsk\u0119. W pierwszym spotkaniu nasz zesp\u00f3\u0142 wygra\u0142 2:1 z ekip\u0105 z Wielkopolski po golach Dobro\u0144skiego i Roszkiewicza. W drugim spotkaniu reprezentacja \u015al\u0105ska zrewan\u017cowa\u0142a si\u0119 za pora\u017ck\u0119 w fina\u0142ach w 2001 roku i pokona\u0142a nasz zesp\u00f3\u0142 1:0. W trzecim spotkaniu tabela u\u0142o\u017cy\u0142a si\u0119 w ten spos\u00f3b, \u017ce zwyci\u0119zca b\u0119dzie gra\u0142 o z\u0142oto, a remis dla nas powodowa\u0142 gr\u0119 o br\u0105zowy medal.<\/p>\n<p>Nasz zesp\u00f3\u0142 szybko straci\u0142 gola i musia\u0142 goni\u0107 wynik. Wyr\u00f3wnuj\u0105c\u0105 bramk\u0119 w 55 minucie zdoby\u0142 Pawe\u0142 Sobolewski. Krak\u00f3w mia\u0142 du\u017ce szcz\u0119\u015bcie, \u017ce wynik utrzyma\u0142 si\u0119 do ko\u0144ca. Spotkanie o br\u0105zowy medal oraz mecz z\u0142oto odbywa\u0142y si\u0119 na g\u0142\u00f3wnych boiskach tego pi\u0142karskiego obiektu, kt\u00f3ry by\u0142 miejscem igrzysk olimpijskich w pi\u0142ce no\u017cnej w 1938 roku. Wszystkie spotkania odbywa\u0142y si\u0119 w niesamowitym upale. Spotkanie z gospodarzami rozpocz\u0119\u0142o si\u0119 od prowadzania dru\u017cyny w Warmii i Mazur. Bramk\u0119 zdoby\u0142 Kamil Roszkiewicz. W drugiej po\u0142owie po b\u0142\u0119dach naszej defensywy gospodarze zdobyli dwie bramki i wygrali 2:1. To oni mogli cieszy\u0107 si\u0119 w br\u0105zowych medali. W finale, zm\u0119czona meczem w grupie z naszym zespo\u0142em, dru\u017cyna Ma\u0142opolski przegra\u0142a z Mazowszem po dogrywce i rzutach karnych. <strong>Nasza dru\u017cyna zosta\u0142a wyr\u00f3\u017cniona Pucharem za zaj\u0119cie czwartego miejsca w kraju.<\/strong><\/p>\n<figure id=\"attachment_44112\" aria-describedby=\"caption-attachment-44112\" style=\"width: 1508px\" class=\"wp-caption aligncenter\"><img loading=\"lazy\" decoding=\"async\" class=\"wp-image-44112 size-full\" src=\"https:\/\/wmzpn.pl\/wp-content\/uploads\/2025\/02\/3.jpg\" alt=\"\" width=\"1508\" height=\"1008\" srcset=\"https:\/\/wmzpn.pl\/wp-content\/uploads\/2025\/02\/3.jpg 1508w, https:\/\/wmzpn.pl\/wp-content\/uploads\/2025\/02\/3-300x201.jpg 300w, https:\/\/wmzpn.pl\/wp-content\/uploads\/2025\/02\/3-1024x684.jpg 1024w, https:\/\/wmzpn.pl\/wp-content\/uploads\/2025\/02\/3-768x513.jpg 768w, https:\/\/wmzpn.pl\/wp-content\/uploads\/2025\/02\/3-696x465.jpg 696w, https:\/\/wmzpn.pl\/wp-content\/uploads\/2025\/02\/3-1068x714.jpg 1068w, https:\/\/wmzpn.pl\/wp-content\/uploads\/2025\/02\/3-628x420.jpg 628w\" sizes=\"auto, (max-width: 1508px) 100vw, 1508px\" \/><figcaption id=\"caption-attachment-44112\" class=\"wp-caption-text\">Kadra w oczekiwaniu na ceremoni\u0119 dekoracji<\/figcaption><\/figure>\n<figure id=\"attachment_44111\" aria-describedby=\"caption-attachment-44111\" style=\"width: 640px\" class=\"wp-caption aligncenter\"><img loading=\"lazy\" decoding=\"async\" class=\"wp-image-44111 size-large\" src=\"https:\/\/wmzpn.pl\/wp-content\/uploads\/2025\/02\/2-1024x699.jpg\" alt=\"\" width=\"640\" height=\"437\" srcset=\"https:\/\/wmzpn.pl\/wp-content\/uploads\/2025\/02\/2-1024x699.jpg 1024w, https:\/\/wmzpn.pl\/wp-content\/uploads\/2025\/02\/2-300x205.jpg 300w, https:\/\/wmzpn.pl\/wp-content\/uploads\/2025\/02\/2-768x524.jpg 768w, https:\/\/wmzpn.pl\/wp-content\/uploads\/2025\/02\/2-218x150.jpg 218w, https:\/\/wmzpn.pl\/wp-content\/uploads\/2025\/02\/2-696x475.jpg 696w, https:\/\/wmzpn.pl\/wp-content\/uploads\/2025\/02\/2-1068x729.jpg 1068w, https:\/\/wmzpn.pl\/wp-content\/uploads\/2025\/02\/2-615x420.jpg 615w, https:\/\/wmzpn.pl\/wp-content\/uploads\/2025\/02\/2.jpg 1506w\" sizes=\"auto, (max-width: 640px) 100vw, 640px\" \/><figcaption id=\"caption-attachment-44111\" class=\"wp-caption-text\">Z Pucharem za czwarte miejsce. Z lewej trener Gergola, w \u015brodku Rados\u0142aw Wenta<\/figcaption><\/figure>\n<p>Dru\u017cyna Warmii gra\u0142a w nast\u0119puj\u0105cym sk\u0142adzie: Podkre\u015bleni zawodnicy, to r\u00f3wnie\u017c z\u0142oci medali\u015bci Pucharu imienia Kazimierza G\u00f3rskiego z 2001 roku.<\/p>\n<ul>\n<li><strong>\u0141ukasz Ku\u015bnierz &#8211; Mr\u0105gowia Mr\u0105gowo<\/strong><\/li>\n<li>Wojciech Radziwon &#8211; Sok\u00f3\u0142 Ostr\u00f3da<\/li>\n<li><strong>Kamil Roszkiewicz &#8211; Sok\u00f3\u0142 Ostr\u00f3da<\/strong><\/li>\n<li><strong>Bartosz Szymankiewicz &#8211; Zatoka Braniewo<\/strong><\/li>\n<li><strong>Kacper Wi\u015bniewski &#8211; WKRA Dzia\u0142dowo<\/strong><\/li>\n<li><strong>Pawe\u0142 Sobolewski &#8211; Polonia Elbl\u0105g<\/strong><\/li>\n<li>Mateusz Bro\u017a &#8211; Mamry Gi\u017cycko<\/li>\n<li>Maciej Kisiel &#8211; Mazur E\u0142k<\/li>\n<li>Rafa\u0142 Kij &#8211; DKS Dobre Miasto<\/li>\n<li>Jan Bu\u0144ko -T\u0119cza Biskupiec<\/li>\n<li>Wojciech Nowak &#8211; Omulew Wielbark<\/li>\n<li><strong>Kamil Kawecki &#8211; Stomil Olsztyn<\/strong><\/li>\n<li><strong>Kacper \u017bukowski &#8211; Stomil Olsztyn<\/strong><\/li>\n<li><strong>Krzysztof Pilski &#8211; Stomil Olsztyn<\/strong><\/li>\n<li><strong>Bartosz Dobro\u0144ski &#8211; Stomil Olsztyn<\/strong><\/li>\n<li>Tomasz Gzyl &#8211; Olimpia Mi\u0142ki<\/li>\n<li>Dariusz Go\u0142\u0119biowski &#8211; T\u0119cza Biskupiec<\/li>\n<li>Dariusz Sudejko &#8211; Stomil Olsztyn<\/li>\n<\/ul>\n<p>Kilku zawodnik\u00f3w z tego rocznika gra\u0142o dobrze w zespo\u0142ach seniorskich. Przedstawi\u0119 kariery kilku z nich.<\/p>\n<p>W 2003 roku mia\u0142em jeszcze dwa wyjazdy na fina\u0142y. Prawie bezpo\u015brednio ze S\u0142ubic na fina\u0142y rocznika 1990 roku, a nast\u0119pnie do D\u0119bicy na fina\u0142 rocznika 1987 roku.<\/p>\n<p><strong><img loading=\"lazy\" decoding=\"async\" class=\"alignnone  wp-image-44113\" src=\"https:\/\/wmzpn.pl\/wp-content\/uploads\/2025\/02\/5-300x210.jpg\" alt=\"\" width=\"329\" height=\"230\" srcset=\"https:\/\/wmzpn.pl\/wp-content\/uploads\/2025\/02\/5-300x210.jpg 300w, https:\/\/wmzpn.pl\/wp-content\/uploads\/2025\/02\/5-1024x716.jpg 1024w, https:\/\/wmzpn.pl\/wp-content\/uploads\/2025\/02\/5-768x537.jpg 768w, https:\/\/wmzpn.pl\/wp-content\/uploads\/2025\/02\/5-100x70.jpg 100w, https:\/\/wmzpn.pl\/wp-content\/uploads\/2025\/02\/5-696x486.jpg 696w, https:\/\/wmzpn.pl\/wp-content\/uploads\/2025\/02\/5-1068x746.jpg 1068w, https:\/\/wmzpn.pl\/wp-content\/uploads\/2025\/02\/5-601x420.jpg 601w, https:\/\/wmzpn.pl\/wp-content\/uploads\/2025\/02\/5.jpg 1497w\" sizes=\"auto, (max-width: 329px) 100vw, 329px\" \/> Mateusz Bro\u017a<\/strong> urodzony 12 lipca 1988 roku w Gi\u017cycku napastnik 182 cm wzrostu &#8211; wychowanek ABC Bag Bud Gi\u017cycko pierwszy trener Marek Radzewicz. W sezonie 2003-2004 gra\u0142 w juniorach Mamr Gi\u017cycko. W wieku 16 lat po sko\u0144czeniu gimnazjum zosta\u0142 wypo\u017cyczony do Wis\u0142y Krak\u00f3w. W latach 2004-2007 gra\u0142 w zespo\u0142ach juniorskich oraz rezerwach tego klubu. W sezonie 2006\/2007 zmieni\u0142 barwy na Widzew \u0141\u00f3d\u017a, pod\u0105\u017cy\u0142 tam ze swoim o 3 lata starszym bratem \u0141ukaszem<\/p>\n<p><strong>Mateusz wieku 18 lat debiutowa\u0142 w ekstraklasie<\/strong>. Trenerem Widzewa by\u0142 w tym czasie Micha\u0142 Probierz obecny trener polskiej kadry. <strong>W okresie 2006-2008 rozegra\u0142 w ekstraklasie 9 spotka\u0144. <\/strong>Kolejnym klubem Mateusza by\u0142a drugoligowa Sandecja Nowy S\u0105cz. W czasie dw\u00f3ch sezon\u00f3w 2008\/10 rozegra\u0142 22 spotkania i zdoby\u0142 trzy bramki, a dru\u017cyna awansowa\u0142a do pierwszej ligi. Kolejnymi klubami Mateusza by\u0142y Kolejarz Str\u00f3\u017ce i Flota \u015awinouj\u015bcie. W latach 2012-14 by\u0142 zawodnikiem Garbarni Krak\u00f3w i drugoligowego Motoru Lublin. Stale zmienia\u0142 kluby. Nast\u0119pnie by\u0142y Puszcza Niepo\u0142omice, Lechia Tomasz\u00f3w, Warta Pozna\u0144, Siarka Tarnobrzeg, Sok\u00f3\u0142 Ostr\u00f3da, Sok\u00f3\u0142 Aleksandr\u00f3w \u0141\u00f3dzki i Pogo\u0144 Zdu\u0144ska Wola.<\/p>\n<p>W sezonie 2020\/21 zagra\u0142 ponownie spotkanie z bratem \u0141ukaszem w III ligowym KS Kutno. Og\u00f3lnie gra\u0142 w XIX klubach ,a karier\u0119 zako\u0144czy\u0142 w wieku 37 lat w Jagiellonii Tuszyn.<\/p>\n<p><strong><img loading=\"lazy\" decoding=\"async\" class=\"alignnone size-full wp-image-44116\" src=\"https:\/\/wmzpn.pl\/wp-content\/uploads\/2025\/02\/kusnierz_lukasz-1.jpg\" alt=\"\" width=\"140\" height=\"160\" \/> \u0141ukasz Ku\u015bnierz<\/strong> urodzony 14 pa\u017adziernika 1988 roku w Mr\u0105gowie pomocnik 187 cm wzrostu. Swoj\u0105 przygod\u0119 z futbolem rozpoczyna\u0142 w Mr\u0105gowie. Pami\u0119tam, \u017ce \u0141ukasz jako m\u0142ody trampkarz potrafi\u0142 wygrywa\u0107 wiele spotka\u0144 wykorzystuj\u0105c swoj\u0105 technik\u0119 i szybko\u015b\u0107. Powo\u0142any do kadry wojew\u00f3dztwa swojego rocznika przyczyni\u0142 si\u0119 do zdobycia Pucharu Kazimierza G\u00f3rskiego w 2001 roku. W fina\u0142owym spotkaniu zdoby\u0142 dwie bramki. W 2003 roku gra\u0142 w dru\u017cynie kadry wojew\u00f3dztwa &#8211; czwarte miejsce Pucharu Micha\u0142owicza.<\/p>\n<p>Powo\u0142any zosta\u0142 do Kadry Polski U14 przez trenera Andrzeja Zamilskiego. Po kilku wyjazdach zapyta\u0142em trenera Andrzeja, dlaczego dalej nie powo\u0142ywa\u0142 \u0141ukasza? Powiedzia\u0142 mi \u017ce \u0141ukasz to dobry zawodnik, ale ci\u0105gle chce mie\u0107 pi\u0142k\u0119 tylko dla siebie i kr\u0119ci k\u00f3\u0142eczko. To chyba ca\u0142a prawda o grze \u0141ukasza, by\u0142 du\u017cym talentem, ale nie potrafi\u0142 w tym czasie w pe\u0142ni dostrzec koleg\u00f3w. By\u0107 mo\u017ce troch\u0119 za d\u0142ugo, bo a\u017c do 21 roku \u017cycia ,gra\u0142 w czwartoligowej Mr\u0105gowii. Testowany by\u0142 w ekstraklasowej Jagiellonii. W sezonie 2010\/11 gra\u0142 w drugoligowym Jezioraku I\u0142awa. W latach 2012-17 by\u0142 czo\u0142owym zawodnikiem w trzecioligowym P\u0142omieniu E\u0142k, Finishparkiecie Nowe Miasto Lubawskie, Sokole Ostr\u00f3da i Huraganie Mor\u0105g. Wszechstronno\u015b\u0107 \u0141ukasza sprawdza\u0142 trener kadry \u00a0futsalu na konsultacji w Lubawie. W 2014 roku by\u0142 na konsultacji w pierwszoligowym Stomilu Olsztyn, ale nie spodoba\u0142 si\u0119 trenerowi \u0141opatce. W latach 2017-20 gra\u0142 ponownie w czwartoligowej Mr\u0105gowie. Wysoko ceniono gr\u0119 Ku\u015bnierza w drugoligowym Zniczu Bia\u0142a Piska w latach 2019-22. Obecnie gra w Mr\u0105gowie oraz szkoli m\u0142odych zawodnik\u00f3w.<\/p>\n<p><strong>Rados\u0142aw Wenta ur. 2 marca 1967 roku w Olsztynie.<\/strong> Gr\u0119 w pi\u0142k\u0119 rozpocz\u0105\u0142 w Gwardii Olsztyn. W latach 1979-1985 gra\u0142 w zespo\u0142ach m\u0142odzie\u017cowych tego klubu. Wyr\u00f3\u017cniaj\u0105cy si\u0119 junior by\u0142 powo\u0142ywany do reprezentacji wojew\u00f3dztwa graj\u0105cej w Pucharze im. Dr. Micha\u0142owicza. W latach 1982\/83 by\u0142 powo\u0142ywany do kadry junior\u00f3w U15 i U16. Trener Janusz W\u00f3jcik.<\/p>\n<figure id=\"attachment_44114\" aria-describedby=\"caption-attachment-44114\" style=\"width: 1573px\" class=\"wp-caption aligncenter\"><img loading=\"lazy\" decoding=\"async\" class=\"wp-image-44114 size-full\" src=\"https:\/\/wmzpn.pl\/wp-content\/uploads\/2025\/02\/4.jpg\" alt=\"\" width=\"1573\" height=\"971\" srcset=\"https:\/\/wmzpn.pl\/wp-content\/uploads\/2025\/02\/4.jpg 1573w, https:\/\/wmzpn.pl\/wp-content\/uploads\/2025\/02\/4-300x185.jpg 300w, https:\/\/wmzpn.pl\/wp-content\/uploads\/2025\/02\/4-1024x632.jpg 1024w, https:\/\/wmzpn.pl\/wp-content\/uploads\/2025\/02\/4-768x474.jpg 768w, https:\/\/wmzpn.pl\/wp-content\/uploads\/2025\/02\/4-1536x948.jpg 1536w, https:\/\/wmzpn.pl\/wp-content\/uploads\/2025\/02\/4-356x220.jpg 356w, https:\/\/wmzpn.pl\/wp-content\/uploads\/2025\/02\/4-696x430.jpg 696w, https:\/\/wmzpn.pl\/wp-content\/uploads\/2025\/02\/4-1068x659.jpg 1068w, https:\/\/wmzpn.pl\/wp-content\/uploads\/2025\/02\/4-680x420.jpg 680w\" sizes=\"auto, (max-width: 1573px) 100vw, 1573px\" \/><figcaption id=\"caption-attachment-44114\" class=\"wp-caption-text\">Gwardia Olsztyn 1983 r. Pierwszy z prawej Zdzis\u0142aw Koprowski, drugi R. Wenta, trzeci \u015bp. Trener Adam Sankowski, z Pucharem J. Sankowski. Pierwszy z lewej trener Jerzy Jab\u0142o\u0144ski.<\/figcaption><\/figure>\n<p>W sezonie 1994\/95 wraz z zespo\u0142em zdoby\u0142 1 miejsce w mistrzostwach wojew\u00f3dztwa junior\u00f3w. Gra\u0142 tak\u017ce w reprezentacji kraju junior\u00f3w Gwardyjskiego Pionu Sportowego. Latem 1985 roku po likwidacji sekcji pi\u0142ki no\u017cnej, przeszed\u0142 z ca\u0142ym zespo\u0142em do KKS Warmia Olsztyn. W okresie studi\u00f3w w Akademii Wychowania Fizycznego w Gda\u0144sku uko\u0144czy\u0142 kierunek nauczycielski oraz zosta\u0142 trenerem II Klasy. W okresie tym gra\u0142 tak\u017ce w SKS Ba\u0142tyk Gdynia w zespole rezerw. Z klubem tym w sezonie 1988\/89 wygra\u0142 Klas\u0119 Okr\u0119gow\u0105.<\/p>\n<p>Jako nauczyciel wychowania fizycznego od 1993 roku pracuje w Liceum Og\u00f3lnokszta\u0142c\u0105cym nr 1 w Olsztynie. Obecnie jest Wicedyrektorem tej presti\u017cowej szko\u0142y \u015bredniej.<\/p>\n<p>Trener zespo\u0142\u00f3w m\u0142odzie\u017cowych w OKS Stomil Olsztyn. W sezonie 1994\/95 zdoby\u0142 mistrzostwo wojew\u00f3dztwa m\u0142odzik\u00f3w. Awansowa\u0142 do rozgrywek mi\u0119dzywojew\u00f3dzkich i w sezonie 1997\/98 zaj\u0105\u0142 2 miejsce w lidze junior\u00f3w m\u0142odszych. Cz\u0142onek Wydzia\u0142u Szkolenia OZPN, w latach 1991-95. Trener kadry wojew\u00f3dztwa warmi\u0144sko-mazurskiego rocznika 1988 w okresie 2002-2004. W 2003 roku dru\u017cyna ta zaj\u0119\u0142a czwarte miejsce w Pucharze imienia doktora Jerzego Micha\u0142owicza w S\u0142ubicach.<\/p>\n<figure id=\"attachment_44115\" aria-describedby=\"caption-attachment-44115\" style=\"width: 1513px\" class=\"wp-caption alignnone\"><img loading=\"lazy\" decoding=\"async\" class=\"wp-image-44115 size-full\" src=\"https:\/\/wmzpn.pl\/wp-content\/uploads\/2025\/02\/1.jpg\" alt=\"\" width=\"1513\" height=\"1038\" srcset=\"https:\/\/wmzpn.pl\/wp-content\/uploads\/2025\/02\/1.jpg 1513w, https:\/\/wmzpn.pl\/wp-content\/uploads\/2025\/02\/1-300x206.jpg 300w, https:\/\/wmzpn.pl\/wp-content\/uploads\/2025\/02\/1-1024x703.jpg 1024w, https:\/\/wmzpn.pl\/wp-content\/uploads\/2025\/02\/1-768x527.jpg 768w, https:\/\/wmzpn.pl\/wp-content\/uploads\/2025\/02\/1-100x70.jpg 100w, https:\/\/wmzpn.pl\/wp-content\/uploads\/2025\/02\/1-218x150.jpg 218w, https:\/\/wmzpn.pl\/wp-content\/uploads\/2025\/02\/1-696x477.jpg 696w, https:\/\/wmzpn.pl\/wp-content\/uploads\/2025\/02\/1-1068x733.jpg 1068w, https:\/\/wmzpn.pl\/wp-content\/uploads\/2025\/02\/1-612x420.jpg 612w\" sizes=\"auto, (max-width: 1513px) 100vw, 1513px\" \/><figcaption id=\"caption-attachment-44115\" class=\"wp-caption-text\">Kadra rocznika 1988 podczas Turnieju w S\u0142ubicach<\/figcaption><\/figure>\n<p>W sezonie 2006\/07 zdoby\u0142 mistrzostwo wojew\u00f3dztwa junior\u00f3w m\u0142odszych. Spotkanie w ramach MP rozegrali z Legi\u0105 Warszawa i przegrali 1:2 i 0:3. W latach 2018\/2020 trenowa\u0142 zesp\u00f3\u0142 senior\u00f3w Fortuny G\u0105g\u0142awki . W sezonie 2018\/19 awansowa\u0142 do Klasy Okr\u0119gowej.<\/p>\n<p>Tytu\u0142 trenera I Klasy uzyska\u0142 po kursie w COS w 2003 roku. Aby uzyska\u0107 licencje uko\u0144czy\u0142 kurs UEFA B. Obecnie prowadzi zaj\u0119cia z m\u0142odymi pi\u0142karzami w Akademii Stomilu Olsztyn.<\/p>\n<p style=\"text-align: right;\">Wojciech Linow<\/p>\n<p style=\"text-align: right;\">\u0179r\u00f3d\u0142o: Gazeta Olszty\u0144ska\/w\u0142asne<\/p>\n","protected":false},"excerpt":{"rendered":"<p>Zdobywcy pierwszego Pucharu Kazimierza G\u00f3rskiego w 2001 roku w sezonie 2001-2002 nie zdo\u0142ali awansowa\u0107 do fina\u0142u Pucharu imienia Wac\u0142awa Kuchara. Kadr\u0119 t\u0105 przej\u0119\u0142a, po rezygnacji trenera Janusza Czerniewicza, para m\u0142odych szkoleniowc\u00f3w Rados\u0142aw Wenta z Olsztyna i Dariusz Gergola z Ostr\u00f3dy. W rundzie jesiennej dru\u017cyna tego rocznika w znacznie zmienionym sk\u0142adzie zdoby\u0142a cztery punkty. Pierwsze wyjazdowe [&hellip;]<\/p>\n","protected":false},"author":11,"featured_media":44119,"comment_status":"open","ping_status":"open","sticky":false,"template":"","format":"standard","meta":{"footnotes":""},"categories":[12,288],"tags":[],"class_list":["post-44109","post","type-post","status-publish","format-standard","has-post-thumbnail","hentry","category-aktualnosci","category-kacik-historyczny-wojciecha-linowa"],"_links":{"self":[{"href":"https:\/\/wmzpn.pl\/index.php?rest_route=\/wp\/v2\/posts\/44109","targetHints":{"allow":["GET"]}}],"collection":[{"href":"https:\/\/wmzpn.pl\/index.php?rest_route=\/wp\/v2\/posts"}],"about":[{"href":"https:\/\/wmzpn.pl\/index.php?rest_route=\/wp\/v2\/types\/post"}],"author":[{"embeddable":true,"href":"https:\/\/wmzpn.pl\/index.php?rest_route=\/wp\/v2\/users\/11"}],"replies":[{"embeddable":true,"href":"https:\/\/wmzpn.pl\/index.php?rest_route=%2Fwp%2Fv2%2Fcomments&post=44109"}],"version-history":[{"count":6,"href":"https:\/\/wmzpn.pl\/index.php?rest_route=\/wp\/v2\/posts\/44109\/revisions"}],"predecessor-version":[{"id":44145,"href":"https:\/\/wmzpn.pl\/index.php?rest_route=\/wp\/v2\/posts\/44109\/revisions\/44145"}],"wp:featuredmedia":[{"embeddable":true,"href":"https:\/\/wmzpn.pl\/index.php?rest_route=\/wp\/v2\/media\/44119"}],"wp:attachment":[{"href":"https:\/\/wmzpn.pl\/index.php?rest_route=%2Fwp%2Fv2%2Fmedia&parent=44109"}],"wp:term":[{"taxonomy":"category","embeddable":true,"href":"https:\/\/wmzpn.pl\/index.php?rest_route=%2Fwp%2Fv2%2Fcategories&post=44109"},{"taxonomy":"post_tag","embeddable":true,"href":"https:\/\/wmzpn.pl\/index.php?rest_route=%2Fwp%2Fv2%2Ftags&post=44109"}],"curies":[{"name":"wp","href":"https:\/\/api.w.org\/{rel}","templated":true}]}}