{"id":44052,"date":"2025-02-05T13:45:00","date_gmt":"2025-02-05T13:45:00","guid":{"rendered":"https:\/\/wmzpn.pl\/?p=44052"},"modified":"2025-02-10T10:16:11","modified_gmt":"2025-02-10T10:16:11","slug":"kacik-historyczny-wojciecha-linowa-srebrne-medale-reprezentacji-warmii-i-mazur-w-pucharze-kazimierza-gorskiego-2002-roku","status":"publish","type":"post","link":"https:\/\/wmzpn.pl\/?p=44052","title":{"rendered":"K\u0105cik historyczny Wojciecha Linowa- Srebrne medale reprezentacji Warmii i Mazur w Pucharze Kazimierza G\u00f3rskiego 2002 roku"},"content":{"rendered":"<p>Wydzia\u0142 Szkolenia Warmi\u0144sko-Mazurskiego Zwi\u0105zku Pi\u0142ki No\u017cnej w dniu 2 pa\u017adziernika 2000 roku powierzy\u0142 m\u0142odemu trenerami Edwardowi Szmulowi zorganizowanie i szkolenie kadry rocznika 1989, kt\u00f3ra za rok b\u0119dzie uczestniczy\u0142a w rozgrywkach tego pucharu. W listopadzie rozegrano turniej \u017bak\u00f3w przy udziale 16 zespo\u0142\u00f3w z ca\u0142ego wojew\u00f3dztwa. Ta grupa wiekowa w klubach uzyska\u0142a wy\u017csze wsparcie i w sezonie 1999\/2000 gra\u0142o ju\u017c 38 zespo\u0142\u00f3w, a w sezonie 2000\/2001 zg\u0142osi\u0142o si\u0119 a\u017c 56 zespo\u0142\u00f3w. Trener Edward wyselekcjonowa\u0142 grup\u0119 30 m\u0142odych ch\u0142opc\u00f3w, z kt\u00f3rymi odby\u0142 szereg konsultacji oraz spotka\u0144 towarzyskich. We wrze\u015bniu 2001 roku kadr\u0119 trenersk\u0105 wzmocni\u0142 do\u015bwiadczony szkoleniowiec Andrzej Korku\u0107.<\/p>\n<p>Zmieniono tak\u017ce przepisy gry i bramki ustawione by\u0142y na linii pola bramkowego. <strong>Pierwsze spotkanie wyjazdowe w \u0141odzi 26 wrze\u015bnia 2001 roku zesp\u00f3\u0142 Warmii i Mazur wygra\u0142 3:1. <\/strong>Spotkanie w Olsztynie z reprezentacj\u0105 z Podlasia zako\u0144czy\u0142o si\u0119 remisem 2:2. Obserwatorzy tego spotkania uwa\u017cali, \u017ce zesp\u00f3\u0142 gra\u0142 dobrze i by\u0142 lepszy od przeciwnik\u00f3w, ale szkoda utraconych punkt\u00f3w. Trzecie spotkanie jesieni\u0105 z reprezentacj\u0105 Mazowsza zosta\u0142o przegrane pechowo 0:1. Zima oraz jesie\u0144 2002 roku zosta\u0142a dobrze przepracowana przez kadr\u0119 trenersk\u0105. Turnieje halowe oraz sprawdziany wy\u0142oni\u0142y lider\u00f3w tego zespo\u0142u, kt\u00f3rzy moim zdaniem byli bardzo uzdolnieni.<\/p>\n<p>Pierwsze wiosenne spotkanie w Olsztynie wygrane 3:1 z reprezentacji \u0141odzi &#8211; 2 bramki Gizi\u0144ski i Zybaj\u0142o, upewnia\u0142o o dobrym przygotowaniu zespo\u0142u. W kolejnym spotkaniu w Bia\u0142ymstoku nasz kadra wygra\u0142a 2:0 bramki: Alancewicz i Kacprzycki. <strong>Zesp\u00f3\u0142 posiada\u0142 ju\u017c 10 punkt\u00f3w i awansowa\u0142 do fina\u0142u krajowego<\/strong>. Wyjazdowe spotkanie w Piasecznie z Mazowszem zako\u0144czy\u0142o si\u0119 remisem 1:1.<\/p>\n<p><strong>Tabela makroregionu:<\/strong><\/p>\n<p>Mazowsze 11 pkt &#8211; 10:4<\/p>\n<p>Warmia i Mazury 11 pkt &#8211; 11:6<\/p>\n<p>\u0141\u00f3d\u017a 6 pkt &#8211; 6:14<\/p>\n<p>Podlasie 5 pkt &#8211; 6:9<\/p>\n<p>Wyjazd do Szczecina reprezentacja Warmii i Mazur odby\u0142a poci\u0105giem. Wcze\u015bniej zarezerwowali\u015bmy przedzia\u0142y i z baga\u017cami dotarli\u015bmy do internatu, kt\u00f3ry ca\u0142e szcz\u0119\u015bcie by\u0142 niedaleko od stadionu Arkoni Szczecin, na kt\u00f3rym odbywa\u0142 si\u0119 turniej. By\u0142y to zawody zorganizowane na bardzo wysokim poziomie. Uczestnicy zostali \u015bwietnie przywitani i otrzymali folder, w kt\u00f3rym przedstawione by\u0142y wszystkie kadry, a tak\u017ce sylwetka trener Kazimierza G\u00f3rskiego.<\/p>\n<p><img loading=\"lazy\" decoding=\"async\" class=\"aligncenter wp-image-44053 size-full\" src=\"https:\/\/wmzpn.pl\/wp-content\/uploads\/2025\/02\/SCN_20250204_123355.jpg\" alt=\"\" width=\"1372\" height=\"527\" srcset=\"https:\/\/wmzpn.pl\/wp-content\/uploads\/2025\/02\/SCN_20250204_123355.jpg 1372w, https:\/\/wmzpn.pl\/wp-content\/uploads\/2025\/02\/SCN_20250204_123355-300x115.jpg 300w, https:\/\/wmzpn.pl\/wp-content\/uploads\/2025\/02\/SCN_20250204_123355-1024x393.jpg 1024w, https:\/\/wmzpn.pl\/wp-content\/uploads\/2025\/02\/SCN_20250204_123355-768x295.jpg 768w, https:\/\/wmzpn.pl\/wp-content\/uploads\/2025\/02\/SCN_20250204_123355-696x267.jpg 696w, https:\/\/wmzpn.pl\/wp-content\/uploads\/2025\/02\/SCN_20250204_123355-1068x410.jpg 1068w, https:\/\/wmzpn.pl\/wp-content\/uploads\/2025\/02\/SCN_20250204_123355-1093x420.jpg 1093w\" sizes=\"auto, (max-width: 1372px) 100vw, 1372px\" \/><\/p>\n<p>Otwarcie turnieju odby\u0142o si\u0119 na Zamku Ksi\u0105\u017c\u0105t Pomorskich. Wszystkie zespo\u0142y odby\u0142y wsp\u00f3lny posi\u0142ek, w kt\u00f3rym uczestniczy\u0142y w\u0142adze wojew\u00f3dztwa i miasta. Pami\u0119tam jak \u015bp. Kazimierz G\u00f3rski przez kilka godzin podpisywa\u0142 dedykacj\u0119 zawodnikom i uczestnikom. Dopiero \u017cona pana Kazimierza poprosi\u0142a ,\u017ceby odetchn\u0105\u0142 i zjad\u0142 posi\u0142ek, a warto zaznaczy\u0107, \u017ce trener mia\u0142 wtedy 92 lata.<\/p>\n<p>W grupie Warmia i Mazury rywalizowa\u0142a z dru\u017cynami z wojew\u00f3dztwa zachodniopomorskiego, lubuskiego i \u015bwi\u0119tokrzyskiego. <strong>Pierwsze spotkanie w\u0142a\u015bnie z gospodarzami po zaci\u0119tej grze nasza dru\u017cyna wygra\u0142a 1:0<\/strong>, a bramk\u0119 zdoby\u0142 najlepszy zawodnik tego spotkania Adrian Gizi\u0144ski.<\/p>\n<p>By\u0142 to tak\u017ce nieformalny rewan\u017c, gdy\u017c w roku w 2001 to w\u0142a\u015bnie z zespo\u0142em tego wojew\u00f3dztwa nasza dru\u017cyna rocznika 1988 wygra\u0142a w finale pierwszego Pucharu Kazimierza G\u00f3rskiego &#8211; gospodarze byli niepocieszeni. <strong>Drugie spotkanie z reprezentacj\u0105 wojew\u00f3dztwa lubuskiego zako\u0144czy\u0142o si\u0119 zwyci\u0119stwem 2:0<\/strong> &#8211; dwie bramki Gizi\u0144ski. Te wygrane zapewni\u0142y naszemu zespo\u0142owi pierwsze miejsce w grupie i gr\u0119 o z\u0142ote medale. Korzystaj\u0105c z przerwy dru\u017cyna pojecha\u0142a na odnow\u0119 biologiczn\u0105 do Aquaparku w Gryfinie. W trzecim spotkaniu w grupie z dru\u017cyn\u0105 w wojew\u00f3dztwa \u015bwi\u0119tokrzyskiego trenerzy dali wypocz\u0105\u0107 czo\u0142owym zawodnikom i cz\u0119\u015bciowo zagrali zmiennicy. Spotkanie to nasza dru\u017cyna przegra\u0142a 1:2 &#8211; bramka Chyli\u0144ski. W kolejnej przerwie rozgrywkach jeszcze raz dru\u017cyna wyjecha\u0142a na odnow\u0119 do Gryfina.<\/p>\n<p>W finale Warmia i Mazury gra\u0142a z dru\u017cyn\u0105 wojew\u00f3dztwa kujawsko-pomorskiego. Zesp\u00f3\u0142 ten wygra\u0142 w Mazowszem 1:0 oraz Dolnym \u015al\u0105skiem 2:1 oraz zremisowa\u0142 z Lublinem 1:1. Fina\u0142 rozegrany zosta\u0142 6 lipca 2002 roku na stadionie Arkonii Szczecin. Po wyr\u00f3wnanym spotkaniu w regulaminowym czasie gry pad\u0142 wynik remisowy. W serii rzut\u00f3w karnych 5:4 wygra\u0142 zesp\u00f3\u0142 kujawsko-pomorskiego. Po spotkaniu trener Kazimierz G\u00f3rski powiedzia\u0142 \u2013 \u201eByli\u015bcie zespo\u0142em lepszym, ale nauczcie si\u0119 strzela\u0107 karne\u201d. Kapitan zespo\u0142u Pawe\u0142 Alancewicz otrzyma\u0142 z r\u0105k trenera G\u00f3rskiego puchar, a zawodnicy zostali udekorowani srebrnymi medalami.<\/p>\n<p><img loading=\"lazy\" decoding=\"async\" class=\"aligncenter wp-image-44054 size-large\" src=\"https:\/\/wmzpn.pl\/wp-content\/uploads\/2025\/02\/sodapdf-converted-1-642x1024.jpg\" alt=\"\" width=\"640\" height=\"1021\" srcset=\"https:\/\/wmzpn.pl\/wp-content\/uploads\/2025\/02\/sodapdf-converted-1-642x1024.jpg 642w, https:\/\/wmzpn.pl\/wp-content\/uploads\/2025\/02\/sodapdf-converted-1-188x300.jpg 188w, https:\/\/wmzpn.pl\/wp-content\/uploads\/2025\/02\/sodapdf-converted-1-768x1226.jpg 768w, https:\/\/wmzpn.pl\/wp-content\/uploads\/2025\/02\/sodapdf-converted-1-962x1536.jpg 962w, https:\/\/wmzpn.pl\/wp-content\/uploads\/2025\/02\/sodapdf-converted-1-696x1111.jpg 696w, https:\/\/wmzpn.pl\/wp-content\/uploads\/2025\/02\/sodapdf-converted-1-1068x1705.jpg 1068w, https:\/\/wmzpn.pl\/wp-content\/uploads\/2025\/02\/sodapdf-converted-1-263x420.jpg 263w, https:\/\/wmzpn.pl\/wp-content\/uploads\/2025\/02\/sodapdf-converted-1.jpg 1112w\" sizes=\"auto, (max-width: 640px) 100vw, 640px\" \/><\/p>\n<p>Opr\u00f3cz dekoracji utkwi\u0142a mi w pami\u0119ci sytuacja gdy podczas wykonania rzut\u00f3w karnych zawodnicy siedzieli i odpoczywali na murawie. Jeden z naszych zawodnik\u00f3w przybieg\u0142 do budynku klubowego. Okaza\u0142o si\u0119, \u017ce w po\u015bladek u\u017c\u0105dli\u0142a go osa. By\u0107 mo\u017ce ta historia speszy\u0142a naszego pechowego strzelca karnego.<\/p>\n<p><strong>Kadra zespo\u0142u:<\/strong><\/p>\n<p>Gizi\u0144ski Adrian \u2013 Orlik Reszel<\/p>\n<p>Przybylski Pawe\u0142 \u2013 Orlik Reszel<\/p>\n<p>Klimko Arkadiusz \u2013 Orlik Reszel<\/p>\n<p>Alancewicz Pawe\u0142 \u2013 Stomil Olsztyn \u2013 kapitan<\/p>\n<p>D\u0142ugo\u0142\u0119cki Tomasz \u2013 Stomil Olsztyn<\/p>\n<p>\u017bukowski \u0141ukasz \u2013 Stomil Olsztyn<\/p>\n<p>Chili\u0144ski Daniel \u2013 Warmia Olsztyn<\/p>\n<p>Olik Jakub \u2013 Warmia Olsztyn<\/p>\n<p>Czerniewicz Mariusz \u2013 Warmia Olsztyn<\/p>\n<p>B\u0142a\u017cewicz Pawe\u0142 \u2013 Zatoka Braniewo<\/p>\n<p>Michnowicz Jaros\u0142aw \u2013 Zatoka Braniewo<\/p>\n<p>Kacprzycki Piotr \u2013 Mr\u0105gowia Mr\u0105gowo<\/p>\n<p>Zybaj\u0142o Micha\u0142 \u2013 Mr\u0105gowia Mr\u0105gowo<\/p>\n<p>Napi\u00f3rkowski Pawe\u0142 \u2013 Start Nidzica<\/p>\n<p>Wr\u00f3bel Mateusz \u2013 Sparta Brodnica<\/p>\n<p>Szafra\u0144ski Piotr \u2013 Jeziorak I\u0142awa<\/p>\n<p>Tomczyk Kamil \u2013 Ossa Biskupiec Pomorski<\/p>\n<p>\u017b\u00f3ra\u0144ski Piotr \u2013 Sok\u00f3\u0142 Ostr\u00f3da<\/p>\n<p>Trenerzy \u2013 Edward Szmul \u2013 Reszel, Andrzej Korku\u0107 \u2013 Biskupiec, Janusz Czerniewicz, Kierownik Ekipy \u2013 trener koordynator Wojciech Linow.<\/p>\n<p><img loading=\"lazy\" decoding=\"async\" class=\"aligncenter wp-image-44055 size-full\" src=\"https:\/\/wmzpn.pl\/wp-content\/uploads\/2025\/02\/jcz-scaled.jpeg\" alt=\"\" width=\"2560\" height=\"1707\" srcset=\"https:\/\/wmzpn.pl\/wp-content\/uploads\/2025\/02\/jcz-scaled.jpeg 2560w, https:\/\/wmzpn.pl\/wp-content\/uploads\/2025\/02\/jcz-300x200.jpeg 300w, https:\/\/wmzpn.pl\/wp-content\/uploads\/2025\/02\/jcz-1024x683.jpeg 1024w, https:\/\/wmzpn.pl\/wp-content\/uploads\/2025\/02\/jcz-768x512.jpeg 768w, https:\/\/wmzpn.pl\/wp-content\/uploads\/2025\/02\/jcz-1536x1024.jpeg 1536w, https:\/\/wmzpn.pl\/wp-content\/uploads\/2025\/02\/jcz-2048x1365.jpeg 2048w, https:\/\/wmzpn.pl\/wp-content\/uploads\/2025\/02\/jcz-696x464.jpeg 696w, https:\/\/wmzpn.pl\/wp-content\/uploads\/2025\/02\/jcz-1068x712.jpeg 1068w, https:\/\/wmzpn.pl\/wp-content\/uploads\/2025\/02\/jcz-630x420.jpeg 630w\" sizes=\"auto, (max-width: 2560px) 100vw, 2560px\" \/><\/p>\n<p><strong> <img loading=\"lazy\" decoding=\"async\" class=\"alignnone size-medium wp-image-44056\" src=\"https:\/\/wmzpn.pl\/wp-content\/uploads\/2025\/02\/szmul-300x200.jpg\" alt=\"\" width=\"300\" height=\"200\" srcset=\"https:\/\/wmzpn.pl\/wp-content\/uploads\/2025\/02\/szmul-300x200.jpg 300w, https:\/\/wmzpn.pl\/wp-content\/uploads\/2025\/02\/szmul-1024x683.jpg 1024w, https:\/\/wmzpn.pl\/wp-content\/uploads\/2025\/02\/szmul-768x512.jpg 768w, https:\/\/wmzpn.pl\/wp-content\/uploads\/2025\/02\/szmul-1536x1024.jpg 1536w, https:\/\/wmzpn.pl\/wp-content\/uploads\/2025\/02\/szmul-696x464.jpg 696w, https:\/\/wmzpn.pl\/wp-content\/uploads\/2025\/02\/szmul-1068x712.jpg 1068w, https:\/\/wmzpn.pl\/wp-content\/uploads\/2025\/02\/szmul-630x420.jpg 630w, https:\/\/wmzpn.pl\/wp-content\/uploads\/2025\/02\/szmul.jpg 2048w\" sizes=\"auto, (max-width: 300px) 100vw, 300px\" \/> \u00a0Edward Szmul<\/strong> ur. 5.01.1971 roku. Zawodnik klubu sportowego Orl\u0119ta Rema Reszel.<\/p>\n<p>W latach 1990-1995 by\u0142 cz\u0142onkiem dru\u017cyny graj\u0105cej w III lidze.<\/p>\n<p><img loading=\"lazy\" decoding=\"async\" class=\"aligncenter wp-image-44061 size-full\" src=\"https:\/\/wmzpn.pl\/wp-content\/uploads\/2025\/02\/SCN_20250204_123251.jpg\" alt=\"\" width=\"2054\" height=\"1068\" srcset=\"https:\/\/wmzpn.pl\/wp-content\/uploads\/2025\/02\/SCN_20250204_123251.jpg 2054w, https:\/\/wmzpn.pl\/wp-content\/uploads\/2025\/02\/SCN_20250204_123251-300x156.jpg 300w, https:\/\/wmzpn.pl\/wp-content\/uploads\/2025\/02\/SCN_20250204_123251-1024x532.jpg 1024w, https:\/\/wmzpn.pl\/wp-content\/uploads\/2025\/02\/SCN_20250204_123251-768x399.jpg 768w, https:\/\/wmzpn.pl\/wp-content\/uploads\/2025\/02\/SCN_20250204_123251-1536x799.jpg 1536w, https:\/\/wmzpn.pl\/wp-content\/uploads\/2025\/02\/SCN_20250204_123251-2048x1065.jpg 2048w, https:\/\/wmzpn.pl\/wp-content\/uploads\/2025\/02\/SCN_20250204_123251-696x362.jpg 696w, https:\/\/wmzpn.pl\/wp-content\/uploads\/2025\/02\/SCN_20250204_123251-1068x555.jpg 1068w, https:\/\/wmzpn.pl\/wp-content\/uploads\/2025\/02\/SCN_20250204_123251-808x420.jpg 808w\" sizes=\"auto, (max-width: 2054px) 100vw, 2054px\" \/><\/p>\n<p>W okresie tym dru\u017cyna z Reszla nale\u017ca\u0142a do czo\u0142owych zespo\u0142\u00f3w pi\u0142karskich wojew\u00f3dztwa olszty\u0144skiego. Edward Szmul uko\u0144czy\u0142 Akademi\u0119 Wychowania Fizycznego uzyskuj\u0105c tytu\u0142 mgr. Wychowania Fizycznego. Trener II Klasy. Zatrudniony jako nauczyciel wychowania fizycznego w SP nr 3 w Reszlu. Za\u0142o\u017cyciel i trener Ludowego Uczniowskiego Klubu Sportowego \u201eOrlik\u201d. Klub ten wykaza\u0142 si\u0119 doskona\u0142\u0105 prac\u0105 z m\u0142odymi pi\u0142karzami. Zajmowa\u0142 II, III i V miejsce w fina\u0142ach krajowych turnieju Marka Wielgusa w pi\u0142ce no\u017cnej dla m\u0142odszych klas.<\/p>\n<p>W 2000 roku zosta\u0142 trenerem Kadry WMZPN rocznika 1989. Pracuj\u0105c z tym zespo\u0142em przez 4 lata zdoby\u0142 drugie miejsce w Pucharze im. Kazimierza G\u00f3rskiego.\u00a0 W 2004 roku, z tym samym zespo\u0142em, zaj\u0105\u0142 III miejsce w Pucharze im. Dr. Jerzego Micha\u0142owicza. Turniej odby\u0142 si\u0119 w Policach. Edward Szmul w latach 2005\/2008 by\u0142 trenerem senior\u00f3w Orl\u0105t Reszel. Obecnie jest Dyrektorem Zespo\u0142u Szkolno-Przedszkolnego w Reszlu. Od 2003 roku uzyska\u0142 tytu\u0142 trenera I klasy, po kursie w COS. Obecnie trener UEFA A, po zdaniu egzaminu w PZPN. Prowadzi zaj\u0119cia z m\u0142odzie\u017c\u0105 w UKS Orlik Reszel.<\/p>\n<p>W 2008 roku zosta\u0142 wybrany do Zarz\u0105du WMZPN. Pe\u0142ni t\u0105 funkcj\u0119 spo\u0142ecznie. Obecnie jest wiceprezesem ds. seniorskiej pi\u0142ki oraz przewodnicz\u0105cym Komisji Pi\u0142karska Kobiecego. Dzia\u0142a tak\u017ce w komisji PZPN. Odznaczony br\u0105zow\u0105 i srebrn\u0105 odznak\u0105 PZPN.<\/p>\n","protected":false},"excerpt":{"rendered":"<p>Wydzia\u0142 Szkolenia Warmi\u0144sko-Mazurskiego Zwi\u0105zku Pi\u0142ki No\u017cnej w dniu 2 pa\u017adziernika 2000 roku powierzy\u0142 m\u0142odemu trenerami Edwardowi Szmulowi zorganizowanie i szkolenie kadry rocznika 1989, kt\u00f3ra za rok b\u0119dzie uczestniczy\u0142a w rozgrywkach tego pucharu. W listopadzie rozegrano turniej \u017bak\u00f3w przy udziale 16 zespo\u0142\u00f3w z ca\u0142ego wojew\u00f3dztwa. Ta grupa wiekowa w klubach uzyska\u0142a wy\u017csze wsparcie i w sezonie [&hellip;]<\/p>\n","protected":false},"author":11,"featured_media":44059,"comment_status":"open","ping_status":"open","sticky":false,"template":"","format":"standard","meta":{"footnotes":""},"categories":[12,288],"tags":[],"class_list":["post-44052","post","type-post","status-publish","format-standard","has-post-thumbnail","hentry","category-aktualnosci","category-kacik-historyczny-wojciecha-linowa"],"_links":{"self":[{"href":"https:\/\/wmzpn.pl\/index.php?rest_route=\/wp\/v2\/posts\/44052","targetHints":{"allow":["GET"]}}],"collection":[{"href":"https:\/\/wmzpn.pl\/index.php?rest_route=\/wp\/v2\/posts"}],"about":[{"href":"https:\/\/wmzpn.pl\/index.php?rest_route=\/wp\/v2\/types\/post"}],"author":[{"embeddable":true,"href":"https:\/\/wmzpn.pl\/index.php?rest_route=\/wp\/v2\/users\/11"}],"replies":[{"embeddable":true,"href":"https:\/\/wmzpn.pl\/index.php?rest_route=%2Fwp%2Fv2%2Fcomments&post=44052"}],"version-history":[{"count":6,"href":"https:\/\/wmzpn.pl\/index.php?rest_route=\/wp\/v2\/posts\/44052\/revisions"}],"predecessor-version":[{"id":44097,"href":"https:\/\/wmzpn.pl\/index.php?rest_route=\/wp\/v2\/posts\/44052\/revisions\/44097"}],"wp:featuredmedia":[{"embeddable":true,"href":"https:\/\/wmzpn.pl\/index.php?rest_route=\/wp\/v2\/media\/44059"}],"wp:attachment":[{"href":"https:\/\/wmzpn.pl\/index.php?rest_route=%2Fwp%2Fv2%2Fmedia&parent=44052"}],"wp:term":[{"taxonomy":"category","embeddable":true,"href":"https:\/\/wmzpn.pl\/index.php?rest_route=%2Fwp%2Fv2%2Fcategories&post=44052"},{"taxonomy":"post_tag","embeddable":true,"href":"https:\/\/wmzpn.pl\/index.php?rest_route=%2Fwp%2Fv2%2Ftags&post=44052"}],"curies":[{"name":"wp","href":"https:\/\/api.w.org\/{rel}","templated":true}]}}