{"id":43933,"date":"2025-01-25T20:10:27","date_gmt":"2025-01-25T20:10:27","guid":{"rendered":"https:\/\/wmzpn.pl\/?p=43933"},"modified":"2025-02-21T10:54:19","modified_gmt":"2025-02-21T10:54:19","slug":"kacik-historyczny-wojciecha-linowa-sukcesy-kadry-wmzpn-rocznika-1987","status":"publish","type":"post","link":"https:\/\/wmzpn.pl\/?p=43933","title":{"rendered":"K\u0105cik historyczny Wojciecha Linowa &#8211; sukcesy Kadry WMZPN rocznika 1987"},"content":{"rendered":"<p><strong>Kadra 1987 \u2013 Puchar im. Wac\u0142awa Kuchara w 2001 roku i Srebrny medal Pucharu im. J.Micha\u0142owicza w 2002 roku.<\/strong><\/p>\n<p>Rok 2000 w pi\u0142karstwie naszego wojew\u00f3dztwa by\u0142 bardzo pracowity. Przeprowadzona w 1999 roku reforma administracyjna spowodowa\u0142a konieczno\u015b\u0107 dostosowania struktur w systemie rozgrywek. PZPN zdecydowa\u0142 o prowadzeniu og\u00f3lnopolskich turniej\u00f3w w czterech kategoriach wiekowych. Turnieje makroregionalne wy\u0142ania\u0142y 8 zespo\u0142\u00f3w, kt\u00f3re rozgrywa\u0142y fina\u0142y krajowe. Rocznik 1987, kt\u00f3rego trenerem by\u0142 Ryszard Wasilewski z Bartoszyc mia\u0142 8 miesi\u0119cy w celu przygotowania si\u0119 do rozgrywek pucharu imienia Wac\u0142awa Kuchara.<\/p>\n<p>W lutym 2000 roku w hali Urania zosta\u0142 zorganizowany turniej z udzia\u0142em 10 zespo\u0142\u00f3w klubowych tego rocznika. Uczestniczy\u0142y dru\u017cyny Stomilu, Warmii, Victorii, Soko\u0142a, Jezioraka, MKS Szczytno, Startu Nidzica, Polonii Lidzbark Warmi\u0144ski, Sparty Biskupiec i Polonii Elbl\u0105g. Z turnieju tego wyselekcjonowano 25 zawodnik\u00f3w. Kierownikiem dru\u017cyny wybrano Zbigniewa Mokwi\u0144skiego dzia\u0142acza Warmii Olsztyn. Cykl przygotowa\u0144 do rozgrywek w makroregionie obejmuj\u0105cym Mazowsze, Podlasie, Warmi\u0119 i Mazury oraz \u0141\u00f3d\u017a obejmowa\u0142 szereg spotka\u0144 kontrolnych. Rozegrano spotkanie dawnego wojew\u00f3dztwa olszty\u0144skiego z dru\u017cyn\u0105 by\u0142ego wojew\u00f3dztwa elbl\u0105skiego. Spotkanie to wygra\u0142 Olsztyn 3:1.<\/p>\n<p>W kwietniu kadra 1987 roku wyjecha\u0142a na mi\u0119dzynarodowy Turniej w \u015awieciu nad Wis\u0142\u0105 organizowany przez wojew\u00f3dztwo kujawsko-pomorskie. Nasz zesp\u00f3\u0142 wygra\u0142 turniej pokonuj\u0105cy w finale dru\u017cyn\u0119 gospodarzy 7:1. Rozegrane tam spotkania z r\u00f3wie\u015bnikami wykaza\u0142y du\u017cy potencja\u0142 zespo\u0142u. Rozegrano tak\u017ce towarzyski mecz z reprezentacj\u0105 Pomorza w Elbl\u0105gu, tak\u017ce wygrany przez Warmi\u0119 i Mazury.<\/p>\n<p>Pierwsze spotkanie mistrzowskie we wrze\u015bniu w Olsztynie z reprezentacj\u0105 Mazowsza zosta\u0142o wygrane 6:0. Po tym spotkaniu Mazowsze zmieni\u0142o trenera. Spotkanie wyjazdowe w \u0141odzi zosta\u0142o wygrane 2:0, a gole strzelali Tucholski i Sobolewski. Na stadionie W\u0142\u00f3kniarza w Bia\u0142ymstoku nasza kadra tak\u017ce wygra\u0142a 1:0 &#8211; bramka Tucholski. <strong>Po rundzie jesiennej zesp\u00f3\u0142 kadry 1987 rocznika mia\u0142 9 punkt\u00f3w na koncie i w bramkach 9:0. <\/strong><\/p>\n<p>W lutym 2001 roku dru\u017cyna przebywa\u0142a na tygodniowym zgrupowaniu w Piszu. Korzystano z dobrych warunk\u00f3w i go\u015bcinno\u015bci Szko\u0142y Podstawowej nr 2. Korzystaj\u0105c z hali mo\u017cna by\u0142o poprawi\u0107 technik\u0119, a tak\u017ce lepiej pozna\u0107 charaktery m\u0142odych pi\u0142karzy. W marcu rozegrano turniej halowy w Uranii, a nast\u0119pnie kadra uczestniczy\u0142a w turnieju w I\u0142awie. Opisuje szczeg\u00f3\u0142owo cykl przygotowa\u0144, gdy\u017c w latach nast\u0119puj\u0105cych by\u0142 on podobny dla innych rocznik\u00f3w. 9 maja 2001 roku w Piasecznie po wygranej 1:0 &#8211; bramka Tucholski z Mazowszem <strong>dru\u017cyna by\u0142a ju\u017c pewna gry w fina\u0142ach og\u00f3lnopolskich.<\/strong><\/p>\n<p>Dwa pozosta\u0142e spotkania rozegrano w Olsztynie. Warmia i Mazury wygra\u0142a z \u0141odzi\u0105 2:0 i zremisowa\u0142a 1:1 z Bia\u0142ymstokiem.<\/p>\n<p><strong>Tabela:<\/strong><\/p>\n<p>Warmia i Mazury 16 pkt 12:1<\/p>\n<p>Mazowsze 8 pkt 11:12<\/p>\n<p>Podlasie 5 pkt 4:11<\/p>\n<p>Turniej fina\u0142owy zosta\u0142 rozegrany w dniach 24-30 czerwca 2001 roku w Nowym S\u0105czu. Na kilkudniowe zgrupowanie Zwi\u0105zek nie znalaz\u0142 \u015brodk\u00f3w. Dru\u017cyna pojecha\u0142a na drugi kraniec Polski na dwa dni przed rozgrywkami i zamieszka\u0142a w Zawadzie &#8211; obecnej dzielnicy Nowego S\u0105cza. W pierwszym spotkaniu z reprezentacj\u0105 wojew\u00f3dztwa kujawsko-pomorskiego pad\u0142 bezbramkowy remis i jeszcze nic nie wskazywa\u0142o, \u017ce dru\u017cyna jest przem\u0119czona. Nast\u0119pne spotkanie z dru\u017cyn\u0105 z Dolnego \u015al\u0105ska zosta\u0142o przegrane 1:5 i by\u0142 to najs\u0142abszy mecz tej dru\u017cyny podczas trzech fina\u0142\u00f3w, w kt\u00f3rych uczestniczy\u0142a. Zesp\u00f3\u0142 zagra\u0142 bardzo s\u0142abo \u0142\u0105cznie z bramkarzem Bartkiem Bia\u0142kowskim. Przebywa\u0142em na turnieju G\u00f3rskiego i bezpo\u015brednio z Warszawy przyjecha\u0142em do Nowego S\u0105cza.<\/p>\n<p>Widzia\u0142em wielkie przygn\u0119bienie m\u0142odych zawodnik\u00f3w. Nie s\u0105dzili, \u017ce mog\u0105 tak s\u0142abo si\u0119 zaprezentowa\u0107. Po dniu przerwy i odnowie biologicznej, w spotkaniu na stadionie Sandecji dru\u017cyna pokaza\u0142a swoje pe\u0142nie mo\u017cliwo\u015bci i po doskona\u0142ym spotkaniu pokona\u0142a gospodarzy zesp\u00f3\u0142 Ma\u0142opolski 2:1. W spotkaniu o 5 miejsce <strong>Warmia i Mazury pokona\u0142a reprezentacj\u0119 \u015al\u0105ska 3:1<\/strong>. By\u0142 to ostatni rok gdy grano takie spotkanie. Od nast\u0119pnych edycji dru\u017cyny z miejsc 3-4 odjecha\u0142y z turnieju z miejscami 5\/6 i 7\/8. Bramki w tym turnieju zdobywali: po dwie Tucholski i Szkolnik, po jednej Wi\u0105cek i Kulicki.<\/p>\n<p><strong>Kadra:<\/strong><\/p>\n<ul>\n<li>Bartosz Bia\u0142kowski Polonia Elbl\u0105g<\/li>\n<li>Rafa\u0142 Sobolewski Polonia Elbl\u0105g<\/li>\n<li>Piotr Szkolnik Sparta Biskupiec<\/li>\n<li>Wojciech Hubacz Sparta Biskupiec<\/li>\n<li>Kamil Wi\u0105cek Jeziorak I\u0142awa<\/li>\n<li>Daniel Cie\u015blak Jeziorak I\u0142awa<\/li>\n<li>Krzysztof Kostkowski Start Nidzica<\/li>\n<li>Miros\u0142aw Napi\u00f3rkowski Start Nidzica<\/li>\n<li>\u0141ukasz Piekut Start Nidzica<\/li>\n<li>Micha\u0142 Ruszkiewicz Stomil Olsztyn<\/li>\n<li>Arkadiusz Czarnecki Stomil Olsztyn<\/li>\n<li>Pawe\u0142 Podhorodecki Stomil Olsztyn<\/li>\n<li>Rados\u0142aw Szulc Stomil Olsztyn<\/li>\n<li>Dacjusz Tucholski Victoria Bartoszyce<\/li>\n<li>Bartosz Ros\u0142o\u0144 Mamry Gi\u017cycko<\/li>\n<li>Mariusz Bochenek Olimpia Mi\u0142ki<\/li>\n<li>Rados\u0142aw Stefanowicz Huragan Mor\u0105g<\/li>\n<li>Sebastian Kulicki Polonia Lidzbark Warmi\u0144ski<\/li>\n<\/ul>\n<p><strong>Puchar imienia Jerzego Micha\u0142owicza 2002 <\/strong><\/p>\n<p>Trzon kadry zosta\u0142 uzupe\u0142niony o kilku zawodnik\u00f3w sprawdzonych podczas konsultacji i spotka\u0144 w Rypinie z reprezentacj\u0105 wojew\u00f3dztwa kujawsko-pomorskiego. Do pomocy w szkoleniu tego rocznika zg\u0142osi\u0142em trenera Andrzeja Arcyza i zosta\u0142 on zatwierdzony przez Wydzia\u0142 Szkolenia. Jesieni\u0105 2001 roku dru\u017cyna rozegra\u0142a trzy spotkania mistrzowskie. 29 wrze\u015bnia w Olsztynie wygra\u0142a 2:0 z \u0141odzi\u0105, w drugim spotkaniu w Bia\u0142ymstoku dru\u017cyna wygra\u0142a z Podlaskim ZPN 6:1. 25 pa\u017adziernika w Warszawie na stadionie Olimpii nasza dru\u017cyna po zaci\u0119tej walce wygra\u0142a 1:0. By\u0142a to kl\u0119ska zespo\u0142u z Mazowsza, gdy\u017c w tym dniu wygra\u0142a 1:0 tak\u017ce kadra z rocznika 1986.<\/p>\n<p><strong>Po jesieni rocznik 1987 zgromadzi\u0142 9 punkt\u00f3w i bramki 9:1<\/strong>. Wiosn\u0105 dru\u017cyna wyjecha\u0142a na spotkanie do Kaliningradu i 2:2 zremisowa\u0142a z rosyjskim zespo\u0142em. Gra\u0142a tak\u017ce z kujawsko-pomorskim w Kurz\u0119tniku. Po wygranym spotkaniu z \u0141odzi\u0105 na wyje\u017adzie 2:0, <strong>dru\u017cyna mia\u0142a ju\u017c awans do turnieju fina\u0142owego<\/strong>. W spotkaniach w Olsztynie Warmia i Mazury wygra\u0142a 2:0 w Podlasiem i zremisowa\u0142a 1:1 z Mazowszem.<\/p>\n<p><img loading=\"lazy\" decoding=\"async\" class=\"alignnone wp-image-43937 size-full\" src=\"https:\/\/wmzpn.pl\/wp-content\/uploads\/2025\/01\/3-1.jpeg\" alt=\"\" width=\"1450\" height=\"1139\" srcset=\"https:\/\/wmzpn.pl\/wp-content\/uploads\/2025\/01\/3-1.jpeg 1450w, https:\/\/wmzpn.pl\/wp-content\/uploads\/2025\/01\/3-1-300x236.jpeg 300w, https:\/\/wmzpn.pl\/wp-content\/uploads\/2025\/01\/3-1-1024x804.jpeg 1024w, https:\/\/wmzpn.pl\/wp-content\/uploads\/2025\/01\/3-1-768x603.jpeg 768w, https:\/\/wmzpn.pl\/wp-content\/uploads\/2025\/01\/3-1-696x547.jpeg 696w, https:\/\/wmzpn.pl\/wp-content\/uploads\/2025\/01\/3-1-1068x839.jpeg 1068w, https:\/\/wmzpn.pl\/wp-content\/uploads\/2025\/01\/3-1-535x420.jpeg 535w\" sizes=\"auto, (max-width: 1450px) 100vw, 1450px\" \/><\/p>\n<p>Turniej fina\u0142owy odby\u0142 si\u0119 na \u015al\u0105sku w dniach 30 czerwca &#8211; 6 lipca 2002 roku. Spotkania rozegrane by\u0142y na stadionach w Katowicach, Gliwicach i \u015awi\u0119toch\u0142owicach. By\u0142 to turniej, na kt\u00f3ry nie pojecha\u0142em. W tym samym czasie w Szczecinie nasza reprezentacja rocznika 1989 broni\u0142a zdobytego wcze\u015bniej przez rocznik 1988 Pucharu G\u00f3rskiego. Zesp\u00f3\u0142 pojecha\u0142 na turniej os\u0142abiony. Piotr Szkolnik jeden z lepszych zawodnik\u00f3w, podczas spotkania reprezentacji kraju, dozna\u0142 gro\u017anej kontuzji.<\/p>\n<p>W pierwszym spotkaniu na stadionie w Gliwicach nasza dru\u017cyna spotka\u0142a si\u0119 z doskonale znan\u0105 ze spotka\u0144 kontrolnych kadr\u0105 Kujawsko-Pomorskiego Zwi\u0105zku Pi\u0142ki No\u017cnej i zremisowa\u0142a spotkanie 0:0. Drugie spotkanie z gospodarzami turnieju dru\u017cyn\u0105 ze \u015al\u0105ska rozegrane w Katowicach zako\u0144czy\u0142o si\u0119 remisem 2:2 &#8211; bramki Ruszkiewicz i Klucewicz. Po dniu przerwy, w ostatnim spotkaniu w grupie Warmia i Mazury spotka\u0142a si\u0119 z dru\u017cyn\u0105 z Podkarpacia. <strong>Nasz zesp\u00f3\u0142 rozgromi\u0142 rywali 5:1. <\/strong><\/p>\n<p>Fina\u0142 turnieju zosta\u0142 przeprowadzony na stadionie w \u015awi\u0119toch\u0142owicach. Po wyr\u00f3wnanej grze zesp\u00f3\u0142 Warmii i Mazur przegra\u0142 to spotkanie dosy\u0107 pechowo 0:1. Po utracie bramki dru\u017cyna nasza uzyska\u0142a du\u017c\u0105 przewag\u0119. Strza\u0142y Mariusza Bochenka trafi\u0142y w s\u0142upek i poprzeczk\u0119. <strong>Srebrne medale za zdobycie drugiego miejsca <\/strong>w Polsce by\u0142y nagrod\u0105 za dobr\u0105 postaw\u0119 zespo\u0142u.<\/p>\n<figure id=\"attachment_43938\" aria-describedby=\"caption-attachment-43938\" style=\"width: 1510px\" class=\"wp-caption aligncenter\"><img loading=\"lazy\" decoding=\"async\" class=\"wp-image-43938 size-full\" src=\"https:\/\/wmzpn.pl\/wp-content\/uploads\/2025\/01\/4.jpeg\" alt=\"\" width=\"1510\" height=\"880\" srcset=\"https:\/\/wmzpn.pl\/wp-content\/uploads\/2025\/01\/4.jpeg 1510w, https:\/\/wmzpn.pl\/wp-content\/uploads\/2025\/01\/4-300x175.jpeg 300w, https:\/\/wmzpn.pl\/wp-content\/uploads\/2025\/01\/4-1024x597.jpeg 1024w, https:\/\/wmzpn.pl\/wp-content\/uploads\/2025\/01\/4-768x448.jpeg 768w, https:\/\/wmzpn.pl\/wp-content\/uploads\/2025\/01\/4-696x406.jpeg 696w, https:\/\/wmzpn.pl\/wp-content\/uploads\/2025\/01\/4-1068x622.jpeg 1068w, https:\/\/wmzpn.pl\/wp-content\/uploads\/2025\/01\/4-721x420.jpeg 721w\" sizes=\"auto, (max-width: 1510px) 100vw, 1510px\" \/><figcaption id=\"caption-attachment-43938\" class=\"wp-caption-text\">Kadra po odebraniu medali<\/figcaption><\/figure>\n<p>Kadra:<\/p>\n<ul>\n<li>Bartosz Bia\u0142kowski Polonia Elbl\u0105g<\/li>\n<li>Pawe\u0142 Pijewski T\u0119cza Biskupiec<\/li>\n<li>Miros\u0142aw Napi\u00f3rkowski Start Nidzica<\/li>\n<li>Micha\u0142 Ruszkiewicz Stomil Olsztyn<\/li>\n<li>Rados\u0142aw Szulc Stomil Olsztyn<\/li>\n<li>Mariusz Bochenek Olimpia Mi\u0142ki<\/li>\n<li>Arkadiusz Czernecki Stomil Olsztyn<\/li>\n<li>Sebastian Spycha\u0142a Stomil Olsztyn<\/li>\n<li>Rados\u0142aw Stefanowicz Huragan Mor\u0105g<\/li>\n<li>Krzysztof Kostkowski Start Nidzica<\/li>\n<li>Piotr Klucewicz Olimpia Olsztynek<\/li>\n<li>Dacjusz Tucholski Victoria Bartoszyce<\/li>\n<li>Kamil Wi\u0105cek Jeziorak I\u0142awa<\/li>\n<li>Daniel Cie\u015blak Jeziorak I\u0142awa<\/li>\n<li>Bartosz Wolski Drw\u0119ca Nowe Miasto Lubawskie<\/li>\n<li>Rados\u0142aw Grygorowicz P\u0142omie\u0144 Znicz Bia\u0142a Piska<\/li>\n<li>\u0141ukasz Piekut Start Nidzica<\/li>\n<li>Sebastian Kulicki Polonia Lidzbark Warmi\u0144ski<\/li>\n<\/ul>\n<p><img loading=\"lazy\" decoding=\"async\" class=\"aligncenter wp-image-43936 size-full\" src=\"https:\/\/wmzpn.pl\/wp-content\/uploads\/2025\/01\/1.jpeg\" alt=\"\" width=\"1249\" height=\"1149\" srcset=\"https:\/\/wmzpn.pl\/wp-content\/uploads\/2025\/01\/1.jpeg 1249w, https:\/\/wmzpn.pl\/wp-content\/uploads\/2025\/01\/1-300x276.jpeg 300w, https:\/\/wmzpn.pl\/wp-content\/uploads\/2025\/01\/1-1024x942.jpeg 1024w, https:\/\/wmzpn.pl\/wp-content\/uploads\/2025\/01\/1-768x707.jpeg 768w, https:\/\/wmzpn.pl\/wp-content\/uploads\/2025\/01\/1-696x640.jpeg 696w, https:\/\/wmzpn.pl\/wp-content\/uploads\/2025\/01\/1-1068x982.jpeg 1068w, https:\/\/wmzpn.pl\/wp-content\/uploads\/2025\/01\/1-457x420.jpeg 457w\" sizes=\"auto, (max-width: 1249px) 100vw, 1249px\" \/><\/p>\n<p>W sierpniu 2002 roku ta kadra pojecha\u0142a na mi\u0119dzynarodowe turniej junior\u00f3w w Almere ko\u0142o Amsterdamu. W kategorii wiekowej 1987 roku startowa\u0142o 16 dru\u017cyn z Holandii, Belgii, Francji, Szkocji i W\u0142och. Gra\u0142y mi\u0119dzy innymi dwa zespo\u0142y ligowe dru\u017cyny Fiorentina. Nasz zesp\u00f3\u0142 wygra\u0142 ten presti\u017cowy turniej i zwiedzi\u0142 stadion w Amsterdamie.<\/p>\n<figure id=\"attachment_43939\" aria-describedby=\"caption-attachment-43939\" style=\"width: 1578px\" class=\"wp-caption aligncenter\"><img loading=\"lazy\" decoding=\"async\" class=\"wp-image-43939 size-full\" src=\"https:\/\/wmzpn.pl\/wp-content\/uploads\/2025\/01\/2.jpeg\" alt=\"\" width=\"1578\" height=\"1142\" srcset=\"https:\/\/wmzpn.pl\/wp-content\/uploads\/2025\/01\/2.jpeg 1578w, https:\/\/wmzpn.pl\/wp-content\/uploads\/2025\/01\/2-300x217.jpeg 300w, https:\/\/wmzpn.pl\/wp-content\/uploads\/2025\/01\/2-1024x741.jpeg 1024w, https:\/\/wmzpn.pl\/wp-content\/uploads\/2025\/01\/2-768x556.jpeg 768w, https:\/\/wmzpn.pl\/wp-content\/uploads\/2025\/01\/2-1536x1112.jpeg 1536w, https:\/\/wmzpn.pl\/wp-content\/uploads\/2025\/01\/2-324x235.jpeg 324w, https:\/\/wmzpn.pl\/wp-content\/uploads\/2025\/01\/2-696x504.jpeg 696w, https:\/\/wmzpn.pl\/wp-content\/uploads\/2025\/01\/2-1068x773.jpeg 1068w, https:\/\/wmzpn.pl\/wp-content\/uploads\/2025\/01\/2-580x420.jpeg 580w\" sizes=\"auto, (max-width: 1578px) 100vw, 1578px\" \/><figcaption id=\"caption-attachment-43939\" class=\"wp-caption-text\">Kadra WMZPN na stadionie w Amsterdamie<\/figcaption><\/figure>\n<p>Zawodnicy nabrali wi\u0119kszej rutyny i zapoznali si\u0119 z gr\u0105 r\u00f3wie\u015bnik\u00f3w z Europy. \u00a0Bia\u0142kowski Bartosz, Stefanowicz Rados\u0142aw, Ruszkiewicz Micha\u0142, Bochenek Mariusz i Szkolnik Piotr, byli powo\u0142ani do kadry U15.<\/p>\n<p><strong><img loading=\"lazy\" decoding=\"async\" class=\"alignnone  wp-image-43940\" src=\"https:\/\/wmzpn.pl\/wp-content\/uploads\/2025\/01\/Arcyz-240x300.jpeg\" alt=\"\" width=\"180\" height=\"225\" srcset=\"https:\/\/wmzpn.pl\/wp-content\/uploads\/2025\/01\/Arcyz-240x300.jpeg 240w, https:\/\/wmzpn.pl\/wp-content\/uploads\/2025\/01\/Arcyz-819x1024.jpeg 819w, https:\/\/wmzpn.pl\/wp-content\/uploads\/2025\/01\/Arcyz-768x960.jpeg 768w, https:\/\/wmzpn.pl\/wp-content\/uploads\/2025\/01\/Arcyz-696x870.jpeg 696w, https:\/\/wmzpn.pl\/wp-content\/uploads\/2025\/01\/Arcyz-336x420.jpeg 336w, https:\/\/wmzpn.pl\/wp-content\/uploads\/2025\/01\/Arcyz.jpeg 985w\" sizes=\"auto, (max-width: 180px) 100vw, 180px\" \/> Andrzej Arcyz<\/strong> urodzony 31 pa\u017adziernika 1947 roku. Absolwent Akademii Wychowania Fizycznego w Warszawie &#8211; trener drugiej klasy. W 1978 roku Magister Sportu. W 1984 roku awansowa\u0142 na trenera pierwszej klasy, a w 2022 roku otrzyma\u0142 licencj\u0119 trenera UEFA A. W latach 1963-71 zawodnik ko\u0142a sportowego Start, a \u00a0nast\u0119pnie klubu sportowego Start Nidzica. Jako instruktor rozpocz\u0105\u0142 prac\u0119 zespo\u0142ami m\u0142odzie\u017cowymi w 1971 roku. W 1975 roku oraz w 1980 roku zdoby\u0142 z zespo\u0142em junior\u00f3w starszych mistrzostwo wojew\u00f3dztwa olszty\u0144skiego.<\/p>\n<p>Natomiast w 1979 roku wicemistrzostwo wojew\u00f3dztwa junior\u00f3w starszych.<\/p>\n<p><img loading=\"lazy\" decoding=\"async\" class=\"aligncenter wp-image-43941 size-full\" src=\"https:\/\/wmzpn.pl\/wp-content\/uploads\/2025\/01\/SCN_20250124_103916.jpg\" alt=\"\" width=\"2013\" height=\"1099\" srcset=\"https:\/\/wmzpn.pl\/wp-content\/uploads\/2025\/01\/SCN_20250124_103916.jpg 2013w, https:\/\/wmzpn.pl\/wp-content\/uploads\/2025\/01\/SCN_20250124_103916-300x164.jpg 300w, https:\/\/wmzpn.pl\/wp-content\/uploads\/2025\/01\/SCN_20250124_103916-1024x559.jpg 1024w, https:\/\/wmzpn.pl\/wp-content\/uploads\/2025\/01\/SCN_20250124_103916-768x419.jpg 768w, https:\/\/wmzpn.pl\/wp-content\/uploads\/2025\/01\/SCN_20250124_103916-1536x839.jpg 1536w, https:\/\/wmzpn.pl\/wp-content\/uploads\/2025\/01\/SCN_20250124_103916-696x380.jpg 696w, https:\/\/wmzpn.pl\/wp-content\/uploads\/2025\/01\/SCN_20250124_103916-1068x583.jpg 1068w, https:\/\/wmzpn.pl\/wp-content\/uploads\/2025\/01\/SCN_20250124_103916-769x420.jpg 769w\" sizes=\"auto, (max-width: 2013px) 100vw, 2013px\" \/><\/p>\n<p>Wielokrotnie by\u0142 trenerem zespo\u0142u senior\u00f3w. W 1976 roku trenowa\u0142 senior\u00f3w i zaj\u0105\u0142 miejsce uprawniaj\u0105ce do gry w III lidze. Jednak z braku \u015brodk\u00f3w finansowych klub zrezygnowa\u0142 z tego awansu. W sezonie 2001-2002 z zespo\u0142em m\u0142odzik\u00f3w zdoby\u0142 tytu\u0142 mistrza wojew\u00f3dztwa. W latach siedemdziesi\u0105tych XX wieku zaanga\u017cowa\u0142 si\u0119 w dzia\u0142alno\u015b\u0107 szkoleniow\u0105 w Olsztynie. Dzia\u0142a\u0142 w Wydziale Szkolenia Okr\u0119gowego Zwi\u0105zku Pi\u0142ki No\u017cnej do 2012 roku.<\/p>\n<p>W latach 1987-89 by\u0142 trenerem kadry wojew\u00f3dztwa. Przewodnicz\u0105cy Rady Trener\u00f3w w latach 2002-2010, cz\u0142onek Zarz\u0105du Warmi\u0144sko-Mazurskiego Zwi\u0105zku Pi\u0142ki No\u017cnej w latach 2000-2010, cz\u0142onek Rady Trener\u00f3w od 2016 roku do chwili obecnej. W klubie MKS Start Nidzica wiceprezes do spraw szkolenia w latach 2000-2008.<\/p>\n<p><img loading=\"lazy\" decoding=\"async\" class=\"aligncenter wp-image-43942 size-full\" src=\"https:\/\/wmzpn.pl\/wp-content\/uploads\/2025\/01\/5.jpeg\" alt=\"\" width=\"1924\" height=\"1237\" srcset=\"https:\/\/wmzpn.pl\/wp-content\/uploads\/2025\/01\/5.jpeg 1924w, https:\/\/wmzpn.pl\/wp-content\/uploads\/2025\/01\/5-300x193.jpeg 300w, https:\/\/wmzpn.pl\/wp-content\/uploads\/2025\/01\/5-1024x658.jpeg 1024w, https:\/\/wmzpn.pl\/wp-content\/uploads\/2025\/01\/5-768x494.jpeg 768w, https:\/\/wmzpn.pl\/wp-content\/uploads\/2025\/01\/5-1536x988.jpeg 1536w, https:\/\/wmzpn.pl\/wp-content\/uploads\/2025\/01\/5-696x447.jpeg 696w, https:\/\/wmzpn.pl\/wp-content\/uploads\/2025\/01\/5-1068x687.jpeg 1068w, https:\/\/wmzpn.pl\/wp-content\/uploads\/2025\/01\/5-653x420.jpeg 653w\" sizes=\"auto, (max-width: 1924px) 100vw, 1924px\" \/><\/p>\n<p>Trener reprezentacji wojew\u00f3dztwa warmi\u0144sko-mazurskiego rocznika 1987 &#8211; reprezentacja zdoby\u0142a srebrny medal Pucharu imienia Wac\u0142awa Kuchara w 2002 roku w Katowicach, a tak\u017ce z\u0142oty medal w Pucharze imienia Kazimierza Deyny w 2002 roku w Mielcu. Przez p\u00f3\u0142torej roku by\u0142 tak\u017ce trenerem kadry rocznika 1996.<\/p>\n<p>Jeden z najd\u0142u\u017cej dzia\u0142aj\u0105cych spo\u0142ecznie trener\u00f3w WMZPN. Przez 46 lat by\u0142 trenerem, a swoj\u0105 prac\u0119 zako\u0144czy\u0142 w 2018 roku. Zawodowo nauczyciel wychowania fizycznego w Szkole Podstawowej nr 1 w Nidzicy. Dyrektor szko\u0142y oraz gimnazjum w latach 1991 do 31.08.2012 r.<\/p>\n<p><img loading=\"lazy\" decoding=\"async\" class=\"aligncenter wp-image-43943 size-full\" src=\"https:\/\/wmzpn.pl\/wp-content\/uploads\/2025\/01\/SCN_20250124_103940.jpg\" alt=\"\" width=\"981\" height=\"844\" srcset=\"https:\/\/wmzpn.pl\/wp-content\/uploads\/2025\/01\/SCN_20250124_103940.jpg 981w, https:\/\/wmzpn.pl\/wp-content\/uploads\/2025\/01\/SCN_20250124_103940-300x258.jpg 300w, https:\/\/wmzpn.pl\/wp-content\/uploads\/2025\/01\/SCN_20250124_103940-768x661.jpg 768w, https:\/\/wmzpn.pl\/wp-content\/uploads\/2025\/01\/SCN_20250124_103940-696x599.jpg 696w, https:\/\/wmzpn.pl\/wp-content\/uploads\/2025\/01\/SCN_20250124_103940-488x420.jpg 488w\" sizes=\"auto, (max-width: 981px) 100vw, 981px\" \/><\/p>\n<p>Dzia\u0142acz samorz\u0105dowy miasta i powiatu Nidzica. Przewodnicz\u0105cy Komisji Sportu w poprzedniej kadencji rady miasta.<\/p>\n<p>Za dzia\u0142alno\u015b\u0107 w kulturze fizycznej w sporcie oraz prac\u0119 w o\u015bwiacie zosta\u0142 wyr\u00f3\u017cniony licznymi odznakami. Z\u0142ota odznaka Warmi\u0144sko-Mazurskiego Zwi\u0105zku Pi\u0142ki No\u017cnej, srebrna i z\u0142ota odznaka PZPN, medale 75, 80 i 90-lecia PZPN, medale za zas\u0142ugi dla o\u015bwiaty wojew\u00f3dztwa olszty\u0144skiego, z\u0142ota odznaka zas\u0142u\u017conego dzia\u0142acza kultury fizycznej, br\u0105zowy. srebrny i z\u0142oty medal w 2018 roku za wybitne zas\u0142ugi w rozwoju pi\u0142ki no\u017cnej.<\/p>\n","protected":false},"excerpt":{"rendered":"<p>Kadra 1987 \u2013 Puchar im. Wac\u0142awa Kuchara w 2001 roku i Srebrny medal Pucharu im. J.Micha\u0142owicza w 2002 roku. Rok 2000 w pi\u0142karstwie naszego wojew\u00f3dztwa by\u0142 bardzo pracowity. Przeprowadzona w 1999 roku reforma administracyjna spowodowa\u0142a konieczno\u015b\u0107 dostosowania struktur w systemie rozgrywek. PZPN zdecydowa\u0142 o prowadzeniu og\u00f3lnopolskich turniej\u00f3w w czterech kategoriach wiekowych. Turnieje makroregionalne wy\u0142ania\u0142y 8 [&hellip;]<\/p>\n","protected":false},"author":11,"featured_media":43944,"comment_status":"open","ping_status":"open","sticky":false,"template":"","format":"standard","meta":{"footnotes":""},"categories":[12,288],"tags":[],"class_list":["post-43933","post","type-post","status-publish","format-standard","has-post-thumbnail","hentry","category-aktualnosci","category-kacik-historyczny-wojciecha-linowa"],"_links":{"self":[{"href":"https:\/\/wmzpn.pl\/index.php?rest_route=\/wp\/v2\/posts\/43933","targetHints":{"allow":["GET"]}}],"collection":[{"href":"https:\/\/wmzpn.pl\/index.php?rest_route=\/wp\/v2\/posts"}],"about":[{"href":"https:\/\/wmzpn.pl\/index.php?rest_route=\/wp\/v2\/types\/post"}],"author":[{"embeddable":true,"href":"https:\/\/wmzpn.pl\/index.php?rest_route=\/wp\/v2\/users\/11"}],"replies":[{"embeddable":true,"href":"https:\/\/wmzpn.pl\/index.php?rest_route=%2Fwp%2Fv2%2Fcomments&post=43933"}],"version-history":[{"count":10,"href":"https:\/\/wmzpn.pl\/index.php?rest_route=\/wp\/v2\/posts\/43933\/revisions"}],"predecessor-version":[{"id":44033,"href":"https:\/\/wmzpn.pl\/index.php?rest_route=\/wp\/v2\/posts\/43933\/revisions\/44033"}],"wp:featuredmedia":[{"embeddable":true,"href":"https:\/\/wmzpn.pl\/index.php?rest_route=\/wp\/v2\/media\/43944"}],"wp:attachment":[{"href":"https:\/\/wmzpn.pl\/index.php?rest_route=%2Fwp%2Fv2%2Fmedia&parent=43933"}],"wp:term":[{"taxonomy":"category","embeddable":true,"href":"https:\/\/wmzpn.pl\/index.php?rest_route=%2Fwp%2Fv2%2Fcategories&post=43933"},{"taxonomy":"post_tag","embeddable":true,"href":"https:\/\/wmzpn.pl\/index.php?rest_route=%2Fwp%2Fv2%2Ftags&post=43933"}],"curies":[{"name":"wp","href":"https:\/\/api.w.org\/{rel}","templated":true}]}}