{"id":43900,"date":"2025-01-22T11:32:13","date_gmt":"2025-01-22T11:32:13","guid":{"rendered":"https:\/\/wmzpn.pl\/?p=43900"},"modified":"2025-02-21T10:50:04","modified_gmt":"2025-02-21T10:50:04","slug":"kacik-historyczny-wojciecha-linowa-zloty-medal-reprezentacji-wojewodztwa-warminsko-mazurskiego-w-pucharze-kazimierza-gorskiego-w-2001-roku","status":"publish","type":"post","link":"https:\/\/wmzpn.pl\/?p=43900","title":{"rendered":"K\u0105cik historyczny Wojciecha Linowa &#8211; Z\u0142oty medal reprezentacji wojew\u00f3dztwa warmi\u0144sko-mazurskiego w Pucharze Kazimierza G\u00f3rskiego w 2001 roku"},"content":{"rendered":"<p>W wyniku reformy administracyjnej \u00a0przeprowadzonej 1 stycznia 1999 powsta\u0142o wojew\u00f3dztwo warmi\u0144sko-mazurskie. PZPN wprowadzi\u0142 rozgrywki w czterech kategoriach wiekowych.<\/p>\n<p>Dotychczasowe puchary:<\/p>\n<p>&#8211; do lat 16 Puchar im. Kazimierza Deyny<\/p>\n<p>&#8211; do lat 15 Puchar im. Dr. Jerzego Micha\u0142owicza<\/p>\n<p>&#8211; do lat 14 Puchar im Wac\u0142awa Kuchara<\/p>\n<p>Utworzono rozgrywki do lat 13 o Puchar Kazimierza G\u00f3rskiego \u2013 pi\u0142karza, znakomitego trenera i od 1995 roku honorowego Prezesa PZPN.<\/p>\n<p>Ca\u0142y system tych 4 turniej\u00f3w by\u0142 przemy\u015blany. Mo\u017cna by\u0142o \u015bledzi\u0107 rozw\u00f3j karier sportowych od 12 do 16 roku \u017cycia. By\u0142 bardzo przydatny w zainteresowaniu si\u0119 reprezentacjami m\u0142odzie\u017cowymi we wszystkich 16 wojew\u00f3dztwach.<\/p>\n<p>Zespo\u0142y z dw\u00f3ch bliskich wiekowo rocznik\u00f3w gra\u0142y spotkania podczas wyjazd\u00f3w w jednym dniu, co obni\u017ca\u0142o koszty wyjazd\u00f3w. Zrezygnowano r\u00f3wnie\u017c z rozgrywek reprezentacji makroregionu, kt\u00f3re w ko\u0144cowych latach 90-tych wywo\u0142ywa\u0142y wiele kontrowersji w zakresie selekcji do tych dru\u017cyn. W ka\u017cdym makroregionie spotkania by\u0142y rozgrywane przez 4 reprezentacje wojew\u00f3dztwa.<\/p>\n<p>Makroregion, w kt\u00f3rym gra\u0142y reprezentacje naszego wojew\u00f3dztwa sk\u0142ada\u0142 si\u0119 z Mazowsza, Podlasia i wojew\u00f3dztwa \u0142\u00f3dzkiego. O nowym systemie rozgrywek i wprowadzaniu Pucharu Kazimierza Deyny Wydzia\u0142 Szkolenia WMZPN dowiedzia\u0142 si\u0119 wiosn\u0105 2000 roku. 5 kwietnia podczas zebrania Wydzia\u0142u, trenerem kadry rocznika 1988 zosta\u0142 Janusz Czerniewicz.<\/p>\n<p>Mia\u0142 tylko 5 miesi\u0119cy, by zrobi\u0107 selekcje i dobrze przygotowa\u0107 zesp\u00f3\u0142. W wojew\u00f3dztwie olszty\u0144skim, jako jednym z pierwszych w kraju wprowadzono rozgrywki \u017bak\u00f3w w wieku 11-13 lat Zespo\u0142y gra\u0142y w turniejach jesieni\u0105 i wiosn\u0105, a nast\u0119pnie rozgrywano p\u00f3\u0142fina\u0142y i fina\u0142.<\/p>\n<p>Janusz Czerniewicz obserwowa\u0142 rozgrywki \u017bak\u00f3w i wyselekcjonowa\u0142 oko\u0142o 40 ch\u0142opc\u00f3w. W sierpniu i wrze\u015bniu ta szeroka kadra rozegra\u0142a kilka spotka\u0144 kontrolnych, a tak\u017ce zagra\u0142a mecz z Pomorskim ZPN. Dobrze uk\u0142ada\u0142a si\u0119 tak\u017ce wsp\u00f3\u0142praca z zawodnikami i trenerami z Elbl\u0105ga.<\/p>\n<p>Pierwsze spotkanie rozegrane 27 wrze\u015bnia 2000 roku na stadionie Stomilu z reprezentacj\u0105 Mazowsza zosta\u0142o przegrane 0:3. Po spotkaniu trener Czerniewicz podsumowa\u0142, \u017ce rywale mieli wi\u0119cej indywidualno\u015bci i grali szybciej.<\/p>\n<p>Ciekawostk\u0105 z tego spotkania, kt\u00f3r\u0105 zapami\u0119ta\u0142em by\u0142o przybiegni\u0119cie bramkarza naszego zespo\u0142u Bartosza Szymankiewicza na miejsce zbiorki, zm\u0119czonego po uczestnictwie w wojew\u00f3dzkich biegach sztafetowych w Parku im. Janusza Kusoci\u0144skiego, a na piersi mia\u0142 nawet numer z tych zawod\u00f3w.<\/p>\n<p>Nast\u0119pne spotkanie w \u0141odzi, kt\u00f3re przegrali\u015bmy 0:2 odby\u0142o si\u0119 bezpo\u015brednio po wyj\u015bciu z autokaru. Wyjazd by\u0142 rano, po drodze na parkingu \u015bniadanie, mecz, obiad i powr\u00f3t do Olsztyna. Wszystkie nast\u0119pne wyjazdowe spotkania by\u0142y po noclegach w miejscu gier.<\/p>\n<p>Ostatnie spotkanie jesieni\u0105 w Bia\u0142ymstoku wygrane 2:1 \u2013 dwie bramki Adrian St\u0119pie\u0144. Mecz odbywa\u0142 si\u0119 na stadionie Jagiellonii przy ulicy Jurowieckiej. Ca\u0142y stadion \u0142\u0105cznie z bie\u017cn\u0105 zaj\u0119ty by\u0142 przez handlarzy z Bia\u0142orusi. Nasi ch\u0142opcy po pi\u0142ki biegali pomi\u0119dzy dywanami i r\u00f3\u017cnymi towarami.<\/p>\n<p>Po rundzie jesiennej kadra 1988 mia\u0142a tylko 3 punkty, a \u017ceby awansowa\u0107 do fina\u0142u nale\u017ca\u0142o dobrze przygotowa\u0107 si\u0119 zim\u0105 i wiosn\u0105 2001 roku. Dru\u017cyna w liczbie 19 os\u00f3b odby\u0142a zimowe, tygodniowe zgrupowanie w Piszu. W SP 2 by\u0142 internat i pi\u0119kna hala, kt\u00f3ra by\u0142a udost\u0119pniana dwa razy dziennie. W zgrupowaniu uczestniczy\u0142a tak\u017ce kadra rocznika 1987, kt\u00f3ra r\u00f3wnie\u017c awansowa\u0142a do fina\u0142\u00f3w krajowych.<\/p>\n<p>Kadra 1988 rozegra\u0142a turniej halowy w Uranii oraz przesz\u0142a szereg sprawdzian\u00f3w i test\u00f3w. Wiosn\u0105 do pomocy trenerowi Czerniewiczowi zg\u0142osi\u0142 si\u0119 Dariusz Lisiecki, kt\u00f3ry w Stomilu prowadzi\u0142 ten rocznik. Wyjazdowe spotkanie w Piasecznie b\u0119d\u0119 d\u0142ugo wspomina\u0142. <strong>Nasza reprezentacja wygra\u0142a 1:0.<\/strong> Mazowsze by\u0142o gospodarzem fina\u0142\u00f3w i po przegranym spotkaniu oskar\u017cono nas, \u017ce w zespole grali zawodnicy starsi. Wydzia\u0142 Gier Mazowieckiego Zwi\u0105zku wezwa\u0142 dw\u00f3ch zawodnik\u00f3w na konfrontacje do Warszawy. Rodzice ze swoimi synami i ich metrykami pojechali udowodnili, \u017ce te oskar\u017cenie jest haniebne. Taka sytuacja zdarzy\u0142a si\u0119 raz w mojej 50-letniej przygodzie trenerskiej.<\/p>\n<p>Po kolejnych dw\u00f3ch spotkaniach z \u0141odzi\u0105 w Olsztynie 0:0 i Podlaskim 2:0, Kadra 1988 wraz z \u0141odzi\u0105 zakwalifikowa\u0142a si\u0119 do fina\u0142\u00f3w Pucharu K. G\u00f3rskiego:<\/p>\n<table>\n<tbody>\n<tr>\n<td width=\"37\">1.<\/td>\n<td width=\"142\">\u0141\u00f3d\u017a<\/td>\n<td width=\"85\">11 pkt<\/td>\n<td width=\"57\">\u00a08:2<\/td>\n<\/tr>\n<tr>\n<td width=\"37\">2.<\/td>\n<td width=\"142\">Warmia i Mazury<\/td>\n<td width=\"85\">10 pkt<\/td>\n<td width=\"57\">\u00a05:6<\/td>\n<\/tr>\n<tr>\n<td width=\"37\">3.<\/td>\n<td width=\"142\">Mazowsze<\/td>\n<td width=\"85\">7 pkt<\/td>\n<td width=\"57\">11:6<\/td>\n<\/tr>\n<tr>\n<td width=\"37\">4.<\/td>\n<td width=\"142\">Podlasie<\/td>\n<td width=\"85\">6 pkt<\/td>\n<td width=\"57\">5:14<\/td>\n<\/tr>\n<\/tbody>\n<\/table>\n<p>W rozgrywkach tych, spotkania by\u0142y rozgrywane na zmniejszonych boiskach. Bramki 5X2 ustawione by\u0142y na linii pola karnego. Fina\u0142y rozegrane by\u0142y na stadionach w Piasecznie i Konstancinie. Nasz zesp\u00f3\u0142 gra\u0142 w Konstancinie, a za przeciwnik\u00f3w mia\u0142 w grupie Pomorze, \u015al\u0105sk i Lublin.<\/p>\n<p>Pierwsze spotkanie, kt\u00f3re nasz zesp\u00f3\u0142 zremisowa\u0142 0:0 z faworytem grupy Pomorzem, pokaza\u0142o, \u017ce mo\u017cna walczy\u0107 o medale. W drugim spotkaniu wygrali\u015bmy 1:0 z reprezentacj\u0105 \u015al\u0105ska \u2013 bramka Adrian St\u0119pie\u0144 z Juranda Barciany. Po tych dw\u00f3ch spotkaniach, w dniu przerwy, skorzystali\u015bmy z odnowy w Aquaparku.<\/p>\n<p>Trzecie spotkanie z dru\u017cyna Lubelsk\u0105 r\u00f3wnie\u017c zako\u0144czy\u0142o si\u0119 remisem 0:0. Gdy smutni m\u0142odzi zawodnicy siedzieli w szatni z my\u015bl\u0105, \u017ce fina\u0142 uciek\u0142 im sprzed nosa, to przysz\u0142a informacja, \u017ce Pomorze przegra\u0142o ze \u015al\u0105skiem. Dzi\u0119ki temu to Warmia i Mazury dzi\u0119ki jednej bramce wi\u0119cej wesz\u0142a do fina\u0142u.<\/p>\n<p>Podczas dnia wolnego gospodarze zorganizowali wycieczk\u0119 do Warszawy i zawodnicy zwiedzili Zamek, a tak\u017ce skorzystali ponownie z odnowy biologicznej. M\u0142odzi ch\u0142opcy \u017ceby zadzwoni\u0107 do rodziny musieli z wyliczonymi pieni\u0119dzmi okupowa\u0107 jedyny telefon dost\u0119pny w internacie.<\/p>\n<p>Fina\u0142 rozegrany zosta\u0142 na stadionie Hutnika Warszawa. Przykro by\u0142o patrze\u0107 na zrujnowany stadion i boisko z nieskoszon\u0105 traw\u0105.<\/p>\n<p>Rywalem by\u0142a reprezentacja wojew\u00f3dztwa zachodnio-pomorskiego. Zesp\u00f3\u0142 ten wygra\u0142 w swojej grupie wszystkie spotkania i by\u0142 wielkim faworytem.<\/p>\n<p>Zawodnicy rywali przemalowali w\u0142osy na z\u0142oty kolor, gdy\u017c byli pewni wygranej. Nasz zesp\u00f3\u0142 g\u00f3rowa\u0142 na Szczecinem warunkami fizycznymi. Pierwsz\u0105 bramk\u0119 zdobyli\u015bmy po rzucie r\u00f3\u017cnym. Strzelcem by\u0142 \u0141ukasz Ku\u015bnierz. Rywale wyr\u00f3wnali i do przerwy by\u0142o 1:1. Doskonale w bramce spisywa\u0142 si\u0119 Bartosz Szymankiewicz. Po przerwie ponownie po rzutach ro\u017cnych bramki strzelali Ku\u015bnierz i Tomasz Adamczyk. <strong>Mecz zako\u0144czy\u0142 si\u0119 wynikiem 3:1.<\/strong><\/p>\n<p><img loading=\"lazy\" decoding=\"async\" class=\"aligncenter wp-image-43904 size-large\" src=\"https:\/\/wmzpn.pl\/wp-content\/uploads\/2025\/01\/69f75c54-bb85-4c63-b887-5ad956da43f5-674x1024.jpg\" alt=\"\" width=\"640\" height=\"972\" srcset=\"https:\/\/wmzpn.pl\/wp-content\/uploads\/2025\/01\/69f75c54-bb85-4c63-b887-5ad956da43f5-674x1024.jpg 674w, https:\/\/wmzpn.pl\/wp-content\/uploads\/2025\/01\/69f75c54-bb85-4c63-b887-5ad956da43f5-197x300.jpg 197w, https:\/\/wmzpn.pl\/wp-content\/uploads\/2025\/01\/69f75c54-bb85-4c63-b887-5ad956da43f5-768x1167.jpg 768w, https:\/\/wmzpn.pl\/wp-content\/uploads\/2025\/01\/69f75c54-bb85-4c63-b887-5ad956da43f5-696x1057.jpg 696w, https:\/\/wmzpn.pl\/wp-content\/uploads\/2025\/01\/69f75c54-bb85-4c63-b887-5ad956da43f5-276x420.jpg 276w, https:\/\/wmzpn.pl\/wp-content\/uploads\/2025\/01\/69f75c54-bb85-4c63-b887-5ad956da43f5.jpg 1009w\" sizes=\"auto, (max-width: 640px) 100vw, 640px\" \/><\/p>\n<p>Potem by\u0142a wielka rado\u015b\u0107 i kapitan dru\u017cyny Kacper Wi\u015bniewski wzni\u00f3s\u0142 Puchar wr\u0119czony przez Kazimierza G\u00f3rskiego. <strong>Po wr\u0119czeniu medali ca\u0142y zesp\u00f3\u0142 od\u015bpiewa\u0142 naszemu trenerowi tysi\u0105clecia sto lat<\/strong><\/p>\n<figure id=\"attachment_43912\" aria-describedby=\"caption-attachment-43912\" style=\"width: 1537px\" class=\"wp-caption alignnone\"><img loading=\"lazy\" decoding=\"async\" class=\"wp-image-43912 size-full\" src=\"https:\/\/wmzpn.pl\/wp-content\/uploads\/2025\/01\/Messenger_creation_EF265546-E8F1-450B-9A7D-CE833A4CA8C8.jpeg\" alt=\"\" width=\"1537\" height=\"2048\" srcset=\"https:\/\/wmzpn.pl\/wp-content\/uploads\/2025\/01\/Messenger_creation_EF265546-E8F1-450B-9A7D-CE833A4CA8C8.jpeg 1537w, https:\/\/wmzpn.pl\/wp-content\/uploads\/2025\/01\/Messenger_creation_EF265546-E8F1-450B-9A7D-CE833A4CA8C8-225x300.jpeg 225w, https:\/\/wmzpn.pl\/wp-content\/uploads\/2025\/01\/Messenger_creation_EF265546-E8F1-450B-9A7D-CE833A4CA8C8-769x1024.jpeg 769w, https:\/\/wmzpn.pl\/wp-content\/uploads\/2025\/01\/Messenger_creation_EF265546-E8F1-450B-9A7D-CE833A4CA8C8-768x1023.jpeg 768w, https:\/\/wmzpn.pl\/wp-content\/uploads\/2025\/01\/Messenger_creation_EF265546-E8F1-450B-9A7D-CE833A4CA8C8-1153x1536.jpeg 1153w, https:\/\/wmzpn.pl\/wp-content\/uploads\/2025\/01\/Messenger_creation_EF265546-E8F1-450B-9A7D-CE833A4CA8C8-696x927.jpeg 696w, https:\/\/wmzpn.pl\/wp-content\/uploads\/2025\/01\/Messenger_creation_EF265546-E8F1-450B-9A7D-CE833A4CA8C8-1068x1423.jpeg 1068w, https:\/\/wmzpn.pl\/wp-content\/uploads\/2025\/01\/Messenger_creation_EF265546-E8F1-450B-9A7D-CE833A4CA8C8-315x420.jpeg 315w\" sizes=\"auto, (max-width: 1537px) 100vw, 1537px\" \/><figcaption id=\"caption-attachment-43912\" class=\"wp-caption-text\">Taki medal otrzymali zawodnicy i sztab po wygranej<\/figcaption><\/figure>\n<p>Trener Janusz Czerniewicz, II trener Dariusz Lisiecki, kierownik dru\u017cyny Wojciech Linow trener koordynator WMPZN.<\/p>\n<p><img loading=\"lazy\" decoding=\"async\" class=\"aligncenter wp-image-44235 size-full\" src=\"https:\/\/wmzpn.pl\/wp-content\/uploads\/2025\/01\/mistrz-polski-2001-czerniewicz.jpg\" alt=\"\" width=\"1400\" height=\"957\" srcset=\"https:\/\/wmzpn.pl\/wp-content\/uploads\/2025\/01\/mistrz-polski-2001-czerniewicz.jpg 1400w, https:\/\/wmzpn.pl\/wp-content\/uploads\/2025\/01\/mistrz-polski-2001-czerniewicz-300x205.jpg 300w, https:\/\/wmzpn.pl\/wp-content\/uploads\/2025\/01\/mistrz-polski-2001-czerniewicz-1024x700.jpg 1024w, https:\/\/wmzpn.pl\/wp-content\/uploads\/2025\/01\/mistrz-polski-2001-czerniewicz-768x525.jpg 768w, https:\/\/wmzpn.pl\/wp-content\/uploads\/2025\/01\/mistrz-polski-2001-czerniewicz-218x150.jpg 218w, https:\/\/wmzpn.pl\/wp-content\/uploads\/2025\/01\/mistrz-polski-2001-czerniewicz-696x476.jpg 696w, https:\/\/wmzpn.pl\/wp-content\/uploads\/2025\/01\/mistrz-polski-2001-czerniewicz-1068x730.jpg 1068w, https:\/\/wmzpn.pl\/wp-content\/uploads\/2025\/01\/mistrz-polski-2001-czerniewicz-614x420.jpg 614w\" sizes=\"auto, (max-width: 1400px) 100vw, 1400px\" \/><\/p>\n<p>Z perspektywy lat mog\u0119 stwierdzi\u0107, \u017ce zesp\u00f3\u0142 bez wielkich indywidualno\u015bci swoj\u0105 postaw\u0105 w trakcie rozgrywek i nienagannym zachowaniem podczas fina\u0142\u00f3w potwierdzi\u0142, \u017ce w sporcie pi\u0142karskim mo\u017cna osi\u0105gn\u0105\u0107 wytyczony cel.<\/p>\n<p>Kadra:<\/p>\n<ul>\n<li>Bart\u0142omiej Szymankiewicz &#8211; Zatoka Braniewo<\/li>\n<li>Damian Ku\u015b &#8211; Victoria Bartoszyce<\/li>\n<li>Kamil Roszkiewicz &#8211; Sok\u00f3\u0142 Ostr\u00f3da<\/li>\n<li>Adrian St\u0119pie\u0144 &#8211; Jurand Barciany<\/li>\n<li>Kacper Wi\u015bniewski &#8211; Wkra Dzia\u0142dowo &#8211; kapitan<\/li>\n<li>Bart\u0142omiej Kania &#8211; Warmia Olsztyn<\/li>\n<li>Alan Hu\u015bcio &#8211; Kormoran Olsztyn<\/li>\n<li>Pawe\u0142 Sobolewski &#8211; Polonia Elbl\u0105g<\/li>\n<li>\u0141ukasz Ku\u015bnierz &#8211; Mr\u0105gowia Mr\u0105gowo<\/li>\n<li>Damian Majak &#8211; Mr\u0105gowia Mr\u0105gowo<\/li>\n<li>Krzysztof Pilski &#8211; Stomil Olsztyn<\/li>\n<li>Kamil Kawecki &#8211; Stomil Olsztyn<\/li>\n<li>Bartosz Dobro\u0144ski &#8211; Stomil Olsztyn<\/li>\n<li>Arkadiusz Si\u0119da &#8211; Stomil Olsztyn<\/li>\n<li>Patryk Brzozowski &#8211; Stomil Olsztyn<\/li>\n<li>Tomasz Adamczyk &#8211; Stomil Olsztyn<\/li>\n<li>Tomasz Iwulski &#8211; Stomil Olsztyn<\/li>\n<li>Rafa\u0142 Danelski &#8211; Stomil Olsztyn<\/li>\n<\/ul>\n<p>Ponadto w spotkaniach w makroregionie grali:<\/p>\n<ul>\n<li>Bartosz Szcz\u0119sny &#8211; Stomil Olsztyn<\/li>\n<li>Tomasz Iwulski &#8211; Stomil Olsztyn<\/li>\n<li>Rafa\u0142 Danielski &#8211; Stomil Olsztyn<\/li>\n<\/ul>\n<p>Spo\u015br\u00f3d zawodnik\u00f3w Mistrz\u00f3w Polski rocznika 1988, do reprezentacji Polski junior\u00f3w powo\u0142anych zosta\u0142o dw\u00f3ch:<\/p>\n<p><strong><img loading=\"lazy\" decoding=\"async\" class=\"alignnone size-medium wp-image-43902\" src=\"https:\/\/wmzpn.pl\/wp-content\/uploads\/2025\/01\/SCN_20250122_110950-273x300.jpg\" alt=\"\" width=\"273\" height=\"300\" srcset=\"https:\/\/wmzpn.pl\/wp-content\/uploads\/2025\/01\/SCN_20250122_110950-273x300.jpg 273w, https:\/\/wmzpn.pl\/wp-content\/uploads\/2025\/01\/SCN_20250122_110950-768x845.jpg 768w, https:\/\/wmzpn.pl\/wp-content\/uploads\/2025\/01\/SCN_20250122_110950-696x766.jpg 696w, https:\/\/wmzpn.pl\/wp-content\/uploads\/2025\/01\/SCN_20250122_110950-382x420.jpg 382w, https:\/\/wmzpn.pl\/wp-content\/uploads\/2025\/01\/SCN_20250122_110950.jpg 927w\" sizes=\"auto, (max-width: 273px) 100vw, 273px\" \/> Kacper Wi\u015bniewski<\/strong> wychowanek Wkry Dzia\u0142dowo powo\u0142any zosta\u0142 przez trenera Andrzej Zamilskiego do kadry i w reprezentacji Polski junior\u00f3w rozegra\u0142 2 oficjalne spotkania U15 ze S\u0142owacja i Rosj\u0105.<\/p>\n<p><strong><img loading=\"lazy\" decoding=\"async\" class=\"alignnone size-full wp-image-43901\" src=\"https:\/\/wmzpn.pl\/wp-content\/uploads\/2025\/01\/stepien_adrian.jpg\" alt=\"\" width=\"140\" height=\"160\" \/> Adrian Stepie\u0144<\/strong> ur.25.01.1988 rok w Olsztynie. Wywodzi si\u0119 z pi\u0142karskiej rodziny. W futbol gra\u0142 m\u0142odszy brat Rados\u0142aw St\u0119pie\u0144 \u00a0&#8211; zawodnik Lechii Gda\u0144sk \u2013 junior, a nast\u0119pnie Ba\u0142tyku gdynia, Concordii Elbl\u0105g , Olimpii Elbl\u0105g i Raduni St\u0119\u017cyca.<\/p>\n<p>Adrian zosta\u0142 dostrze\u017cony podczas rozgrywek szkolnych. Po Pucharze G\u00f3rskiego przeszed\u0142 w 2003 roku do Debiutanta Gda\u0144sk. Trener Zamilski powo\u0142a\u0142 Adriana do kadry U18, w kt\u00f3rej rozegra\u0142 kilka spotka\u0144. Pr\u00f3bowa\u0142 kariery w Legii, ale gra\u0142 tylko w juniorach. By\u0142 zawodnikiem Arki Gdynia, G\u00f3rnika \u0141\u0119czna, Kaszubi Ko\u015bcierzyna i Concordii Elbl\u0105g.<\/p>\n<p>W latach 2004-2007 gra\u0142 w lidze szwedzkiej na poziomie II ligi. W pi\u0142k\u0119 no\u017cn\u0105 gra jego stryjeczny brat Kacper St\u0119pie\u0144 \u2013 rocznik 1991. Gra\u0142 w Lechii Gda\u0144sk \u2013 juniorzy, Granicy K\u0119trzyn, Mamrach Gi\u017cycko, V\u0119gorii W\u0119gorzewo i obecnie Mazurze E\u0142k.<\/p>\n","protected":false},"excerpt":{"rendered":"<p>W wyniku reformy administracyjnej \u00a0przeprowadzonej 1 stycznia 1999 powsta\u0142o wojew\u00f3dztwo warmi\u0144sko-mazurskie. PZPN wprowadzi\u0142 rozgrywki w czterech kategoriach wiekowych. Dotychczasowe puchary: &#8211; do lat 16 Puchar im. Kazimierza Deyny &#8211; do lat 15 Puchar im. Dr. Jerzego Micha\u0142owicza &#8211; do lat 14 Puchar im Wac\u0142awa Kuchara Utworzono rozgrywki do lat 13 o Puchar Kazimierza G\u00f3rskiego \u2013 [&hellip;]<\/p>\n","protected":false},"author":11,"featured_media":43905,"comment_status":"open","ping_status":"open","sticky":false,"template":"","format":"standard","meta":{"footnotes":""},"categories":[12,288],"tags":[],"class_list":["post-43900","post","type-post","status-publish","format-standard","has-post-thumbnail","hentry","category-aktualnosci","category-kacik-historyczny-wojciecha-linowa"],"_links":{"self":[{"href":"https:\/\/wmzpn.pl\/index.php?rest_route=\/wp\/v2\/posts\/43900","targetHints":{"allow":["GET"]}}],"collection":[{"href":"https:\/\/wmzpn.pl\/index.php?rest_route=\/wp\/v2\/posts"}],"about":[{"href":"https:\/\/wmzpn.pl\/index.php?rest_route=\/wp\/v2\/types\/post"}],"author":[{"embeddable":true,"href":"https:\/\/wmzpn.pl\/index.php?rest_route=\/wp\/v2\/users\/11"}],"replies":[{"embeddable":true,"href":"https:\/\/wmzpn.pl\/index.php?rest_route=%2Fwp%2Fv2%2Fcomments&post=43900"}],"version-history":[{"count":8,"href":"https:\/\/wmzpn.pl\/index.php?rest_route=\/wp\/v2\/posts\/43900\/revisions"}],"predecessor-version":[{"id":44236,"href":"https:\/\/wmzpn.pl\/index.php?rest_route=\/wp\/v2\/posts\/43900\/revisions\/44236"}],"wp:featuredmedia":[{"embeddable":true,"href":"https:\/\/wmzpn.pl\/index.php?rest_route=\/wp\/v2\/media\/43905"}],"wp:attachment":[{"href":"https:\/\/wmzpn.pl\/index.php?rest_route=%2Fwp%2Fv2%2Fmedia&parent=43900"}],"wp:term":[{"taxonomy":"category","embeddable":true,"href":"https:\/\/wmzpn.pl\/index.php?rest_route=%2Fwp%2Fv2%2Fcategories&post=43900"},{"taxonomy":"post_tag","embeddable":true,"href":"https:\/\/wmzpn.pl\/index.php?rest_route=%2Fwp%2Fv2%2Ftags&post=43900"}],"curies":[{"name":"wp","href":"https:\/\/api.w.org\/{rel}","templated":true}]}}